{"id":1485850,"date":"2025-03-21T17:42:27","date_gmt":"2025-03-21T16:42:27","guid":{"rendered":"https:\/\/theplayoffs.news\/fr\/uncategorized\/\/"},"modified":"2025-03-21T18:55:05","modified_gmt":"2025-03-21T17:55:05","slug":"steve-kerr-sur-draymond-green-il-est-lun-des-meilleurs-defenseurs-de-lhistoire","status":"publish","type":"post","link":"https:\/\/theplayoffs.news\/fr\/actualite-nba\/steve-kerr-sur-draymond-green-il-est-lun-des-meilleurs-defenseurs-de-lhistoire\/","title":{"rendered":"Steve Kerr sur Draymond Green : \u00ab\u00a0il est l&rsquo;un des meilleurs d\u00e9fenseurs de l&rsquo;histoire\u00a0\u00bb"},"content":{"rendered":"<p>Si <strong>Jimmy Butler<\/strong> (24 points, 10 rebonds et 8 assists) s&rsquo;est notamment occup&eacute; d&rsquo;alimenter la marque mardi dans la victoire des Warriors face aux Bucks, <a href=\"https:\/\/www.basketball-reference.com\/players\/g\/greendr01.html\" target=\"_blank\" rel=\"noreferrer noopener\" class=\"trk-cta-link\" data-cta-trk='{\"ctaType\":\"Link\",\"ctaSubType\":\"main\"}'>Draymond Green<\/a>, lui, s&rsquo;est charg&eacute; des basses besognes de l&rsquo;autre c&ocirc;t&eacute; du terrain. Investi comme jamais dans son duel avec <strong>Giannis Antetokounmpo<\/strong>, le quadruple champion <a href=\"https:\/\/theplayoffs.news\/fr\/category\/nba\/\" target=\"_blank\" rel=\"noreferrer noopener\" class=\"trk-cta-link\" data-cta-trk='{\"ctaType\":\"Link\",\"ctaSubType\":\"main\"}'>NBA<\/a> s&rsquo;est fendu d&rsquo;une prestation d&eacute;fensive de premier choix avec 10 rebonds d&eacute;fensifs, 2 interceptions et 4 contres, dont un sur un Greek Freak limit&eacute; &agrave; 20 points et 5 sur 16 au tir.<\/p><p>Une masterclass qui n&rsquo;a pas manqu&eacute; de susciter des r&eacute;actions pleines d&rsquo;admiration au terme de la rencontre, &agrave; commencer par celles de son entra&icirc;neur <strong>Steve Kerr<\/strong>, relay&eacute;es par NBC Sports Bay Area.<\/p><blockquote class=\"wp-block-quote is-layout-flow wp-block-quote-is-layout-flow\">\n<p>&laquo;&nbsp;Sa vitesse de d&eacute;placement et sa facult&eacute; &agrave; se replacer sont extraordinaires. Il en va de m&ecirc;me pour son intelligence de jeu. Il vient syst&eacute;matiquement en aide lorsqu&rsquo;il est &agrave; l&rsquo;oppos&eacute; du ballon. Il est l&rsquo;un des meilleurs d&eacute;fenseurs de l&rsquo;histoire.&nbsp;&raquo;<\/p>\n<\/blockquote><figure class=\"wp-block-embed is-type-rich is-provider-twitter wp-block-embed-twitter\"><div class=\"wp-block-embed__wrapper\">\n<blockquote class=\"twitter-tweet\" data-width=\"500\" data-dnt=\"true\"><p lang=\"en\" dir=\"ltr\">Draymond Green defense vs Giannis and the Bucks <a href=\"https:\/\/t.co\/YcOIVXLfr0\" class=\"trk-cta-link\" data-cta-trk='{\"ctaType\":\"Link\",\"ctaSubType\":\"main\"}'>pic.twitter.com\/YcOIVXLfr0<\/a><\/p>&mdash; &#128395;&#65039; (@mistahrackzz) <a href=\"https:\/\/twitter.com\/mistahrackzz\/status\/1902523635363172770?ref_src=twsrc%5Etfw\" class=\"trk-cta-link\" data-cta-trk='{\"ctaType\":\"Link\",\"ctaSubType\":\"main\"}'>March 20, 2025<\/a><\/blockquote><script async src=\"https:\/\/platform.twitter.com\/widgets.js\" charset=\"utf-8\"><\/script>\n<\/div><\/figure><p>Une sortie pour le moins &eacute;logieuse que le coach de Team USA poursuivait en se livrant au jeu des comparaisons. Co&eacute;quipier de grands sp&eacute;cialistes d&eacute;fensifs alors qu&rsquo;il portait le maillot des Bulls, Kerr l&acirc;chait ainsi.<\/p><blockquote class=\"wp-block-quote is-layout-flow wp-block-quote-is-layout-flow\">\n<p>&laquo;&nbsp;La diff&eacute;rence entre Draymond et <strong>Scottie<\/strong> (Pippen), c&rsquo;est que Draymond est plus costaud et davantage capable de tenir son vis &agrave; vis poste bas. A sa d&eacute;charge, Scottie devait affronter des joueurs comme <strong>Patrick Ewing<\/strong>, Hakeem Olajuwon ou <strong>Shaquille O&rsquo;neal<\/strong> &agrave; une &eacute;poque ou le jeu &eacute;tait bien plus tourn&eacute; vers la raquette. Mais ce ce qui est incroyable avec Draymond, c&rsquo;est qu&rsquo;il puisse contr&ocirc;ler aussi bien la peinture que le pick&amp;roll.&nbsp;&raquo;<\/p>\n<\/blockquote><p><strong>Lire aussi :<\/strong><\/p><p><a href=\"https:\/\/theplayoffs.news\/fr\/actualite-nba\/j-j-redick-confiant-quant-a-un-retour-imminent-de-lebron-james\/\" class=\"trk-cta-link\" data-cta-trk='{\"ctaType\":\"Link\",\"ctaSubType\":\"main\"}'>J.J. Redick confiant quant &agrave; un retour imminent de LeBron James<\/a><\/p><p><a href=\"https:\/\/theplayoffs.news\/fr\/basketball\/shai-gilgeous-alexander-et-kentucky-leaders-du-top-10-des-universites-comptant-le-plus-de-joueurs-nba-actifs\/\" class=\"trk-cta-link\" data-cta-trk='{\"ctaType\":\"Link\",\"ctaSubType\":\"main\"}'>Shai Gilgeous-Alexander et Kentucky, leaders du Top 10<\/a><\/p><p>Poursuivant le parall&egrave;le avec les l&eacute;gendes NBA en la mati&egrave;re, Steve Kerr &eacute;voquait alors une autre ic&ocirc;ne au temp&eacute;rament bien tremp&eacute;.<\/p><blockquote class=\"wp-block-quote is-layout-flow wp-block-quote-is-layout-flow\">\n<p>&laquo;&nbsp;Je pense que la comparaison avec <strong>Dennis Rodman<\/strong> est excellente aussi. Draymond, Scottie et Dennis sont comparables, notamment d&rsquo;un point de vue physique. Ils sont longs et physiques, rapides, complets. Mais au bout du compte ca se passe dans la t&ecirc;te. Et Dennis et Scottie sont deux des d&eacute;fenseurs les plus intelligents que j&rsquo;aie pu c&ocirc;toyer. Draymond Green est au m&ecirc;me niveau.&nbsp;&raquo;<\/p>\n<\/blockquote><p>Si l&rsquo;ancien de Michigan State ne devrait pas rafler son second titre de Defensive Player of the Year &agrave; l&rsquo;issue de la saison, nul doute qu&rsquo;il pourrait r&eacute;colter cette saison encore quelques votes. Promis &agrave; <strong>Victor Wembanyama<\/strong> avant ses soucis de sant&eacute;, le troph&eacute;e du meilleur d&eacute;fenseur de l&rsquo;ann&eacute;e devrait se jouer entre Jaren Jackson Jr, Evan Mobley et Dyson Daniels.<\/p><p>Credit : &copy; Kyle Terada-Imagn Images<\/p>\n","protected":false},"excerpt":{"rendered":"","protected":false},"author":180310263,"featured_media":1485867,"comment_status":"closed","ping_status":"closed","sticky":false,"template":"","format":"standard","meta":{"inline_featured_image":false,"kia_subtitle":"","_mux_skip_reasons":[],"proofreadBy":0,"footnotes":""},"categories":[110],"tags":[2809,311,1097,23,1061,1098,1194],"sport":[2783],"saison":[],"class_list":["post-1485850","post","type-post","status-publish","format-standard","has-post-thumbnail","hentry","category-actualite-nba","tag-dennis-rodman","tag-draymond-green","tag-golden-state-warriors","tag-nba-tag","tag-scottie-pippen","tag-steve-kerr","tag-victor-wembanyama","sport-nba"],"acf":[],"yoast_head":"<!-- This site is optimized with the Yoast SEO plugin v24.2 - https:\/\/yoast.com\/wordpress\/plugins\/seo\/ -->\n<title>Pour Kerr, Draymond Green est &quot;l&#039;un des meilleurs d&eacute;fenseurs de l&#039;histoire&quot;<\/title>\n<meta name=\"description\" content=\"Imp&eacute;rial en d&eacute;fense pour contenir Giannis Antetokounmpo et les Bucks mardi, Draymond Green s&#039;est attir&eacute; les louanges de son coach Steve Kerr.\" \/>\n<meta name=\"robots\" content=\"index, follow, max-snippet:-1, max-image-preview:large, max-video-preview:-1\" \/>\n<link rel=\"canonical\" href=\"https:\/\/theplayoffs.news\/fr\/actualite-nba\/steve-kerr-sur-draymond-green-il-est-lun-des-meilleurs-defenseurs-de-lhistoire\/\" \/>\n<meta property=\"og:locale\" content=\"fr_FR\" \/>\n<meta property=\"og:type\" content=\"article\" \/>\n<meta property=\"og:title\" content=\"Pour Kerr, Draymond Green est &quot;l&#039;un des meilleurs d&eacute;fenseurs de l&#039;histoire&quot;\" \/>\n<meta property=\"og:description\" content=\"Imp&eacute;rial en d&eacute;fense pour contenir Giannis Antetokounmpo et les Bucks mardi, Draymond Green s&#039;est attir&eacute; les louanges de son coach Steve Kerr.\" \/>\n<meta property=\"og:url\" content=\"https:\/\/theplayoffs.news\/fr\/actualite-nba\/steve-kerr-sur-draymond-green-il-est-lun-des-meilleurs-defenseurs-de-lhistoire\/\" \/>\n<meta property=\"og:site_name\" content=\"The Playoffs FR\" \/>\n<meta property=\"article:publisher\" content=\"https:\/\/www.facebook.com\/TheFreeAgentFR\/\" \/>\n<meta property=\"article:modified_time\" content=\"2025-03-21T18:55:05+01:00\" \/>\n<meta property=\"og:image\" content=\"https:\/\/theplayoffs.news\/fr\/wp-content\/uploads\/2025\/03\/USATSI_12822231.jpg\" \/>\n\t<meta property=\"og:image:width\" content=\"1920\" \/>\n\t<meta property=\"og:image:height\" content=\"1280\" \/>\n\t<meta property=\"og:image:type\" content=\"image\/jpeg\" \/>\n<meta name=\"author\" content=\"Maxime Bodilis\" \/>\n<meta name=\"twitter:card\" content=\"summary_large_image\" \/>\n<meta name=\"twitter:creator\" content=\"@TheFreeAgentFR\" \/>\n<meta name=\"twitter:site\" content=\"@TheFreeAgentFR\" \/>\n<meta name=\"twitter:label1\" content=\"\u00c9crit par\" \/>\n\t<meta name=\"twitter:data1\" content=\"Maxime Bodilis\" \/>\n\t<meta name=\"twitter:label2\" content=\"Dur\u00e9e de lecture estim\u00e9e\" \/>\n\t<meta name=\"twitter:data2\" content=\"2 minutes\" \/>\n<script type=\"application\/ld+json\" class=\"yoast-schema-graph\">{\"@context\":\"https:\/\/schema.org\",\"@graph\":[{\"@type\":\"WebPage\",\"@id\":\"https:\/\/theplayoffs.news\/fr\/actualite-nba\/steve-kerr-sur-draymond-green-il-est-lun-des-meilleurs-defenseurs-de-lhistoire\/\",\"url\":\"https:\/\/theplayoffs.news\/fr\/actualite-nba\/steve-kerr-sur-draymond-green-il-est-lun-des-meilleurs-defenseurs-de-lhistoire\/\",\"name\":\"Pour Kerr, Draymond Green est \\\\\\\"l\\\\'un des meilleurs d\u00e9fenseurs de l\\\\'histoire\\\\\\\"\",\"isPartOf\":{\"@id\":\"https:\/\/theplayoffs.news\/fr\/#website\"},\"primaryImageOfPage\":{\"@id\":\"https:\/\/theplayoffs.news\/fr\/actualite-nba\/steve-kerr-sur-draymond-green-il-est-lun-des-meilleurs-defenseurs-de-lhistoire\/#primaryimage\"},\"image\":{\"@id\":\"https:\/\/theplayoffs.news\/fr\/actualite-nba\/steve-kerr-sur-draymond-green-il-est-lun-des-meilleurs-defenseurs-de-lhistoire\/#primaryimage\"},\"thumbnailUrl\":\"https:\/\/theplayoffs.news\/fr\/wp-content\/uploads\/2025\/03\/USATSI_12822231.jpg\",\"datePublished\":\"2025-03-21T16:42:27+00:00\",\"dateModified\":\"2025-03-21T17:55:05+00:00\",\"author\":{\"@id\":\"https:\/\/theplayoffs.news\/fr\/#\/schema\/person\/d871768c70a3f830131ee72b74bbd11d\"},\"description\":\"Imp\u00e9rial en d\u00e9fense pour contenir Giannis Antetokounmpo et les Bucks mardi, Draymond Green s\\\\'est attir\u00e9 les louanges de son coach Steve Kerr.\",\"breadcrumb\":{\"@id\":\"https:\/\/theplayoffs.news\/fr\/actualite-nba\/steve-kerr-sur-draymond-green-il-est-lun-des-meilleurs-defenseurs-de-lhistoire\/#breadcrumb\"},\"inLanguage\":\"fr-FR\",\"potentialAction\":[{\"@type\":\"ReadAction\",\"target\":[\"https:\/\/theplayoffs.news\/fr\/actualite-nba\/steve-kerr-sur-draymond-green-il-est-lun-des-meilleurs-defenseurs-de-lhistoire\/\"]}]},{\"@type\":\"ImageObject\",\"inLanguage\":\"fr-FR\",\"@id\":\"https:\/\/theplayoffs.news\/fr\/actualite-nba\/steve-kerr-sur-draymond-green-il-est-lun-des-meilleurs-defenseurs-de-lhistoire\/#primaryimage\",\"url\":\"https:\/\/theplayoffs.news\/fr\/wp-content\/uploads\/2025\/03\/USATSI_12822231.jpg\",\"contentUrl\":\"https:\/\/theplayoffs.news\/fr\/wp-content\/uploads\/2025\/03\/USATSI_12822231.jpg\",\"width\":1920,\"height\":1280,\"caption\":\"Draymond Green Kerr\"},{\"@type\":\"BreadcrumbList\",\"@id\":\"https:\/\/theplayoffs.news\/fr\/actualite-nba\/steve-kerr-sur-draymond-green-il-est-lun-des-meilleurs-defenseurs-de-lhistoire\/#breadcrumb\",\"itemListElement\":[{\"@type\":\"ListItem\",\"position\":1,\"name\":\"Accueil\",\"item\":\"https:\/\/theplayoffs.news\/fr\/\"},{\"@type\":\"ListItem\",\"position\":2,\"name\":\"Steve Kerr sur Draymond Green : \u00ab\u00a0il est l&rsquo;un des meilleurs d\u00e9fenseurs de l&rsquo;histoire\u00a0\u00bb\"}]},{\"@type\":\"WebSite\",\"@id\":\"https:\/\/theplayoffs.news\/fr\/#website\",\"url\":\"https:\/\/theplayoffs.news\/fr\/\",\"name\":\"The Playoffs FR\",\"description\":\"NBA-NFL-NHL-MLB\",\"potentialAction\":[{\"@type\":\"SearchAction\",\"target\":{\"@type\":\"EntryPoint\",\"urlTemplate\":\"https:\/\/theplayoffs.news\/fr\/?s={search_term_string}\"},\"query-input\":{\"@type\":\"PropertyValueSpecification\",\"valueRequired\":true,\"valueName\":\"search_term_string\"}}],\"inLanguage\":\"fr-FR\"},{\"@type\":\"Person\",\"@id\":\"https:\/\/theplayoffs.news\/fr\/#\/schema\/person\/d871768c70a3f830131ee72b74bbd11d\",\"name\":\"Maxime Bodilis\",\"image\":{\"@type\":\"ImageObject\",\"inLanguage\":\"fr-FR\",\"@id\":\"https:\/\/theplayoffs.news\/fr\/#\/schema\/person\/image\/\",\"url\":\"https:\/\/secure.gravatar.com\/avatar\/5e151acde6515a05571e0035bf803336362ba4f5e565dba89323f14d014ea180?s=96&d=mm&r=g\",\"contentUrl\":\"https:\/\/secure.gravatar.com\/avatar\/5e151acde6515a05571e0035bf803336362ba4f5e565dba89323f14d014ea180?s=96&d=mm&r=g\",\"caption\":\"Maxime Bodilis\"},\"description\":\"R\u00e9dac\\\\' Chef \u00ab Basket \u00bb charg\u00e9 de la qualit\u00e9 des contenus et du respect de notre ligne \u00e9ditoriale. Ancien joueur de la SIG Strasbourg reconverti dans le journalisme. Pass\u00e9 par les centres de formation BeBasket, Reverse et Skweek avant de rejoindre The Playoffs. Biberonn\u00e9 aux dunks de Shawn Kemp et aux duels Pau-Limoges. Fan inconditionnel de Damian Lillard et Laurent Sciarra. Les highlights de Wemby illuminent mes journ\u00e9es. Et le shoot de Diamantidis continue de hanter mes nuits.\",\"sameAs\":[\"https:\/\/www.linkedin.com\/in\/maxime-bodilis-766a04153\/\"],\"url\":\"https:\/\/theplayoffs.news\/fr\/author\/maximebodilis\/\"}]}<\/script>\n<!-- \/ Yoast SEO plugin. -->","yoast_head_json":{"title":"Pour Kerr, Draymond Green est &quot;l&#039;un des meilleurs d&eacute;fenseurs de l&#039;histoire&quot;","description":"Imp&eacute;rial en d&eacute;fense pour contenir Giannis Antetokounmpo et les Bucks mardi, Draymond Green s&#039;est attir&eacute; les louanges de son coach Steve Kerr.","robots":{"index":"index","follow":"follow","max-snippet":"max-snippet:-1","max-image-preview":"max-image-preview:large","max-video-preview":"max-video-preview:-1"},"canonical":"https:\/\/theplayoffs.news\/fr\/actualite-nba\/steve-kerr-sur-draymond-green-il-est-lun-des-meilleurs-defenseurs-de-lhistoire\/","og_locale":"fr_FR","og_type":"article","og_title":"Pour Kerr, Draymond Green est &quot;l&#039;un des meilleurs d&eacute;fenseurs de l&#039;histoire&quot;","og_description":"Imp&eacute;rial en d&eacute;fense pour contenir Giannis Antetokounmpo et les Bucks mardi, Draymond Green s&#039;est attir&eacute; les louanges de son coach Steve Kerr.","og_url":"https:\/\/theplayoffs.news\/fr\/actualite-nba\/steve-kerr-sur-draymond-green-il-est-lun-des-meilleurs-defenseurs-de-lhistoire\/","og_site_name":"The Playoffs FR","article_publisher":"https:\/\/www.facebook.com\/TheFreeAgentFR\/","article_modified_time":"2025-03-21T17:55:05+00:00","og_image":[{"width":1920,"height":1280,"url":"https:\/\/theplayoffs.news\/fr\/wp-content\/uploads\/2025\/03\/USATSI_12822231.jpg","type":"image\/jpeg"}],"author":"Maxime Bodilis","twitter_card":"summary_large_image","twitter_creator":"@TheFreeAgentFR","twitter_site":"@TheFreeAgentFR","twitter_misc":{"\u00c9crit par":"Maxime Bodilis","Dur\u00e9e de lecture estim\u00e9e":"2 minutes"},"schema":{"@context":"https:\/\/schema.org","@graph":[{"@type":"WebPage","@id":"https:\/\/theplayoffs.news\/fr\/actualite-nba\/steve-kerr-sur-draymond-green-il-est-lun-des-meilleurs-defenseurs-de-lhistoire\/","url":"https:\/\/theplayoffs.news\/fr\/actualite-nba\/steve-kerr-sur-draymond-green-il-est-lun-des-meilleurs-defenseurs-de-lhistoire\/","name":"Pour Kerr, Draymond Green est \\\"l\\'un des meilleurs d\u00e9fenseurs de l\\'histoire\\\"","isPartOf":{"@id":"https:\/\/theplayoffs.news\/fr\/#website"},"primaryImageOfPage":{"@id":"https:\/\/theplayoffs.news\/fr\/actualite-nba\/steve-kerr-sur-draymond-green-il-est-lun-des-meilleurs-defenseurs-de-lhistoire\/#primaryimage"},"image":{"@id":"https:\/\/theplayoffs.news\/fr\/actualite-nba\/steve-kerr-sur-draymond-green-il-est-lun-des-meilleurs-defenseurs-de-lhistoire\/#primaryimage"},"thumbnailUrl":"https:\/\/theplayoffs.news\/fr\/wp-content\/uploads\/2025\/03\/USATSI_12822231.jpg","datePublished":"2025-03-21T16:42:27+00:00","dateModified":"2025-03-21T17:55:05+00:00","author":{"@id":"https:\/\/theplayoffs.news\/fr\/#\/schema\/person\/d871768c70a3f830131ee72b74bbd11d"},"description":"Imp\u00e9rial en d\u00e9fense pour contenir Giannis Antetokounmpo et les Bucks mardi, Draymond Green s\\'est attir\u00e9 les louanges de son coach Steve Kerr.","breadcrumb":{"@id":"https:\/\/theplayoffs.news\/fr\/actualite-nba\/steve-kerr-sur-draymond-green-il-est-lun-des-meilleurs-defenseurs-de-lhistoire\/#breadcrumb"},"inLanguage":"fr-FR","potentialAction":[{"@type":"ReadAction","target":["https:\/\/theplayoffs.news\/fr\/actualite-nba\/steve-kerr-sur-draymond-green-il-est-lun-des-meilleurs-defenseurs-de-lhistoire\/"]}]},{"@type":"ImageObject","inLanguage":"fr-FR","@id":"https:\/\/theplayoffs.news\/fr\/actualite-nba\/steve-kerr-sur-draymond-green-il-est-lun-des-meilleurs-defenseurs-de-lhistoire\/#primaryimage","url":"https:\/\/theplayoffs.news\/fr\/wp-content\/uploads\/2025\/03\/USATSI_12822231.jpg","contentUrl":"https:\/\/theplayoffs.news\/fr\/wp-content\/uploads\/2025\/03\/USATSI_12822231.jpg","width":1920,"height":1280,"caption":"Draymond Green Kerr"},{"@type":"BreadcrumbList","@id":"https:\/\/theplayoffs.news\/fr\/actualite-nba\/steve-kerr-sur-draymond-green-il-est-lun-des-meilleurs-defenseurs-de-lhistoire\/#breadcrumb","itemListElement":[{"@type":"ListItem","position":1,"name":"Accueil","item":"https:\/\/theplayoffs.news\/fr\/"},{"@type":"ListItem","position":2,"name":"Steve Kerr sur Draymond Green : \u00ab\u00a0il est l&rsquo;un des meilleurs d\u00e9fenseurs de l&rsquo;histoire\u00a0\u00bb"}]},{"@type":"WebSite","@id":"https:\/\/theplayoffs.news\/fr\/#website","url":"https:\/\/theplayoffs.news\/fr\/","name":"The Playoffs FR","description":"NBA-NFL-NHL-MLB","potentialAction":[{"@type":"SearchAction","target":{"@type":"EntryPoint","urlTemplate":"https:\/\/theplayoffs.news\/fr\/?s={search_term_string}"},"query-input":{"@type":"PropertyValueSpecification","valueRequired":true,"valueName":"search_term_string"}}],"inLanguage":"fr-FR"},{"@type":"Person","@id":"https:\/\/theplayoffs.news\/fr\/#\/schema\/person\/d871768c70a3f830131ee72b74bbd11d","name":"Maxime Bodilis","image":{"@type":"ImageObject","inLanguage":"fr-FR","@id":"https:\/\/theplayoffs.news\/fr\/#\/schema\/person\/image\/","url":"https:\/\/secure.gravatar.com\/avatar\/5e151acde6515a05571e0035bf803336362ba4f5e565dba89323f14d014ea180?s=96&d=mm&r=g","contentUrl":"https:\/\/secure.gravatar.com\/avatar\/5e151acde6515a05571e0035bf803336362ba4f5e565dba89323f14d014ea180?s=96&d=mm&r=g","caption":"Maxime Bodilis"},"description":"R\u00e9dac\\' Chef \u00ab Basket \u00bb charg\u00e9 de la qualit\u00e9 des contenus et du respect de notre ligne \u00e9ditoriale. Ancien joueur de la SIG Strasbourg reconverti dans le journalisme. Pass\u00e9 par les centres de formation BeBasket, Reverse et Skweek avant de rejoindre The Playoffs. Biberonn\u00e9 aux dunks de Shawn Kemp et aux duels Pau-Limoges. Fan inconditionnel de Damian Lillard et Laurent Sciarra. Les highlights de Wemby illuminent mes journ\u00e9es. Et le shoot de Diamantidis continue de hanter mes nuits.","sameAs":["https:\/\/www.linkedin.com\/in\/maxime-bodilis-766a04153\/"],"url":"https:\/\/theplayoffs.news\/fr\/author\/maximebodilis\/"}]}},"_links":{"self":[{"href":"https:\/\/theplayoffs.news\/fr\/wp-json\/wp\/v2\/posts\/1485850","targetHints":{"allow":["GET"]}}],"collection":[{"href":"https:\/\/theplayoffs.news\/fr\/wp-json\/wp\/v2\/posts"}],"about":[{"href":"https:\/\/theplayoffs.news\/fr\/wp-json\/wp\/v2\/types\/post"}],"author":[{"embeddable":true,"href":"https:\/\/theplayoffs.news\/fr\/wp-json\/wp\/v2\/users\/180310263"}],"replies":[{"embeddable":true,"href":"https:\/\/theplayoffs.news\/fr\/wp-json\/wp\/v2\/comments?post=1485850"}],"version-history":[{"count":4,"href":"https:\/\/theplayoffs.news\/fr\/wp-json\/wp\/v2\/posts\/1485850\/revisions"}],"predecessor-version":[{"id":1485883,"href":"https:\/\/theplayoffs.news\/fr\/wp-json\/wp\/v2\/posts\/1485850\/revisions\/1485883"}],"wp:featuredmedia":[{"embeddable":true,"href":"https:\/\/theplayoffs.news\/fr\/wp-json\/wp\/v2\/media\/1485867"}],"wp:attachment":[{"href":"https:\/\/theplayoffs.news\/fr\/wp-json\/wp\/v2\/media?parent=1485850"}],"wp:term":[{"taxonomy":"category","embeddable":true,"href":"https:\/\/theplayoffs.news\/fr\/wp-json\/wp\/v2\/categories?post=1485850"},{"taxonomy":"post_tag","embeddable":true,"href":"https:\/\/theplayoffs.news\/fr\/wp-json\/wp\/v2\/tags?post=1485850"},{"taxonomy":"sport","embeddable":true,"href":"https:\/\/theplayoffs.news\/fr\/wp-json\/wp\/v2\/sport?post=1485850"},{"taxonomy":"saison","embeddable":true,"href":"https:\/\/theplayoffs.news\/fr\/wp-json\/wp\/v2\/saison?post=1485850"}],"curies":[{"name":"wp","href":"https:\/\/api.w.org\/{rel}","templated":true}]}}