{"id":1485718,"date":"2025-03-20T19:21:58","date_gmt":"2025-03-20T18:21:58","guid":{"rendered":"https:\/\/theplayoffs.news\/fr\/uncategorized\/\/"},"modified":"2025-03-20T19:22:07","modified_gmt":"2025-03-20T18:22:07","slug":"mark-williams-vers-les-lakers-cet-ete","status":"publish","type":"post","link":"https:\/\/theplayoffs.news\/fr\/uncategorized\/mark-williams-vers-les-lakers-cet-ete\/","title":{"rendered":"Mark Williams vers les Lakers cet \u00e9t\u00e9 ?"},"content":{"rendered":"<p>Los Angeles a r&eacute;alis&eacute; le transfert le plus marquant de la derni&egrave;re trade deadline en &eacute;changeant Anthony Davis contre <strong>Luka Doncic<\/strong>. Bien d&eacute;cid&eacute; &agrave; remodeler son effectif en vue de la fin de saison, le front office des Lakers avait en outre pr&eacute;vu d&rsquo;ajouter un peu de duret&eacute; &agrave; son secteur int&eacute;rieur en attirant le musculeux pivot des Hornets <strong>Mark Williams<\/strong>.<\/p><p>Un transfert qui avait malheureusement capot&eacute; pour des raisons de sant&eacute;, l&rsquo;ancien de Duke &eacute;chouant finalement aux test m&eacute;dicaux de la franchise aux 18 titres de champion <a href=\"https:\/\/theplayoffs.news\/fr\/category\/nba\/\" class=\"trk-cta-link\" data-cta-trk='{\"ctaType\":\"Link\",\"ctaSubType\":\"main\"}'>NBA<\/a>. Un retour &agrave; l&rsquo;envoyeur qui avait fait couler beaucoup d&rsquo;encre &agrave; l&rsquo;&eacute;poque. <\/p><figure class=\"wp-block-embed is-type-rich is-provider-twitter wp-block-embed-twitter\"><div class=\"wp-block-embed__wrapper\">\n<blockquote class=\"twitter-tweet\" data-width=\"500\" data-dnt=\"true\"><p lang=\"en\" dir=\"ltr\">Mark Williams failed his physical exam with the Lakers after \"multiple issues\" were displayed, per <a href=\"https:\/\/twitter.com\/ShamsCharania?ref_src=twsrc%5Etfw\" class=\"trk-cta-link\" data-cta-trk='{\"ctaType\":\"Link\",\"ctaSubType\":\"main\"}'>@ShamsCharania<\/a> <a href=\"https:\/\/t.co\/FiaV6ljVHL\" class=\"trk-cta-link\" data-cta-trk='{\"ctaType\":\"Link\",\"ctaSubType\":\"main\"}'>pic.twitter.com\/FiaV6ljVHL<\/a><\/p>&mdash; Bleacher Report (@BleacherReport) <a href=\"https:\/\/twitter.com\/BleacherReport\/status\/1888422265768837184?ref_src=twsrc%5Etfw\" class=\"trk-cta-link\" data-cta-trk='{\"ctaType\":\"Link\",\"ctaSubType\":\"main\"}'>February 9, 2025<\/a><\/blockquote><script async src=\"https:\/\/platform.twitter.com\/widgets.js\" charset=\"utf-8\"><\/script>\n<\/div><\/figure><p>Mais &agrave; en croire les derni&egrave;res rumeurs, <a href=\"https:\/\/www.basketball-reference.com\/players\/w\/willima07.html\" class=\"trk-cta-link\" data-cta-trk='{\"ctaType\":\"Link\",\"ctaSubType\":\"main\"}'>Mark Williams<\/a> pourrait bien finir par rejoindre LeBron James &amp; Co. Les Lakers continueraient en effet &agrave; suivre de tr&egrave;s pr&egrave;s le 15&egrave;me choix de la Draft NBA 2022, auteur d&rsquo;une saison solide &agrave; Charlotte (15,4 points et 10,0 rebonds). Et selon l&rsquo;insider Marc Stein, le transfert pourrait bel et bien se faire &agrave; l&rsquo;intersaison.<\/p><blockquote class=\"wp-block-quote is-layout-flow wp-block-quote-is-layout-flow\">\n<p>&laquo;&nbsp;Le trade de Mark Williams devrait &ecirc;tre r&eacute;examin&eacute; cet &eacute;t&eacute; d&rsquo;apr&egrave;s diff&eacute;rents GM au sein de la ligue.&nbsp;&raquo;<\/p>\n<\/blockquote><p><strong>Lire aussi :<\/strong><\/p><p><a href=\"https:\/\/theplayoffs.news\/fr\/actualite-nba\/pour-trae-young-zaccharie-risacher-devrait-etre-elu-rookie-de-lannee\/\" class=\"trk-cta-link\" data-cta-trk='{\"ctaType\":\"Link\",\"ctaSubType\":\"main\"}'>Pour Trae Young: Zaccharie Risacher est bien le Rookie de l&rsquo;Ann&eacute;e<\/a><\/p><p><a href=\"https:\/\/theplayoffs.news\/fr\/actualite-nba\/warriors-raptors-stephen-curry-de-retour\/\" class=\"trk-cta-link\" data-cta-trk='{\"ctaType\":\"Link\",\"ctaSubType\":\"main\"}'>Warriors-Raptors : Stephen Curry de retour ! &ndash; The Playoffs<\/a><\/p><p>Pivot puissant et vertical, Mark Williams a le profil parfait pour renforcer la raquette plut&ocirc;t fr&ecirc;le des Purple &amp; Gold, o&ugrave; Jaxson Hayes et Christian Koloko jouent les pompiers de service chaque soir. Le natif de Norfolk en Virginie aurait aurait par ailleurs la chance d&rsquo;&eacute;voluer aux c&ocirc;t&eacute;s de deux passeurs d&rsquo;exception en la personne de Luka Doncic et LeBron James. De quoi lui assurer son lot de alley-oops et de paniers faciles en bout de cha&icirc;ne. Une perspective pour le moins all&eacute;chante pour les dirigeants des Lakers. A condition toutefois que Williams r&eacute;ussisse les tests m&eacute;dicaux, bien entendu.<\/p><p>Credit : &copy; Kevin Jairaj-Imagn Images<\/p>\n","protected":false},"excerpt":{"rendered":"<p>Transf\u00e9r\u00e9 \u00e0 L.A. \u00e0 la trade deadline avant de se voir recal\u00e9 \u00e0 la visite m\u00e9dicale, Mark Williams pourrait rejoindre les Lakers cet \u00e9t\u00e9.<\/p>\n","protected":false},"author":180309799,"featured_media":1485719,"comment_status":"closed","ping_status":"closed","sticky":false,"template":"","format":"standard","meta":{"inline_featured_image":false,"kia_subtitle":"Transf\u00e9r\u00e9 \u00e0 L.A. \u00e0 la trade deadline avant de se voir recal\u00e9 \u00e0 la visite m\u00e9dicale, Mark Williams pourrait rejoindre les Lakers cet \u00e9t\u00e9.","_mux_skip_reasons":[],"proofreadBy":0,"footnotes":""},"categories":[],"tags":[1389,116,117,545,8034],"sport":[],"saison":[],"class_list":["post-1485718","post","type-post","status-publish","format-standard","has-post-thumbnail","hentry","tag-charlotte-hornets","tag-lebron-james","tag-los-angeles-lakers","tag-luka-doncic","tag-mark-williams"],"acf":[],"yoast_head":"<!-- This site is optimized with the Yoast SEO plugin v24.2 - https:\/\/yoast.com\/wordpress\/plugins\/seo\/ -->\n<title>Mark Williams vers les Lakers cet &eacute;t&eacute; ? - The Playoffs FR<\/title>\n<meta name=\"description\" content=\"Transf&eacute;r&eacute; &agrave; L.A. &agrave; la trade deadline avant de se voir recal&eacute; &agrave; la visite m&eacute;dicale, Mark Williams pourrait rejoindre les Lakers cet &eacute;t&eacute;.\" \/>\n<meta name=\"robots\" content=\"index, follow, max-snippet:-1, max-image-preview:large, max-video-preview:-1\" \/>\n<link rel=\"canonical\" href=\"https:\/\/theplayoffs.news\/fr\/uncategorized\/mark-williams-vers-les-lakers-cet-ete\/\" \/>\n<meta property=\"og:locale\" content=\"fr_FR\" \/>\n<meta property=\"og:type\" content=\"article\" \/>\n<meta property=\"og:title\" content=\"Mark Williams vers les Lakers cet &eacute;t&eacute; ? - The Playoffs FR\" \/>\n<meta property=\"og:description\" content=\"Transf&eacute;r&eacute; &agrave; L.A. &agrave; la trade deadline avant de se voir recal&eacute; &agrave; la visite m&eacute;dicale, Mark Williams pourrait rejoindre les Lakers cet &eacute;t&eacute;.\" \/>\n<meta property=\"og:url\" content=\"https:\/\/theplayoffs.news\/fr\/uncategorized\/mark-williams-vers-les-lakers-cet-ete\/\" \/>\n<meta property=\"og:site_name\" content=\"The Playoffs FR\" \/>\n<meta property=\"article:publisher\" content=\"https:\/\/www.facebook.com\/TheFreeAgentFR\/\" \/>\n<meta property=\"article:modified_time\" content=\"2025-03-20T19:22:07+01:00\" \/>\n<meta property=\"og:image\" content=\"https:\/\/theplayoffs.news\/fr\/wp-content\/uploads\/2025\/03\/USATSI_25532933.jpg\" \/>\n\t<meta property=\"og:image:width\" content=\"1920\" \/>\n\t<meta property=\"og:image:height\" content=\"1248\" \/>\n\t<meta property=\"og:image:type\" content=\"image\/jpeg\" \/>\n<meta name=\"author\" content=\"La r\u00e9daction\" \/>\n<meta name=\"twitter:card\" content=\"summary_large_image\" \/>\n<meta name=\"twitter:creator\" content=\"@TheFreeAgentFR\" \/>\n<meta name=\"twitter:site\" content=\"@TheFreeAgentFR\" \/>\n<meta name=\"twitter:label1\" content=\"\u00c9crit par\" \/>\n\t<meta name=\"twitter:data1\" content=\"La r\u00e9daction\" \/>\n\t<meta name=\"twitter:label2\" content=\"Dur\u00e9e de lecture estim\u00e9e\" \/>\n\t<meta name=\"twitter:data2\" content=\"2 minutes\" \/>\n<script type=\"application\/ld+json\" class=\"yoast-schema-graph\">{\"@context\":\"https:\/\/schema.org\",\"@graph\":[{\"@type\":\"WebPage\",\"@id\":\"https:\/\/theplayoffs.news\/fr\/uncategorized\/mark-williams-vers-les-lakers-cet-ete\/\",\"url\":\"https:\/\/theplayoffs.news\/fr\/uncategorized\/mark-williams-vers-les-lakers-cet-ete\/\",\"name\":\"Mark Williams vers les Lakers cet \u00e9t\u00e9 ? - The Playoffs FR\",\"isPartOf\":{\"@id\":\"https:\/\/theplayoffs.news\/fr\/#website\"},\"primaryImageOfPage\":{\"@id\":\"https:\/\/theplayoffs.news\/fr\/uncategorized\/mark-williams-vers-les-lakers-cet-ete\/#primaryimage\"},\"image\":{\"@id\":\"https:\/\/theplayoffs.news\/fr\/uncategorized\/mark-williams-vers-les-lakers-cet-ete\/#primaryimage\"},\"thumbnailUrl\":\"https:\/\/theplayoffs.news\/fr\/wp-content\/uploads\/2025\/03\/USATSI_25532933.jpg\",\"datePublished\":\"2025-03-20T18:21:58+00:00\",\"dateModified\":\"2025-03-20T18:22:07+00:00\",\"author\":{\"@id\":\"https:\/\/theplayoffs.news\/fr\/#\/schema\/person\/bb40426f4e478f9bd8cdbfeb4f2f9784\"},\"description\":\"Transf\u00e9r\u00e9 \u00e0 L.A. \u00e0 la trade deadline avant de se voir recal\u00e9 \u00e0 la visite m\u00e9dicale, Mark Williams pourrait rejoindre les Lakers cet \u00e9t\u00e9.\",\"breadcrumb\":{\"@id\":\"https:\/\/theplayoffs.news\/fr\/uncategorized\/mark-williams-vers-les-lakers-cet-ete\/#breadcrumb\"},\"inLanguage\":\"fr-FR\",\"potentialAction\":[{\"@type\":\"ReadAction\",\"target\":[\"https:\/\/theplayoffs.news\/fr\/uncategorized\/mark-williams-vers-les-lakers-cet-ete\/\"]}]},{\"@type\":\"ImageObject\",\"inLanguage\":\"fr-FR\",\"@id\":\"https:\/\/theplayoffs.news\/fr\/uncategorized\/mark-williams-vers-les-lakers-cet-ete\/#primaryimage\",\"url\":\"https:\/\/theplayoffs.news\/fr\/wp-content\/uploads\/2025\/03\/USATSI_25532933.jpg\",\"contentUrl\":\"https:\/\/theplayoffs.news\/fr\/wp-content\/uploads\/2025\/03\/USATSI_25532933.jpg\",\"width\":1920,\"height\":1248,\"caption\":\"Mark Williams Lakers\"},{\"@type\":\"BreadcrumbList\",\"@id\":\"https:\/\/theplayoffs.news\/fr\/uncategorized\/mark-williams-vers-les-lakers-cet-ete\/#breadcrumb\",\"itemListElement\":[{\"@type\":\"ListItem\",\"position\":1,\"name\":\"Accueil\",\"item\":\"https:\/\/theplayoffs.news\/fr\/\"},{\"@type\":\"ListItem\",\"position\":2,\"name\":\"Mark Williams vers les Lakers cet \u00e9t\u00e9 ?\"}]},{\"@type\":\"WebSite\",\"@id\":\"https:\/\/theplayoffs.news\/fr\/#website\",\"url\":\"https:\/\/theplayoffs.news\/fr\/\",\"name\":\"The Playoffs FR\",\"description\":\"NBA-NFL-NHL-MLB\",\"potentialAction\":[{\"@type\":\"SearchAction\",\"target\":{\"@type\":\"EntryPoint\",\"urlTemplate\":\"https:\/\/theplayoffs.news\/fr\/?s={search_term_string}\"},\"query-input\":{\"@type\":\"PropertyValueSpecification\",\"valueRequired\":true,\"valueName\":\"search_term_string\"}}],\"inLanguage\":\"fr-FR\"},{\"@type\":\"Person\",\"@id\":\"https:\/\/theplayoffs.news\/fr\/#\/schema\/person\/bb40426f4e478f9bd8cdbfeb4f2f9784\",\"name\":\"La r\u00e9daction\",\"image\":{\"@type\":\"ImageObject\",\"inLanguage\":\"fr-FR\",\"@id\":\"https:\/\/theplayoffs.news\/fr\/#\/schema\/person\/image\/\",\"url\":\"https:\/\/secure.gravatar.com\/avatar\/7e69b41460ab2c17d61c8c364b6a0ee006f957a70191383ef42be1f4733d6515?s=96&d=mm&r=g\",\"contentUrl\":\"https:\/\/secure.gravatar.com\/avatar\/7e69b41460ab2c17d61c8c364b6a0ee006f957a70191383ef42be1f4733d6515?s=96&d=mm&r=g\",\"caption\":\"La r\u00e9daction\"},\"description\":\"On dit qu\\\\'il faut un village pour s\\\\'occuper d\\\\'un enfant. Et bien c\\\\'est exactement ce dont il s\\\\'agit ici pour The Playoffs. La r\u00e9daction, ce sont vos r\u00e9dacteurs pr\u00e9f\u00e9r\u00e9s qui collaborent sur ces articles que vous lisez au quotidien.\u00a0\",\"url\":\"https:\/\/theplayoffs.news\/fr\/author\/freeagentfr\/\"}]}<\/script>\n<!-- \/ Yoast SEO plugin. -->","yoast_head_json":{"title":"Mark Williams vers les Lakers cet &eacute;t&eacute; ? - The Playoffs FR","description":"Transf&eacute;r&eacute; &agrave; L.A. &agrave; la trade deadline avant de se voir recal&eacute; &agrave; la visite m&eacute;dicale, Mark Williams pourrait rejoindre les Lakers cet &eacute;t&eacute;.","robots":{"index":"index","follow":"follow","max-snippet":"max-snippet:-1","max-image-preview":"max-image-preview:large","max-video-preview":"max-video-preview:-1"},"canonical":"https:\/\/theplayoffs.news\/fr\/uncategorized\/mark-williams-vers-les-lakers-cet-ete\/","og_locale":"fr_FR","og_type":"article","og_title":"Mark Williams vers les Lakers cet &eacute;t&eacute; ? - The Playoffs FR","og_description":"Transf&eacute;r&eacute; &agrave; L.A. &agrave; la trade deadline avant de se voir recal&eacute; &agrave; la visite m&eacute;dicale, Mark Williams pourrait rejoindre les Lakers cet &eacute;t&eacute;.","og_url":"https:\/\/theplayoffs.news\/fr\/uncategorized\/mark-williams-vers-les-lakers-cet-ete\/","og_site_name":"The Playoffs FR","article_publisher":"https:\/\/www.facebook.com\/TheFreeAgentFR\/","article_modified_time":"2025-03-20T18:22:07+00:00","og_image":[{"width":1920,"height":1248,"url":"https:\/\/theplayoffs.news\/fr\/wp-content\/uploads\/2025\/03\/USATSI_25532933.jpg","type":"image\/jpeg"}],"author":"La r\u00e9daction","twitter_card":"summary_large_image","twitter_creator":"@TheFreeAgentFR","twitter_site":"@TheFreeAgentFR","twitter_misc":{"\u00c9crit par":"La r\u00e9daction","Dur\u00e9e de lecture estim\u00e9e":"2 minutes"},"schema":{"@context":"https:\/\/schema.org","@graph":[{"@type":"WebPage","@id":"https:\/\/theplayoffs.news\/fr\/uncategorized\/mark-williams-vers-les-lakers-cet-ete\/","url":"https:\/\/theplayoffs.news\/fr\/uncategorized\/mark-williams-vers-les-lakers-cet-ete\/","name":"Mark Williams vers les Lakers cet \u00e9t\u00e9 ? - The Playoffs FR","isPartOf":{"@id":"https:\/\/theplayoffs.news\/fr\/#website"},"primaryImageOfPage":{"@id":"https:\/\/theplayoffs.news\/fr\/uncategorized\/mark-williams-vers-les-lakers-cet-ete\/#primaryimage"},"image":{"@id":"https:\/\/theplayoffs.news\/fr\/uncategorized\/mark-williams-vers-les-lakers-cet-ete\/#primaryimage"},"thumbnailUrl":"https:\/\/theplayoffs.news\/fr\/wp-content\/uploads\/2025\/03\/USATSI_25532933.jpg","datePublished":"2025-03-20T18:21:58+00:00","dateModified":"2025-03-20T18:22:07+00:00","author":{"@id":"https:\/\/theplayoffs.news\/fr\/#\/schema\/person\/bb40426f4e478f9bd8cdbfeb4f2f9784"},"description":"Transf\u00e9r\u00e9 \u00e0 L.A. \u00e0 la trade deadline avant de se voir recal\u00e9 \u00e0 la visite m\u00e9dicale, Mark Williams pourrait rejoindre les Lakers cet \u00e9t\u00e9.","breadcrumb":{"@id":"https:\/\/theplayoffs.news\/fr\/uncategorized\/mark-williams-vers-les-lakers-cet-ete\/#breadcrumb"},"inLanguage":"fr-FR","potentialAction":[{"@type":"ReadAction","target":["https:\/\/theplayoffs.news\/fr\/uncategorized\/mark-williams-vers-les-lakers-cet-ete\/"]}]},{"@type":"ImageObject","inLanguage":"fr-FR","@id":"https:\/\/theplayoffs.news\/fr\/uncategorized\/mark-williams-vers-les-lakers-cet-ete\/#primaryimage","url":"https:\/\/theplayoffs.news\/fr\/wp-content\/uploads\/2025\/03\/USATSI_25532933.jpg","contentUrl":"https:\/\/theplayoffs.news\/fr\/wp-content\/uploads\/2025\/03\/USATSI_25532933.jpg","width":1920,"height":1248,"caption":"Mark Williams Lakers"},{"@type":"BreadcrumbList","@id":"https:\/\/theplayoffs.news\/fr\/uncategorized\/mark-williams-vers-les-lakers-cet-ete\/#breadcrumb","itemListElement":[{"@type":"ListItem","position":1,"name":"Accueil","item":"https:\/\/theplayoffs.news\/fr\/"},{"@type":"ListItem","position":2,"name":"Mark Williams vers les Lakers cet \u00e9t\u00e9 ?"}]},{"@type":"WebSite","@id":"https:\/\/theplayoffs.news\/fr\/#website","url":"https:\/\/theplayoffs.news\/fr\/","name":"The Playoffs FR","description":"NBA-NFL-NHL-MLB","potentialAction":[{"@type":"SearchAction","target":{"@type":"EntryPoint","urlTemplate":"https:\/\/theplayoffs.news\/fr\/?s={search_term_string}"},"query-input":{"@type":"PropertyValueSpecification","valueRequired":true,"valueName":"search_term_string"}}],"inLanguage":"fr-FR"},{"@type":"Person","@id":"https:\/\/theplayoffs.news\/fr\/#\/schema\/person\/bb40426f4e478f9bd8cdbfeb4f2f9784","name":"La r\u00e9daction","image":{"@type":"ImageObject","inLanguage":"fr-FR","@id":"https:\/\/theplayoffs.news\/fr\/#\/schema\/person\/image\/","url":"https:\/\/secure.gravatar.com\/avatar\/7e69b41460ab2c17d61c8c364b6a0ee006f957a70191383ef42be1f4733d6515?s=96&d=mm&r=g","contentUrl":"https:\/\/secure.gravatar.com\/avatar\/7e69b41460ab2c17d61c8c364b6a0ee006f957a70191383ef42be1f4733d6515?s=96&d=mm&r=g","caption":"La r\u00e9daction"},"description":"On dit qu\\'il faut un village pour s\\'occuper d\\'un enfant. Et bien c\\'est exactement ce dont il s\\'agit ici pour The Playoffs. La r\u00e9daction, ce sont vos r\u00e9dacteurs pr\u00e9f\u00e9r\u00e9s qui collaborent sur ces articles que vous lisez au quotidien.\u00a0","url":"https:\/\/theplayoffs.news\/fr\/author\/freeagentfr\/"}]}},"_links":{"self":[{"href":"https:\/\/theplayoffs.news\/fr\/wp-json\/wp\/v2\/posts\/1485718","targetHints":{"allow":["GET"]}}],"collection":[{"href":"https:\/\/theplayoffs.news\/fr\/wp-json\/wp\/v2\/posts"}],"about":[{"href":"https:\/\/theplayoffs.news\/fr\/wp-json\/wp\/v2\/types\/post"}],"author":[{"embeddable":true,"href":"https:\/\/theplayoffs.news\/fr\/wp-json\/wp\/v2\/users\/180309799"}],"replies":[{"embeddable":true,"href":"https:\/\/theplayoffs.news\/fr\/wp-json\/wp\/v2\/comments?post=1485718"}],"version-history":[{"count":2,"href":"https:\/\/theplayoffs.news\/fr\/wp-json\/wp\/v2\/posts\/1485718\/revisions"}],"predecessor-version":[{"id":1485727,"href":"https:\/\/theplayoffs.news\/fr\/wp-json\/wp\/v2\/posts\/1485718\/revisions\/1485727"}],"wp:featuredmedia":[{"embeddable":true,"href":"https:\/\/theplayoffs.news\/fr\/wp-json\/wp\/v2\/media\/1485719"}],"wp:attachment":[{"href":"https:\/\/theplayoffs.news\/fr\/wp-json\/wp\/v2\/media?parent=1485718"}],"wp:term":[{"taxonomy":"category","embeddable":true,"href":"https:\/\/theplayoffs.news\/fr\/wp-json\/wp\/v2\/categories?post=1485718"},{"taxonomy":"post_tag","embeddable":true,"href":"https:\/\/theplayoffs.news\/fr\/wp-json\/wp\/v2\/tags?post=1485718"},{"taxonomy":"sport","embeddable":true,"href":"https:\/\/theplayoffs.news\/fr\/wp-json\/wp\/v2\/sport?post=1485718"},{"taxonomy":"saison","embeddable":true,"href":"https:\/\/theplayoffs.news\/fr\/wp-json\/wp\/v2\/saison?post=1485718"}],"curies":[{"name":"wp","href":"https:\/\/api.w.org\/{rel}","templated":true}]}}