{"id":1485703,"date":"2025-03-20T17:21:24","date_gmt":"2025-03-20T16:21:24","guid":{"rendered":"https:\/\/theplayoffs.news\/fr\/uncategorized\/\/"},"modified":"2025-03-20T17:55:22","modified_gmt":"2025-03-20T16:55:22","slug":"une-expansion-de-la-nba-en-europe-tony-parker-et-adam-silver-en-discussions","status":"publish","type":"post","link":"https:\/\/theplayoffs.news\/fr\/actualite-nba\/une-expansion-de-la-nba-en-europe-tony-parker-et-adam-silver-en-discussions\/","title":{"rendered":"Expansion de la NBA en Europe : Tony Parker et Adam Silver en discussion !"},"content":{"rendered":"<p><strong>La l&eacute;gende du basket fran&ccedil;ais, Tony Parker, a exprim&eacute; son soutien &agrave; l&rsquo;id&eacute;e d&rsquo;une possible extension de la NBA en Europe.<\/strong><\/p><p>Actuel <strong>pr&eacute;sident du club de l&rsquo;ASVEL<\/strong> et<strong> actionnaire de l&rsquo;EuroLeague, Tony Parker<\/strong> est une figure incontournable du basket europ&eacute;en. Le <strong>quadruple champion NBA<\/strong> n&rsquo;a jamais cach&eacute; son affection pour les &Eacute;tats-Unis et s&rsquo;est confi&eacute; au journal <em><a href=\"https:\/\/www.lequipe.fr\/Basket\/Article\/-soit-on-trouve-un-accord-soit-la-nba-viendra-seule-en-europe-tony-parker-patron-de-l-asvel-milite-pour-une-fusion-ou-un-partenariat\/1548045\" target=\"_blank\" rel=\"noreferrer noopener\" class=\"trk-cta-link\" data-cta-trk='{\"ctaType\":\"Link\",\"ctaSubType\":\"main\"}'>L&rsquo;&Eacute;quipe<\/a><\/em> au sujet des projets de la <strong>NBA <\/strong>concernant une <strong>expansion en Europe<\/strong>.<\/p><blockquote class=\"wp-block-quote is-layout-flow wp-block-quote-is-layout-flow\">\n<p>&laquo; La NBA m&rsquo;a contact&eacute;, et j&rsquo;ai pris part aux discussions. J&rsquo;ai eu un rendez-vous avec Adam Silver (pr&eacute;sident de la NBA) et Mark Tatum (vice-pr&eacute;sident). L&rsquo;objectif &eacute;tait de rassembler autour de la m&ecirc;me table la NBA, l&rsquo;Euroligue et la FIBA pour &eacute;voquer le basket europ&eacute;en. &raquo;<\/p>\n<\/blockquote><p>Pour <strong>Tony Parker<\/strong>, l&rsquo;importance de parvenir &agrave; un accord avec la <strong>NBA <\/strong>est &eacute;vidente afin que les clubs europ&eacute;ens puissent eux aussi profiter de la puissance marketing de la grande ligue.<\/p><blockquote class=\"wp-block-quote is-layout-flow wp-block-quote-is-layout-flow\">\n<p>&laquo; Il est clair qu&rsquo;il faut trouver un terrain d&rsquo;entente, sinon la NBA viendra de toute fa&ccedil;on. Il est crucial de se concentrer sur une fusion ou un partenariat. &raquo;<\/p>\n<\/blockquote><p><strong>Lire aussi : <\/strong><\/p><p><a href=\"https:\/\/theplayoffs.news\/fr\/actualite-nba\/pour-trae-young-zaccharie-risacher-devrait-etre-elu-rookie-de-lannee\/\" class=\"trk-cta-link\" data-cta-trk='{\"ctaType\":\"Link\",\"ctaSubType\":\"main\"}'>Pour Trae Young: Zaccharie Risacher est bien le Rookie de l&rsquo;Ann&eacute;e<\/a><\/p><p><a href=\"https:\/\/theplayoffs.news\/fr\/actualite-nba\/bronny-james-les-progres-sont-la\/\" class=\"trk-cta-link\" data-cta-trk='{\"ctaType\":\"Link\",\"ctaSubType\":\"main\"}'>Bronny James : &ldquo;Les progr&egrave;s sont l&agrave;&rdquo;<\/a><\/p><p>Selon<strong> l&rsquo;ancien champion d&rsquo;Europe<\/strong> avec l&rsquo;&eacute;quipe de France, ce partenariat ou cette fusion pourrait marquer un tournant majeur dans l&rsquo;histoire du <strong>basket europ&eacute;en<\/strong>.<\/p><blockquote class=\"wp-block-quote is-layout-flow wp-block-quote-is-layout-flow\">\n<p>&laquo; L&rsquo;objectif est de conjuguer nos forces pour cr&eacute;er quelque chose d&rsquo;in&eacute;dit, sans laisser aucun club historique europ&eacute;en de c&ocirc;t&eacute;. &raquo;<\/p>\n<\/blockquote><blockquote class=\"twitter-tweet\"><p lang=\"en\" dir=\"ltr\">&#128483;&#65039; Talking about the plans of the NBA on a possible expansion to Europe, Tony Parker reaffirms his support in the project! <a href=\"https:\/\/t.co\/DOMMZX5vhZ\" class=\"trk-cta-link\" data-cta-trk='{\"ctaType\":\"Link\",\"ctaSubType\":\"main\"}'>pic.twitter.com\/DOMMZX5vhZ<\/a><\/p>&mdash; Eurohoops (@Eurohoopsnet) <a href=\"https:\/\/twitter.com\/Eurohoopsnet\/status\/1902668096013266991?ref_src=twsrc%5Etfw\" class=\"trk-cta-link\" data-cta-trk='{\"ctaType\":\"Link\",\"ctaSubType\":\"main\"}'>March 20, 2025<\/a><\/blockquote><script async src=\"https:\/\/platform.twitter.com\/widgets.js\" charset=\"utf-8\"><\/script><p>Bien que seules des discussions aient eu lieu pour l&rsquo;instant, l&rsquo;avenir du <strong>basket europ&eacute;en<\/strong> semble se dessiner sous un nouveau jour. La<strong> NBA<\/strong> ne peut plus ignorer le potentiel de l&rsquo;Europe, tant sur le plan des joueurs dominants dans la grande ligue que sur le plan marketing, &agrave; l&rsquo;instar des <strong>NBA Paris Games<\/strong>, ayant&nbsp; connu un franc succ&egrave;s dans l&rsquo;Hexagone.<\/p><p><strong>Cr&eacute;dit photo : <\/strong>Soobum Im-USA TODAY Sports<\/p>\n","protected":false},"excerpt":{"rendered":"<p>Alors que des joueurs comme Giannis Antetokounmpo ou Nikola Joki\u0107 dominent actuellement la NBA, la grande ligue pourrait bien envisager une expansion en Europe, un tournant majeur pour le basket mondial.<\/p>\n","protected":false},"author":180310268,"featured_media":1485704,"comment_status":"closed","ping_status":"closed","sticky":false,"template":"","format":"standard","meta":{"inline_featured_image":false,"kia_subtitle":"Alors que des joueurs comme Giannis Antetokounmpo ou Nikola Joki\u0107 dominent actuellement la NBA, la grande ligue pourrait bien envisager une expansion en Europe, un tournant majeur pour le basket mondial.","_mux_skip_reasons":[],"proofreadBy":0,"footnotes":""},"categories":[110,10],"tags":[166,2689,8204,23,132],"sport":[2783],"saison":[],"class_list":["post-1485703","post","type-post","status-publish","format-standard","has-post-thumbnail","hentry","category-actualite-nba","category-nba","tag-adam-silver","tag-asvel","tag-mark-tatum","tag-nba-tag","tag-tony-parker","sport-nba"],"acf":[],"yoast_head":"<!-- This site is optimized with the Yoast SEO plugin v24.2 - https:\/\/yoast.com\/wordpress\/plugins\/seo\/ -->\n<title>NBA en Europe : Tony Parker et Adam Silver en discussions !<\/title>\n<meta name=\"description\" content=\"Tony Parker a eu des discussions avec le pr&eacute;sident de la NBA, Adam Silver, concernant une possible expansion de la ligue en Europe.\" \/>\n<meta name=\"robots\" content=\"index, follow, max-snippet:-1, max-image-preview:large, max-video-preview:-1\" \/>\n<link rel=\"canonical\" href=\"https:\/\/theplayoffs.news\/fr\/actualite-nba\/une-expansion-de-la-nba-en-europe-tony-parker-et-adam-silver-en-discussions\/\" \/>\n<meta property=\"og:locale\" content=\"fr_FR\" \/>\n<meta property=\"og:type\" content=\"article\" \/>\n<meta property=\"og:title\" content=\"NBA en Europe : Tony Parker et Adam Silver en discussions !\" \/>\n<meta property=\"og:description\" content=\"Tony Parker a eu des discussions avec le pr&eacute;sident de la NBA, Adam Silver, concernant une possible expansion de la ligue en Europe.\" \/>\n<meta property=\"og:url\" content=\"https:\/\/theplayoffs.news\/fr\/actualite-nba\/une-expansion-de-la-nba-en-europe-tony-parker-et-adam-silver-en-discussions\/\" \/>\n<meta property=\"og:site_name\" content=\"The Playoffs FR\" \/>\n<meta property=\"article:publisher\" content=\"https:\/\/www.facebook.com\/TheFreeAgentFR\/\" \/>\n<meta property=\"article:modified_time\" content=\"2025-03-20T17:55:22+01:00\" \/>\n<meta property=\"og:image\" content=\"https:\/\/theplayoffs.news\/fr\/wp-content\/uploads\/2025\/03\/USATSI_8169507.jpg\" \/>\n\t<meta property=\"og:image:width\" content=\"1920\" \/>\n\t<meta property=\"og:image:height\" content=\"1280\" \/>\n\t<meta property=\"og:image:type\" content=\"image\/jpeg\" \/>\n<meta name=\"author\" content=\"Elian Goethals\" \/>\n<meta name=\"twitter:card\" content=\"summary_large_image\" \/>\n<meta name=\"twitter:creator\" content=\"@x.com\/elidwight\" \/>\n<meta name=\"twitter:site\" content=\"@TheFreeAgentFR\" \/>\n<meta name=\"twitter:label1\" content=\"\u00c9crit par\" \/>\n\t<meta name=\"twitter:data1\" content=\"Elian Goethals\" \/>\n\t<meta name=\"twitter:label2\" content=\"Dur\u00e9e de lecture estim\u00e9e\" \/>\n\t<meta name=\"twitter:data2\" content=\"2 minutes\" \/>\n<script type=\"application\/ld+json\" class=\"yoast-schema-graph\">{\"@context\":\"https:\/\/schema.org\",\"@graph\":[{\"@type\":\"WebPage\",\"@id\":\"https:\/\/theplayoffs.news\/fr\/actualite-nba\/une-expansion-de-la-nba-en-europe-tony-parker-et-adam-silver-en-discussions\/\",\"url\":\"https:\/\/theplayoffs.news\/fr\/actualite-nba\/une-expansion-de-la-nba-en-europe-tony-parker-et-adam-silver-en-discussions\/\",\"name\":\"NBA en Europe : Tony Parker et Adam Silver en discussions !\",\"isPartOf\":{\"@id\":\"https:\/\/theplayoffs.news\/fr\/#website\"},\"primaryImageOfPage\":{\"@id\":\"https:\/\/theplayoffs.news\/fr\/actualite-nba\/une-expansion-de-la-nba-en-europe-tony-parker-et-adam-silver-en-discussions\/#primaryimage\"},\"image\":{\"@id\":\"https:\/\/theplayoffs.news\/fr\/actualite-nba\/une-expansion-de-la-nba-en-europe-tony-parker-et-adam-silver-en-discussions\/#primaryimage\"},\"thumbnailUrl\":\"https:\/\/theplayoffs.news\/fr\/wp-content\/uploads\/2025\/03\/USATSI_8169507.jpg\",\"datePublished\":\"2025-03-20T16:21:24+00:00\",\"dateModified\":\"2025-03-20T16:55:22+00:00\",\"author\":{\"@id\":\"https:\/\/theplayoffs.news\/fr\/#\/schema\/person\/2bc470c6a49f4f6229a67af19c87a732\"},\"description\":\"Tony Parker a eu des discussions avec le pr\u00e9sident de la NBA, Adam Silver, concernant une possible expansion de la ligue en Europe.\",\"breadcrumb\":{\"@id\":\"https:\/\/theplayoffs.news\/fr\/actualite-nba\/une-expansion-de-la-nba-en-europe-tony-parker-et-adam-silver-en-discussions\/#breadcrumb\"},\"inLanguage\":\"fr-FR\",\"potentialAction\":[{\"@type\":\"ReadAction\",\"target\":[\"https:\/\/theplayoffs.news\/fr\/actualite-nba\/une-expansion-de-la-nba-en-europe-tony-parker-et-adam-silver-en-discussions\/\"]}]},{\"@type\":\"ImageObject\",\"inLanguage\":\"fr-FR\",\"@id\":\"https:\/\/theplayoffs.news\/fr\/actualite-nba\/une-expansion-de-la-nba-en-europe-tony-parker-et-adam-silver-en-discussions\/#primaryimage\",\"url\":\"https:\/\/theplayoffs.news\/fr\/wp-content\/uploads\/2025\/03\/USATSI_8169507.jpg\",\"contentUrl\":\"https:\/\/theplayoffs.news\/fr\/wp-content\/uploads\/2025\/03\/USATSI_8169507.jpg\",\"width\":1920,\"height\":1280,\"caption\":\"Oct 28, 2014; San Antonio, TX, USA; San Antonio Spurs point guard Tony Parker (9) shakes hands with NBA commissioner Adam Silver during a ceremony before the game against the Dallas Mavericks at AT&amp;T Center. Mandatory Credit: Soobum Im-USA TODAY Sports\"},{\"@type\":\"BreadcrumbList\",\"@id\":\"https:\/\/theplayoffs.news\/fr\/actualite-nba\/une-expansion-de-la-nba-en-europe-tony-parker-et-adam-silver-en-discussions\/#breadcrumb\",\"itemListElement\":[{\"@type\":\"ListItem\",\"position\":1,\"name\":\"Accueil\",\"item\":\"https:\/\/theplayoffs.news\/fr\/\"},{\"@type\":\"ListItem\",\"position\":2,\"name\":\"Expansion de la NBA en Europe : Tony Parker et Adam Silver en discussion !\"}]},{\"@type\":\"WebSite\",\"@id\":\"https:\/\/theplayoffs.news\/fr\/#website\",\"url\":\"https:\/\/theplayoffs.news\/fr\/\",\"name\":\"The Playoffs FR\",\"description\":\"NBA-NFL-NHL-MLB\",\"potentialAction\":[{\"@type\":\"SearchAction\",\"target\":{\"@type\":\"EntryPoint\",\"urlTemplate\":\"https:\/\/theplayoffs.news\/fr\/?s={search_term_string}\"},\"query-input\":{\"@type\":\"PropertyValueSpecification\",\"valueRequired\":true,\"valueName\":\"search_term_string\"}}],\"inLanguage\":\"fr-FR\"},{\"@type\":\"Person\",\"@id\":\"https:\/\/theplayoffs.news\/fr\/#\/schema\/person\/2bc470c6a49f4f6229a67af19c87a732\",\"name\":\"Elian Goethals\",\"image\":{\"@type\":\"ImageObject\",\"inLanguage\":\"fr-FR\",\"@id\":\"https:\/\/theplayoffs.news\/fr\/#\/schema\/person\/image\/\",\"url\":\"https:\/\/secure.gravatar.com\/avatar\/293e2e649a094756005b611f6122ac1a95e95d453dbfe74b9d434b39855927f6?s=96&d=mm&r=g\",\"contentUrl\":\"https:\/\/secure.gravatar.com\/avatar\/293e2e649a094756005b611f6122ac1a95e95d453dbfe74b9d434b39855927f6?s=96&d=mm&r=g\",\"caption\":\"Elian Goethals\"},\"description\":\"Je suis sp\u00e9cialis\u00e9 dans la r\u00e9daction d\\\\'articles NBA et je suis un grand fan de basket am\u00e9ricain depuis toujours. Cela fait 20 ans que je joue au basket, et mon exp\u00e9rience sur les terrains me permet d\\\\'avoir une analyse approfondie des matchs. J\u2019ai d\u2019abord fait partie d\u2019autres m\u00e9dias sportifs en tant que b\u00e9n\u00e9vole avant de rejoindre ThePlayoffs en janvier. Je termine \u00e9galement un master en \u00e9tudes internationales. Ce que je pr\u00e9f\u00e8re dans mon travail, c\u2019est de transformer ma passion en m\u00e9tier et de partager avec vous l\u2019information NBA. J\u2019essaie de produire un contenu de qualit\u00e9 en esp\u00e9rant qu\u2019il vous plaise !\",\"sameAs\":[\"https:\/\/www.linkedin.com\/in\/elian-goethals-729b71200\/\",\"https:\/\/x.com\/x.com\/elidwight\"],\"url\":\"https:\/\/theplayoffs.news\/fr\/author\/elian\/\"}]}<\/script>\n<!-- \/ Yoast SEO plugin. -->","yoast_head_json":{"title":"NBA en Europe : Tony Parker et Adam Silver en discussions !","description":"Tony Parker a eu des discussions avec le pr&eacute;sident de la NBA, Adam Silver, concernant une possible expansion de la ligue en Europe.","robots":{"index":"index","follow":"follow","max-snippet":"max-snippet:-1","max-image-preview":"max-image-preview:large","max-video-preview":"max-video-preview:-1"},"canonical":"https:\/\/theplayoffs.news\/fr\/actualite-nba\/une-expansion-de-la-nba-en-europe-tony-parker-et-adam-silver-en-discussions\/","og_locale":"fr_FR","og_type":"article","og_title":"NBA en Europe : Tony Parker et Adam Silver en discussions !","og_description":"Tony Parker a eu des discussions avec le pr&eacute;sident de la NBA, Adam Silver, concernant une possible expansion de la ligue en Europe.","og_url":"https:\/\/theplayoffs.news\/fr\/actualite-nba\/une-expansion-de-la-nba-en-europe-tony-parker-et-adam-silver-en-discussions\/","og_site_name":"The Playoffs FR","article_publisher":"https:\/\/www.facebook.com\/TheFreeAgentFR\/","article_modified_time":"2025-03-20T16:55:22+00:00","og_image":[{"width":1920,"height":1280,"url":"https:\/\/theplayoffs.news\/fr\/wp-content\/uploads\/2025\/03\/USATSI_8169507.jpg","type":"image\/jpeg"}],"author":"Elian Goethals","twitter_card":"summary_large_image","twitter_creator":"@x.com\/elidwight","twitter_site":"@TheFreeAgentFR","twitter_misc":{"\u00c9crit par":"Elian Goethals","Dur\u00e9e de lecture estim\u00e9e":"2 minutes"},"schema":{"@context":"https:\/\/schema.org","@graph":[{"@type":"WebPage","@id":"https:\/\/theplayoffs.news\/fr\/actualite-nba\/une-expansion-de-la-nba-en-europe-tony-parker-et-adam-silver-en-discussions\/","url":"https:\/\/theplayoffs.news\/fr\/actualite-nba\/une-expansion-de-la-nba-en-europe-tony-parker-et-adam-silver-en-discussions\/","name":"NBA en Europe : Tony Parker et Adam Silver en discussions !","isPartOf":{"@id":"https:\/\/theplayoffs.news\/fr\/#website"},"primaryImageOfPage":{"@id":"https:\/\/theplayoffs.news\/fr\/actualite-nba\/une-expansion-de-la-nba-en-europe-tony-parker-et-adam-silver-en-discussions\/#primaryimage"},"image":{"@id":"https:\/\/theplayoffs.news\/fr\/actualite-nba\/une-expansion-de-la-nba-en-europe-tony-parker-et-adam-silver-en-discussions\/#primaryimage"},"thumbnailUrl":"https:\/\/theplayoffs.news\/fr\/wp-content\/uploads\/2025\/03\/USATSI_8169507.jpg","datePublished":"2025-03-20T16:21:24+00:00","dateModified":"2025-03-20T16:55:22+00:00","author":{"@id":"https:\/\/theplayoffs.news\/fr\/#\/schema\/person\/2bc470c6a49f4f6229a67af19c87a732"},"description":"Tony Parker a eu des discussions avec le pr\u00e9sident de la NBA, Adam Silver, concernant une possible expansion de la ligue en Europe.","breadcrumb":{"@id":"https:\/\/theplayoffs.news\/fr\/actualite-nba\/une-expansion-de-la-nba-en-europe-tony-parker-et-adam-silver-en-discussions\/#breadcrumb"},"inLanguage":"fr-FR","potentialAction":[{"@type":"ReadAction","target":["https:\/\/theplayoffs.news\/fr\/actualite-nba\/une-expansion-de-la-nba-en-europe-tony-parker-et-adam-silver-en-discussions\/"]}]},{"@type":"ImageObject","inLanguage":"fr-FR","@id":"https:\/\/theplayoffs.news\/fr\/actualite-nba\/une-expansion-de-la-nba-en-europe-tony-parker-et-adam-silver-en-discussions\/#primaryimage","url":"https:\/\/theplayoffs.news\/fr\/wp-content\/uploads\/2025\/03\/USATSI_8169507.jpg","contentUrl":"https:\/\/theplayoffs.news\/fr\/wp-content\/uploads\/2025\/03\/USATSI_8169507.jpg","width":1920,"height":1280,"caption":"Oct 28, 2014; San Antonio, TX, USA; San Antonio Spurs point guard Tony Parker (9) shakes hands with NBA commissioner Adam Silver during a ceremony before the game against the Dallas Mavericks at AT&amp;T Center. Mandatory Credit: Soobum Im-USA TODAY Sports"},{"@type":"BreadcrumbList","@id":"https:\/\/theplayoffs.news\/fr\/actualite-nba\/une-expansion-de-la-nba-en-europe-tony-parker-et-adam-silver-en-discussions\/#breadcrumb","itemListElement":[{"@type":"ListItem","position":1,"name":"Accueil","item":"https:\/\/theplayoffs.news\/fr\/"},{"@type":"ListItem","position":2,"name":"Expansion de la NBA en Europe : Tony Parker et Adam Silver en discussion !"}]},{"@type":"WebSite","@id":"https:\/\/theplayoffs.news\/fr\/#website","url":"https:\/\/theplayoffs.news\/fr\/","name":"The Playoffs FR","description":"NBA-NFL-NHL-MLB","potentialAction":[{"@type":"SearchAction","target":{"@type":"EntryPoint","urlTemplate":"https:\/\/theplayoffs.news\/fr\/?s={search_term_string}"},"query-input":{"@type":"PropertyValueSpecification","valueRequired":true,"valueName":"search_term_string"}}],"inLanguage":"fr-FR"},{"@type":"Person","@id":"https:\/\/theplayoffs.news\/fr\/#\/schema\/person\/2bc470c6a49f4f6229a67af19c87a732","name":"Elian Goethals","image":{"@type":"ImageObject","inLanguage":"fr-FR","@id":"https:\/\/theplayoffs.news\/fr\/#\/schema\/person\/image\/","url":"https:\/\/secure.gravatar.com\/avatar\/293e2e649a094756005b611f6122ac1a95e95d453dbfe74b9d434b39855927f6?s=96&d=mm&r=g","contentUrl":"https:\/\/secure.gravatar.com\/avatar\/293e2e649a094756005b611f6122ac1a95e95d453dbfe74b9d434b39855927f6?s=96&d=mm&r=g","caption":"Elian Goethals"},"description":"Je suis sp\u00e9cialis\u00e9 dans la r\u00e9daction d\\'articles NBA et je suis un grand fan de basket am\u00e9ricain depuis toujours. Cela fait 20 ans que je joue au basket, et mon exp\u00e9rience sur les terrains me permet d\\'avoir une analyse approfondie des matchs. J\u2019ai d\u2019abord fait partie d\u2019autres m\u00e9dias sportifs en tant que b\u00e9n\u00e9vole avant de rejoindre ThePlayoffs en janvier. Je termine \u00e9galement un master en \u00e9tudes internationales. Ce que je pr\u00e9f\u00e8re dans mon travail, c\u2019est de transformer ma passion en m\u00e9tier et de partager avec vous l\u2019information NBA. J\u2019essaie de produire un contenu de qualit\u00e9 en esp\u00e9rant qu\u2019il vous plaise !","sameAs":["https:\/\/www.linkedin.com\/in\/elian-goethals-729b71200\/","https:\/\/x.com\/x.com\/elidwight"],"url":"https:\/\/theplayoffs.news\/fr\/author\/elian\/"}]}},"_links":{"self":[{"href":"https:\/\/theplayoffs.news\/fr\/wp-json\/wp\/v2\/posts\/1485703","targetHints":{"allow":["GET"]}}],"collection":[{"href":"https:\/\/theplayoffs.news\/fr\/wp-json\/wp\/v2\/posts"}],"about":[{"href":"https:\/\/theplayoffs.news\/fr\/wp-json\/wp\/v2\/types\/post"}],"author":[{"embeddable":true,"href":"https:\/\/theplayoffs.news\/fr\/wp-json\/wp\/v2\/users\/180310268"}],"replies":[{"embeddable":true,"href":"https:\/\/theplayoffs.news\/fr\/wp-json\/wp\/v2\/comments?post=1485703"}],"version-history":[{"count":3,"href":"https:\/\/theplayoffs.news\/fr\/wp-json\/wp\/v2\/posts\/1485703\/revisions"}],"predecessor-version":[{"id":1485709,"href":"https:\/\/theplayoffs.news\/fr\/wp-json\/wp\/v2\/posts\/1485703\/revisions\/1485709"}],"wp:featuredmedia":[{"embeddable":true,"href":"https:\/\/theplayoffs.news\/fr\/wp-json\/wp\/v2\/media\/1485704"}],"wp:attachment":[{"href":"https:\/\/theplayoffs.news\/fr\/wp-json\/wp\/v2\/media?parent=1485703"}],"wp:term":[{"taxonomy":"category","embeddable":true,"href":"https:\/\/theplayoffs.news\/fr\/wp-json\/wp\/v2\/categories?post=1485703"},{"taxonomy":"post_tag","embeddable":true,"href":"https:\/\/theplayoffs.news\/fr\/wp-json\/wp\/v2\/tags?post=1485703"},{"taxonomy":"sport","embeddable":true,"href":"https:\/\/theplayoffs.news\/fr\/wp-json\/wp\/v2\/sport?post=1485703"},{"taxonomy":"saison","embeddable":true,"href":"https:\/\/theplayoffs.news\/fr\/wp-json\/wp\/v2\/saison?post=1485703"}],"curies":[{"name":"wp","href":"https:\/\/api.w.org\/{rel}","templated":true}]}}