{"id":1485691,"date":"2025-03-20T15:25:38","date_gmt":"2025-03-20T14:25:38","guid":{"rendered":"https:\/\/theplayoffs.news\/fr\/uncategorized\/\/"},"modified":"2025-03-20T15:25:45","modified_gmt":"2025-03-20T14:25:45","slug":"changement-de-proprietaire-chez-les-celtics","status":"publish","type":"post","link":"https:\/\/theplayoffs.news\/fr\/actualite-nba\/changement-de-proprietaire-chez-les-celtics\/","title":{"rendered":"Changement de propri\u00e9taire chez les Celtics !"},"content":{"rendered":"<p><strong>La franchise des Boston Celtics a &eacute;t&eacute; vendue pour 6,1 milliards de dollars, &eacute;tablissant ainsi un nouveau record dans l&rsquo;histoire du sport am&eacute;ricain.<\/strong><\/p><p>La famille <strong>Grousbeck<\/strong> a c&eacute;d&eacute; la franchise &agrave; <strong>Bill Chisholm<\/strong>, repr&eacute;sentant du groupe Symphony Technology, pour cette somme colossale. Cette transaction d&eacute;passe le rachat des <strong>Washington Commanders en NFL<\/strong>, conclu &agrave; 6,05 milliards de dollars.<\/p><blockquote class=\"twitter-tweet\"><p lang=\"en\" dir=\"ltr\">BREAKING: Bill Chisholm, managing partner at Symphony Technology Group, has agreed to purchase the Boston Celtics from the Grousbeck family for a valuation for $6.1 billion, sources tell ESPN. This now is the largest sale for a sports franchise in North America. <a href=\"https:\/\/t.co\/iPphqSQswe\" class=\"trk-cta-link\" data-cta-trk='{\"ctaType\":\"Link\",\"ctaSubType\":\"main\"}'>pic.twitter.com\/iPphqSQswe<\/a><\/p>&mdash; Shams Charania (@ShamsCharania) <a href=\"https:\/\/twitter.com\/ShamsCharania\/status\/1902720334509310084?ref_src=twsrc%5Etfw\" class=\"trk-cta-link\" data-cta-trk='{\"ctaType\":\"Link\",\"ctaSubType\":\"main\"}'>March 20, 2025<\/a><\/blockquote><script async src=\"https:\/\/platform.twitter.com\/widgets.js\" charset=\"utf-8\"><\/script><p>Actuels deuxi&egrave;mes de la conf&eacute;rence Est avec un bilan de <strong>50 victoires pour 19 d&eacute;faites<\/strong>, les <strong>Celtics <\/strong>restent &eacute;galement les champions en titre et la franchise la plus titr&eacute;e de <strong>l&rsquo;histoire de la NBA<\/strong> (18 sacres). L&rsquo;investissement majeur r&eacute;alis&eacute; par le nouveau propri&eacute;taire laisse pr&eacute;sager des attentes &eacute;lev&eacute;es, d&rsquo;autant plus que la masse salariale de<strong> Boston <\/strong>d&eacute;passe les 200 millions de dollars annuels garantis jusqu&rsquo;en 2028.<\/p><p>Un tel bouleversement en cours de saison, &agrave; l&rsquo;approche des <strong>playoffs<\/strong>, pourrait repr&eacute;senter un risque. Reste &agrave; voir si les joueurs parviendront &agrave; rester concentr&eacute;s malgr&eacute; ce changement majeur.<\/p><p><strong>Lire aussi : <\/strong><\/p><p><a href=\"https:\/\/theplayoffs.news\/fr\/actualite-nba\/bronny-james-les-progres-sont-la\/\" class=\"trk-cta-link\" data-cta-trk='{\"ctaType\":\"Link\",\"ctaSubType\":\"main\"}'>Bronny James : &ldquo;Les progr&egrave;s sont l&agrave;&rdquo;<\/a><\/p><p><a href=\"https:\/\/theplayoffs.news\/fr\/actualite-nba\/mike-malone-prend-la-defense-de-nikola-jokic\/\" class=\"trk-cta-link\" data-cta-trk='{\"ctaType\":\"Link\",\"ctaSubType\":\"main\"}'>Mike Malone prend la d&eacute;fense de Nikola Jokic !<\/a><\/p><h2 class=\"wp-block-heading\"><strong>Bill Chisholm, un investisseur aguerri<\/strong><\/h2><p>Le nouveau propri&eacute;taire des <strong>Celtics<\/strong> s&rsquo;est forg&eacute; une solide r&eacute;putation au sein du groupe <strong>Symphony Technology<\/strong>, o&ugrave; ce dernier occupe les fonctions de<strong> directeur g&eacute;n&eacute;ral et directeur des investissements<\/strong>. <strong>STG Partners<\/strong> est principalement connu pour ses placements strat&eacute;giques dans le secteur des logiciels et des entreprises technologiques.<\/p><p><strong>Cr&eacute;dit photo : <\/strong>Winslow Townson-Imagn Images<\/p>\n","protected":false},"excerpt":{"rendered":"<p>\u00c9norme changement du c\u00f4t\u00e9 des Celtics : un nouveau propri\u00e9taire prend les r\u00eanes de la franchise du Massachusetts.<\/p>\n","protected":false},"author":180310268,"featured_media":1485693,"comment_status":"closed","ping_status":"closed","sticky":false,"template":"","format":"standard","meta":{"inline_featured_image":false,"kia_subtitle":"\u00c9norme changement du c\u00f4t\u00e9 des Celtics : un nouveau propri\u00e9taire prend les r\u00eanes de la franchise du Massachusetts.","_mux_skip_reasons":[],"proofreadBy":0,"footnotes":""},"categories":[110,10],"tags":[603,23],"sport":[2783],"saison":[],"class_list":["post-1485691","post","type-post","status-publish","format-standard","has-post-thumbnail","hentry","category-actualite-nba","category-nba","tag-boston-celtics","tag-nba-tag","sport-nba"],"acf":[],"yoast_head":"<!-- This site is optimized with the Yoast SEO plugin v24.2 - https:\/\/yoast.com\/wordpress\/plugins\/seo\/ -->\n<title>Changement de propri&eacute;taire chez les Celtics !<\/title>\n<meta name=\"description\" content=\"&Eacute;norme changement du c&ocirc;t&eacute; des Celtics : un nouveau propri&eacute;taire prend les r&ecirc;nes de la franchise du Massachusetts.\" \/>\n<meta name=\"robots\" content=\"index, follow, max-snippet:-1, max-image-preview:large, max-video-preview:-1\" \/>\n<link rel=\"canonical\" href=\"https:\/\/theplayoffs.news\/fr\/actualite-nba\/changement-de-proprietaire-chez-les-celtics\/\" \/>\n<meta property=\"og:locale\" content=\"fr_FR\" \/>\n<meta property=\"og:type\" content=\"article\" \/>\n<meta property=\"og:title\" content=\"Changement de propri&eacute;taire chez les Celtics !\" \/>\n<meta property=\"og:description\" content=\"&Eacute;norme changement du c&ocirc;t&eacute; des Celtics : un nouveau propri&eacute;taire prend les r&ecirc;nes de la franchise du Massachusetts.\" \/>\n<meta property=\"og:url\" content=\"https:\/\/theplayoffs.news\/fr\/actualite-nba\/changement-de-proprietaire-chez-les-celtics\/\" \/>\n<meta property=\"og:site_name\" content=\"The Playoffs FR\" \/>\n<meta property=\"article:publisher\" content=\"https:\/\/www.facebook.com\/TheFreeAgentFR\/\" \/>\n<meta property=\"article:modified_time\" content=\"2025-03-20T15:25:45+01:00\" \/>\n<meta property=\"og:image\" content=\"https:\/\/theplayoffs.news\/fr\/wp-content\/uploads\/2025\/03\/USATSI_25542267.jpg\" \/>\n\t<meta property=\"og:image:width\" content=\"1920\" \/>\n\t<meta property=\"og:image:height\" content=\"1280\" \/>\n\t<meta property=\"og:image:type\" content=\"image\/jpeg\" \/>\n<meta name=\"author\" content=\"Elian Goethals\" \/>\n<meta name=\"twitter:card\" content=\"summary_large_image\" \/>\n<meta name=\"twitter:creator\" content=\"@x.com\/elidwight\" \/>\n<meta name=\"twitter:site\" content=\"@TheFreeAgentFR\" \/>\n<meta name=\"twitter:label1\" content=\"\u00c9crit par\" \/>\n\t<meta name=\"twitter:data1\" content=\"Elian Goethals\" \/>\n\t<meta name=\"twitter:label2\" content=\"Dur\u00e9e de lecture estim\u00e9e\" \/>\n\t<meta name=\"twitter:data2\" content=\"2 minutes\" \/>\n<script type=\"application\/ld+json\" class=\"yoast-schema-graph\">{\"@context\":\"https:\/\/schema.org\",\"@graph\":[{\"@type\":\"WebPage\",\"@id\":\"https:\/\/theplayoffs.news\/fr\/actualite-nba\/changement-de-proprietaire-chez-les-celtics\/\",\"url\":\"https:\/\/theplayoffs.news\/fr\/actualite-nba\/changement-de-proprietaire-chez-les-celtics\/\",\"name\":\"Changement de propri\u00e9taire chez les Celtics !\",\"isPartOf\":{\"@id\":\"https:\/\/theplayoffs.news\/fr\/#website\"},\"primaryImageOfPage\":{\"@id\":\"https:\/\/theplayoffs.news\/fr\/actualite-nba\/changement-de-proprietaire-chez-les-celtics\/#primaryimage\"},\"image\":{\"@id\":\"https:\/\/theplayoffs.news\/fr\/actualite-nba\/changement-de-proprietaire-chez-les-celtics\/#primaryimage\"},\"thumbnailUrl\":\"https:\/\/theplayoffs.news\/fr\/wp-content\/uploads\/2025\/03\/USATSI_25542267.jpg\",\"datePublished\":\"2025-03-20T14:25:38+00:00\",\"dateModified\":\"2025-03-20T14:25:45+00:00\",\"author\":{\"@id\":\"https:\/\/theplayoffs.news\/fr\/#\/schema\/person\/2bc470c6a49f4f6229a67af19c87a732\"},\"description\":\"\u00c9norme changement du c\u00f4t\u00e9 des Celtics : un nouveau propri\u00e9taire prend les r\u00eanes de la franchise du Massachusetts.\",\"breadcrumb\":{\"@id\":\"https:\/\/theplayoffs.news\/fr\/actualite-nba\/changement-de-proprietaire-chez-les-celtics\/#breadcrumb\"},\"inLanguage\":\"fr-FR\",\"potentialAction\":[{\"@type\":\"ReadAction\",\"target\":[\"https:\/\/theplayoffs.news\/fr\/actualite-nba\/changement-de-proprietaire-chez-les-celtics\/\"]}]},{\"@type\":\"ImageObject\",\"inLanguage\":\"fr-FR\",\"@id\":\"https:\/\/theplayoffs.news\/fr\/actualite-nba\/changement-de-proprietaire-chez-les-celtics\/#primaryimage\",\"url\":\"https:\/\/theplayoffs.news\/fr\/wp-content\/uploads\/2025\/03\/USATSI_25542267.jpg\",\"contentUrl\":\"https:\/\/theplayoffs.news\/fr\/wp-content\/uploads\/2025\/03\/USATSI_25542267.jpg\",\"width\":1920,\"height\":1280,\"caption\":\"Feb 28, 2025; Boston, Massachusetts, USA; The Boston Celtics logo is seen on the court beofre the game between the Boston Celtics and the Cleveland Cavaliers at TD Garden. Mandatory Credit: Winslow Townson-Imagn Images\"},{\"@type\":\"BreadcrumbList\",\"@id\":\"https:\/\/theplayoffs.news\/fr\/actualite-nba\/changement-de-proprietaire-chez-les-celtics\/#breadcrumb\",\"itemListElement\":[{\"@type\":\"ListItem\",\"position\":1,\"name\":\"Accueil\",\"item\":\"https:\/\/theplayoffs.news\/fr\/\"},{\"@type\":\"ListItem\",\"position\":2,\"name\":\"Changement de propri\u00e9taire chez les Celtics !\"}]},{\"@type\":\"WebSite\",\"@id\":\"https:\/\/theplayoffs.news\/fr\/#website\",\"url\":\"https:\/\/theplayoffs.news\/fr\/\",\"name\":\"The Playoffs FR\",\"description\":\"NBA-NFL-NHL-MLB\",\"potentialAction\":[{\"@type\":\"SearchAction\",\"target\":{\"@type\":\"EntryPoint\",\"urlTemplate\":\"https:\/\/theplayoffs.news\/fr\/?s={search_term_string}\"},\"query-input\":{\"@type\":\"PropertyValueSpecification\",\"valueRequired\":true,\"valueName\":\"search_term_string\"}}],\"inLanguage\":\"fr-FR\"},{\"@type\":\"Person\",\"@id\":\"https:\/\/theplayoffs.news\/fr\/#\/schema\/person\/2bc470c6a49f4f6229a67af19c87a732\",\"name\":\"Elian Goethals\",\"image\":{\"@type\":\"ImageObject\",\"inLanguage\":\"fr-FR\",\"@id\":\"https:\/\/theplayoffs.news\/fr\/#\/schema\/person\/image\/\",\"url\":\"https:\/\/secure.gravatar.com\/avatar\/293e2e649a094756005b611f6122ac1a95e95d453dbfe74b9d434b39855927f6?s=96&d=mm&r=g\",\"contentUrl\":\"https:\/\/secure.gravatar.com\/avatar\/293e2e649a094756005b611f6122ac1a95e95d453dbfe74b9d434b39855927f6?s=96&d=mm&r=g\",\"caption\":\"Elian Goethals\"},\"description\":\"Je suis sp\u00e9cialis\u00e9 dans la r\u00e9daction d\\\\'articles NBA et je suis un grand fan de basket am\u00e9ricain depuis toujours. Cela fait 20 ans que je joue au basket, et mon exp\u00e9rience sur les terrains me permet d\\\\'avoir une analyse approfondie des matchs. J\u2019ai d\u2019abord fait partie d\u2019autres m\u00e9dias sportifs en tant que b\u00e9n\u00e9vole avant de rejoindre ThePlayoffs en janvier. Je termine \u00e9galement un master en \u00e9tudes internationales. Ce que je pr\u00e9f\u00e8re dans mon travail, c\u2019est de transformer ma passion en m\u00e9tier et de partager avec vous l\u2019information NBA. J\u2019essaie de produire un contenu de qualit\u00e9 en esp\u00e9rant qu\u2019il vous plaise !\",\"sameAs\":[\"https:\/\/www.linkedin.com\/in\/elian-goethals-729b71200\/\",\"https:\/\/x.com\/x.com\/elidwight\"],\"url\":\"https:\/\/theplayoffs.news\/fr\/author\/elian\/\"}]}<\/script>\n<!-- \/ Yoast SEO plugin. -->","yoast_head_json":{"title":"Changement de propri&eacute;taire chez les Celtics !","description":"&Eacute;norme changement du c&ocirc;t&eacute; des Celtics : un nouveau propri&eacute;taire prend les r&ecirc;nes de la franchise du Massachusetts.","robots":{"index":"index","follow":"follow","max-snippet":"max-snippet:-1","max-image-preview":"max-image-preview:large","max-video-preview":"max-video-preview:-1"},"canonical":"https:\/\/theplayoffs.news\/fr\/actualite-nba\/changement-de-proprietaire-chez-les-celtics\/","og_locale":"fr_FR","og_type":"article","og_title":"Changement de propri&eacute;taire chez les Celtics !","og_description":"&Eacute;norme changement du c&ocirc;t&eacute; des Celtics : un nouveau propri&eacute;taire prend les r&ecirc;nes de la franchise du Massachusetts.","og_url":"https:\/\/theplayoffs.news\/fr\/actualite-nba\/changement-de-proprietaire-chez-les-celtics\/","og_site_name":"The Playoffs FR","article_publisher":"https:\/\/www.facebook.com\/TheFreeAgentFR\/","article_modified_time":"2025-03-20T14:25:45+00:00","og_image":[{"width":1920,"height":1280,"url":"https:\/\/theplayoffs.news\/fr\/wp-content\/uploads\/2025\/03\/USATSI_25542267.jpg","type":"image\/jpeg"}],"author":"Elian Goethals","twitter_card":"summary_large_image","twitter_creator":"@x.com\/elidwight","twitter_site":"@TheFreeAgentFR","twitter_misc":{"\u00c9crit par":"Elian Goethals","Dur\u00e9e de lecture estim\u00e9e":"2 minutes"},"schema":{"@context":"https:\/\/schema.org","@graph":[{"@type":"WebPage","@id":"https:\/\/theplayoffs.news\/fr\/actualite-nba\/changement-de-proprietaire-chez-les-celtics\/","url":"https:\/\/theplayoffs.news\/fr\/actualite-nba\/changement-de-proprietaire-chez-les-celtics\/","name":"Changement de propri\u00e9taire chez les Celtics !","isPartOf":{"@id":"https:\/\/theplayoffs.news\/fr\/#website"},"primaryImageOfPage":{"@id":"https:\/\/theplayoffs.news\/fr\/actualite-nba\/changement-de-proprietaire-chez-les-celtics\/#primaryimage"},"image":{"@id":"https:\/\/theplayoffs.news\/fr\/actualite-nba\/changement-de-proprietaire-chez-les-celtics\/#primaryimage"},"thumbnailUrl":"https:\/\/theplayoffs.news\/fr\/wp-content\/uploads\/2025\/03\/USATSI_25542267.jpg","datePublished":"2025-03-20T14:25:38+00:00","dateModified":"2025-03-20T14:25:45+00:00","author":{"@id":"https:\/\/theplayoffs.news\/fr\/#\/schema\/person\/2bc470c6a49f4f6229a67af19c87a732"},"description":"\u00c9norme changement du c\u00f4t\u00e9 des Celtics : un nouveau propri\u00e9taire prend les r\u00eanes de la franchise du Massachusetts.","breadcrumb":{"@id":"https:\/\/theplayoffs.news\/fr\/actualite-nba\/changement-de-proprietaire-chez-les-celtics\/#breadcrumb"},"inLanguage":"fr-FR","potentialAction":[{"@type":"ReadAction","target":["https:\/\/theplayoffs.news\/fr\/actualite-nba\/changement-de-proprietaire-chez-les-celtics\/"]}]},{"@type":"ImageObject","inLanguage":"fr-FR","@id":"https:\/\/theplayoffs.news\/fr\/actualite-nba\/changement-de-proprietaire-chez-les-celtics\/#primaryimage","url":"https:\/\/theplayoffs.news\/fr\/wp-content\/uploads\/2025\/03\/USATSI_25542267.jpg","contentUrl":"https:\/\/theplayoffs.news\/fr\/wp-content\/uploads\/2025\/03\/USATSI_25542267.jpg","width":1920,"height":1280,"caption":"Feb 28, 2025; Boston, Massachusetts, USA; The Boston Celtics logo is seen on the court beofre the game between the Boston Celtics and the Cleveland Cavaliers at TD Garden. Mandatory Credit: Winslow Townson-Imagn Images"},{"@type":"BreadcrumbList","@id":"https:\/\/theplayoffs.news\/fr\/actualite-nba\/changement-de-proprietaire-chez-les-celtics\/#breadcrumb","itemListElement":[{"@type":"ListItem","position":1,"name":"Accueil","item":"https:\/\/theplayoffs.news\/fr\/"},{"@type":"ListItem","position":2,"name":"Changement de propri\u00e9taire chez les Celtics !"}]},{"@type":"WebSite","@id":"https:\/\/theplayoffs.news\/fr\/#website","url":"https:\/\/theplayoffs.news\/fr\/","name":"The Playoffs FR","description":"NBA-NFL-NHL-MLB","potentialAction":[{"@type":"SearchAction","target":{"@type":"EntryPoint","urlTemplate":"https:\/\/theplayoffs.news\/fr\/?s={search_term_string}"},"query-input":{"@type":"PropertyValueSpecification","valueRequired":true,"valueName":"search_term_string"}}],"inLanguage":"fr-FR"},{"@type":"Person","@id":"https:\/\/theplayoffs.news\/fr\/#\/schema\/person\/2bc470c6a49f4f6229a67af19c87a732","name":"Elian Goethals","image":{"@type":"ImageObject","inLanguage":"fr-FR","@id":"https:\/\/theplayoffs.news\/fr\/#\/schema\/person\/image\/","url":"https:\/\/secure.gravatar.com\/avatar\/293e2e649a094756005b611f6122ac1a95e95d453dbfe74b9d434b39855927f6?s=96&d=mm&r=g","contentUrl":"https:\/\/secure.gravatar.com\/avatar\/293e2e649a094756005b611f6122ac1a95e95d453dbfe74b9d434b39855927f6?s=96&d=mm&r=g","caption":"Elian Goethals"},"description":"Je suis sp\u00e9cialis\u00e9 dans la r\u00e9daction d\\'articles NBA et je suis un grand fan de basket am\u00e9ricain depuis toujours. Cela fait 20 ans que je joue au basket, et mon exp\u00e9rience sur les terrains me permet d\\'avoir une analyse approfondie des matchs. J\u2019ai d\u2019abord fait partie d\u2019autres m\u00e9dias sportifs en tant que b\u00e9n\u00e9vole avant de rejoindre ThePlayoffs en janvier. Je termine \u00e9galement un master en \u00e9tudes internationales. Ce que je pr\u00e9f\u00e8re dans mon travail, c\u2019est de transformer ma passion en m\u00e9tier et de partager avec vous l\u2019information NBA. J\u2019essaie de produire un contenu de qualit\u00e9 en esp\u00e9rant qu\u2019il vous plaise !","sameAs":["https:\/\/www.linkedin.com\/in\/elian-goethals-729b71200\/","https:\/\/x.com\/x.com\/elidwight"],"url":"https:\/\/theplayoffs.news\/fr\/author\/elian\/"}]}},"_links":{"self":[{"href":"https:\/\/theplayoffs.news\/fr\/wp-json\/wp\/v2\/posts\/1485691","targetHints":{"allow":["GET"]}}],"collection":[{"href":"https:\/\/theplayoffs.news\/fr\/wp-json\/wp\/v2\/posts"}],"about":[{"href":"https:\/\/theplayoffs.news\/fr\/wp-json\/wp\/v2\/types\/post"}],"author":[{"embeddable":true,"href":"https:\/\/theplayoffs.news\/fr\/wp-json\/wp\/v2\/users\/180310268"}],"replies":[{"embeddable":true,"href":"https:\/\/theplayoffs.news\/fr\/wp-json\/wp\/v2\/comments?post=1485691"}],"version-history":[{"count":1,"href":"https:\/\/theplayoffs.news\/fr\/wp-json\/wp\/v2\/posts\/1485691\/revisions"}],"predecessor-version":[{"id":1485694,"href":"https:\/\/theplayoffs.news\/fr\/wp-json\/wp\/v2\/posts\/1485691\/revisions\/1485694"}],"wp:featuredmedia":[{"embeddable":true,"href":"https:\/\/theplayoffs.news\/fr\/wp-json\/wp\/v2\/media\/1485693"}],"wp:attachment":[{"href":"https:\/\/theplayoffs.news\/fr\/wp-json\/wp\/v2\/media?parent=1485691"}],"wp:term":[{"taxonomy":"category","embeddable":true,"href":"https:\/\/theplayoffs.news\/fr\/wp-json\/wp\/v2\/categories?post=1485691"},{"taxonomy":"post_tag","embeddable":true,"href":"https:\/\/theplayoffs.news\/fr\/wp-json\/wp\/v2\/tags?post=1485691"},{"taxonomy":"sport","embeddable":true,"href":"https:\/\/theplayoffs.news\/fr\/wp-json\/wp\/v2\/sport?post=1485691"},{"taxonomy":"saison","embeddable":true,"href":"https:\/\/theplayoffs.news\/fr\/wp-json\/wp\/v2\/saison?post=1485691"}],"curies":[{"name":"wp","href":"https:\/\/api.w.org\/{rel}","templated":true}]}}