{"id":1485675,"date":"2025-03-20T11:55:30","date_gmt":"2025-03-20T10:55:30","guid":{"rendered":"https:\/\/theplayoffs.news\/fr\/uncategorized\/\/"},"modified":"2025-03-20T11:55:37","modified_gmt":"2025-03-20T10:55:37","slug":"warriors-raptors-stephen-curry-de-retour","status":"publish","type":"post","link":"https:\/\/theplayoffs.news\/fr\/actualite-nba\/warriors-raptors-stephen-curry-de-retour\/","title":{"rendered":"Warriors-Raptors : Stephen Curry de retour !"},"content":{"rendered":"<p>Un jour apr&egrave;s avoir enregistr&eacute; une grande victoire 104-93 contre les Milwaukee Bucks, les Golden State Warriors sont de retour sur le parquet. L&rsquo;&eacute;quipe de Steve Kerr affrontera les Toronto Raptors ce jeudi 20 mars &agrave; domicile, au Chase Center.<\/p><p>Sixi&egrave;me de la Conf&eacute;rence Ouest, les Warriors sont en grande forme cette saison en NBA. Apr&egrave;s une s&eacute;rie de sept victoires cons&eacute;cutives, ils ont chut&eacute; face aux Nuggets. Cependant, lors du match suivant, ils ont retrouv&eacute; leur rythme et chercheront &agrave; poursuivre sur cette lanc&eacute;e. De leur c&ocirc;t&eacute;, les Raptors abordent cette rencontre apr&egrave;s deux d&eacute;faites cons&eacute;cutives.<\/p><p>Les Warriors &eacute;taient priv&eacute;s de l&rsquo;indispensable Stephen Curry lors de leur dernier match. Malgr&eacute; ses 37 ans, Curry reste une force dominante pour Golden State. Cette saison, les Dubs affichent un bilan de 33-26 avec lui et de 7-3 sans lui.<\/p><p>Avant la rencontre face aux Bucks, l&rsquo;entra&icirc;neur Steve Kerr a donn&eacute; des nouvelles de sa star, expliquant qu&rsquo;il avait &eacute;t&eacute; mis au repos pour cause de fatigue &eacute;motionnelle et mentale. <\/p><p><a href=\"https:\/\/theplayoffs.news\/fr\/actualite-nba\/stephen-curry-va-etre-mis-au-repos-par-steve-kerr\/\" class=\"trk-cta-link\" data-cta-trk='{\"ctaType\":\"Link\",\"ctaSubType\":\"main\"}'>Selon Steve Kerr<\/a> : <\/p><blockquote class=\"wp-block-quote is-layout-flow wp-block-quote-is-layout-flow\">\n<p>&laquo; Lors des trois derniers matchs, je pense qu&rsquo;il &eacute;tait fatigu&eacute;, mais c&rsquo;est davantage une fatigue mentale et &eacute;motionnelle que physique. Il va bien physiquement. Mais lorsqu&rsquo;il est &eacute;puis&eacute; mentalement, cela affecte sa prise de d&eacute;cision. Il est un peu hors de son &eacute;l&eacute;ment. &raquo;<\/p>\n<\/blockquote><h2 class=\"wp-block-heading\"><strong>Stephen Curry de retour sur les parquets<\/strong><\/h2><p>Le double MVP des Finales, qui tourne &agrave; une moyenne de 28,9 points, 6,3 passes et 4,1 rebonds sur ses dix derniers matchs, sera de retour sur le terrain ce jeudi. Selon Willard &amp; Dibs (@WillardAndDibs), Steve Kerr a confirm&eacute; que Curry sera bien dans le cinq de d&eacute;part face aux Raptors. &laquo; [Steph] va tr&egrave;s bien. Il jouera demain &raquo;, a d&eacute;clar&eacute; Kerr.<\/p><p>De plus, Curry ne figure plus sur le rapport officiel des blessures de la <a href=\"https:\/\/theplayoffs.news\/fr\/category\/nba\/\" target=\"_blank\" rel=\"noreferrer noopener\" class=\"trk-cta-link\" data-cta-trk='{\"ctaType\":\"Link\",\"ctaSubType\":\"main\"}'>NBA<\/a> pour le match contre les Raptors. Seul Gary Payton II y est mentionn&eacute; comme incertain en raison d&rsquo;une douleur au genou gauche.<\/p><p>Curry affiche en moyenne 24,3 points, 4,4 rebonds et 6,1 passes par match cette saison r&eacute;guli&egrave;re. Bien repos&eacute;, il sera attendu en pleine forme et devrait former un duo d&eacute;cisif avec Jimmy Butler pour guider les Warriors vers une nouvelle victoire importante.<\/p><h2 class=\"wp-block-heading\"><strong>Les cotes de Curry contre les Raptors<\/strong><\/h2><p>&bull; <strong>Points :<\/strong> Plus\/Moins 25,5<\/p><p>&bull; <strong>Rebonds :<\/strong> 3,5<\/p><p>&bull; <strong>Passes d&eacute;cisives :<\/strong> 5,5<\/p><p>&bull; <strong>Tirs &agrave; trois points r&eacute;ussis :<\/strong> 4,5<\/p><p>D&rsquo;apr&egrave;s ces cuts, Curry pourrait d&eacute;passer les 25 points pour son retour, ce qui est un bon signe &eacute;tant donn&eacute; que sa moyenne saisonni&egrave;re est de 24,3 points. <\/p><p>Lors de ses cinq derniers matchs, il a d&eacute;pass&eacute; la <a href=\"https:\/\/www.props.cash\/#\" target=\"_blank\" rel=\"noreferrer noopener nofollow\" class=\"trk-cta-link\" data-cta-trk='{\"ctaType\":\"Link\",\"ctaSubType\":\"main\"}'>barre des 25 points &agrave; deux reprise<\/a>s.<\/p><p><\/p><p>Credit: Kelley L Cox-Imagn Images<\/p>\n","protected":false},"excerpt":{"rendered":"","protected":false},"author":180309799,"featured_media":1485676,"comment_status":"closed","ping_status":"closed","sticky":false,"template":"","format":"standard","meta":{"inline_featured_image":false,"kia_subtitle":"","_mux_skip_reasons":[],"proofreadBy":0,"footnotes":""},"categories":[110,10],"tags":[68,339],"sport":[],"saison":[],"class_list":["post-1485675","post","type-post","status-publish","format-standard","has-post-thumbnail","hentry","category-actualite-nba","category-nba","tag-stephen-curry","tag-warriors"],"acf":[],"yoast_head":"<!-- This site is optimized with the Yoast SEO plugin v24.2 - https:\/\/yoast.com\/wordpress\/plugins\/seo\/ -->\n<title>Warriors-Raptors : Stephen Curry de retour ! - The Playoffs FR<\/title>\n<meta name=\"description\" content=\"Pour la rencontre Warriors-Raptors, Golden State enregistre le retour de Stephen Curry dans son 5 de d&eacute;part\" \/>\n<meta name=\"robots\" content=\"index, follow, max-snippet:-1, max-image-preview:large, max-video-preview:-1\" \/>\n<link rel=\"canonical\" href=\"https:\/\/theplayoffs.news\/fr\/actualite-nba\/warriors-raptors-stephen-curry-de-retour\/\" \/>\n<meta property=\"og:locale\" content=\"fr_FR\" \/>\n<meta property=\"og:type\" content=\"article\" \/>\n<meta property=\"og:title\" content=\"Warriors-Raptors : Stephen Curry de retour ! - The Playoffs FR\" \/>\n<meta property=\"og:description\" content=\"Pour la rencontre Warriors-Raptors, Golden State enregistre le retour de Stephen Curry dans son 5 de d&eacute;part\" \/>\n<meta property=\"og:url\" content=\"https:\/\/theplayoffs.news\/fr\/actualite-nba\/warriors-raptors-stephen-curry-de-retour\/\" \/>\n<meta property=\"og:site_name\" content=\"The Playoffs FR\" \/>\n<meta property=\"article:publisher\" content=\"https:\/\/www.facebook.com\/TheFreeAgentFR\/\" \/>\n<meta property=\"article:modified_time\" content=\"2025-03-20T11:55:37+01:00\" \/>\n<meta property=\"og:image\" content=\"https:\/\/theplayoffs.news\/fr\/wp-content\/uploads\/2025\/03\/USATSI_25700499-1.jpg\" \/>\n\t<meta property=\"og:image:width\" content=\"1920\" \/>\n\t<meta property=\"og:image:height\" content=\"1379\" \/>\n\t<meta property=\"og:image:type\" content=\"image\/jpeg\" \/>\n<meta name=\"author\" content=\"La r\u00e9daction\" \/>\n<meta name=\"twitter:card\" content=\"summary_large_image\" \/>\n<meta name=\"twitter:creator\" content=\"@TheFreeAgentFR\" \/>\n<meta name=\"twitter:site\" content=\"@TheFreeAgentFR\" \/>\n<meta name=\"twitter:label1\" content=\"\u00c9crit par\" \/>\n\t<meta name=\"twitter:data1\" content=\"La r\u00e9daction\" \/>\n\t<meta name=\"twitter:label2\" content=\"Dur\u00e9e de lecture estim\u00e9e\" \/>\n\t<meta name=\"twitter:data2\" content=\"3 minutes\" \/>\n<script type=\"application\/ld+json\" class=\"yoast-schema-graph\">{\"@context\":\"https:\/\/schema.org\",\"@graph\":[{\"@type\":\"WebPage\",\"@id\":\"https:\/\/theplayoffs.news\/fr\/actualite-nba\/warriors-raptors-stephen-curry-de-retour\/\",\"url\":\"https:\/\/theplayoffs.news\/fr\/actualite-nba\/warriors-raptors-stephen-curry-de-retour\/\",\"name\":\"Warriors-Raptors : Stephen Curry de retour ! - The Playoffs FR\",\"isPartOf\":{\"@id\":\"https:\/\/theplayoffs.news\/fr\/#website\"},\"primaryImageOfPage\":{\"@id\":\"https:\/\/theplayoffs.news\/fr\/actualite-nba\/warriors-raptors-stephen-curry-de-retour\/#primaryimage\"},\"image\":{\"@id\":\"https:\/\/theplayoffs.news\/fr\/actualite-nba\/warriors-raptors-stephen-curry-de-retour\/#primaryimage\"},\"thumbnailUrl\":\"https:\/\/theplayoffs.news\/fr\/wp-content\/uploads\/2025\/03\/USATSI_25700499-1.jpg\",\"datePublished\":\"2025-03-20T10:55:30+00:00\",\"dateModified\":\"2025-03-20T10:55:37+00:00\",\"author\":{\"@id\":\"https:\/\/theplayoffs.news\/fr\/#\/schema\/person\/bb40426f4e478f9bd8cdbfeb4f2f9784\"},\"description\":\"Pour la rencontre Warriors-Raptors, Golden State enregistre le retour de Stephen Curry dans son 5 de d\u00e9part\",\"breadcrumb\":{\"@id\":\"https:\/\/theplayoffs.news\/fr\/actualite-nba\/warriors-raptors-stephen-curry-de-retour\/#breadcrumb\"},\"inLanguage\":\"fr-FR\",\"potentialAction\":[{\"@type\":\"ReadAction\",\"target\":[\"https:\/\/theplayoffs.news\/fr\/actualite-nba\/warriors-raptors-stephen-curry-de-retour\/\"]}]},{\"@type\":\"ImageObject\",\"inLanguage\":\"fr-FR\",\"@id\":\"https:\/\/theplayoffs.news\/fr\/actualite-nba\/warriors-raptors-stephen-curry-de-retour\/#primaryimage\",\"url\":\"https:\/\/theplayoffs.news\/fr\/wp-content\/uploads\/2025\/03\/USATSI_25700499-1.jpg\",\"contentUrl\":\"https:\/\/theplayoffs.news\/fr\/wp-content\/uploads\/2025\/03\/USATSI_25700499-1.jpg\",\"width\":1920,\"height\":1379,\"caption\":\"Mar 17, 2025; San Francisco, California, USA; Golden State Warriors guard Stephen Curry (30) reacts after a play Denver Nuggets during the fourth quarter at Chase Center. Mandatory Credit: Kelley L Cox-Imagn Images\"},{\"@type\":\"BreadcrumbList\",\"@id\":\"https:\/\/theplayoffs.news\/fr\/actualite-nba\/warriors-raptors-stephen-curry-de-retour\/#breadcrumb\",\"itemListElement\":[{\"@type\":\"ListItem\",\"position\":1,\"name\":\"Accueil\",\"item\":\"https:\/\/theplayoffs.news\/fr\/\"},{\"@type\":\"ListItem\",\"position\":2,\"name\":\"Warriors-Raptors : Stephen Curry de retour !\"}]},{\"@type\":\"WebSite\",\"@id\":\"https:\/\/theplayoffs.news\/fr\/#website\",\"url\":\"https:\/\/theplayoffs.news\/fr\/\",\"name\":\"The Playoffs FR\",\"description\":\"NBA-NFL-NHL-MLB\",\"potentialAction\":[{\"@type\":\"SearchAction\",\"target\":{\"@type\":\"EntryPoint\",\"urlTemplate\":\"https:\/\/theplayoffs.news\/fr\/?s={search_term_string}\"},\"query-input\":{\"@type\":\"PropertyValueSpecification\",\"valueRequired\":true,\"valueName\":\"search_term_string\"}}],\"inLanguage\":\"fr-FR\"},{\"@type\":\"Person\",\"@id\":\"https:\/\/theplayoffs.news\/fr\/#\/schema\/person\/bb40426f4e478f9bd8cdbfeb4f2f9784\",\"name\":\"La r\u00e9daction\",\"image\":{\"@type\":\"ImageObject\",\"inLanguage\":\"fr-FR\",\"@id\":\"https:\/\/theplayoffs.news\/fr\/#\/schema\/person\/image\/\",\"url\":\"https:\/\/secure.gravatar.com\/avatar\/7e69b41460ab2c17d61c8c364b6a0ee006f957a70191383ef42be1f4733d6515?s=96&d=mm&r=g\",\"contentUrl\":\"https:\/\/secure.gravatar.com\/avatar\/7e69b41460ab2c17d61c8c364b6a0ee006f957a70191383ef42be1f4733d6515?s=96&d=mm&r=g\",\"caption\":\"La r\u00e9daction\"},\"description\":\"On dit qu\\\\'il faut un village pour s\\\\'occuper d\\\\'un enfant. Et bien c\\\\'est exactement ce dont il s\\\\'agit ici pour The Playoffs. La r\u00e9daction, ce sont vos r\u00e9dacteurs pr\u00e9f\u00e9r\u00e9s qui collaborent sur ces articles que vous lisez au quotidien.\u00a0\",\"url\":\"https:\/\/theplayoffs.news\/fr\/author\/freeagentfr\/\"}]}<\/script>\n<!-- \/ Yoast SEO plugin. -->","yoast_head_json":{"title":"Warriors-Raptors : Stephen Curry de retour ! - The Playoffs FR","description":"Pour la rencontre Warriors-Raptors, Golden State enregistre le retour de Stephen Curry dans son 5 de d&eacute;part","robots":{"index":"index","follow":"follow","max-snippet":"max-snippet:-1","max-image-preview":"max-image-preview:large","max-video-preview":"max-video-preview:-1"},"canonical":"https:\/\/theplayoffs.news\/fr\/actualite-nba\/warriors-raptors-stephen-curry-de-retour\/","og_locale":"fr_FR","og_type":"article","og_title":"Warriors-Raptors : Stephen Curry de retour ! - The Playoffs FR","og_description":"Pour la rencontre Warriors-Raptors, Golden State enregistre le retour de Stephen Curry dans son 5 de d&eacute;part","og_url":"https:\/\/theplayoffs.news\/fr\/actualite-nba\/warriors-raptors-stephen-curry-de-retour\/","og_site_name":"The Playoffs FR","article_publisher":"https:\/\/www.facebook.com\/TheFreeAgentFR\/","article_modified_time":"2025-03-20T10:55:37+00:00","og_image":[{"width":1920,"height":1379,"url":"https:\/\/theplayoffs.news\/fr\/wp-content\/uploads\/2025\/03\/USATSI_25700499-1.jpg","type":"image\/jpeg"}],"author":"La r\u00e9daction","twitter_card":"summary_large_image","twitter_creator":"@TheFreeAgentFR","twitter_site":"@TheFreeAgentFR","twitter_misc":{"\u00c9crit par":"La r\u00e9daction","Dur\u00e9e de lecture estim\u00e9e":"3 minutes"},"schema":{"@context":"https:\/\/schema.org","@graph":[{"@type":"WebPage","@id":"https:\/\/theplayoffs.news\/fr\/actualite-nba\/warriors-raptors-stephen-curry-de-retour\/","url":"https:\/\/theplayoffs.news\/fr\/actualite-nba\/warriors-raptors-stephen-curry-de-retour\/","name":"Warriors-Raptors : Stephen Curry de retour ! - The Playoffs FR","isPartOf":{"@id":"https:\/\/theplayoffs.news\/fr\/#website"},"primaryImageOfPage":{"@id":"https:\/\/theplayoffs.news\/fr\/actualite-nba\/warriors-raptors-stephen-curry-de-retour\/#primaryimage"},"image":{"@id":"https:\/\/theplayoffs.news\/fr\/actualite-nba\/warriors-raptors-stephen-curry-de-retour\/#primaryimage"},"thumbnailUrl":"https:\/\/theplayoffs.news\/fr\/wp-content\/uploads\/2025\/03\/USATSI_25700499-1.jpg","datePublished":"2025-03-20T10:55:30+00:00","dateModified":"2025-03-20T10:55:37+00:00","author":{"@id":"https:\/\/theplayoffs.news\/fr\/#\/schema\/person\/bb40426f4e478f9bd8cdbfeb4f2f9784"},"description":"Pour la rencontre Warriors-Raptors, Golden State enregistre le retour de Stephen Curry dans son 5 de d\u00e9part","breadcrumb":{"@id":"https:\/\/theplayoffs.news\/fr\/actualite-nba\/warriors-raptors-stephen-curry-de-retour\/#breadcrumb"},"inLanguage":"fr-FR","potentialAction":[{"@type":"ReadAction","target":["https:\/\/theplayoffs.news\/fr\/actualite-nba\/warriors-raptors-stephen-curry-de-retour\/"]}]},{"@type":"ImageObject","inLanguage":"fr-FR","@id":"https:\/\/theplayoffs.news\/fr\/actualite-nba\/warriors-raptors-stephen-curry-de-retour\/#primaryimage","url":"https:\/\/theplayoffs.news\/fr\/wp-content\/uploads\/2025\/03\/USATSI_25700499-1.jpg","contentUrl":"https:\/\/theplayoffs.news\/fr\/wp-content\/uploads\/2025\/03\/USATSI_25700499-1.jpg","width":1920,"height":1379,"caption":"Mar 17, 2025; San Francisco, California, USA; Golden State Warriors guard Stephen Curry (30) reacts after a play Denver Nuggets during the fourth quarter at Chase Center. Mandatory Credit: Kelley L Cox-Imagn Images"},{"@type":"BreadcrumbList","@id":"https:\/\/theplayoffs.news\/fr\/actualite-nba\/warriors-raptors-stephen-curry-de-retour\/#breadcrumb","itemListElement":[{"@type":"ListItem","position":1,"name":"Accueil","item":"https:\/\/theplayoffs.news\/fr\/"},{"@type":"ListItem","position":2,"name":"Warriors-Raptors : Stephen Curry de retour !"}]},{"@type":"WebSite","@id":"https:\/\/theplayoffs.news\/fr\/#website","url":"https:\/\/theplayoffs.news\/fr\/","name":"The Playoffs FR","description":"NBA-NFL-NHL-MLB","potentialAction":[{"@type":"SearchAction","target":{"@type":"EntryPoint","urlTemplate":"https:\/\/theplayoffs.news\/fr\/?s={search_term_string}"},"query-input":{"@type":"PropertyValueSpecification","valueRequired":true,"valueName":"search_term_string"}}],"inLanguage":"fr-FR"},{"@type":"Person","@id":"https:\/\/theplayoffs.news\/fr\/#\/schema\/person\/bb40426f4e478f9bd8cdbfeb4f2f9784","name":"La r\u00e9daction","image":{"@type":"ImageObject","inLanguage":"fr-FR","@id":"https:\/\/theplayoffs.news\/fr\/#\/schema\/person\/image\/","url":"https:\/\/secure.gravatar.com\/avatar\/7e69b41460ab2c17d61c8c364b6a0ee006f957a70191383ef42be1f4733d6515?s=96&d=mm&r=g","contentUrl":"https:\/\/secure.gravatar.com\/avatar\/7e69b41460ab2c17d61c8c364b6a0ee006f957a70191383ef42be1f4733d6515?s=96&d=mm&r=g","caption":"La r\u00e9daction"},"description":"On dit qu\\'il faut un village pour s\\'occuper d\\'un enfant. Et bien c\\'est exactement ce dont il s\\'agit ici pour The Playoffs. La r\u00e9daction, ce sont vos r\u00e9dacteurs pr\u00e9f\u00e9r\u00e9s qui collaborent sur ces articles que vous lisez au quotidien.\u00a0","url":"https:\/\/theplayoffs.news\/fr\/author\/freeagentfr\/"}]}},"_links":{"self":[{"href":"https:\/\/theplayoffs.news\/fr\/wp-json\/wp\/v2\/posts\/1485675","targetHints":{"allow":["GET"]}}],"collection":[{"href":"https:\/\/theplayoffs.news\/fr\/wp-json\/wp\/v2\/posts"}],"about":[{"href":"https:\/\/theplayoffs.news\/fr\/wp-json\/wp\/v2\/types\/post"}],"author":[{"embeddable":true,"href":"https:\/\/theplayoffs.news\/fr\/wp-json\/wp\/v2\/users\/180309799"}],"replies":[{"embeddable":true,"href":"https:\/\/theplayoffs.news\/fr\/wp-json\/wp\/v2\/comments?post=1485675"}],"version-history":[{"count":1,"href":"https:\/\/theplayoffs.news\/fr\/wp-json\/wp\/v2\/posts\/1485675\/revisions"}],"predecessor-version":[{"id":1485677,"href":"https:\/\/theplayoffs.news\/fr\/wp-json\/wp\/v2\/posts\/1485675\/revisions\/1485677"}],"wp:featuredmedia":[{"embeddable":true,"href":"https:\/\/theplayoffs.news\/fr\/wp-json\/wp\/v2\/media\/1485676"}],"wp:attachment":[{"href":"https:\/\/theplayoffs.news\/fr\/wp-json\/wp\/v2\/media?parent=1485675"}],"wp:term":[{"taxonomy":"category","embeddable":true,"href":"https:\/\/theplayoffs.news\/fr\/wp-json\/wp\/v2\/categories?post=1485675"},{"taxonomy":"post_tag","embeddable":true,"href":"https:\/\/theplayoffs.news\/fr\/wp-json\/wp\/v2\/tags?post=1485675"},{"taxonomy":"sport","embeddable":true,"href":"https:\/\/theplayoffs.news\/fr\/wp-json\/wp\/v2\/sport?post=1485675"},{"taxonomy":"saison","embeddable":true,"href":"https:\/\/theplayoffs.news\/fr\/wp-json\/wp\/v2\/saison?post=1485675"}],"curies":[{"name":"wp","href":"https:\/\/api.w.org\/{rel}","templated":true}]}}