{"id":1485670,"date":"2025-03-20T11:31:58","date_gmt":"2025-03-20T10:31:58","guid":{"rendered":"https:\/\/theplayoffs.news\/fr\/uncategorized\/\/"},"modified":"2025-03-20T11:32:05","modified_gmt":"2025-03-20T10:32:05","slug":"mike-malone-prend-la-defense-de-nikola-jokic","status":"publish","type":"post","link":"https:\/\/theplayoffs.news\/fr\/actualite-nba\/mike-malone-prend-la-defense-de-nikola-jokic\/","title":{"rendered":"Mike Malone prend la d\u00e9fense de Nikola Jokic !"},"content":{"rendered":"<p><strong>Apr&egrave;s avoir &eacute;t&eacute; absents lors de la victoire contre Golden State lundi, Nikola Jokic a &eacute;galement manqu&eacute; le match contre les Lakers mercredi soir, une rencontre qui s&rsquo;est sold&eacute;e par une d&eacute;faite. Face aux critiques re&ccedil;ues, Mike Malone a pris la d&eacute;fense de son triple MVP.<\/strong><\/p><p>Apr&egrave;s la rencontre face aux <strong>Warriors<\/strong>, le journaliste d&rsquo;ESPN Tim Bontemps a critiqu&eacute; la gestion des deux stars de Denver, soulignant qu&rsquo;il n&rsquo;&eacute;tait pas bon pour la NBA de voir J<strong>okic et Murray <\/strong>absents sans raisons valables. En conf&eacute;rence de presse avant le match contre les Lakers,<strong> Mike Malone <\/strong>a d&eacute;fendu ses joueurs, en particulier <strong>Nikola Jokic<\/strong>.<\/p><blockquote class=\"wp-block-quote is-layout-flow wp-block-quote-is-layout-flow\">\n<p><em>&laquo; Au cours des dix derni&egrave;res ann&eacute;es, Nikola Joki&#263; est le deuxi&egrave;me joueur ayant disput&eacute; le plus de matchs en NBA. Si ce dernier ne joue pas, c&rsquo;est qu&rsquo;il y a une raison valable et qu&rsquo;il en a besoin. Ce n&rsquo;est pas seulement pour se reposer, il souffre. Il joue malgr&eacute; des blessures l&agrave; o&ugrave; d&rsquo;autres ne tenteraient m&ecirc;me pas. &raquo;<\/em><\/p>\n<\/blockquote><blockquote class=\"twitter-tweet\"><p lang=\"en\" dir=\"ltr\">Nikola Joki&#263; and Jamal Murray are both out with ankle injuries tonight vs. Lakers, per <a href=\"https:\/\/twitter.com\/ChrisBHaynes?ref_src=twsrc%5Etfw\" class=\"trk-cta-link\" data-cta-trk='{\"ctaType\":\"Link\",\"ctaSubType\":\"main\"}'>@ChrisBHaynes<\/a> <a href=\"https:\/\/t.co\/8x0PhamkFH\" class=\"trk-cta-link\" data-cta-trk='{\"ctaType\":\"Link\",\"ctaSubType\":\"main\"}'>pic.twitter.com\/8x0PhamkFH<\/a><\/p>&mdash; Bleacher Report (@BleacherReport) <a href=\"https:\/\/twitter.com\/BleacherReport\/status\/1902521864561340796?ref_src=twsrc%5Etfw\" class=\"trk-cta-link\" data-cta-trk='{\"ctaType\":\"Link\",\"ctaSubType\":\"main\"}'>March 20, 2025<\/a><\/blockquote><script async src=\"https:\/\/platform.twitter.com\/widgets.js\" charset=\"utf-8\"><\/script><p>Un message clair de la part de l&rsquo;entra&icirc;neur des <strong>Nuggets<\/strong>. De plus, <strong>Denver<\/strong> avait su s&rsquo;imposer face aux <strong>Warriors<\/strong> gr&acirc;ce &agrave; un grand <strong>Aaron Gordon<\/strong>, mais n&rsquo;a malheureusement pas fait le poids face aux <strong>Lakers<\/strong>, emmen&eacute;s par un<strong> Luka Doncic <\/strong>des grands soirs. Depuis le d&eacute;but de sa carri&egrave;re, en 10 saisons, <strong>Joki<\/strong>c a disput&eacute; <strong>737 matchs sur 820 possibles<\/strong>, une statistique t&eacute;moignant de son professionnalisme et de sa r&eacute;gularit&eacute;.<\/p><p><strong>Lire aussi :<\/strong><\/p><p><a href=\"https:\/\/theplayoffs.news\/fr\/actualite-nba\/draymond-green-reve-dun-second-titre-de-meilleur-defenseur-de-lannee-en-nba\/\" class=\"trk-cta-link\" data-cta-trk='{\"ctaType\":\"Link\",\"ctaSubType\":\"main\"}'>Draymond Green vise un 2&egrave;me titre de meilleur d&eacute;fenseur en NBA<\/a><\/p><p><a href=\"https:\/\/theplayoffs.news\/fr\/actualite-nba\/resultats-nba-du-20-mars-cunningham-terrasse-le-heat-doncic-se-ballade-face-aux-nuggets\/\" class=\"trk-cta-link\" data-cta-trk='{\"ctaType\":\"Link\",\"ctaSubType\":\"main\"}'>R&eacute;sultats NBA du 20 mars : Cade Cunningham terrasse le Heat !<\/a><\/p><p>Le vendredi 21 mars, <strong>Denver<\/strong> se rendra sur le parquet de<strong> Portland<\/strong> pour un match essentiel dans la course au podium &agrave; l&rsquo;Ouest, en esp&eacute;rant un retour du<strong> Joker et de Jamal Murray<\/strong>.<\/p><p><strong>Cr&eacute;dit photo :&nbsp;<\/strong>Ron Chenoy-Imagn Images<\/p>\n","protected":false},"excerpt":{"rendered":"<p>Pour Mike Malone, pas question de parler de \u00ab load management \u00bb pour la superstar des Denver Nuggets, Nikola Jokic !<\/p>\n","protected":false},"author":180310268,"featured_media":1485673,"comment_status":"closed","ping_status":"closed","sticky":false,"template":"","format":"standard","meta":{"inline_featured_image":false,"kia_subtitle":"Pour Mike Malone, pas question de parler de \u00ab load management \u00bb pour la superstar des Denver Nuggets, Nikola Jokic !","_mux_skip_reasons":[],"proofreadBy":0,"footnotes":""},"categories":[110,10],"tags":[620,3069,117,545,710,23,561],"sport":[2783],"saison":[],"class_list":["post-1485670","post","type-post","status-publish","format-standard","has-post-thumbnail","hentry","category-actualite-nba","category-nba","tag-denver-nuggets","tag-jamal-murray","tag-los-angeles-lakers","tag-luka-doncic","tag-mike-malone","tag-nba-tag","tag-nikola-jokic","sport-nba"],"acf":[],"yoast_head":"<!-- This site is optimized with the Yoast SEO plugin v24.2 - https:\/\/yoast.com\/wordpress\/plugins\/seo\/ -->\n<title>Mike Malone prend la d&eacute;fense de Nikola Jokic !<\/title>\n<meta name=\"description\" content=\"Pour Mike Malone, pas question de parler de &laquo; load management &raquo; pour la superstar des Denver Nuggets, Nikola Jokic !\" \/>\n<meta name=\"robots\" content=\"index, follow, max-snippet:-1, max-image-preview:large, max-video-preview:-1\" \/>\n<link rel=\"canonical\" href=\"https:\/\/theplayoffs.news\/fr\/actualite-nba\/mike-malone-prend-la-defense-de-nikola-jokic\/\" \/>\n<meta property=\"og:locale\" content=\"fr_FR\" \/>\n<meta property=\"og:type\" content=\"article\" \/>\n<meta property=\"og:title\" content=\"Mike Malone prend la d&eacute;fense de Nikola Jokic !\" \/>\n<meta property=\"og:description\" content=\"Pour Mike Malone, pas question de parler de &laquo; load management &raquo; pour la superstar des Denver Nuggets, Nikola Jokic !\" \/>\n<meta property=\"og:url\" content=\"https:\/\/theplayoffs.news\/fr\/actualite-nba\/mike-malone-prend-la-defense-de-nikola-jokic\/\" \/>\n<meta property=\"og:site_name\" content=\"The Playoffs FR\" \/>\n<meta property=\"article:publisher\" content=\"https:\/\/www.facebook.com\/TheFreeAgentFR\/\" \/>\n<meta property=\"article:modified_time\" content=\"2025-03-20T11:32:05+01:00\" \/>\n<meta property=\"og:image\" content=\"https:\/\/theplayoffs.news\/fr\/wp-content\/uploads\/2025\/03\/USATSI_25685291.jpg\" \/>\n\t<meta property=\"og:image:width\" content=\"1920\" \/>\n\t<meta property=\"og:image:height\" content=\"1291\" \/>\n\t<meta property=\"og:image:type\" content=\"image\/jpeg\" \/>\n<meta name=\"author\" content=\"Elian Goethals\" \/>\n<meta name=\"twitter:card\" content=\"summary_large_image\" \/>\n<meta name=\"twitter:creator\" content=\"@x.com\/elidwight\" \/>\n<meta name=\"twitter:site\" content=\"@TheFreeAgentFR\" \/>\n<meta name=\"twitter:label1\" content=\"\u00c9crit par\" \/>\n\t<meta name=\"twitter:data1\" content=\"Elian Goethals\" \/>\n\t<meta name=\"twitter:label2\" content=\"Dur\u00e9e de lecture estim\u00e9e\" \/>\n\t<meta name=\"twitter:data2\" content=\"2 minutes\" \/>\n<script type=\"application\/ld+json\" class=\"yoast-schema-graph\">{\"@context\":\"https:\/\/schema.org\",\"@graph\":[{\"@type\":\"WebPage\",\"@id\":\"https:\/\/theplayoffs.news\/fr\/actualite-nba\/mike-malone-prend-la-defense-de-nikola-jokic\/\",\"url\":\"https:\/\/theplayoffs.news\/fr\/actualite-nba\/mike-malone-prend-la-defense-de-nikola-jokic\/\",\"name\":\"Mike Malone prend la d\u00e9fense de Nikola Jokic !\",\"isPartOf\":{\"@id\":\"https:\/\/theplayoffs.news\/fr\/#website\"},\"primaryImageOfPage\":{\"@id\":\"https:\/\/theplayoffs.news\/fr\/actualite-nba\/mike-malone-prend-la-defense-de-nikola-jokic\/#primaryimage\"},\"image\":{\"@id\":\"https:\/\/theplayoffs.news\/fr\/actualite-nba\/mike-malone-prend-la-defense-de-nikola-jokic\/#primaryimage\"},\"thumbnailUrl\":\"https:\/\/theplayoffs.news\/fr\/wp-content\/uploads\/2025\/03\/USATSI_25685291.jpg\",\"datePublished\":\"2025-03-20T10:31:58+00:00\",\"dateModified\":\"2025-03-20T10:32:05+00:00\",\"author\":{\"@id\":\"https:\/\/theplayoffs.news\/fr\/#\/schema\/person\/2bc470c6a49f4f6229a67af19c87a732\"},\"description\":\"Pour Mike Malone, pas question de parler de \u00ab load management \u00bb pour la superstar des Denver Nuggets, Nikola Jokic !\",\"breadcrumb\":{\"@id\":\"https:\/\/theplayoffs.news\/fr\/actualite-nba\/mike-malone-prend-la-defense-de-nikola-jokic\/#breadcrumb\"},\"inLanguage\":\"fr-FR\",\"potentialAction\":[{\"@type\":\"ReadAction\",\"target\":[\"https:\/\/theplayoffs.news\/fr\/actualite-nba\/mike-malone-prend-la-defense-de-nikola-jokic\/\"]}]},{\"@type\":\"ImageObject\",\"inLanguage\":\"fr-FR\",\"@id\":\"https:\/\/theplayoffs.news\/fr\/actualite-nba\/mike-malone-prend-la-defense-de-nikola-jokic\/#primaryimage\",\"url\":\"https:\/\/theplayoffs.news\/fr\/wp-content\/uploads\/2025\/03\/USATSI_25685291.jpg\",\"contentUrl\":\"https:\/\/theplayoffs.news\/fr\/wp-content\/uploads\/2025\/03\/USATSI_25685291.jpg\",\"width\":1920,\"height\":1291,\"caption\":\"Mar 15, 2025; Denver, Colorado, USA; Denver Nuggets center Nikola Jokic (15) reacts from the bench in the second quarter against the Washington Wizards at Ball Arena. Mandatory Credit: Ron Chenoy-Imagn Images\"},{\"@type\":\"BreadcrumbList\",\"@id\":\"https:\/\/theplayoffs.news\/fr\/actualite-nba\/mike-malone-prend-la-defense-de-nikola-jokic\/#breadcrumb\",\"itemListElement\":[{\"@type\":\"ListItem\",\"position\":1,\"name\":\"Accueil\",\"item\":\"https:\/\/theplayoffs.news\/fr\/\"},{\"@type\":\"ListItem\",\"position\":2,\"name\":\"Mike Malone prend la d\u00e9fense de Nikola Jokic !\"}]},{\"@type\":\"WebSite\",\"@id\":\"https:\/\/theplayoffs.news\/fr\/#website\",\"url\":\"https:\/\/theplayoffs.news\/fr\/\",\"name\":\"The Playoffs FR\",\"description\":\"NBA-NFL-NHL-MLB\",\"potentialAction\":[{\"@type\":\"SearchAction\",\"target\":{\"@type\":\"EntryPoint\",\"urlTemplate\":\"https:\/\/theplayoffs.news\/fr\/?s={search_term_string}\"},\"query-input\":{\"@type\":\"PropertyValueSpecification\",\"valueRequired\":true,\"valueName\":\"search_term_string\"}}],\"inLanguage\":\"fr-FR\"},{\"@type\":\"Person\",\"@id\":\"https:\/\/theplayoffs.news\/fr\/#\/schema\/person\/2bc470c6a49f4f6229a67af19c87a732\",\"name\":\"Elian Goethals\",\"image\":{\"@type\":\"ImageObject\",\"inLanguage\":\"fr-FR\",\"@id\":\"https:\/\/theplayoffs.news\/fr\/#\/schema\/person\/image\/\",\"url\":\"https:\/\/secure.gravatar.com\/avatar\/293e2e649a094756005b611f6122ac1a95e95d453dbfe74b9d434b39855927f6?s=96&d=mm&r=g\",\"contentUrl\":\"https:\/\/secure.gravatar.com\/avatar\/293e2e649a094756005b611f6122ac1a95e95d453dbfe74b9d434b39855927f6?s=96&d=mm&r=g\",\"caption\":\"Elian Goethals\"},\"description\":\"Je suis sp\u00e9cialis\u00e9 dans la r\u00e9daction d\\\\'articles NBA et je suis un grand fan de basket am\u00e9ricain depuis toujours. Cela fait 20 ans que je joue au basket, et mon exp\u00e9rience sur les terrains me permet d\\\\'avoir une analyse approfondie des matchs. J\u2019ai d\u2019abord fait partie d\u2019autres m\u00e9dias sportifs en tant que b\u00e9n\u00e9vole avant de rejoindre ThePlayoffs en janvier. Je termine \u00e9galement un master en \u00e9tudes internationales. Ce que je pr\u00e9f\u00e8re dans mon travail, c\u2019est de transformer ma passion en m\u00e9tier et de partager avec vous l\u2019information NBA. J\u2019essaie de produire un contenu de qualit\u00e9 en esp\u00e9rant qu\u2019il vous plaise !\",\"sameAs\":[\"https:\/\/www.linkedin.com\/in\/elian-goethals-729b71200\/\",\"https:\/\/x.com\/x.com\/elidwight\"],\"url\":\"https:\/\/theplayoffs.news\/fr\/author\/elian\/\"}]}<\/script>\n<!-- \/ Yoast SEO plugin. -->","yoast_head_json":{"title":"Mike Malone prend la d&eacute;fense de Nikola Jokic !","description":"Pour Mike Malone, pas question de parler de &laquo; load management &raquo; pour la superstar des Denver Nuggets, Nikola Jokic !","robots":{"index":"index","follow":"follow","max-snippet":"max-snippet:-1","max-image-preview":"max-image-preview:large","max-video-preview":"max-video-preview:-1"},"canonical":"https:\/\/theplayoffs.news\/fr\/actualite-nba\/mike-malone-prend-la-defense-de-nikola-jokic\/","og_locale":"fr_FR","og_type":"article","og_title":"Mike Malone prend la d&eacute;fense de Nikola Jokic !","og_description":"Pour Mike Malone, pas question de parler de &laquo; load management &raquo; pour la superstar des Denver Nuggets, Nikola Jokic !","og_url":"https:\/\/theplayoffs.news\/fr\/actualite-nba\/mike-malone-prend-la-defense-de-nikola-jokic\/","og_site_name":"The Playoffs FR","article_publisher":"https:\/\/www.facebook.com\/TheFreeAgentFR\/","article_modified_time":"2025-03-20T10:32:05+00:00","og_image":[{"width":1920,"height":1291,"url":"https:\/\/theplayoffs.news\/fr\/wp-content\/uploads\/2025\/03\/USATSI_25685291.jpg","type":"image\/jpeg"}],"author":"Elian Goethals","twitter_card":"summary_large_image","twitter_creator":"@x.com\/elidwight","twitter_site":"@TheFreeAgentFR","twitter_misc":{"\u00c9crit par":"Elian Goethals","Dur\u00e9e de lecture estim\u00e9e":"2 minutes"},"schema":{"@context":"https:\/\/schema.org","@graph":[{"@type":"WebPage","@id":"https:\/\/theplayoffs.news\/fr\/actualite-nba\/mike-malone-prend-la-defense-de-nikola-jokic\/","url":"https:\/\/theplayoffs.news\/fr\/actualite-nba\/mike-malone-prend-la-defense-de-nikola-jokic\/","name":"Mike Malone prend la d\u00e9fense de Nikola Jokic !","isPartOf":{"@id":"https:\/\/theplayoffs.news\/fr\/#website"},"primaryImageOfPage":{"@id":"https:\/\/theplayoffs.news\/fr\/actualite-nba\/mike-malone-prend-la-defense-de-nikola-jokic\/#primaryimage"},"image":{"@id":"https:\/\/theplayoffs.news\/fr\/actualite-nba\/mike-malone-prend-la-defense-de-nikola-jokic\/#primaryimage"},"thumbnailUrl":"https:\/\/theplayoffs.news\/fr\/wp-content\/uploads\/2025\/03\/USATSI_25685291.jpg","datePublished":"2025-03-20T10:31:58+00:00","dateModified":"2025-03-20T10:32:05+00:00","author":{"@id":"https:\/\/theplayoffs.news\/fr\/#\/schema\/person\/2bc470c6a49f4f6229a67af19c87a732"},"description":"Pour Mike Malone, pas question de parler de \u00ab load management \u00bb pour la superstar des Denver Nuggets, Nikola Jokic !","breadcrumb":{"@id":"https:\/\/theplayoffs.news\/fr\/actualite-nba\/mike-malone-prend-la-defense-de-nikola-jokic\/#breadcrumb"},"inLanguage":"fr-FR","potentialAction":[{"@type":"ReadAction","target":["https:\/\/theplayoffs.news\/fr\/actualite-nba\/mike-malone-prend-la-defense-de-nikola-jokic\/"]}]},{"@type":"ImageObject","inLanguage":"fr-FR","@id":"https:\/\/theplayoffs.news\/fr\/actualite-nba\/mike-malone-prend-la-defense-de-nikola-jokic\/#primaryimage","url":"https:\/\/theplayoffs.news\/fr\/wp-content\/uploads\/2025\/03\/USATSI_25685291.jpg","contentUrl":"https:\/\/theplayoffs.news\/fr\/wp-content\/uploads\/2025\/03\/USATSI_25685291.jpg","width":1920,"height":1291,"caption":"Mar 15, 2025; Denver, Colorado, USA; Denver Nuggets center Nikola Jokic (15) reacts from the bench in the second quarter against the Washington Wizards at Ball Arena. Mandatory Credit: Ron Chenoy-Imagn Images"},{"@type":"BreadcrumbList","@id":"https:\/\/theplayoffs.news\/fr\/actualite-nba\/mike-malone-prend-la-defense-de-nikola-jokic\/#breadcrumb","itemListElement":[{"@type":"ListItem","position":1,"name":"Accueil","item":"https:\/\/theplayoffs.news\/fr\/"},{"@type":"ListItem","position":2,"name":"Mike Malone prend la d\u00e9fense de Nikola Jokic !"}]},{"@type":"WebSite","@id":"https:\/\/theplayoffs.news\/fr\/#website","url":"https:\/\/theplayoffs.news\/fr\/","name":"The Playoffs FR","description":"NBA-NFL-NHL-MLB","potentialAction":[{"@type":"SearchAction","target":{"@type":"EntryPoint","urlTemplate":"https:\/\/theplayoffs.news\/fr\/?s={search_term_string}"},"query-input":{"@type":"PropertyValueSpecification","valueRequired":true,"valueName":"search_term_string"}}],"inLanguage":"fr-FR"},{"@type":"Person","@id":"https:\/\/theplayoffs.news\/fr\/#\/schema\/person\/2bc470c6a49f4f6229a67af19c87a732","name":"Elian Goethals","image":{"@type":"ImageObject","inLanguage":"fr-FR","@id":"https:\/\/theplayoffs.news\/fr\/#\/schema\/person\/image\/","url":"https:\/\/secure.gravatar.com\/avatar\/293e2e649a094756005b611f6122ac1a95e95d453dbfe74b9d434b39855927f6?s=96&d=mm&r=g","contentUrl":"https:\/\/secure.gravatar.com\/avatar\/293e2e649a094756005b611f6122ac1a95e95d453dbfe74b9d434b39855927f6?s=96&d=mm&r=g","caption":"Elian Goethals"},"description":"Je suis sp\u00e9cialis\u00e9 dans la r\u00e9daction d\\'articles NBA et je suis un grand fan de basket am\u00e9ricain depuis toujours. Cela fait 20 ans que je joue au basket, et mon exp\u00e9rience sur les terrains me permet d\\'avoir une analyse approfondie des matchs. J\u2019ai d\u2019abord fait partie d\u2019autres m\u00e9dias sportifs en tant que b\u00e9n\u00e9vole avant de rejoindre ThePlayoffs en janvier. Je termine \u00e9galement un master en \u00e9tudes internationales. Ce que je pr\u00e9f\u00e8re dans mon travail, c\u2019est de transformer ma passion en m\u00e9tier et de partager avec vous l\u2019information NBA. J\u2019essaie de produire un contenu de qualit\u00e9 en esp\u00e9rant qu\u2019il vous plaise !","sameAs":["https:\/\/www.linkedin.com\/in\/elian-goethals-729b71200\/","https:\/\/x.com\/x.com\/elidwight"],"url":"https:\/\/theplayoffs.news\/fr\/author\/elian\/"}]}},"_links":{"self":[{"href":"https:\/\/theplayoffs.news\/fr\/wp-json\/wp\/v2\/posts\/1485670","targetHints":{"allow":["GET"]}}],"collection":[{"href":"https:\/\/theplayoffs.news\/fr\/wp-json\/wp\/v2\/posts"}],"about":[{"href":"https:\/\/theplayoffs.news\/fr\/wp-json\/wp\/v2\/types\/post"}],"author":[{"embeddable":true,"href":"https:\/\/theplayoffs.news\/fr\/wp-json\/wp\/v2\/users\/180310268"}],"replies":[{"embeddable":true,"href":"https:\/\/theplayoffs.news\/fr\/wp-json\/wp\/v2\/comments?post=1485670"}],"version-history":[{"count":1,"href":"https:\/\/theplayoffs.news\/fr\/wp-json\/wp\/v2\/posts\/1485670\/revisions"}],"predecessor-version":[{"id":1485674,"href":"https:\/\/theplayoffs.news\/fr\/wp-json\/wp\/v2\/posts\/1485670\/revisions\/1485674"}],"wp:featuredmedia":[{"embeddable":true,"href":"https:\/\/theplayoffs.news\/fr\/wp-json\/wp\/v2\/media\/1485673"}],"wp:attachment":[{"href":"https:\/\/theplayoffs.news\/fr\/wp-json\/wp\/v2\/media?parent=1485670"}],"wp:term":[{"taxonomy":"category","embeddable":true,"href":"https:\/\/theplayoffs.news\/fr\/wp-json\/wp\/v2\/categories?post=1485670"},{"taxonomy":"post_tag","embeddable":true,"href":"https:\/\/theplayoffs.news\/fr\/wp-json\/wp\/v2\/tags?post=1485670"},{"taxonomy":"sport","embeddable":true,"href":"https:\/\/theplayoffs.news\/fr\/wp-json\/wp\/v2\/sport?post=1485670"},{"taxonomy":"saison","embeddable":true,"href":"https:\/\/theplayoffs.news\/fr\/wp-json\/wp\/v2\/saison?post=1485670"}],"curies":[{"name":"wp","href":"https:\/\/api.w.org\/{rel}","templated":true}]}}