{"id":1485576,"date":"2025-03-19T18:40:21","date_gmt":"2025-03-19T17:40:21","guid":{"rendered":"https:\/\/theplayoffs.news\/fr\/uncategorized\/\/"},"modified":"2025-03-19T18:40:27","modified_gmt":"2025-03-19T17:40:27","slug":"lavar-ball-une-resilience-a-toute-epreuve","status":"publish","type":"post","link":"https:\/\/theplayoffs.news\/fr\/actualite-nba\/lavar-ball-une-resilience-a-toute-epreuve\/","title":{"rendered":"LaVar Ball, une r\u00e9silience \u00e0 toute \u00e9preuve"},"content":{"rendered":"<p>Fondateur et CEO de la marque Big Baller Brand (BBB), LaVar Ball est le p&egrave;re de deux joueurs NBA tr&egrave;s connus : Lonzo Ball et LaMelo Ball. Il a &eacute;galement un troisi&egrave;me fils, LiAngelo Ball, qui est devenu rappeur. Mais derni&egrave;rement, une &eacute;preuve est venue mettre l&rsquo;homme de 57 ans &agrave; rude &eacute;preuve. LaVar Ball a subi une grave infection qui a tester sa r&eacute;silience.&nbsp;<\/p><h2 class=\"wp-block-heading\">Tout est all&eacute; tr&egrave;s vite pour le papa Ball<\/h2><p>Atteint de diab&egrave;te, LaVar Ball avait n&eacute;glig&eacute; cette maladie, ce qui lui a valu une infection au pied. Cette infection s&rsquo;est rapidement transform&eacute;e en un &eacute;tat critique lorsqu&rsquo;elle a atteint sa circulation sanguine. La gravit&eacute; de la situation a contraint les m&eacute;decins &agrave; agir vite.&nbsp;<\/p><blockquote class=\"wp-block-quote is-layout-flow wp-block-quote-is-layout-flow\">\n<p>&laquo; D&rsquo;abord, ils m&rsquo;ont coup&eacute; deux orteils. Puis ils m&rsquo;ont coup&eacute; le pied. Ensuite, ils ont dit qu&rsquo;il fallait aller presque jusqu&rsquo;au genou pour une autre op&eacute;ration. Trois op&eacute;rations &raquo;, a-t-il r&eacute;v&eacute;l&eacute; &agrave; <a href=\"https:\/\/www.cbssports.com\/nba\/news\/lavar-ball-opens-up-about-foot-amputation-brought-on-by-life-threatening-infection-im-hard-to-kill\/\" class=\"trk-cta-link\" data-cta-trk='{\"ctaType\":\"Link\",\"ctaSubType\":\"main\"}'>CBS Sports<\/a>.&nbsp;<\/p>\n<\/blockquote><p>Le p&egrave;re de LaMelo a aussi subi quatre transfusions sanguines, ce qui lui a fait douter de sa capacit&eacute; &agrave; continuer &agrave; se battre pour rester en vie. Mais heureusement, il a pu compter sur un soutien d&rsquo;une puissance folle.&nbsp;<\/p><ul class=\"wp-block-list\">\n<li>Lire aussi :<\/li>\n<\/ul><p><a href=\"https:\/\/theplayoffs.news\/fr\/actualite-nba\/le-i-am-back-de-michael-jordan-fete-ses-30-ans\/\" class=\"trk-cta-link\" data-cta-trk='{\"ctaType\":\"Link\",\"ctaSubType\":\"main\"}'>Le &ldquo;I am back&rdquo; de Michael Jordan f&ecirc;te ses 30 ans<\/a><\/p><p><a href=\"https:\/\/theplayoffs.news\/fr\/actualite-nba\/nikola-jokic-vs-shai-gilgeous-alexander-draymond-green-a-fait-son-choix\/\" class=\"trk-cta-link\" data-cta-trk='{\"ctaType\":\"Link\",\"ctaSubType\":\"main\"}'>Nikola Jokic ou Shai Gilgeous-Alexander : Draymond Green a choisi son MVP<\/a><\/p><h3 class=\"wp-block-heading\">LaVar a pu compter sur sa famille<\/h3><p>Sous traitement intensif, LaVar Ball a toujours soutenu fi&egrave;rement ses fils, notamment via des conversations FaceTime. Un soutien que sa prog&eacute;niture lui a bien rendu.&nbsp;<\/p><blockquote class=\"wp-block-quote is-layout-flow wp-block-quote-is-layout-flow\">\n<p>&laquo; Je suis un grand joueur. Je suis difficile &agrave; tuer. Mais je dois admettre que mes gar&ccedil;ons m&rsquo;ont permis de continuer, a-t-il admis. Quand ils sont tous ensemble, je me sens fort. &raquo;&nbsp;<\/p>\n<\/blockquote><p>Alors qu&rsquo;il &eacute;tait au plus mal, l&rsquo;homme de 57 ans a surmont&eacute; trois amputations et a continu&eacute; de se battre pour sa vie. Un beau message de r&eacute;silience, qui montre qu&rsquo;il ne faut jamais baisser les bras.&nbsp;<\/p><p>Cr&eacute;dit photo : Kyle Terada-USA TODAY Sports<\/p>\n","protected":false},"excerpt":{"rendered":"<p>Atteint d&rsquo;un diab\u00e8te qu&rsquo;il a n\u00e9glig\u00e9, LaVar Ball a racont\u00e9 le parcours du combattant qu&rsquo;il a d\u00fb traverser r\u00e9cemment.<\/p>\n","protected":false},"author":180310250,"featured_media":1485577,"comment_status":"closed","ping_status":"closed","sticky":false,"template":"","format":"standard","meta":{"inline_featured_image":false,"kia_subtitle":"Atteint d'un diab\u00e8te qu'il a n\u00e9glig\u00e9, LaVar Ball a racont\u00e9 le parcours du combattant qu'il a d\u00fb traverser r\u00e9cemment.","_mux_skip_reasons":[],"proofreadBy":0,"footnotes":""},"categories":[110,10],"tags":[325,137,23],"sport":[2783],"saison":[7475],"class_list":["post-1485576","post","type-post","status-publish","format-standard","has-post-thumbnail","hentry","category-actualite-nba","category-nba","tag-lamelo-ball","tag-lonzo-ball","tag-nba-tag","sport-nba","saison-7475"],"acf":[],"yoast_head":"<!-- This site is optimized with the Yoast SEO plugin v24.2 - https:\/\/yoast.com\/wordpress\/plugins\/seo\/ -->\n<title>LaVar Ball, une r&eacute;silience &agrave; toute &eacute;preuve<\/title>\n<meta name=\"description\" content=\"Atteint d&#039;un diab&egrave;te qu&#039;il a n&eacute;glig&eacute;, LaVar Ball a racont&eacute; le parcours du combattant qu&#039;il a d&ucirc; traverser r&eacute;cemment.&nbsp;\" \/>\n<meta name=\"robots\" content=\"index, follow, max-snippet:-1, max-image-preview:large, max-video-preview:-1\" \/>\n<link rel=\"canonical\" href=\"https:\/\/theplayoffs.news\/fr\/actualite-nba\/lavar-ball-une-resilience-a-toute-epreuve\/\" \/>\n<meta property=\"og:locale\" content=\"fr_FR\" \/>\n<meta property=\"og:type\" content=\"article\" \/>\n<meta property=\"og:title\" content=\"LaVar Ball, une r&eacute;silience &agrave; toute &eacute;preuve\" \/>\n<meta property=\"og:description\" content=\"Atteint d&#039;un diab&egrave;te qu&#039;il a n&eacute;glig&eacute;, LaVar Ball a racont&eacute; le parcours du combattant qu&#039;il a d&ucirc; traverser r&eacute;cemment.&nbsp;\" \/>\n<meta property=\"og:url\" content=\"https:\/\/theplayoffs.news\/fr\/actualite-nba\/lavar-ball-une-resilience-a-toute-epreuve\/\" \/>\n<meta property=\"og:site_name\" content=\"The Playoffs FR\" \/>\n<meta property=\"article:publisher\" content=\"https:\/\/www.facebook.com\/TheFreeAgentFR\/\" \/>\n<meta property=\"article:modified_time\" content=\"2025-03-19T18:40:27+01:00\" \/>\n<meta property=\"og:image\" content=\"https:\/\/theplayoffs.news\/fr\/wp-content\/uploads\/2025\/03\/USATSI_17719041.jpg\" \/>\n\t<meta property=\"og:image:width\" content=\"1920\" \/>\n\t<meta property=\"og:image:height\" content=\"1406\" \/>\n\t<meta property=\"og:image:type\" content=\"image\/jpeg\" \/>\n<meta name=\"author\" content=\"Jean Fabre-Jevanoff\" \/>\n<meta name=\"twitter:card\" content=\"summary_large_image\" \/>\n<meta name=\"twitter:creator\" content=\"@the_jfj_42\" \/>\n<meta name=\"twitter:site\" content=\"@TheFreeAgentFR\" \/>\n<meta name=\"twitter:label1\" content=\"\u00c9crit par\" \/>\n\t<meta name=\"twitter:data1\" content=\"Jean Fabre-Jevanoff\" \/>\n\t<meta name=\"twitter:label2\" content=\"Dur\u00e9e de lecture estim\u00e9e\" \/>\n\t<meta name=\"twitter:data2\" content=\"2 minutes\" \/>\n<script type=\"application\/ld+json\" class=\"yoast-schema-graph\">{\"@context\":\"https:\/\/schema.org\",\"@graph\":[{\"@type\":\"WebPage\",\"@id\":\"https:\/\/theplayoffs.news\/fr\/actualite-nba\/lavar-ball-une-resilience-a-toute-epreuve\/\",\"url\":\"https:\/\/theplayoffs.news\/fr\/actualite-nba\/lavar-ball-une-resilience-a-toute-epreuve\/\",\"name\":\"LaVar Ball, une r\u00e9silience \u00e0 toute \u00e9preuve\",\"isPartOf\":{\"@id\":\"https:\/\/theplayoffs.news\/fr\/#website\"},\"primaryImageOfPage\":{\"@id\":\"https:\/\/theplayoffs.news\/fr\/actualite-nba\/lavar-ball-une-resilience-a-toute-epreuve\/#primaryimage\"},\"image\":{\"@id\":\"https:\/\/theplayoffs.news\/fr\/actualite-nba\/lavar-ball-une-resilience-a-toute-epreuve\/#primaryimage\"},\"thumbnailUrl\":\"https:\/\/theplayoffs.news\/fr\/wp-content\/uploads\/2025\/03\/USATSI_17719041.jpg\",\"datePublished\":\"2025-03-19T17:40:21+00:00\",\"dateModified\":\"2025-03-19T17:40:27+00:00\",\"author\":{\"@id\":\"https:\/\/theplayoffs.news\/fr\/#\/schema\/person\/1ea25b88e79fe4fabd657430b0013d3d\"},\"description\":\"Atteint d\\\\'un diab\u00e8te qu\\\\'il a n\u00e9glig\u00e9, LaVar Ball a racont\u00e9 le parcours du combattant qu\\\\'il a d\u00fb traverser r\u00e9cemment.\u00a0\",\"breadcrumb\":{\"@id\":\"https:\/\/theplayoffs.news\/fr\/actualite-nba\/lavar-ball-une-resilience-a-toute-epreuve\/#breadcrumb\"},\"inLanguage\":\"fr-FR\",\"potentialAction\":[{\"@type\":\"ReadAction\",\"target\":[\"https:\/\/theplayoffs.news\/fr\/actualite-nba\/lavar-ball-une-resilience-a-toute-epreuve\/\"]}]},{\"@type\":\"ImageObject\",\"inLanguage\":\"fr-FR\",\"@id\":\"https:\/\/theplayoffs.news\/fr\/actualite-nba\/lavar-ball-une-resilience-a-toute-epreuve\/#primaryimage\",\"url\":\"https:\/\/theplayoffs.news\/fr\/wp-content\/uploads\/2025\/03\/USATSI_17719041.jpg\",\"contentUrl\":\"https:\/\/theplayoffs.news\/fr\/wp-content\/uploads\/2025\/03\/USATSI_17719041.jpg\",\"width\":1920,\"height\":1406,\"caption\":\"Feb 18, 2022; Cleveland, Ohio, USA; LaVar Ball in attendance during the 2022 NBA Rising Stars Challenge at Rocket Mortgage Fieldhouse. Mandatory Credit: Kyle Terada-USA TODAY Sports\"},{\"@type\":\"BreadcrumbList\",\"@id\":\"https:\/\/theplayoffs.news\/fr\/actualite-nba\/lavar-ball-une-resilience-a-toute-epreuve\/#breadcrumb\",\"itemListElement\":[{\"@type\":\"ListItem\",\"position\":1,\"name\":\"Accueil\",\"item\":\"https:\/\/theplayoffs.news\/fr\/\"},{\"@type\":\"ListItem\",\"position\":2,\"name\":\"LaVar Ball, une r\u00e9silience \u00e0 toute \u00e9preuve\"}]},{\"@type\":\"WebSite\",\"@id\":\"https:\/\/theplayoffs.news\/fr\/#website\",\"url\":\"https:\/\/theplayoffs.news\/fr\/\",\"name\":\"The Playoffs FR\",\"description\":\"NBA-NFL-NHL-MLB\",\"potentialAction\":[{\"@type\":\"SearchAction\",\"target\":{\"@type\":\"EntryPoint\",\"urlTemplate\":\"https:\/\/theplayoffs.news\/fr\/?s={search_term_string}\"},\"query-input\":{\"@type\":\"PropertyValueSpecification\",\"valueRequired\":true,\"valueName\":\"search_term_string\"}}],\"inLanguage\":\"fr-FR\"},{\"@type\":\"Person\",\"@id\":\"https:\/\/theplayoffs.news\/fr\/#\/schema\/person\/1ea25b88e79fe4fabd657430b0013d3d\",\"name\":\"Jean Fabre-Jevanoff\",\"image\":{\"@type\":\"ImageObject\",\"inLanguage\":\"fr-FR\",\"@id\":\"https:\/\/theplayoffs.news\/fr\/#\/schema\/person\/image\/\",\"url\":\"https:\/\/secure.gravatar.com\/avatar\/18b28dab1159eebc6a17b9787eb8cbbe3242c3d0e8b53b89332f6dc1133aa361?s=96&d=mm&r=g\",\"contentUrl\":\"https:\/\/secure.gravatar.com\/avatar\/18b28dab1159eebc6a17b9787eb8cbbe3242c3d0e8b53b89332f6dc1133aa361?s=96&d=mm&r=g\",\"caption\":\"Jean Fabre-Jevanoff\"},\"description\":\"Journaliste polyvalent sur le football am\u00e9ricain, j\u2019\u00e9cris aussi des articles sur le basket. Commentateur sur Twitch et sur YouTube. Pass\u00e9 par Eurosport notamment. Un mix d\u2019Eminem et de OBJ, fan inconditionnel de Patrick Mahomes et Lebron James\",\"sameAs\":[\"https:\/\/www.instagram.com\/_juaniitooo_\",\"https:\/\/www.linkedin.com\/in\/jean-fabre-jevanoff-84bb9b1a9\/\",\"https:\/\/x.com\/the_jfj_42\"],\"url\":\"https:\/\/theplayoffs.news\/fr\/author\/jeanfj42gmail-com\/\"}]}<\/script>\n<!-- \/ Yoast SEO plugin. -->","yoast_head_json":{"title":"LaVar Ball, une r&eacute;silience &agrave; toute &eacute;preuve","description":"Atteint d&#039;un diab&egrave;te qu&#039;il a n&eacute;glig&eacute;, LaVar Ball a racont&eacute; le parcours du combattant qu&#039;il a d&ucirc; traverser r&eacute;cemment.&nbsp;","robots":{"index":"index","follow":"follow","max-snippet":"max-snippet:-1","max-image-preview":"max-image-preview:large","max-video-preview":"max-video-preview:-1"},"canonical":"https:\/\/theplayoffs.news\/fr\/actualite-nba\/lavar-ball-une-resilience-a-toute-epreuve\/","og_locale":"fr_FR","og_type":"article","og_title":"LaVar Ball, une r&eacute;silience &agrave; toute &eacute;preuve","og_description":"Atteint d&#039;un diab&egrave;te qu&#039;il a n&eacute;glig&eacute;, LaVar Ball a racont&eacute; le parcours du combattant qu&#039;il a d&ucirc; traverser r&eacute;cemment.&nbsp;","og_url":"https:\/\/theplayoffs.news\/fr\/actualite-nba\/lavar-ball-une-resilience-a-toute-epreuve\/","og_site_name":"The Playoffs FR","article_publisher":"https:\/\/www.facebook.com\/TheFreeAgentFR\/","article_modified_time":"2025-03-19T17:40:27+00:00","og_image":[{"width":1920,"height":1406,"url":"https:\/\/theplayoffs.news\/fr\/wp-content\/uploads\/2025\/03\/USATSI_17719041.jpg","type":"image\/jpeg"}],"author":"Jean Fabre-Jevanoff","twitter_card":"summary_large_image","twitter_creator":"@the_jfj_42","twitter_site":"@TheFreeAgentFR","twitter_misc":{"\u00c9crit par":"Jean Fabre-Jevanoff","Dur\u00e9e de lecture estim\u00e9e":"2 minutes"},"schema":{"@context":"https:\/\/schema.org","@graph":[{"@type":"WebPage","@id":"https:\/\/theplayoffs.news\/fr\/actualite-nba\/lavar-ball-une-resilience-a-toute-epreuve\/","url":"https:\/\/theplayoffs.news\/fr\/actualite-nba\/lavar-ball-une-resilience-a-toute-epreuve\/","name":"LaVar Ball, une r\u00e9silience \u00e0 toute \u00e9preuve","isPartOf":{"@id":"https:\/\/theplayoffs.news\/fr\/#website"},"primaryImageOfPage":{"@id":"https:\/\/theplayoffs.news\/fr\/actualite-nba\/lavar-ball-une-resilience-a-toute-epreuve\/#primaryimage"},"image":{"@id":"https:\/\/theplayoffs.news\/fr\/actualite-nba\/lavar-ball-une-resilience-a-toute-epreuve\/#primaryimage"},"thumbnailUrl":"https:\/\/theplayoffs.news\/fr\/wp-content\/uploads\/2025\/03\/USATSI_17719041.jpg","datePublished":"2025-03-19T17:40:21+00:00","dateModified":"2025-03-19T17:40:27+00:00","author":{"@id":"https:\/\/theplayoffs.news\/fr\/#\/schema\/person\/1ea25b88e79fe4fabd657430b0013d3d"},"description":"Atteint d\\'un diab\u00e8te qu\\'il a n\u00e9glig\u00e9, LaVar Ball a racont\u00e9 le parcours du combattant qu\\'il a d\u00fb traverser r\u00e9cemment.\u00a0","breadcrumb":{"@id":"https:\/\/theplayoffs.news\/fr\/actualite-nba\/lavar-ball-une-resilience-a-toute-epreuve\/#breadcrumb"},"inLanguage":"fr-FR","potentialAction":[{"@type":"ReadAction","target":["https:\/\/theplayoffs.news\/fr\/actualite-nba\/lavar-ball-une-resilience-a-toute-epreuve\/"]}]},{"@type":"ImageObject","inLanguage":"fr-FR","@id":"https:\/\/theplayoffs.news\/fr\/actualite-nba\/lavar-ball-une-resilience-a-toute-epreuve\/#primaryimage","url":"https:\/\/theplayoffs.news\/fr\/wp-content\/uploads\/2025\/03\/USATSI_17719041.jpg","contentUrl":"https:\/\/theplayoffs.news\/fr\/wp-content\/uploads\/2025\/03\/USATSI_17719041.jpg","width":1920,"height":1406,"caption":"Feb 18, 2022; Cleveland, Ohio, USA; LaVar Ball in attendance during the 2022 NBA Rising Stars Challenge at Rocket Mortgage Fieldhouse. Mandatory Credit: Kyle Terada-USA TODAY Sports"},{"@type":"BreadcrumbList","@id":"https:\/\/theplayoffs.news\/fr\/actualite-nba\/lavar-ball-une-resilience-a-toute-epreuve\/#breadcrumb","itemListElement":[{"@type":"ListItem","position":1,"name":"Accueil","item":"https:\/\/theplayoffs.news\/fr\/"},{"@type":"ListItem","position":2,"name":"LaVar Ball, une r\u00e9silience \u00e0 toute \u00e9preuve"}]},{"@type":"WebSite","@id":"https:\/\/theplayoffs.news\/fr\/#website","url":"https:\/\/theplayoffs.news\/fr\/","name":"The Playoffs FR","description":"NBA-NFL-NHL-MLB","potentialAction":[{"@type":"SearchAction","target":{"@type":"EntryPoint","urlTemplate":"https:\/\/theplayoffs.news\/fr\/?s={search_term_string}"},"query-input":{"@type":"PropertyValueSpecification","valueRequired":true,"valueName":"search_term_string"}}],"inLanguage":"fr-FR"},{"@type":"Person","@id":"https:\/\/theplayoffs.news\/fr\/#\/schema\/person\/1ea25b88e79fe4fabd657430b0013d3d","name":"Jean Fabre-Jevanoff","image":{"@type":"ImageObject","inLanguage":"fr-FR","@id":"https:\/\/theplayoffs.news\/fr\/#\/schema\/person\/image\/","url":"https:\/\/secure.gravatar.com\/avatar\/18b28dab1159eebc6a17b9787eb8cbbe3242c3d0e8b53b89332f6dc1133aa361?s=96&d=mm&r=g","contentUrl":"https:\/\/secure.gravatar.com\/avatar\/18b28dab1159eebc6a17b9787eb8cbbe3242c3d0e8b53b89332f6dc1133aa361?s=96&d=mm&r=g","caption":"Jean Fabre-Jevanoff"},"description":"Journaliste polyvalent sur le football am\u00e9ricain, j\u2019\u00e9cris aussi des articles sur le basket. Commentateur sur Twitch et sur YouTube. Pass\u00e9 par Eurosport notamment. Un mix d\u2019Eminem et de OBJ, fan inconditionnel de Patrick Mahomes et Lebron James","sameAs":["https:\/\/www.instagram.com\/_juaniitooo_","https:\/\/www.linkedin.com\/in\/jean-fabre-jevanoff-84bb9b1a9\/","https:\/\/x.com\/the_jfj_42"],"url":"https:\/\/theplayoffs.news\/fr\/author\/jeanfj42gmail-com\/"}]}},"_links":{"self":[{"href":"https:\/\/theplayoffs.news\/fr\/wp-json\/wp\/v2\/posts\/1485576","targetHints":{"allow":["GET"]}}],"collection":[{"href":"https:\/\/theplayoffs.news\/fr\/wp-json\/wp\/v2\/posts"}],"about":[{"href":"https:\/\/theplayoffs.news\/fr\/wp-json\/wp\/v2\/types\/post"}],"author":[{"embeddable":true,"href":"https:\/\/theplayoffs.news\/fr\/wp-json\/wp\/v2\/users\/180310250"}],"replies":[{"embeddable":true,"href":"https:\/\/theplayoffs.news\/fr\/wp-json\/wp\/v2\/comments?post=1485576"}],"version-history":[{"count":1,"href":"https:\/\/theplayoffs.news\/fr\/wp-json\/wp\/v2\/posts\/1485576\/revisions"}],"predecessor-version":[{"id":1485579,"href":"https:\/\/theplayoffs.news\/fr\/wp-json\/wp\/v2\/posts\/1485576\/revisions\/1485579"}],"wp:featuredmedia":[{"embeddable":true,"href":"https:\/\/theplayoffs.news\/fr\/wp-json\/wp\/v2\/media\/1485577"}],"wp:attachment":[{"href":"https:\/\/theplayoffs.news\/fr\/wp-json\/wp\/v2\/media?parent=1485576"}],"wp:term":[{"taxonomy":"category","embeddable":true,"href":"https:\/\/theplayoffs.news\/fr\/wp-json\/wp\/v2\/categories?post=1485576"},{"taxonomy":"post_tag","embeddable":true,"href":"https:\/\/theplayoffs.news\/fr\/wp-json\/wp\/v2\/tags?post=1485576"},{"taxonomy":"sport","embeddable":true,"href":"https:\/\/theplayoffs.news\/fr\/wp-json\/wp\/v2\/sport?post=1485576"},{"taxonomy":"saison","embeddable":true,"href":"https:\/\/theplayoffs.news\/fr\/wp-json\/wp\/v2\/saison?post=1485576"}],"curies":[{"name":"wp","href":"https:\/\/api.w.org\/{rel}","templated":true}]}}