{"id":1485561,"date":"2025-03-19T17:41:34","date_gmt":"2025-03-19T16:41:34","guid":{"rendered":"https:\/\/theplayoffs.news\/fr\/uncategorized\/\/"},"modified":"2025-03-19T17:42:46","modified_gmt":"2025-03-19T16:42:46","slug":"le-i-am-back-de-michael-jordan-fete-ses-30-ans","status":"publish","type":"post","link":"https:\/\/theplayoffs.news\/fr\/actualite-nba\/le-i-am-back-de-michael-jordan-fete-ses-30-ans\/","title":{"rendered":"Le \u201cI am back\u201d de Michael Jordan f\u00eate ses 30 ans"},"content":{"rendered":"<p><strong>Trente ans se sont &eacute;coul&eacute;s depuis que Michael Jordan a renforc&eacute; sa l&eacute;gende en annon&ccedil;ant son retour sur les parquets d&rsquo;un simple message : &ldquo;I am back&rdquo;.<\/strong><\/p><p>Apr&egrave;s avoir pris sa retraite en <strong>1993<\/strong>, alors que les Chicago Bulls dominaient la NBA avec trois titres cons&eacute;cutifs, une nouvelle aventure l&rsquo;attendait. Loin des terrains de <strong>basket<\/strong>, la premi&egrave;re passion de &laquo;&nbsp;His Airness&nbsp;&raquo; refaisait surface : <strong>le baseball<\/strong>. La saison <strong>1994<\/strong> s&rsquo;est d&eacute;roul&eacute;e dans une ligue mineure sous les couleurs des <strong>Birmingham Barons<\/strong>, &eacute;quipe affili&eacute;e aux <strong>Chicago White Sox<\/strong>.<\/p><p>Au cours de l&rsquo;exercice <strong>1994-95<\/strong>, Chicago affichait un bilan de <strong>34 victoires pour 31 d&eacute;faites<\/strong> avant l&rsquo;annonce du retour de <strong>Michael Jordan<\/strong> &agrave; 32 ans. Cinq matchs plus tard, <strong>la l&eacute;gende<\/strong> frappait un grand coup en inscrivant <strong>55 points<\/strong> face aux <strong>New York Knicks<\/strong>, signant un retour fracassant. En 17 matchs, les statistiques t&eacute;moignaient d&rsquo;un impact imm&eacute;diat : 26,9 points de moyenne, accompagn&eacute;s de 13 victoires pour seulement 4 d&eacute;faites. Malgr&eacute; cette mont&eacute;e en puissance, la campagne des <strong>Bulls<\/strong> s&rsquo;est arr&ecirc;t&eacute;e en demi-finale de conf&eacute;rence face au <strong>Magic d&rsquo;Orlando<\/strong>.<\/p><blockquote class=\"twitter-tweet\"><p lang=\"en\" dir=\"ltr\">On This Date: Michael Jordan announced his return to the <a href=\"https:\/\/twitter.com\/NBA?ref_src=twsrc%5Etfw\" class=\"trk-cta-link\" data-cta-trk='{\"ctaType\":\"Link\",\"ctaSubType\":\"main\"}'>@NBA<\/a> with two words &hellip; \"I'm back\" &#128293; <a href=\"https:\/\/t.co\/5XKA6gfGv7\" class=\"trk-cta-link\" data-cta-trk='{\"ctaType\":\"Link\",\"ctaSubType\":\"main\"}'>pic.twitter.com\/5XKA6gfGv7<\/a><\/p>&mdash; ESPN (@espn) <a href=\"https:\/\/twitter.com\/espn\/status\/1107653574761369603?ref_src=twsrc%5Etfw\" class=\"trk-cta-link\" data-cta-trk='{\"ctaType\":\"Link\",\"ctaSubType\":\"main\"}'>March 18, 2019<\/a><\/blockquote><script async src=\"https:\/\/platform.twitter.com\/widgets.js\" charset=\"utf-8\"><\/script><p><strong>Lire aussi :<\/strong>&nbsp;<\/p><p><a href=\"https:\/\/theplayoffs.news\/fr\/actualite-nba\/quin-snyder-atlanta-hawks-se-frotte-les-mains-le-developpement-de-zaccharie-risacher-va-etre-interessant-a-suivre\/\" class=\"trk-cta-link\" data-cta-trk='{\"ctaType\":\"Link\",\"ctaSubType\":\"main\"}'>Quin Snyder (Atlanta Hawks) voit grand pour Zaccharie Risacher !<\/a><\/p><p><a href=\"https:\/\/theplayoffs.news\/fr\/actualite-nba\/dyson-daniels-se-rapproche-de-chris-paul\/\" class=\"trk-cta-link\" data-cta-trk='{\"ctaType\":\"Link\",\"ctaSubType\":\"main\"}'>Dyson Daniels se rapproche de Chris Paul !<\/a><\/p><p>L&rsquo;&eacute;t&eacute; suivant, un d&eacute;fi colossal se profilait. Une pr&eacute;paration intense a permis &agrave;<strong> Jordan<\/strong> de retrouver sa pleine puissance, ouvrant la voie &agrave; une saison historique. Sur l&rsquo;exercice<strong> 1995-96<\/strong>, Chicago a marqu&eacute; l&rsquo;histoire en &eacute;tablissant un record de<strong> 72 victoires<\/strong> pour seulement 10 d&eacute;faites, une performance d&eacute;pass&eacute;e bien plus tard par les Warriors de 2015-16 (73 succ&egrave;s). Avec<strong> 30,4 points<\/strong> de moyenne par match, le titre de<strong> MVP de la saison r&eacute;guli&egrave;re<\/strong> est venu couronner une domination sans partage. La cons&eacute;cration ultime n&rsquo;a pas tard&eacute; : un quatri&egrave;me titre<strong> NBA<\/strong>, suivi de deux autres sacres en <strong>1997 et 1998<\/strong>, compl&eacute;tant un second three-peat.<\/p><p>Ce retour en <strong>NBA<\/strong> reste l&rsquo;un des plus grands come-back de l&rsquo;histoire du sport, incarnant &agrave; la perfection la mentalit&eacute; de champion du <strong>Hall of Famer<\/strong>.<\/p><p><strong>Cr&eacute;dit photo :<\/strong>&nbsp;Photo By USA TODAY Sports (c) Copyright USA TODAY Sports<\/p>\n","protected":false},"excerpt":{"rendered":"<p>La l\u00e9gende de la NBA, Michael Jordan, n\u2019aura pass\u00e9 que 17 mois loin des parquets avant de faire son retour dans la grande ligue !<\/p>\n","protected":false},"author":180310268,"featured_media":1485565,"comment_status":"closed","ping_status":"closed","sticky":false,"template":"","format":"standard","meta":{"inline_featured_image":false,"kia_subtitle":"La l\u00e9gende de la NBA, Michael Jordan, n\u2019aura pass\u00e9 que 17 mois loin des parquets avant de faire son retour dans la grande ligue !","_mux_skip_reasons":[],"proofreadBy":0,"footnotes":""},"categories":[110,183,10],"tags":[142,886,23],"sport":[2783],"saison":[],"class_list":["post-1485561","post","type-post","status-publish","format-standard","has-post-thumbnail","hentry","category-actualite-nba","category-histoire-de-la-nba","category-nba","tag-chicago-bulls","tag-michael-jordan","tag-nba-tag","sport-nba"],"acf":[],"yoast_head":"<!-- This site is optimized with the Yoast SEO plugin v24.2 - https:\/\/yoast.com\/wordpress\/plugins\/seo\/ -->\n<title>Le &ldquo;I am back&rdquo; de Michael Jordan f&ecirc;te ses 30 ans<\/title>\n<meta name=\"description\" content=\"La l&eacute;gende de la NBA, Michael Jordan, n&rsquo;aura pass&eacute; que 17 mois loin des parquets avant de faire son retour dans la grande ligue !\" \/>\n<meta name=\"robots\" content=\"index, follow, max-snippet:-1, max-image-preview:large, max-video-preview:-1\" \/>\n<link rel=\"canonical\" href=\"https:\/\/theplayoffs.news\/fr\/actualite-nba\/le-i-am-back-de-michael-jordan-fete-ses-30-ans\/\" \/>\n<meta property=\"og:locale\" content=\"fr_FR\" \/>\n<meta property=\"og:type\" content=\"article\" \/>\n<meta property=\"og:title\" content=\"Le &ldquo;I am back&rdquo; de Michael Jordan f&ecirc;te ses 30 ans\" \/>\n<meta property=\"og:description\" content=\"La l&eacute;gende de la NBA, Michael Jordan, n&rsquo;aura pass&eacute; que 17 mois loin des parquets avant de faire son retour dans la grande ligue !\" \/>\n<meta property=\"og:url\" content=\"https:\/\/theplayoffs.news\/fr\/actualite-nba\/le-i-am-back-de-michael-jordan-fete-ses-30-ans\/\" \/>\n<meta property=\"og:site_name\" content=\"The Playoffs FR\" \/>\n<meta property=\"article:publisher\" content=\"https:\/\/www.facebook.com\/TheFreeAgentFR\/\" \/>\n<meta property=\"article:modified_time\" content=\"2025-03-19T17:42:46+01:00\" \/>\n<meta property=\"og:image\" content=\"https:\/\/theplayoffs.news\/fr\/wp-content\/uploads\/2025\/03\/USATSI_2120555.jpg\" \/>\n\t<meta property=\"og:image:width\" content=\"1920\" \/>\n\t<meta property=\"og:image:height\" content=\"1438\" \/>\n\t<meta property=\"og:image:type\" content=\"image\/jpeg\" \/>\n<meta name=\"author\" content=\"Elian Goethals\" \/>\n<meta name=\"twitter:card\" content=\"summary_large_image\" \/>\n<meta name=\"twitter:creator\" content=\"@x.com\/elidwight\" \/>\n<meta name=\"twitter:site\" content=\"@TheFreeAgentFR\" \/>\n<meta name=\"twitter:label1\" content=\"\u00c9crit par\" \/>\n\t<meta name=\"twitter:data1\" content=\"Elian Goethals\" \/>\n\t<meta name=\"twitter:label2\" content=\"Dur\u00e9e de lecture estim\u00e9e\" \/>\n\t<meta name=\"twitter:data2\" content=\"2 minutes\" \/>\n<script type=\"application\/ld+json\" class=\"yoast-schema-graph\">{\"@context\":\"https:\/\/schema.org\",\"@graph\":[{\"@type\":\"WebPage\",\"@id\":\"https:\/\/theplayoffs.news\/fr\/actualite-nba\/le-i-am-back-de-michael-jordan-fete-ses-30-ans\/\",\"url\":\"https:\/\/theplayoffs.news\/fr\/actualite-nba\/le-i-am-back-de-michael-jordan-fete-ses-30-ans\/\",\"name\":\"Le \u201cI am back\u201d de Michael Jordan f\u00eate ses 30 ans\",\"isPartOf\":{\"@id\":\"https:\/\/theplayoffs.news\/fr\/#website\"},\"primaryImageOfPage\":{\"@id\":\"https:\/\/theplayoffs.news\/fr\/actualite-nba\/le-i-am-back-de-michael-jordan-fete-ses-30-ans\/#primaryimage\"},\"image\":{\"@id\":\"https:\/\/theplayoffs.news\/fr\/actualite-nba\/le-i-am-back-de-michael-jordan-fete-ses-30-ans\/#primaryimage\"},\"thumbnailUrl\":\"https:\/\/theplayoffs.news\/fr\/wp-content\/uploads\/2025\/03\/USATSI_2120555.jpg\",\"datePublished\":\"2025-03-19T16:41:34+00:00\",\"dateModified\":\"2025-03-19T16:42:46+00:00\",\"author\":{\"@id\":\"https:\/\/theplayoffs.news\/fr\/#\/schema\/person\/2bc470c6a49f4f6229a67af19c87a732\"},\"description\":\"La l\u00e9gende de la NBA, Michael Jordan, n\u2019aura pass\u00e9 que 17 mois loin des parquets avant de faire son retour dans la grande ligue !\",\"breadcrumb\":{\"@id\":\"https:\/\/theplayoffs.news\/fr\/actualite-nba\/le-i-am-back-de-michael-jordan-fete-ses-30-ans\/#breadcrumb\"},\"inLanguage\":\"fr-FR\",\"potentialAction\":[{\"@type\":\"ReadAction\",\"target\":[\"https:\/\/theplayoffs.news\/fr\/actualite-nba\/le-i-am-back-de-michael-jordan-fete-ses-30-ans\/\"]}]},{\"@type\":\"ImageObject\",\"inLanguage\":\"fr-FR\",\"@id\":\"https:\/\/theplayoffs.news\/fr\/actualite-nba\/le-i-am-back-de-michael-jordan-fete-ses-30-ans\/#primaryimage\",\"url\":\"https:\/\/theplayoffs.news\/fr\/wp-content\/uploads\/2025\/03\/USATSI_2120555.jpg\",\"contentUrl\":\"https:\/\/theplayoffs.news\/fr\/wp-content\/uploads\/2025\/03\/USATSI_2120555.jpg\",\"width\":1920,\"height\":1438,\"caption\":\"Unknown Date; Cleveland, OH, USA; FILE PHOTO; Chicago Bulls guard (45) Michael Jordan wears jersey#45 shortly after his return from a brief retirement following playing baseball against the Cleveland Cavaliers at Gund Arena as head coach Phil Jackson talks to Jordan as they leave the court. Mandatory Credit: Photo By USA TODAY Sports (c) Copyright USA TODAY Sports\"},{\"@type\":\"BreadcrumbList\",\"@id\":\"https:\/\/theplayoffs.news\/fr\/actualite-nba\/le-i-am-back-de-michael-jordan-fete-ses-30-ans\/#breadcrumb\",\"itemListElement\":[{\"@type\":\"ListItem\",\"position\":1,\"name\":\"Accueil\",\"item\":\"https:\/\/theplayoffs.news\/fr\/\"},{\"@type\":\"ListItem\",\"position\":2,\"name\":\"Le \u201cI am back\u201d de Michael Jordan f\u00eate ses 30 ans\"}]},{\"@type\":\"WebSite\",\"@id\":\"https:\/\/theplayoffs.news\/fr\/#website\",\"url\":\"https:\/\/theplayoffs.news\/fr\/\",\"name\":\"The Playoffs FR\",\"description\":\"NBA-NFL-NHL-MLB\",\"potentialAction\":[{\"@type\":\"SearchAction\",\"target\":{\"@type\":\"EntryPoint\",\"urlTemplate\":\"https:\/\/theplayoffs.news\/fr\/?s={search_term_string}\"},\"query-input\":{\"@type\":\"PropertyValueSpecification\",\"valueRequired\":true,\"valueName\":\"search_term_string\"}}],\"inLanguage\":\"fr-FR\"},{\"@type\":\"Person\",\"@id\":\"https:\/\/theplayoffs.news\/fr\/#\/schema\/person\/2bc470c6a49f4f6229a67af19c87a732\",\"name\":\"Elian Goethals\",\"image\":{\"@type\":\"ImageObject\",\"inLanguage\":\"fr-FR\",\"@id\":\"https:\/\/theplayoffs.news\/fr\/#\/schema\/person\/image\/\",\"url\":\"https:\/\/secure.gravatar.com\/avatar\/293e2e649a094756005b611f6122ac1a95e95d453dbfe74b9d434b39855927f6?s=96&d=mm&r=g\",\"contentUrl\":\"https:\/\/secure.gravatar.com\/avatar\/293e2e649a094756005b611f6122ac1a95e95d453dbfe74b9d434b39855927f6?s=96&d=mm&r=g\",\"caption\":\"Elian Goethals\"},\"description\":\"Je suis sp\u00e9cialis\u00e9 dans la r\u00e9daction d\\\\'articles NBA et je suis un grand fan de basket am\u00e9ricain depuis toujours. Cela fait 20 ans que je joue au basket, et mon exp\u00e9rience sur les terrains me permet d\\\\'avoir une analyse approfondie des matchs. J\u2019ai d\u2019abord fait partie d\u2019autres m\u00e9dias sportifs en tant que b\u00e9n\u00e9vole avant de rejoindre ThePlayoffs en janvier. Je termine \u00e9galement un master en \u00e9tudes internationales. Ce que je pr\u00e9f\u00e8re dans mon travail, c\u2019est de transformer ma passion en m\u00e9tier et de partager avec vous l\u2019information NBA. J\u2019essaie de produire un contenu de qualit\u00e9 en esp\u00e9rant qu\u2019il vous plaise !\",\"sameAs\":[\"https:\/\/www.linkedin.com\/in\/elian-goethals-729b71200\/\",\"https:\/\/x.com\/x.com\/elidwight\"],\"url\":\"https:\/\/theplayoffs.news\/fr\/author\/elian\/\"}]}<\/script>\n<!-- \/ Yoast SEO plugin. -->","yoast_head_json":{"title":"Le &ldquo;I am back&rdquo; de Michael Jordan f&ecirc;te ses 30 ans","description":"La l&eacute;gende de la NBA, Michael Jordan, n&rsquo;aura pass&eacute; que 17 mois loin des parquets avant de faire son retour dans la grande ligue !","robots":{"index":"index","follow":"follow","max-snippet":"max-snippet:-1","max-image-preview":"max-image-preview:large","max-video-preview":"max-video-preview:-1"},"canonical":"https:\/\/theplayoffs.news\/fr\/actualite-nba\/le-i-am-back-de-michael-jordan-fete-ses-30-ans\/","og_locale":"fr_FR","og_type":"article","og_title":"Le &ldquo;I am back&rdquo; de Michael Jordan f&ecirc;te ses 30 ans","og_description":"La l&eacute;gende de la NBA, Michael Jordan, n&rsquo;aura pass&eacute; que 17 mois loin des parquets avant de faire son retour dans la grande ligue !","og_url":"https:\/\/theplayoffs.news\/fr\/actualite-nba\/le-i-am-back-de-michael-jordan-fete-ses-30-ans\/","og_site_name":"The Playoffs FR","article_publisher":"https:\/\/www.facebook.com\/TheFreeAgentFR\/","article_modified_time":"2025-03-19T16:42:46+00:00","og_image":[{"width":1920,"height":1438,"url":"https:\/\/theplayoffs.news\/fr\/wp-content\/uploads\/2025\/03\/USATSI_2120555.jpg","type":"image\/jpeg"}],"author":"Elian Goethals","twitter_card":"summary_large_image","twitter_creator":"@x.com\/elidwight","twitter_site":"@TheFreeAgentFR","twitter_misc":{"\u00c9crit par":"Elian Goethals","Dur\u00e9e de lecture estim\u00e9e":"2 minutes"},"schema":{"@context":"https:\/\/schema.org","@graph":[{"@type":"WebPage","@id":"https:\/\/theplayoffs.news\/fr\/actualite-nba\/le-i-am-back-de-michael-jordan-fete-ses-30-ans\/","url":"https:\/\/theplayoffs.news\/fr\/actualite-nba\/le-i-am-back-de-michael-jordan-fete-ses-30-ans\/","name":"Le \u201cI am back\u201d de Michael Jordan f\u00eate ses 30 ans","isPartOf":{"@id":"https:\/\/theplayoffs.news\/fr\/#website"},"primaryImageOfPage":{"@id":"https:\/\/theplayoffs.news\/fr\/actualite-nba\/le-i-am-back-de-michael-jordan-fete-ses-30-ans\/#primaryimage"},"image":{"@id":"https:\/\/theplayoffs.news\/fr\/actualite-nba\/le-i-am-back-de-michael-jordan-fete-ses-30-ans\/#primaryimage"},"thumbnailUrl":"https:\/\/theplayoffs.news\/fr\/wp-content\/uploads\/2025\/03\/USATSI_2120555.jpg","datePublished":"2025-03-19T16:41:34+00:00","dateModified":"2025-03-19T16:42:46+00:00","author":{"@id":"https:\/\/theplayoffs.news\/fr\/#\/schema\/person\/2bc470c6a49f4f6229a67af19c87a732"},"description":"La l\u00e9gende de la NBA, Michael Jordan, n\u2019aura pass\u00e9 que 17 mois loin des parquets avant de faire son retour dans la grande ligue !","breadcrumb":{"@id":"https:\/\/theplayoffs.news\/fr\/actualite-nba\/le-i-am-back-de-michael-jordan-fete-ses-30-ans\/#breadcrumb"},"inLanguage":"fr-FR","potentialAction":[{"@type":"ReadAction","target":["https:\/\/theplayoffs.news\/fr\/actualite-nba\/le-i-am-back-de-michael-jordan-fete-ses-30-ans\/"]}]},{"@type":"ImageObject","inLanguage":"fr-FR","@id":"https:\/\/theplayoffs.news\/fr\/actualite-nba\/le-i-am-back-de-michael-jordan-fete-ses-30-ans\/#primaryimage","url":"https:\/\/theplayoffs.news\/fr\/wp-content\/uploads\/2025\/03\/USATSI_2120555.jpg","contentUrl":"https:\/\/theplayoffs.news\/fr\/wp-content\/uploads\/2025\/03\/USATSI_2120555.jpg","width":1920,"height":1438,"caption":"Unknown Date; Cleveland, OH, USA; FILE PHOTO; Chicago Bulls guard (45) Michael Jordan wears jersey#45 shortly after his return from a brief retirement following playing baseball against the Cleveland Cavaliers at Gund Arena as head coach Phil Jackson talks to Jordan as they leave the court. Mandatory Credit: Photo By USA TODAY Sports (c) Copyright USA TODAY Sports"},{"@type":"BreadcrumbList","@id":"https:\/\/theplayoffs.news\/fr\/actualite-nba\/le-i-am-back-de-michael-jordan-fete-ses-30-ans\/#breadcrumb","itemListElement":[{"@type":"ListItem","position":1,"name":"Accueil","item":"https:\/\/theplayoffs.news\/fr\/"},{"@type":"ListItem","position":2,"name":"Le \u201cI am back\u201d de Michael Jordan f\u00eate ses 30 ans"}]},{"@type":"WebSite","@id":"https:\/\/theplayoffs.news\/fr\/#website","url":"https:\/\/theplayoffs.news\/fr\/","name":"The Playoffs FR","description":"NBA-NFL-NHL-MLB","potentialAction":[{"@type":"SearchAction","target":{"@type":"EntryPoint","urlTemplate":"https:\/\/theplayoffs.news\/fr\/?s={search_term_string}"},"query-input":{"@type":"PropertyValueSpecification","valueRequired":true,"valueName":"search_term_string"}}],"inLanguage":"fr-FR"},{"@type":"Person","@id":"https:\/\/theplayoffs.news\/fr\/#\/schema\/person\/2bc470c6a49f4f6229a67af19c87a732","name":"Elian Goethals","image":{"@type":"ImageObject","inLanguage":"fr-FR","@id":"https:\/\/theplayoffs.news\/fr\/#\/schema\/person\/image\/","url":"https:\/\/secure.gravatar.com\/avatar\/293e2e649a094756005b611f6122ac1a95e95d453dbfe74b9d434b39855927f6?s=96&d=mm&r=g","contentUrl":"https:\/\/secure.gravatar.com\/avatar\/293e2e649a094756005b611f6122ac1a95e95d453dbfe74b9d434b39855927f6?s=96&d=mm&r=g","caption":"Elian Goethals"},"description":"Je suis sp\u00e9cialis\u00e9 dans la r\u00e9daction d\\'articles NBA et je suis un grand fan de basket am\u00e9ricain depuis toujours. Cela fait 20 ans que je joue au basket, et mon exp\u00e9rience sur les terrains me permet d\\'avoir une analyse approfondie des matchs. J\u2019ai d\u2019abord fait partie d\u2019autres m\u00e9dias sportifs en tant que b\u00e9n\u00e9vole avant de rejoindre ThePlayoffs en janvier. Je termine \u00e9galement un master en \u00e9tudes internationales. Ce que je pr\u00e9f\u00e8re dans mon travail, c\u2019est de transformer ma passion en m\u00e9tier et de partager avec vous l\u2019information NBA. J\u2019essaie de produire un contenu de qualit\u00e9 en esp\u00e9rant qu\u2019il vous plaise !","sameAs":["https:\/\/www.linkedin.com\/in\/elian-goethals-729b71200\/","https:\/\/x.com\/x.com\/elidwight"],"url":"https:\/\/theplayoffs.news\/fr\/author\/elian\/"}]}},"_links":{"self":[{"href":"https:\/\/theplayoffs.news\/fr\/wp-json\/wp\/v2\/posts\/1485561","targetHints":{"allow":["GET"]}}],"collection":[{"href":"https:\/\/theplayoffs.news\/fr\/wp-json\/wp\/v2\/posts"}],"about":[{"href":"https:\/\/theplayoffs.news\/fr\/wp-json\/wp\/v2\/types\/post"}],"author":[{"embeddable":true,"href":"https:\/\/theplayoffs.news\/fr\/wp-json\/wp\/v2\/users\/180310268"}],"replies":[{"embeddable":true,"href":"https:\/\/theplayoffs.news\/fr\/wp-json\/wp\/v2\/comments?post=1485561"}],"version-history":[{"count":2,"href":"https:\/\/theplayoffs.news\/fr\/wp-json\/wp\/v2\/posts\/1485561\/revisions"}],"predecessor-version":[{"id":1485567,"href":"https:\/\/theplayoffs.news\/fr\/wp-json\/wp\/v2\/posts\/1485561\/revisions\/1485567"}],"wp:featuredmedia":[{"embeddable":true,"href":"https:\/\/theplayoffs.news\/fr\/wp-json\/wp\/v2\/media\/1485565"}],"wp:attachment":[{"href":"https:\/\/theplayoffs.news\/fr\/wp-json\/wp\/v2\/media?parent=1485561"}],"wp:term":[{"taxonomy":"category","embeddable":true,"href":"https:\/\/theplayoffs.news\/fr\/wp-json\/wp\/v2\/categories?post=1485561"},{"taxonomy":"post_tag","embeddable":true,"href":"https:\/\/theplayoffs.news\/fr\/wp-json\/wp\/v2\/tags?post=1485561"},{"taxonomy":"sport","embeddable":true,"href":"https:\/\/theplayoffs.news\/fr\/wp-json\/wp\/v2\/sport?post=1485561"},{"taxonomy":"saison","embeddable":true,"href":"https:\/\/theplayoffs.news\/fr\/wp-json\/wp\/v2\/saison?post=1485561"}],"curies":[{"name":"wp","href":"https:\/\/api.w.org\/{rel}","templated":true}]}}