{"id":1485502,"date":"2025-03-19T12:33:01","date_gmt":"2025-03-19T11:33:01","guid":{"rendered":"https:\/\/theplayoffs.news\/fr\/uncategorized\/\/"},"modified":"2025-03-19T12:33:07","modified_gmt":"2025-03-19T11:33:07","slug":"free-agency-le-resume-de-la-9%e1%b5%89-journee","status":"publish","type":"post","link":"https:\/\/theplayoffs.news\/fr\/actualite-nfl\/free-agency-le-resume-de-la-9%e1%b5%89-journee\/","title":{"rendered":"Free Agency : le r\u00e9sum\u00e9 de la 9\u1d49 journ\u00e9e"},"content":{"rendered":"<p>Dans cette nouvelle journ&eacute;e de free agency, le defensive end Brandon Graham, deux fois vainqueur du Super Bowl, Pro Bowler et All-Pro, <a href=\"https:\/\/x.com\/MikeGarafolo\/status\/1902029494367482227\" class=\"trk-cta-link\" data-cta-trk='{\"ctaType\":\"Link\",\"ctaSubType\":\"main\"}'>a annonc&eacute; sa retraite apr&egrave;s 15 saisons en NFL<\/a>.<\/p><h2 class=\"wp-block-heading\">Mecole Hardman quitte la free agency<\/h2><p><a href=\"https:\/\/theplayoffs.news\/fr\/actualite-nfl\/mecole-hardman-sengage-avec-les-packers\/\" class=\"trk-cta-link\" data-cta-trk='{\"ctaType\":\"Link\",\"ctaSubType\":\"main\"}'>Mecole Hardman<\/a> a trouv&eacute; sa nouvelle franchise. Il rejoint les Green Bay Packers pour une saison. Le receveur conna&icirc;tra ainsi sa troisi&egrave;me &eacute;quipe apr&egrave;s les Chiefs et les Jets.<\/p><p>R&eacute;cemment devenu un Commander, le num&eacute;ro de Deebo Samuel a &eacute;t&eacute; d&eacute;voil&eacute;. Le receveur portera le num&eacute;ro 1 &agrave; Washington, un num&eacute;ro qu&rsquo;il avait d&eacute;j&agrave; arbor&eacute; &agrave; l&rsquo;universit&eacute; et chez les 49ers.<\/p><ul class=\"wp-block-list\">\n<li><strong>Lire aussi :<\/strong><\/li>\n<\/ul><p><a href=\"https:\/\/theplayoffs.news\/fr\/actualite-nfl\/free-agency-nfl-2025-tracker\/\" class=\"trk-cta-link\" data-cta-trk='{\"ctaType\":\"Link\",\"ctaSubType\":\"main\"}'>Free Agency NFL 2025 : toutes les signatures<\/a><\/p><p><a href=\"https:\/\/theplayoffs.news\/fr\/free-agency\/free-agency-le-resume-de-la-8%e1%b5%89-journee\/\" class=\"trk-cta-link\" data-cta-trk='{\"ctaType\":\"Link\",\"ctaSubType\":\"main\"}'>Free Agency : le r&eacute;sum&eacute; de la 8&#7497; journ&eacute;e<\/a><\/p><p>Les Los Angeles Chargers ont renforc&eacute; leur attaque avec la signature du centre Andre James, ancien joueur de Las Vegas.<\/p><p>Nouveau centre &eacute;galement pour les Patriots. New England a sign&eacute; Garrett Bradbury pour deux saisons, avec un contrat de 12 millions de dollars, dont 3,8 millions garantis.<\/p><p>Enfin, le guard Dillon Radunz, ancien des Titans, a rendu visite aux Seattle Seahawks.<\/p><p>Cr&eacute;dit photo : Mark J. Rebilas-Imagn Images<\/p>\n","protected":false},"excerpt":{"rendered":"<p>La free agency a officiellement d\u00e9marr\u00e9 lundi dernier. Voici les principaux mouvements de la journ\u00e9e du mardi 18 mars.<\/p>\n","protected":false},"author":180310250,"featured_media":1485519,"comment_status":"closed","ping_status":"closed","sticky":false,"template":"","format":"standard","meta":{"inline_featured_image":false,"kia_subtitle":"La free agency a officiellement d\u00e9marr\u00e9 lundi dernier. Voici les principaux mouvements de la journ\u00e9e du mardi 18 mars.","_mux_skip_reasons":[],"proofreadBy":0,"footnotes":""},"categories":[118,40],"tags":[8131,908,79,5071,773],"sport":[2785],"saison":[7475],"class_list":["post-1485502","post","type-post","status-publish","format-standard","has-post-thumbnail","hentry","category-actualite-nfl","category-nfl","tag-free-agency-2025","tag-green-bay-packers","tag-nfl","tag-nfl-free-agency","tag-philadelphia-eagles","sport-nfl","saison-7475"],"acf":[],"yoast_head":"<!-- This site is optimized with the Yoast SEO plugin v24.2 - https:\/\/yoast.com\/wordpress\/plugins\/seo\/ -->\n<title>Free Agency : le r&eacute;sum&eacute; de la 9\u1d49 journ&eacute;e<\/title>\n<meta name=\"description\" content=\"La free agency a officiellement d&eacute;marr&eacute; lundi dernier. Voici les principaux mouvements de la journ&eacute;e du mardi 18 mars.\" \/>\n<meta name=\"robots\" content=\"index, follow, max-snippet:-1, max-image-preview:large, max-video-preview:-1\" \/>\n<link rel=\"canonical\" href=\"https:\/\/theplayoffs.news\/fr\/actualite-nfl\/free-agency-le-resume-de-la-9\u1d49-journee\/\" \/>\n<meta property=\"og:locale\" content=\"fr_FR\" \/>\n<meta property=\"og:type\" content=\"article\" \/>\n<meta property=\"og:title\" content=\"Free Agency : le r&eacute;sum&eacute; de la 9\u1d49 journ&eacute;e\" \/>\n<meta property=\"og:description\" content=\"La free agency a officiellement d&eacute;marr&eacute; lundi dernier. Voici les principaux mouvements de la journ&eacute;e du mardi 18 mars.\" \/>\n<meta property=\"og:url\" content=\"https:\/\/theplayoffs.news\/fr\/actualite-nfl\/free-agency-le-resume-de-la-9\u1d49-journee\/\" \/>\n<meta property=\"og:site_name\" content=\"The Playoffs FR\" \/>\n<meta property=\"article:publisher\" content=\"https:\/\/www.facebook.com\/TheFreeAgentFR\/\" \/>\n<meta property=\"article:modified_time\" content=\"2025-03-19T12:33:07+01:00\" \/>\n<meta property=\"og:image\" content=\"https:\/\/theplayoffs.news\/fr\/wp-content\/uploads\/2025\/03\/USATSI_25575297.jpg\" \/>\n\t<meta property=\"og:image:width\" content=\"1920\" \/>\n\t<meta property=\"og:image:height\" content=\"1382\" \/>\n\t<meta property=\"og:image:type\" content=\"image\/jpeg\" \/>\n<meta name=\"author\" content=\"Jean Fabre-Jevanoff\" \/>\n<meta name=\"twitter:card\" content=\"summary_large_image\" \/>\n<meta name=\"twitter:creator\" content=\"@the_jfj_42\" \/>\n<meta name=\"twitter:site\" content=\"@TheFreeAgentFR\" \/>\n<meta name=\"twitter:label1\" content=\"\u00c9crit par\" \/>\n\t<meta name=\"twitter:data1\" content=\"Jean Fabre-Jevanoff\" \/>\n\t<meta name=\"twitter:label2\" content=\"Dur\u00e9e de lecture estim\u00e9e\" \/>\n\t<meta name=\"twitter:data2\" content=\"2 minutes\" \/>\n<script type=\"application\/ld+json\" class=\"yoast-schema-graph\">{\"@context\":\"https:\/\/schema.org\",\"@graph\":[{\"@type\":\"WebPage\",\"@id\":\"https:\/\/theplayoffs.news\/fr\/actualite-nfl\/free-agency-le-resume-de-la-9%e1%b5%89-journee\/\",\"url\":\"https:\/\/theplayoffs.news\/fr\/actualite-nfl\/free-agency-le-resume-de-la-9%e1%b5%89-journee\/\",\"name\":\"Free Agency : le r\u00e9sum\u00e9 de la 9\u1d49 journ\u00e9e\",\"isPartOf\":{\"@id\":\"https:\/\/theplayoffs.news\/fr\/#website\"},\"primaryImageOfPage\":{\"@id\":\"https:\/\/theplayoffs.news\/fr\/actualite-nfl\/free-agency-le-resume-de-la-9%e1%b5%89-journee\/#primaryimage\"},\"image\":{\"@id\":\"https:\/\/theplayoffs.news\/fr\/actualite-nfl\/free-agency-le-resume-de-la-9%e1%b5%89-journee\/#primaryimage\"},\"thumbnailUrl\":\"https:\/\/theplayoffs.news\/fr\/wp-content\/uploads\/2025\/03\/USATSI_25575297.jpg\",\"datePublished\":\"2025-03-19T11:33:01+00:00\",\"dateModified\":\"2025-03-19T11:33:07+00:00\",\"author\":{\"@id\":\"https:\/\/theplayoffs.news\/fr\/#\/schema\/person\/1ea25b88e79fe4fabd657430b0013d3d\"},\"description\":\"La free agency a officiellement d\u00e9marr\u00e9 lundi dernier. Voici les principaux mouvements de la journ\u00e9e du mardi 18 mars.\",\"breadcrumb\":{\"@id\":\"https:\/\/theplayoffs.news\/fr\/actualite-nfl\/free-agency-le-resume-de-la-9%e1%b5%89-journee\/#breadcrumb\"},\"inLanguage\":\"fr-FR\",\"potentialAction\":[{\"@type\":\"ReadAction\",\"target\":[\"https:\/\/theplayoffs.news\/fr\/actualite-nfl\/free-agency-le-resume-de-la-9%e1%b5%89-journee\/\"]}]},{\"@type\":\"ImageObject\",\"inLanguage\":\"fr-FR\",\"@id\":\"https:\/\/theplayoffs.news\/fr\/actualite-nfl\/free-agency-le-resume-de-la-9%e1%b5%89-journee\/#primaryimage\",\"url\":\"https:\/\/theplayoffs.news\/fr\/wp-content\/uploads\/2025\/03\/USATSI_25575297.jpg\",\"contentUrl\":\"https:\/\/theplayoffs.news\/fr\/wp-content\/uploads\/2025\/03\/USATSI_25575297.jpg\",\"width\":1920,\"height\":1382,\"caption\":\"Feb 9, 2025; New Orleans, LA, USA; Philadelphia Eagles defensive end Brandon Graham (55) against the Kansas City Chiefs during Super Bowl LIX at Ceasars Superdome. Mandatory Credit: Mark J. Rebilas-Imagn Images\"},{\"@type\":\"BreadcrumbList\",\"@id\":\"https:\/\/theplayoffs.news\/fr\/actualite-nfl\/free-agency-le-resume-de-la-9%e1%b5%89-journee\/#breadcrumb\",\"itemListElement\":[{\"@type\":\"ListItem\",\"position\":1,\"name\":\"Accueil\",\"item\":\"https:\/\/theplayoffs.news\/fr\/\"},{\"@type\":\"ListItem\",\"position\":2,\"name\":\"Free Agency : le r\u00e9sum\u00e9 de la 9\u1d49 journ\u00e9e\"}]},{\"@type\":\"WebSite\",\"@id\":\"https:\/\/theplayoffs.news\/fr\/#website\",\"url\":\"https:\/\/theplayoffs.news\/fr\/\",\"name\":\"The Playoffs FR\",\"description\":\"NBA-NFL-NHL-MLB\",\"potentialAction\":[{\"@type\":\"SearchAction\",\"target\":{\"@type\":\"EntryPoint\",\"urlTemplate\":\"https:\/\/theplayoffs.news\/fr\/?s={search_term_string}\"},\"query-input\":{\"@type\":\"PropertyValueSpecification\",\"valueRequired\":true,\"valueName\":\"search_term_string\"}}],\"inLanguage\":\"fr-FR\"},{\"@type\":\"Person\",\"@id\":\"https:\/\/theplayoffs.news\/fr\/#\/schema\/person\/1ea25b88e79fe4fabd657430b0013d3d\",\"name\":\"Jean Fabre-Jevanoff\",\"image\":{\"@type\":\"ImageObject\",\"inLanguage\":\"fr-FR\",\"@id\":\"https:\/\/theplayoffs.news\/fr\/#\/schema\/person\/image\/\",\"url\":\"https:\/\/secure.gravatar.com\/avatar\/18b28dab1159eebc6a17b9787eb8cbbe3242c3d0e8b53b89332f6dc1133aa361?s=96&d=mm&r=g\",\"contentUrl\":\"https:\/\/secure.gravatar.com\/avatar\/18b28dab1159eebc6a17b9787eb8cbbe3242c3d0e8b53b89332f6dc1133aa361?s=96&d=mm&r=g\",\"caption\":\"Jean Fabre-Jevanoff\"},\"description\":\"Journaliste polyvalent sur le football am\u00e9ricain, j\u2019\u00e9cris aussi des articles sur le basket. Commentateur sur Twitch et sur YouTube. Pass\u00e9 par Eurosport notamment. Un mix d\u2019Eminem et de OBJ, fan inconditionnel de Patrick Mahomes et Lebron James\",\"sameAs\":[\"https:\/\/www.instagram.com\/_juaniitooo_\",\"https:\/\/www.linkedin.com\/in\/jean-fabre-jevanoff-84bb9b1a9\/\",\"https:\/\/x.com\/the_jfj_42\"],\"url\":\"https:\/\/theplayoffs.news\/fr\/author\/jeanfj42gmail-com\/\"}]}<\/script>\n<!-- \/ Yoast SEO plugin. -->","yoast_head_json":{"title":"Free Agency : le r&eacute;sum&eacute; de la 9\u1d49 journ&eacute;e","description":"La free agency a officiellement d&eacute;marr&eacute; lundi dernier. Voici les principaux mouvements de la journ&eacute;e du mardi 18 mars.","robots":{"index":"index","follow":"follow","max-snippet":"max-snippet:-1","max-image-preview":"max-image-preview:large","max-video-preview":"max-video-preview:-1"},"canonical":"https:\/\/theplayoffs.news\/fr\/actualite-nfl\/free-agency-le-resume-de-la-9\u1d49-journee\/","og_locale":"fr_FR","og_type":"article","og_title":"Free Agency : le r&eacute;sum&eacute; de la 9\u1d49 journ&eacute;e","og_description":"La free agency a officiellement d&eacute;marr&eacute; lundi dernier. Voici les principaux mouvements de la journ&eacute;e du mardi 18 mars.","og_url":"https:\/\/theplayoffs.news\/fr\/actualite-nfl\/free-agency-le-resume-de-la-9\u1d49-journee\/","og_site_name":"The Playoffs FR","article_publisher":"https:\/\/www.facebook.com\/TheFreeAgentFR\/","article_modified_time":"2025-03-19T11:33:07+00:00","og_image":[{"width":1920,"height":1382,"url":"https:\/\/theplayoffs.news\/fr\/wp-content\/uploads\/2025\/03\/USATSI_25575297.jpg","type":"image\/jpeg"}],"author":"Jean Fabre-Jevanoff","twitter_card":"summary_large_image","twitter_creator":"@the_jfj_42","twitter_site":"@TheFreeAgentFR","twitter_misc":{"\u00c9crit par":"Jean Fabre-Jevanoff","Dur\u00e9e de lecture estim\u00e9e":"2 minutes"},"schema":{"@context":"https:\/\/schema.org","@graph":[{"@type":"WebPage","@id":"https:\/\/theplayoffs.news\/fr\/actualite-nfl\/free-agency-le-resume-de-la-9%e1%b5%89-journee\/","url":"https:\/\/theplayoffs.news\/fr\/actualite-nfl\/free-agency-le-resume-de-la-9%e1%b5%89-journee\/","name":"Free Agency : le r\u00e9sum\u00e9 de la 9\u1d49 journ\u00e9e","isPartOf":{"@id":"https:\/\/theplayoffs.news\/fr\/#website"},"primaryImageOfPage":{"@id":"https:\/\/theplayoffs.news\/fr\/actualite-nfl\/free-agency-le-resume-de-la-9%e1%b5%89-journee\/#primaryimage"},"image":{"@id":"https:\/\/theplayoffs.news\/fr\/actualite-nfl\/free-agency-le-resume-de-la-9%e1%b5%89-journee\/#primaryimage"},"thumbnailUrl":"https:\/\/theplayoffs.news\/fr\/wp-content\/uploads\/2025\/03\/USATSI_25575297.jpg","datePublished":"2025-03-19T11:33:01+00:00","dateModified":"2025-03-19T11:33:07+00:00","author":{"@id":"https:\/\/theplayoffs.news\/fr\/#\/schema\/person\/1ea25b88e79fe4fabd657430b0013d3d"},"description":"La free agency a officiellement d\u00e9marr\u00e9 lundi dernier. Voici les principaux mouvements de la journ\u00e9e du mardi 18 mars.","breadcrumb":{"@id":"https:\/\/theplayoffs.news\/fr\/actualite-nfl\/free-agency-le-resume-de-la-9%e1%b5%89-journee\/#breadcrumb"},"inLanguage":"fr-FR","potentialAction":[{"@type":"ReadAction","target":["https:\/\/theplayoffs.news\/fr\/actualite-nfl\/free-agency-le-resume-de-la-9%e1%b5%89-journee\/"]}]},{"@type":"ImageObject","inLanguage":"fr-FR","@id":"https:\/\/theplayoffs.news\/fr\/actualite-nfl\/free-agency-le-resume-de-la-9%e1%b5%89-journee\/#primaryimage","url":"https:\/\/theplayoffs.news\/fr\/wp-content\/uploads\/2025\/03\/USATSI_25575297.jpg","contentUrl":"https:\/\/theplayoffs.news\/fr\/wp-content\/uploads\/2025\/03\/USATSI_25575297.jpg","width":1920,"height":1382,"caption":"Feb 9, 2025; New Orleans, LA, USA; Philadelphia Eagles defensive end Brandon Graham (55) against the Kansas City Chiefs during Super Bowl LIX at Ceasars Superdome. Mandatory Credit: Mark J. Rebilas-Imagn Images"},{"@type":"BreadcrumbList","@id":"https:\/\/theplayoffs.news\/fr\/actualite-nfl\/free-agency-le-resume-de-la-9%e1%b5%89-journee\/#breadcrumb","itemListElement":[{"@type":"ListItem","position":1,"name":"Accueil","item":"https:\/\/theplayoffs.news\/fr\/"},{"@type":"ListItem","position":2,"name":"Free Agency : le r\u00e9sum\u00e9 de la 9\u1d49 journ\u00e9e"}]},{"@type":"WebSite","@id":"https:\/\/theplayoffs.news\/fr\/#website","url":"https:\/\/theplayoffs.news\/fr\/","name":"The Playoffs FR","description":"NBA-NFL-NHL-MLB","potentialAction":[{"@type":"SearchAction","target":{"@type":"EntryPoint","urlTemplate":"https:\/\/theplayoffs.news\/fr\/?s={search_term_string}"},"query-input":{"@type":"PropertyValueSpecification","valueRequired":true,"valueName":"search_term_string"}}],"inLanguage":"fr-FR"},{"@type":"Person","@id":"https:\/\/theplayoffs.news\/fr\/#\/schema\/person\/1ea25b88e79fe4fabd657430b0013d3d","name":"Jean Fabre-Jevanoff","image":{"@type":"ImageObject","inLanguage":"fr-FR","@id":"https:\/\/theplayoffs.news\/fr\/#\/schema\/person\/image\/","url":"https:\/\/secure.gravatar.com\/avatar\/18b28dab1159eebc6a17b9787eb8cbbe3242c3d0e8b53b89332f6dc1133aa361?s=96&d=mm&r=g","contentUrl":"https:\/\/secure.gravatar.com\/avatar\/18b28dab1159eebc6a17b9787eb8cbbe3242c3d0e8b53b89332f6dc1133aa361?s=96&d=mm&r=g","caption":"Jean Fabre-Jevanoff"},"description":"Journaliste polyvalent sur le football am\u00e9ricain, j\u2019\u00e9cris aussi des articles sur le basket. Commentateur sur Twitch et sur YouTube. Pass\u00e9 par Eurosport notamment. Un mix d\u2019Eminem et de OBJ, fan inconditionnel de Patrick Mahomes et Lebron James","sameAs":["https:\/\/www.instagram.com\/_juaniitooo_","https:\/\/www.linkedin.com\/in\/jean-fabre-jevanoff-84bb9b1a9\/","https:\/\/x.com\/the_jfj_42"],"url":"https:\/\/theplayoffs.news\/fr\/author\/jeanfj42gmail-com\/"}]}},"_links":{"self":[{"href":"https:\/\/theplayoffs.news\/fr\/wp-json\/wp\/v2\/posts\/1485502","targetHints":{"allow":["GET"]}}],"collection":[{"href":"https:\/\/theplayoffs.news\/fr\/wp-json\/wp\/v2\/posts"}],"about":[{"href":"https:\/\/theplayoffs.news\/fr\/wp-json\/wp\/v2\/types\/post"}],"author":[{"embeddable":true,"href":"https:\/\/theplayoffs.news\/fr\/wp-json\/wp\/v2\/users\/180310250"}],"replies":[{"embeddable":true,"href":"https:\/\/theplayoffs.news\/fr\/wp-json\/wp\/v2\/comments?post=1485502"}],"version-history":[{"count":1,"href":"https:\/\/theplayoffs.news\/fr\/wp-json\/wp\/v2\/posts\/1485502\/revisions"}],"predecessor-version":[{"id":1485521,"href":"https:\/\/theplayoffs.news\/fr\/wp-json\/wp\/v2\/posts\/1485502\/revisions\/1485521"}],"wp:featuredmedia":[{"embeddable":true,"href":"https:\/\/theplayoffs.news\/fr\/wp-json\/wp\/v2\/media\/1485519"}],"wp:attachment":[{"href":"https:\/\/theplayoffs.news\/fr\/wp-json\/wp\/v2\/media?parent=1485502"}],"wp:term":[{"taxonomy":"category","embeddable":true,"href":"https:\/\/theplayoffs.news\/fr\/wp-json\/wp\/v2\/categories?post=1485502"},{"taxonomy":"post_tag","embeddable":true,"href":"https:\/\/theplayoffs.news\/fr\/wp-json\/wp\/v2\/tags?post=1485502"},{"taxonomy":"sport","embeddable":true,"href":"https:\/\/theplayoffs.news\/fr\/wp-json\/wp\/v2\/sport?post=1485502"},{"taxonomy":"saison","embeddable":true,"href":"https:\/\/theplayoffs.news\/fr\/wp-json\/wp\/v2\/saison?post=1485502"}],"curies":[{"name":"wp","href":"https:\/\/api.w.org\/{rel}","templated":true}]}}