{"id":1485495,"date":"2025-03-19T10:29:33","date_gmt":"2025-03-19T09:29:33","guid":{"rendered":"https:\/\/theplayoffs.news\/fr\/uncategorized\/\/"},"modified":"2025-03-19T10:29:39","modified_gmt":"2025-03-19T09:29:39","slug":"miro-heiskanen-pourrait-ne-pas-etre-remis-avant-les-playoffs-selon-lentraineur-des-stars","status":"publish","type":"post","link":"https:\/\/theplayoffs.news\/fr\/nhl\/miro-heiskanen-pourrait-ne-pas-etre-remis-avant-les-playoffs-selon-lentraineur-des-stars\/","title":{"rendered":"Miro Heiskanen pourrait ne pas \u00eatre remis avant les playoffs, selon l\u2019entra\u00eeneur des Stars"},"content":{"rendered":"<p>Pete DeBoer, entra&icirc;neur des Dallas Stars, a d&eacute;clar&eacute; ce mardi 18 mars que Miro Heiskanen pourrait ne pas &ecirc;tre en pleine forme pour le d&eacute;but des playoffs. Le d&eacute;fenseur finlandais s&rsquo;est bless&eacute; fin janvier lors d&rsquo;un match contre les Vegas Golden Knights. <\/p><p>Sa blessure au genou l&rsquo;a contraint &agrave; manquer le <strong><a href=\"https:\/\/theplayoffs.news\/fr\/actualite-nhl\/4-nations-face-off-record-daudience-pour-du-hockey\/\" class=\"trk-cta-link\" data-cta-trk='{\"ctaType\":\"Link\",\"ctaSubType\":\"main\"}'>4 Nations Face-Off<\/a><\/strong>.<\/p><p>Heiskanen a subi une intervention chirurgicale au d&eacute;but du mois de f&eacute;vrier. Initialement, son &eacute;tat devait &ecirc;tre &eacute;valu&eacute; chaque mois. Cependant, le coach principal a admis qu&rsquo;il existait une &laquo; probabilit&eacute; r&eacute;aliste &raquo; que le d&eacute;fenseur ne soit pas remis &agrave; temps pour le d&eacute;but de la post-saison.<\/p><p>Actuellement, les Stars occupent la deuxi&egrave;me place de la Division Centrale et, si la saison se terminait aujourd&rsquo;hui, ils affronteraient l&rsquo;Avalanche du Colorado, troisi&egrave;me de la m&ecirc;me division.<\/p><p>Malgr&eacute; la possible absence de Miro Heiskanen, la franchise texane pourrait bient&ocirc;t enregistrer un retour important. <\/p><p>Bless&eacute; en d&eacute;cembre, Tyler Seguin a repris l&rsquo;entra&icirc;nement et pourrait &ecirc;tre r&eacute;int&eacute;gr&eacute; &agrave; l&rsquo;&eacute;quipe &agrave; temps pour les playoffs. L&rsquo;attaquant a subi une op&eacute;ration &agrave; la hanche et il y avait une crainte qu&rsquo;il ne joue plus en 2024-25. <\/p><p>Mais selon DeBoer, il progresse bien et la franchise pr&eacute;voit son retour d&rsquo;ici la fin de la saison.<\/p><p><\/p><p>Credit Photo : Marc DesRosiers-Imagn Images<\/p>\n","protected":false},"excerpt":{"rendered":"<p>Selon Pete DeBoer, il existe \u00ab une possibilit\u00e9 r\u00e9aliste \u00bb que le d\u00e9fenseur finlandais ne revienne pas \u00e0 temps pour le premier tour des s\u00e9ries \u00e9liminatoires.<\/p>\n","protected":false},"author":13,"featured_media":1485497,"comment_status":"closed","ping_status":"closed","sticky":false,"template":"","format":"standard","meta":{"inline_featured_image":false,"kia_subtitle":"Selon Pete DeBoer, il existe \u00ab une possibilit\u00e9 r\u00e9aliste \u00bb que le d\u00e9fenseur finlandais ne revienne pas \u00e0 temps pour le premier tour des s\u00e9ries \u00e9liminatoires.","_mux_skip_reasons":[],"proofreadBy":0,"footnotes":""},"categories":[26],"tags":[361,8201],"sport":[],"saison":[],"class_list":["post-1485495","post","type-post","status-publish","format-standard","has-post-thumbnail","hentry","category-nhl","tag-dallas-stars","tag-miro-heiskanen"],"acf":[],"yoast_head":"<!-- This site is optimized with the Yoast SEO plugin v24.2 - https:\/\/yoast.com\/wordpress\/plugins\/seo\/ -->\n<title>Miro Heiskanen pourrait ne pas &ecirc;tre remis avant les playoffs, selon l&rsquo;entra&icirc;neur des Stars - The Playoffs FR<\/title>\n<meta name=\"robots\" content=\"index, follow, max-snippet:-1, max-image-preview:large, max-video-preview:-1\" \/>\n<link rel=\"canonical\" href=\"https:\/\/theplayoffs.news\/fr\/nhl\/miro-heiskanen-pourrait-ne-pas-etre-remis-avant-les-playoffs-selon-lentraineur-des-stars\/\" \/>\n<meta property=\"og:locale\" content=\"fr_FR\" \/>\n<meta property=\"og:type\" content=\"article\" \/>\n<meta property=\"og:title\" content=\"Miro Heiskanen pourrait ne pas &ecirc;tre remis avant les playoffs, selon l&rsquo;entra&icirc;neur des Stars - The Playoffs FR\" \/>\n<meta property=\"og:description\" content=\"Selon Pete DeBoer, il existe &laquo; une possibilit&eacute; r&eacute;aliste &raquo; que le d&eacute;fenseur finlandais ne revienne pas &agrave; temps pour le premier tour des s&eacute;ries &eacute;liminatoires.\" \/>\n<meta property=\"og:url\" content=\"https:\/\/theplayoffs.news\/fr\/nhl\/miro-heiskanen-pourrait-ne-pas-etre-remis-avant-les-playoffs-selon-lentraineur-des-stars\/\" \/>\n<meta property=\"og:site_name\" content=\"The Playoffs FR\" \/>\n<meta property=\"article:publisher\" content=\"https:\/\/www.facebook.com\/TheFreeAgentFR\/\" \/>\n<meta property=\"article:modified_time\" content=\"2025-03-19T10:29:39+01:00\" \/>\n<meta property=\"og:image\" content=\"https:\/\/theplayoffs.news\/fr\/wp-content\/uploads\/2025\/03\/USATSI_25176416.jpg\" \/>\n\t<meta property=\"og:image:width\" content=\"1920\" \/>\n\t<meta property=\"og:image:height\" content=\"1280\" \/>\n\t<meta property=\"og:image:type\" content=\"image\/jpeg\" \/>\n<meta name=\"author\" content=\"Charles Taudin\" \/>\n<meta name=\"twitter:card\" content=\"summary_large_image\" \/>\n<meta name=\"twitter:creator\" content=\"@TheFreeAgentFR\" \/>\n<meta name=\"twitter:site\" content=\"@TheFreeAgentFR\" \/>\n<meta name=\"twitter:label1\" content=\"\u00c9crit par\" \/>\n\t<meta name=\"twitter:data1\" content=\"Charles Taudin\" \/>\n\t<meta name=\"twitter:label2\" content=\"Dur\u00e9e de lecture estim\u00e9e\" \/>\n\t<meta name=\"twitter:data2\" content=\"2 minutes\" \/>\n<script type=\"application\/ld+json\" class=\"yoast-schema-graph\">{\"@context\":\"https:\/\/schema.org\",\"@graph\":[{\"@type\":\"WebPage\",\"@id\":\"https:\/\/theplayoffs.news\/fr\/nhl\/miro-heiskanen-pourrait-ne-pas-etre-remis-avant-les-playoffs-selon-lentraineur-des-stars\/\",\"url\":\"https:\/\/theplayoffs.news\/fr\/nhl\/miro-heiskanen-pourrait-ne-pas-etre-remis-avant-les-playoffs-selon-lentraineur-des-stars\/\",\"name\":\"Miro Heiskanen pourrait ne pas \u00eatre remis avant les playoffs, selon l\u2019entra\u00eeneur des Stars - The Playoffs FR\",\"isPartOf\":{\"@id\":\"https:\/\/theplayoffs.news\/fr\/#website\"},\"primaryImageOfPage\":{\"@id\":\"https:\/\/theplayoffs.news\/fr\/nhl\/miro-heiskanen-pourrait-ne-pas-etre-remis-avant-les-playoffs-selon-lentraineur-des-stars\/#primaryimage\"},\"image\":{\"@id\":\"https:\/\/theplayoffs.news\/fr\/nhl\/miro-heiskanen-pourrait-ne-pas-etre-remis-avant-les-playoffs-selon-lentraineur-des-stars\/#primaryimage\"},\"thumbnailUrl\":\"https:\/\/theplayoffs.news\/fr\/wp-content\/uploads\/2025\/03\/USATSI_25176416.jpg\",\"datePublished\":\"2025-03-19T09:29:33+00:00\",\"dateModified\":\"2025-03-19T09:29:39+00:00\",\"author\":{\"@id\":\"https:\/\/theplayoffs.news\/fr\/#\/schema\/person\/eee5b69ad5d3c51cabe881c839dbe133\"},\"breadcrumb\":{\"@id\":\"https:\/\/theplayoffs.news\/fr\/nhl\/miro-heiskanen-pourrait-ne-pas-etre-remis-avant-les-playoffs-selon-lentraineur-des-stars\/#breadcrumb\"},\"inLanguage\":\"fr-FR\",\"potentialAction\":[{\"@type\":\"ReadAction\",\"target\":[\"https:\/\/theplayoffs.news\/fr\/nhl\/miro-heiskanen-pourrait-ne-pas-etre-remis-avant-les-playoffs-selon-lentraineur-des-stars\/\"]}]},{\"@type\":\"ImageObject\",\"inLanguage\":\"fr-FR\",\"@id\":\"https:\/\/theplayoffs.news\/fr\/nhl\/miro-heiskanen-pourrait-ne-pas-etre-remis-avant-les-playoffs-selon-lentraineur-des-stars\/#primaryimage\",\"url\":\"https:\/\/theplayoffs.news\/fr\/wp-content\/uploads\/2025\/03\/USATSI_25176416.jpg\",\"contentUrl\":\"https:\/\/theplayoffs.news\/fr\/wp-content\/uploads\/2025\/03\/USATSI_25176416.jpg\",\"width\":1920,\"height\":1280,\"caption\":\"Jan 12, 2025; Ottawa, Ontario, CAN; Dallas Stars defenseman Miro Heiskanen (4) skates in the third period against the Ottawa Senators at the Canadian Tire Centre. Mandatory Credit: Marc DesRosiers-Imagn Images\"},{\"@type\":\"BreadcrumbList\",\"@id\":\"https:\/\/theplayoffs.news\/fr\/nhl\/miro-heiskanen-pourrait-ne-pas-etre-remis-avant-les-playoffs-selon-lentraineur-des-stars\/#breadcrumb\",\"itemListElement\":[{\"@type\":\"ListItem\",\"position\":1,\"name\":\"Accueil\",\"item\":\"https:\/\/theplayoffs.news\/fr\/\"},{\"@type\":\"ListItem\",\"position\":2,\"name\":\"Miro Heiskanen pourrait ne pas \u00eatre remis avant les playoffs, selon l\u2019entra\u00eeneur des Stars\"}]},{\"@type\":\"WebSite\",\"@id\":\"https:\/\/theplayoffs.news\/fr\/#website\",\"url\":\"https:\/\/theplayoffs.news\/fr\/\",\"name\":\"The Playoffs FR\",\"description\":\"NBA-NFL-NHL-MLB\",\"potentialAction\":[{\"@type\":\"SearchAction\",\"target\":{\"@type\":\"EntryPoint\",\"urlTemplate\":\"https:\/\/theplayoffs.news\/fr\/?s={search_term_string}\"},\"query-input\":{\"@type\":\"PropertyValueSpecification\",\"valueRequired\":true,\"valueName\":\"search_term_string\"}}],\"inLanguage\":\"fr-FR\"},{\"@type\":\"Person\",\"@id\":\"https:\/\/theplayoffs.news\/fr\/#\/schema\/person\/eee5b69ad5d3c51cabe881c839dbe133\",\"name\":\"Charles Taudin\",\"image\":{\"@type\":\"ImageObject\",\"inLanguage\":\"fr-FR\",\"@id\":\"https:\/\/theplayoffs.news\/fr\/#\/schema\/person\/image\/\",\"url\":\"https:\/\/secure.gravatar.com\/avatar\/59a1e772205ce9fd255edfcafc93013736822e20261f294c5753b20c41ede9f2?s=96&d=mm&r=g\",\"contentUrl\":\"https:\/\/secure.gravatar.com\/avatar\/59a1e772205ce9fd255edfcafc93013736822e20261f294c5753b20c41ede9f2?s=96&d=mm&r=g\",\"caption\":\"Charles Taudin\"},\"description\":\"R\u00e9dacteur en chef global de The Playoffs, j\u2019ai cr\u00e9\u00e9 The Free Agent, devenu The Playoffs FR, en 2020 durant la pand\u00e9mie. Amoureux depuis des ann\u00e9es des 4 sports majeurs am\u00e9ricains, j\u2019organise maintenant la strat\u00e9gie \u00e9ditoriale et les r\u00e9seaux sociaux de l\u2019ensemble des versions de The Playoffs. Il m\u2019arrive encore d\u2019\u00e9crire sur certains sports que j\u2019affectionne particuli\u00e8rement comme la NFL ou la MLB. Si vous devez retenir qu\u2019une chose : Eli Manning est le vrai GOAT pour avoir battu deux fois Tom Brady.\",\"sameAs\":[\"https:\/\/www.instagram.com\/ctaudin_\/\"],\"url\":\"https:\/\/theplayoffs.news\/fr\/author\/charles-taudin\/\"}]}<\/script>\n<!-- \/ Yoast SEO plugin. -->","yoast_head_json":{"title":"Miro Heiskanen pourrait ne pas &ecirc;tre remis avant les playoffs, selon l&rsquo;entra&icirc;neur des Stars - The Playoffs FR","robots":{"index":"index","follow":"follow","max-snippet":"max-snippet:-1","max-image-preview":"max-image-preview:large","max-video-preview":"max-video-preview:-1"},"canonical":"https:\/\/theplayoffs.news\/fr\/nhl\/miro-heiskanen-pourrait-ne-pas-etre-remis-avant-les-playoffs-selon-lentraineur-des-stars\/","og_locale":"fr_FR","og_type":"article","og_title":"Miro Heiskanen pourrait ne pas &ecirc;tre remis avant les playoffs, selon l&rsquo;entra&icirc;neur des Stars - The Playoffs FR","og_description":"Selon Pete DeBoer, il existe &laquo; une possibilit&eacute; r&eacute;aliste &raquo; que le d&eacute;fenseur finlandais ne revienne pas &agrave; temps pour le premier tour des s&eacute;ries &eacute;liminatoires.","og_url":"https:\/\/theplayoffs.news\/fr\/nhl\/miro-heiskanen-pourrait-ne-pas-etre-remis-avant-les-playoffs-selon-lentraineur-des-stars\/","og_site_name":"The Playoffs FR","article_publisher":"https:\/\/www.facebook.com\/TheFreeAgentFR\/","article_modified_time":"2025-03-19T09:29:39+00:00","og_image":[{"width":1920,"height":1280,"url":"https:\/\/theplayoffs.news\/fr\/wp-content\/uploads\/2025\/03\/USATSI_25176416.jpg","type":"image\/jpeg"}],"author":"Charles Taudin","twitter_card":"summary_large_image","twitter_creator":"@TheFreeAgentFR","twitter_site":"@TheFreeAgentFR","twitter_misc":{"\u00c9crit par":"Charles Taudin","Dur\u00e9e de lecture estim\u00e9e":"2 minutes"},"schema":{"@context":"https:\/\/schema.org","@graph":[{"@type":"WebPage","@id":"https:\/\/theplayoffs.news\/fr\/nhl\/miro-heiskanen-pourrait-ne-pas-etre-remis-avant-les-playoffs-selon-lentraineur-des-stars\/","url":"https:\/\/theplayoffs.news\/fr\/nhl\/miro-heiskanen-pourrait-ne-pas-etre-remis-avant-les-playoffs-selon-lentraineur-des-stars\/","name":"Miro Heiskanen pourrait ne pas \u00eatre remis avant les playoffs, selon l\u2019entra\u00eeneur des Stars - The Playoffs FR","isPartOf":{"@id":"https:\/\/theplayoffs.news\/fr\/#website"},"primaryImageOfPage":{"@id":"https:\/\/theplayoffs.news\/fr\/nhl\/miro-heiskanen-pourrait-ne-pas-etre-remis-avant-les-playoffs-selon-lentraineur-des-stars\/#primaryimage"},"image":{"@id":"https:\/\/theplayoffs.news\/fr\/nhl\/miro-heiskanen-pourrait-ne-pas-etre-remis-avant-les-playoffs-selon-lentraineur-des-stars\/#primaryimage"},"thumbnailUrl":"https:\/\/theplayoffs.news\/fr\/wp-content\/uploads\/2025\/03\/USATSI_25176416.jpg","datePublished":"2025-03-19T09:29:33+00:00","dateModified":"2025-03-19T09:29:39+00:00","author":{"@id":"https:\/\/theplayoffs.news\/fr\/#\/schema\/person\/eee5b69ad5d3c51cabe881c839dbe133"},"breadcrumb":{"@id":"https:\/\/theplayoffs.news\/fr\/nhl\/miro-heiskanen-pourrait-ne-pas-etre-remis-avant-les-playoffs-selon-lentraineur-des-stars\/#breadcrumb"},"inLanguage":"fr-FR","potentialAction":[{"@type":"ReadAction","target":["https:\/\/theplayoffs.news\/fr\/nhl\/miro-heiskanen-pourrait-ne-pas-etre-remis-avant-les-playoffs-selon-lentraineur-des-stars\/"]}]},{"@type":"ImageObject","inLanguage":"fr-FR","@id":"https:\/\/theplayoffs.news\/fr\/nhl\/miro-heiskanen-pourrait-ne-pas-etre-remis-avant-les-playoffs-selon-lentraineur-des-stars\/#primaryimage","url":"https:\/\/theplayoffs.news\/fr\/wp-content\/uploads\/2025\/03\/USATSI_25176416.jpg","contentUrl":"https:\/\/theplayoffs.news\/fr\/wp-content\/uploads\/2025\/03\/USATSI_25176416.jpg","width":1920,"height":1280,"caption":"Jan 12, 2025; Ottawa, Ontario, CAN; Dallas Stars defenseman Miro Heiskanen (4) skates in the third period against the Ottawa Senators at the Canadian Tire Centre. Mandatory Credit: Marc DesRosiers-Imagn Images"},{"@type":"BreadcrumbList","@id":"https:\/\/theplayoffs.news\/fr\/nhl\/miro-heiskanen-pourrait-ne-pas-etre-remis-avant-les-playoffs-selon-lentraineur-des-stars\/#breadcrumb","itemListElement":[{"@type":"ListItem","position":1,"name":"Accueil","item":"https:\/\/theplayoffs.news\/fr\/"},{"@type":"ListItem","position":2,"name":"Miro Heiskanen pourrait ne pas \u00eatre remis avant les playoffs, selon l\u2019entra\u00eeneur des Stars"}]},{"@type":"WebSite","@id":"https:\/\/theplayoffs.news\/fr\/#website","url":"https:\/\/theplayoffs.news\/fr\/","name":"The Playoffs FR","description":"NBA-NFL-NHL-MLB","potentialAction":[{"@type":"SearchAction","target":{"@type":"EntryPoint","urlTemplate":"https:\/\/theplayoffs.news\/fr\/?s={search_term_string}"},"query-input":{"@type":"PropertyValueSpecification","valueRequired":true,"valueName":"search_term_string"}}],"inLanguage":"fr-FR"},{"@type":"Person","@id":"https:\/\/theplayoffs.news\/fr\/#\/schema\/person\/eee5b69ad5d3c51cabe881c839dbe133","name":"Charles Taudin","image":{"@type":"ImageObject","inLanguage":"fr-FR","@id":"https:\/\/theplayoffs.news\/fr\/#\/schema\/person\/image\/","url":"https:\/\/secure.gravatar.com\/avatar\/59a1e772205ce9fd255edfcafc93013736822e20261f294c5753b20c41ede9f2?s=96&d=mm&r=g","contentUrl":"https:\/\/secure.gravatar.com\/avatar\/59a1e772205ce9fd255edfcafc93013736822e20261f294c5753b20c41ede9f2?s=96&d=mm&r=g","caption":"Charles Taudin"},"description":"R\u00e9dacteur en chef global de The Playoffs, j\u2019ai cr\u00e9\u00e9 The Free Agent, devenu The Playoffs FR, en 2020 durant la pand\u00e9mie. Amoureux depuis des ann\u00e9es des 4 sports majeurs am\u00e9ricains, j\u2019organise maintenant la strat\u00e9gie \u00e9ditoriale et les r\u00e9seaux sociaux de l\u2019ensemble des versions de The Playoffs. Il m\u2019arrive encore d\u2019\u00e9crire sur certains sports que j\u2019affectionne particuli\u00e8rement comme la NFL ou la MLB. Si vous devez retenir qu\u2019une chose : Eli Manning est le vrai GOAT pour avoir battu deux fois Tom Brady.","sameAs":["https:\/\/www.instagram.com\/ctaudin_\/"],"url":"https:\/\/theplayoffs.news\/fr\/author\/charles-taudin\/"}]}},"_links":{"self":[{"href":"https:\/\/theplayoffs.news\/fr\/wp-json\/wp\/v2\/posts\/1485495","targetHints":{"allow":["GET"]}}],"collection":[{"href":"https:\/\/theplayoffs.news\/fr\/wp-json\/wp\/v2\/posts"}],"about":[{"href":"https:\/\/theplayoffs.news\/fr\/wp-json\/wp\/v2\/types\/post"}],"author":[{"embeddable":true,"href":"https:\/\/theplayoffs.news\/fr\/wp-json\/wp\/v2\/users\/13"}],"replies":[{"embeddable":true,"href":"https:\/\/theplayoffs.news\/fr\/wp-json\/wp\/v2\/comments?post=1485495"}],"version-history":[{"count":1,"href":"https:\/\/theplayoffs.news\/fr\/wp-json\/wp\/v2\/posts\/1485495\/revisions"}],"predecessor-version":[{"id":1485498,"href":"https:\/\/theplayoffs.news\/fr\/wp-json\/wp\/v2\/posts\/1485495\/revisions\/1485498"}],"wp:featuredmedia":[{"embeddable":true,"href":"https:\/\/theplayoffs.news\/fr\/wp-json\/wp\/v2\/media\/1485497"}],"wp:attachment":[{"href":"https:\/\/theplayoffs.news\/fr\/wp-json\/wp\/v2\/media?parent=1485495"}],"wp:term":[{"taxonomy":"category","embeddable":true,"href":"https:\/\/theplayoffs.news\/fr\/wp-json\/wp\/v2\/categories?post=1485495"},{"taxonomy":"post_tag","embeddable":true,"href":"https:\/\/theplayoffs.news\/fr\/wp-json\/wp\/v2\/tags?post=1485495"},{"taxonomy":"sport","embeddable":true,"href":"https:\/\/theplayoffs.news\/fr\/wp-json\/wp\/v2\/sport?post=1485495"},{"taxonomy":"saison","embeddable":true,"href":"https:\/\/theplayoffs.news\/fr\/wp-json\/wp\/v2\/saison?post=1485495"}],"curies":[{"name":"wp","href":"https:\/\/api.w.org\/{rel}","templated":true}]}}