{"id":1485304,"date":"2025-03-18T07:48:18","date_gmt":"2025-03-18T06:48:18","guid":{"rendered":"https:\/\/theplayoffs.news\/fr\/uncategorized\/\/"},"modified":"2025-03-18T07:48:23","modified_gmt":"2025-03-18T06:48:23","slug":"cam-ward-je-reve-de-jouer-pour-les-saints","status":"publish","type":"post","link":"https:\/\/theplayoffs.news\/fr\/actualite-nfl\/cam-ward-je-reve-de-jouer-pour-les-saints\/","title":{"rendered":"Cam Ward: &lsquo;Je r\u00eave de jouer pour les Saints!&rsquo;"},"content":{"rendered":"<p>A cette heure, personne ne sait vraiment pour qui <a href=\"https:\/\/theplayoffs.news\/fr\/actualite-nfl\/cam-ward-si-vous-ne-me-draftez-pas-je-vais-vous-le-faire-regretter\/\" class=\"trk-cta-link\" data-cta-trk='{\"ctaType\":\"Link\",\"ctaSubType\":\"main\"}'>Cam Ward<\/a>, projet&eacute; souvent comme num&eacute;ro 1 de la prochaine draft NFL, jouera la saison prochaine! Les favoris pour attirer l&rsquo;ancien quarterback de l&rsquo;universit&eacute; de Miami reste &agrave; cette heure les Tennessee Titans. Les Titans auront en effet le premier choix lors de la prochaine draft mais des appels nombreux re&ccedil;us par la franchise de Nashville pourrait encore changer la donne.<\/p><p>En tout &eacute;tat de cause, Cam Ward lui a donn&eacute; ses pr&eacute;f&eacute;rences concernant ses destinations. Invit&eacute; au Superdome de la Nouvelle-Orl&eacute;ans pour recevoir le Manning Award ce lundi soir, Ward a fait sa d&eacute;claration d&rsquo;amour &agrave; l&rsquo;&eacute;quipe locale:<\/p><blockquote class=\"wp-block-quote is-layout-flow wp-block-quote-is-layout-flow\">\n<p>&laquo;&nbsp;J&rsquo;ai toujours ador&eacute; regarder jouer Drew Brees et Marques Colston&nbsp;&raquo; a <a href=\"https:\/\/www.nbcsports.com\/nfl\/profootballtalk\/rumor-mill\/news\/cam-ward-says-it-would-be-a-dream-to-play-for-the-saints\" class=\"trk-cta-link\" data-cta-trk='{\"ctaType\":\"Link\",\"ctaSubType\":\"main\"}'>confi&eacute; Cam Ward<\/a>. &laquo;&nbsp;Ce serait un v&eacute;ritable r&ecirc;ve de jouer pour les Saints si j&rsquo;en ai l&rsquo;opportunit&eacute; un jour. Mais pour l&rsquo;instant je dois me concentrer sur la saison prochaine.&nbsp;&raquo;<\/p>\n<\/blockquote><p>Effectivement, les chances de voir Cam Ward atterrir en Louisiane sont relativement faibles. Les New Orleans Saints auront le 9e choix de la prochaine draft qui se tiendra dans un mois &agrave; Green Bay. Il faudrait donc un incroyable mouvement de la part des dirigeants des Saints pour que Ward soit le prochain quarterback de la Nouvelle-Orl&eacute;ans. Mais on ne sait jamais ce que l&rsquo;avenir nous r&eacute;serve.<\/p><p>Cr&eacute;dit photo: &copy; Stephanie Amador Blondet-Imagn Images<\/p>\n","protected":false},"excerpt":{"rendered":"<p>NFL &#8211; L&rsquo;ancien quarterback de l&rsquo;universit\u00e9, Cam Ward, semble vouloir jouer en Louisiane<\/p>\n","protected":false},"author":180309964,"featured_media":1485310,"comment_status":"closed","ping_status":"closed","sticky":false,"template":"","format":"standard","meta":{"inline_featured_image":false,"kia_subtitle":"NFL - L'ancien quarterback de l'universit\u00e9, Cam Ward, semble vouloir jouer en Louisiane","_mux_skip_reasons":[],"proofreadBy":0,"footnotes":""},"categories":[118,40],"tags":[8076,994],"sport":[2785],"saison":[7475],"class_list":["post-1485304","post","type-post","status-publish","format-standard","has-post-thumbnail","hentry","category-actualite-nfl","category-nfl","tag-cam-ward","tag-new-orleans-saints","sport-nfl","saison-7475"],"acf":[],"yoast_head":"<!-- This site is optimized with the Yoast SEO plugin v24.2 - https:\/\/yoast.com\/wordpress\/plugins\/seo\/ -->\n<title>Cam Ward: &#039;Je r&ecirc;ve de jouer pour les Saints!&#039; - The Playoffs FR<\/title>\n<meta name=\"description\" content=\"A cette heure, personne ne sait vraiment pour qui Cam Ward, projet&eacute; souvent comme num&eacute;ro 1 de la prochaine draft NFL, jouera la saison...\" \/>\n<meta name=\"robots\" content=\"index, follow, max-snippet:-1, max-image-preview:large, max-video-preview:-1\" \/>\n<link rel=\"canonical\" href=\"https:\/\/theplayoffs.news\/fr\/actualite-nfl\/cam-ward-je-reve-de-jouer-pour-les-saints\/\" \/>\n<meta property=\"og:locale\" content=\"fr_FR\" \/>\n<meta property=\"og:type\" content=\"article\" \/>\n<meta property=\"og:title\" content=\"Cam Ward: &#039;Je r&ecirc;ve de jouer pour les Saints!&#039; - The Playoffs FR\" \/>\n<meta property=\"og:description\" content=\"A cette heure, personne ne sait vraiment pour qui Cam Ward, projet&eacute; souvent comme num&eacute;ro 1 de la prochaine draft NFL, jouera la saison...\" \/>\n<meta property=\"og:url\" content=\"https:\/\/theplayoffs.news\/fr\/actualite-nfl\/cam-ward-je-reve-de-jouer-pour-les-saints\/\" \/>\n<meta property=\"og:site_name\" content=\"The Playoffs FR\" \/>\n<meta property=\"article:publisher\" content=\"https:\/\/www.facebook.com\/TheFreeAgentFR\/\" \/>\n<meta property=\"article:modified_time\" content=\"2025-03-18T07:48:23+01:00\" \/>\n<meta property=\"og:image\" content=\"https:\/\/theplayoffs.news\/fr\/wp-content\/uploads\/2025\/03\/USATSI_25539714.jpg\" \/>\n\t<meta property=\"og:image:width\" content=\"1920\" \/>\n\t<meta property=\"og:image:height\" content=\"1280\" \/>\n\t<meta property=\"og:image:type\" content=\"image\/jpeg\" \/>\n<meta name=\"author\" content=\"Flavien Jumeau\" \/>\n<meta name=\"twitter:card\" content=\"summary_large_image\" \/>\n<meta name=\"twitter:creator\" content=\"@TheFreeAgentFR\" \/>\n<meta name=\"twitter:site\" content=\"@TheFreeAgentFR\" \/>\n<meta name=\"twitter:label1\" content=\"\u00c9crit par\" \/>\n\t<meta name=\"twitter:data1\" content=\"Flavien Jumeau\" \/>\n\t<meta name=\"twitter:label2\" content=\"Dur\u00e9e de lecture estim\u00e9e\" \/>\n\t<meta name=\"twitter:data2\" content=\"2 minutes\" \/>\n<script type=\"application\/ld+json\" class=\"yoast-schema-graph\">{\"@context\":\"https:\/\/schema.org\",\"@graph\":[{\"@type\":\"WebPage\",\"@id\":\"https:\/\/theplayoffs.news\/fr\/actualite-nfl\/cam-ward-je-reve-de-jouer-pour-les-saints\/\",\"url\":\"https:\/\/theplayoffs.news\/fr\/actualite-nfl\/cam-ward-je-reve-de-jouer-pour-les-saints\/\",\"name\":\"Cam Ward: \\\\'Je r\u00eave de jouer pour les Saints!\\\\' - The Playoffs FR\",\"isPartOf\":{\"@id\":\"https:\/\/theplayoffs.news\/fr\/#website\"},\"primaryImageOfPage\":{\"@id\":\"https:\/\/theplayoffs.news\/fr\/actualite-nfl\/cam-ward-je-reve-de-jouer-pour-les-saints\/#primaryimage\"},\"image\":{\"@id\":\"https:\/\/theplayoffs.news\/fr\/actualite-nfl\/cam-ward-je-reve-de-jouer-pour-les-saints\/#primaryimage\"},\"thumbnailUrl\":\"https:\/\/theplayoffs.news\/fr\/wp-content\/uploads\/2025\/03\/USATSI_25539714.jpg\",\"datePublished\":\"2025-03-18T06:48:18+00:00\",\"dateModified\":\"2025-03-18T06:48:23+00:00\",\"author\":{\"@id\":\"https:\/\/theplayoffs.news\/fr\/#\/schema\/person\/def63bc6746dc5957469b75feb99e66d\"},\"description\":\"A cette heure, personne ne sait vraiment pour qui Cam Ward, projet\u00e9 souvent comme num\u00e9ro 1 de la prochaine draft NFL, jouera la saison...\",\"breadcrumb\":{\"@id\":\"https:\/\/theplayoffs.news\/fr\/actualite-nfl\/cam-ward-je-reve-de-jouer-pour-les-saints\/#breadcrumb\"},\"inLanguage\":\"fr-FR\",\"potentialAction\":[{\"@type\":\"ReadAction\",\"target\":[\"https:\/\/theplayoffs.news\/fr\/actualite-nfl\/cam-ward-je-reve-de-jouer-pour-les-saints\/\"]}]},{\"@type\":\"ImageObject\",\"inLanguage\":\"fr-FR\",\"@id\":\"https:\/\/theplayoffs.news\/fr\/actualite-nfl\/cam-ward-je-reve-de-jouer-pour-les-saints\/#primaryimage\",\"url\":\"https:\/\/theplayoffs.news\/fr\/wp-content\/uploads\/2025\/03\/USATSI_25539714.jpg\",\"contentUrl\":\"https:\/\/theplayoffs.news\/fr\/wp-content\/uploads\/2025\/03\/USATSI_25539714.jpg\",\"width\":1920,\"height\":1280,\"caption\":\"Feb 28, 2025; Indianapolis, IN, USA;Miami quarterback Cam Ward (QB15) talks to the press during the 2025 NFL Combine at Indiana Convention Center. Mandatory Credit: Stephanie Amador Blondet-Imagn Images\"},{\"@type\":\"BreadcrumbList\",\"@id\":\"https:\/\/theplayoffs.news\/fr\/actualite-nfl\/cam-ward-je-reve-de-jouer-pour-les-saints\/#breadcrumb\",\"itemListElement\":[{\"@type\":\"ListItem\",\"position\":1,\"name\":\"Accueil\",\"item\":\"https:\/\/theplayoffs.news\/fr\/\"},{\"@type\":\"ListItem\",\"position\":2,\"name\":\"Cam Ward: &lsquo;Je r\u00eave de jouer pour les Saints!&rsquo;\"}]},{\"@type\":\"WebSite\",\"@id\":\"https:\/\/theplayoffs.news\/fr\/#website\",\"url\":\"https:\/\/theplayoffs.news\/fr\/\",\"name\":\"The Playoffs FR\",\"description\":\"NBA-NFL-NHL-MLB\",\"potentialAction\":[{\"@type\":\"SearchAction\",\"target\":{\"@type\":\"EntryPoint\",\"urlTemplate\":\"https:\/\/theplayoffs.news\/fr\/?s={search_term_string}\"},\"query-input\":{\"@type\":\"PropertyValueSpecification\",\"valueRequired\":true,\"valueName\":\"search_term_string\"}}],\"inLanguage\":\"fr-FR\"},{\"@type\":\"Person\",\"@id\":\"https:\/\/theplayoffs.news\/fr\/#\/schema\/person\/def63bc6746dc5957469b75feb99e66d\",\"name\":\"Flavien Jumeau\",\"image\":{\"@type\":\"ImageObject\",\"inLanguage\":\"fr-FR\",\"@id\":\"https:\/\/theplayoffs.news\/fr\/#\/schema\/person\/image\/\",\"url\":\"https:\/\/secure.gravatar.com\/avatar\/e7fa8ba5a4b7e4ce35fe152f083f352db28ad0acce692004ed88a7a7d78893f7?s=96&d=mm&r=g\",\"contentUrl\":\"https:\/\/secure.gravatar.com\/avatar\/e7fa8ba5a4b7e4ce35fe152f083f352db28ad0acce692004ed88a7a7d78893f7?s=96&d=mm&r=g\",\"caption\":\"Flavien Jumeau\"},\"description\":\"Amoureux du sport (et de vraiment tous les sports) depuis mon plus jeune \u00e2ge, j\u2019ai longtemps h\u00e9site entre le snooker et le curling. Finalement c\u2019est le foot US que j\u2019ai d\u00e9cid\u00e9 de choisir! Responsable foot US sur TPO et animateur du podcast Tailgate j\u2019ai pour mission de vous faire d\u00e9couvrir ce sport passionnant si ce n\u2019est pas encore fait et de vous donner les derni\u00e8res actus. Le tout dans la bonne humeur et avec toujours un jeu de mots ou deux savamment distill\u00e9s! Fan des Saints, pour moi Drew Brees est le vrai GOAT!\",\"url\":\"https:\/\/theplayoffs.news\/fr\/author\/flavien-jumeaugmail-com\/\"}]}<\/script>\n<!-- \/ Yoast SEO plugin. -->","yoast_head_json":{"title":"Cam Ward: &#039;Je r&ecirc;ve de jouer pour les Saints!&#039; - The Playoffs FR","description":"A cette heure, personne ne sait vraiment pour qui Cam Ward, projet&eacute; souvent comme num&eacute;ro 1 de la prochaine draft NFL, jouera la saison...","robots":{"index":"index","follow":"follow","max-snippet":"max-snippet:-1","max-image-preview":"max-image-preview:large","max-video-preview":"max-video-preview:-1"},"canonical":"https:\/\/theplayoffs.news\/fr\/actualite-nfl\/cam-ward-je-reve-de-jouer-pour-les-saints\/","og_locale":"fr_FR","og_type":"article","og_title":"Cam Ward: &#039;Je r&ecirc;ve de jouer pour les Saints!&#039; - The Playoffs FR","og_description":"A cette heure, personne ne sait vraiment pour qui Cam Ward, projet&eacute; souvent comme num&eacute;ro 1 de la prochaine draft NFL, jouera la saison...","og_url":"https:\/\/theplayoffs.news\/fr\/actualite-nfl\/cam-ward-je-reve-de-jouer-pour-les-saints\/","og_site_name":"The Playoffs FR","article_publisher":"https:\/\/www.facebook.com\/TheFreeAgentFR\/","article_modified_time":"2025-03-18T06:48:23+00:00","og_image":[{"width":1920,"height":1280,"url":"https:\/\/theplayoffs.news\/fr\/wp-content\/uploads\/2025\/03\/USATSI_25539714.jpg","type":"image\/jpeg"}],"author":"Flavien Jumeau","twitter_card":"summary_large_image","twitter_creator":"@TheFreeAgentFR","twitter_site":"@TheFreeAgentFR","twitter_misc":{"\u00c9crit par":"Flavien Jumeau","Dur\u00e9e de lecture estim\u00e9e":"2 minutes"},"schema":{"@context":"https:\/\/schema.org","@graph":[{"@type":"WebPage","@id":"https:\/\/theplayoffs.news\/fr\/actualite-nfl\/cam-ward-je-reve-de-jouer-pour-les-saints\/","url":"https:\/\/theplayoffs.news\/fr\/actualite-nfl\/cam-ward-je-reve-de-jouer-pour-les-saints\/","name":"Cam Ward: \\'Je r\u00eave de jouer pour les Saints!\\' - The Playoffs FR","isPartOf":{"@id":"https:\/\/theplayoffs.news\/fr\/#website"},"primaryImageOfPage":{"@id":"https:\/\/theplayoffs.news\/fr\/actualite-nfl\/cam-ward-je-reve-de-jouer-pour-les-saints\/#primaryimage"},"image":{"@id":"https:\/\/theplayoffs.news\/fr\/actualite-nfl\/cam-ward-je-reve-de-jouer-pour-les-saints\/#primaryimage"},"thumbnailUrl":"https:\/\/theplayoffs.news\/fr\/wp-content\/uploads\/2025\/03\/USATSI_25539714.jpg","datePublished":"2025-03-18T06:48:18+00:00","dateModified":"2025-03-18T06:48:23+00:00","author":{"@id":"https:\/\/theplayoffs.news\/fr\/#\/schema\/person\/def63bc6746dc5957469b75feb99e66d"},"description":"A cette heure, personne ne sait vraiment pour qui Cam Ward, projet\u00e9 souvent comme num\u00e9ro 1 de la prochaine draft NFL, jouera la saison...","breadcrumb":{"@id":"https:\/\/theplayoffs.news\/fr\/actualite-nfl\/cam-ward-je-reve-de-jouer-pour-les-saints\/#breadcrumb"},"inLanguage":"fr-FR","potentialAction":[{"@type":"ReadAction","target":["https:\/\/theplayoffs.news\/fr\/actualite-nfl\/cam-ward-je-reve-de-jouer-pour-les-saints\/"]}]},{"@type":"ImageObject","inLanguage":"fr-FR","@id":"https:\/\/theplayoffs.news\/fr\/actualite-nfl\/cam-ward-je-reve-de-jouer-pour-les-saints\/#primaryimage","url":"https:\/\/theplayoffs.news\/fr\/wp-content\/uploads\/2025\/03\/USATSI_25539714.jpg","contentUrl":"https:\/\/theplayoffs.news\/fr\/wp-content\/uploads\/2025\/03\/USATSI_25539714.jpg","width":1920,"height":1280,"caption":"Feb 28, 2025; Indianapolis, IN, USA;Miami quarterback Cam Ward (QB15) talks to the press during the 2025 NFL Combine at Indiana Convention Center. Mandatory Credit: Stephanie Amador Blondet-Imagn Images"},{"@type":"BreadcrumbList","@id":"https:\/\/theplayoffs.news\/fr\/actualite-nfl\/cam-ward-je-reve-de-jouer-pour-les-saints\/#breadcrumb","itemListElement":[{"@type":"ListItem","position":1,"name":"Accueil","item":"https:\/\/theplayoffs.news\/fr\/"},{"@type":"ListItem","position":2,"name":"Cam Ward: &lsquo;Je r\u00eave de jouer pour les Saints!&rsquo;"}]},{"@type":"WebSite","@id":"https:\/\/theplayoffs.news\/fr\/#website","url":"https:\/\/theplayoffs.news\/fr\/","name":"The Playoffs FR","description":"NBA-NFL-NHL-MLB","potentialAction":[{"@type":"SearchAction","target":{"@type":"EntryPoint","urlTemplate":"https:\/\/theplayoffs.news\/fr\/?s={search_term_string}"},"query-input":{"@type":"PropertyValueSpecification","valueRequired":true,"valueName":"search_term_string"}}],"inLanguage":"fr-FR"},{"@type":"Person","@id":"https:\/\/theplayoffs.news\/fr\/#\/schema\/person\/def63bc6746dc5957469b75feb99e66d","name":"Flavien Jumeau","image":{"@type":"ImageObject","inLanguage":"fr-FR","@id":"https:\/\/theplayoffs.news\/fr\/#\/schema\/person\/image\/","url":"https:\/\/secure.gravatar.com\/avatar\/e7fa8ba5a4b7e4ce35fe152f083f352db28ad0acce692004ed88a7a7d78893f7?s=96&d=mm&r=g","contentUrl":"https:\/\/secure.gravatar.com\/avatar\/e7fa8ba5a4b7e4ce35fe152f083f352db28ad0acce692004ed88a7a7d78893f7?s=96&d=mm&r=g","caption":"Flavien Jumeau"},"description":"Amoureux du sport (et de vraiment tous les sports) depuis mon plus jeune \u00e2ge, j\u2019ai longtemps h\u00e9site entre le snooker et le curling. Finalement c\u2019est le foot US que j\u2019ai d\u00e9cid\u00e9 de choisir! Responsable foot US sur TPO et animateur du podcast Tailgate j\u2019ai pour mission de vous faire d\u00e9couvrir ce sport passionnant si ce n\u2019est pas encore fait et de vous donner les derni\u00e8res actus. Le tout dans la bonne humeur et avec toujours un jeu de mots ou deux savamment distill\u00e9s! Fan des Saints, pour moi Drew Brees est le vrai GOAT!","url":"https:\/\/theplayoffs.news\/fr\/author\/flavien-jumeaugmail-com\/"}]}},"_links":{"self":[{"href":"https:\/\/theplayoffs.news\/fr\/wp-json\/wp\/v2\/posts\/1485304","targetHints":{"allow":["GET"]}}],"collection":[{"href":"https:\/\/theplayoffs.news\/fr\/wp-json\/wp\/v2\/posts"}],"about":[{"href":"https:\/\/theplayoffs.news\/fr\/wp-json\/wp\/v2\/types\/post"}],"author":[{"embeddable":true,"href":"https:\/\/theplayoffs.news\/fr\/wp-json\/wp\/v2\/users\/180309964"}],"replies":[{"embeddable":true,"href":"https:\/\/theplayoffs.news\/fr\/wp-json\/wp\/v2\/comments?post=1485304"}],"version-history":[{"count":1,"href":"https:\/\/theplayoffs.news\/fr\/wp-json\/wp\/v2\/posts\/1485304\/revisions"}],"predecessor-version":[{"id":1485311,"href":"https:\/\/theplayoffs.news\/fr\/wp-json\/wp\/v2\/posts\/1485304\/revisions\/1485311"}],"wp:featuredmedia":[{"embeddable":true,"href":"https:\/\/theplayoffs.news\/fr\/wp-json\/wp\/v2\/media\/1485310"}],"wp:attachment":[{"href":"https:\/\/theplayoffs.news\/fr\/wp-json\/wp\/v2\/media?parent=1485304"}],"wp:term":[{"taxonomy":"category","embeddable":true,"href":"https:\/\/theplayoffs.news\/fr\/wp-json\/wp\/v2\/categories?post=1485304"},{"taxonomy":"post_tag","embeddable":true,"href":"https:\/\/theplayoffs.news\/fr\/wp-json\/wp\/v2\/tags?post=1485304"},{"taxonomy":"sport","embeddable":true,"href":"https:\/\/theplayoffs.news\/fr\/wp-json\/wp\/v2\/sport?post=1485304"},{"taxonomy":"saison","embeddable":true,"href":"https:\/\/theplayoffs.news\/fr\/wp-json\/wp\/v2\/saison?post=1485304"}],"curies":[{"name":"wp","href":"https:\/\/api.w.org\/{rel}","templated":true}]}}