{"id":1484985,"date":"2025-03-15T13:33:18","date_gmt":"2025-03-15T12:33:18","guid":{"rendered":"https:\/\/theplayoffs.news\/fr\/uncategorized\/\/"},"modified":"2025-03-15T13:33:25","modified_gmt":"2025-03-15T12:33:25","slug":"kyle-juszczyk-retourne-aux-49ers","status":"publish","type":"post","link":"https:\/\/theplayoffs.news\/fr\/free-agency\/kyle-juszczyk-retourne-aux-49ers\/","title":{"rendered":"Kyle Juszczyk retourne aux 49ers !"},"content":{"rendered":"<p>On a cru qu&rsquo;il allait d&eacute;couvrir une nouvelle &eacute;quipe, mais finalement, Kyle Juszczyk va retrouver la sienne. Le fullback va re-signer pour deux saisons de plus avec les 49ers. &Agrave; San Francisco, il touchera un salaire de 8 millions de dollars.<\/p><figure class=\"wp-block-embed is-type-rich is-provider-twitter wp-block-embed-twitter\"><div class=\"wp-block-embed__wrapper\">\n<blockquote class=\"twitter-tweet\" data-width=\"500\" data-dnt=\"true\"><p lang=\"en\" dir=\"ltr\">BREAKING: The 49ers have re-signed famous fullback Kyle Juszczyk to a 2 year $8 million deal <a href=\"https:\/\/t.co\/8hk5PE2z1c\" class=\"trk-cta-link\" data-cta-trk='{\"ctaType\":\"Link\",\"ctaSubType\":\"main\"}'>pic.twitter.com\/8hk5PE2z1c<\/a><\/p>&mdash; John Frascella (Football) (@NFLFrascella) <a href=\"https:\/\/twitter.com\/NFLFrascella\/status\/1900880365830520938?ref_src=twsrc%5Etfw\" class=\"trk-cta-link\" data-cta-trk='{\"ctaType\":\"Link\",\"ctaSubType\":\"main\"}'>March 15, 2025<\/a><\/blockquote><script async src=\"https:\/\/platform.twitter.com\/widgets.js\" charset=\"utf-8\"><\/script>\n<\/div><\/figure><p>Le num&eacute;ro 44 a d&eacute;j&agrave; inscrit <a href=\"https:\/\/www.nfl.com\/players\/kyle-juszczyk\/stats\/career\" class=\"trk-cta-link\" data-cta-trk='{\"ctaType\":\"Link\",\"ctaSubType\":\"main\"}'>24 touchdowns<\/a> et parcouru 2 901 yards en 189 matchs depuis son entr&eacute;e dans la ligue en 2013. Kyle Juszczyk va jouer sa neuvi&egrave;me saison avec les pensionnaires du Levi&rsquo;s Stadium.<\/p><ul class=\"wp-block-list\">\n<li>Lire aussi :<\/li>\n<\/ul><p><a href=\"https:\/\/theplayoffs.news\/fr\/actualite-nfl\/nfl-fantasy-deebo-samuel-en-2025\/\" class=\"trk-cta-link\" data-cta-trk='{\"ctaType\":\"Link\",\"ctaSubType\":\"main\"}'>NFL Fantasy : Deebo Samuel en 2025 !<\/a><\/p><p><a href=\"https:\/\/theplayoffs.news\/fr\/free-agency\/toujours-pas-de-contrat-pour-russell-wilson\/\" class=\"trk-cta-link\" data-cta-trk='{\"ctaType\":\"Link\",\"ctaSubType\":\"main\"}'>Toujours pas de contrat pour Russell Wilson&nbsp;<\/a><\/p><p>Cr&eacute;dit photo : Matt Kartozian-Imagn Images<\/p>\n","protected":false},"excerpt":{"rendered":"<p>Rel\u00e2ch\u00e9 par les 49ers il y a quelques jours, Kyle Juszczyk vient finalement de re-signer avec San Francisco ce samedi.<\/p>\n","protected":false},"author":180310250,"featured_media":1484987,"comment_status":"closed","ping_status":"closed","sticky":false,"template":"","format":"standard","meta":{"inline_featured_image":false,"kia_subtitle":"Rel\u00e2ch\u00e9 par les 49ers il y a quelques jours, Kyle Juszczyk vient finalement de re-signer avec San Francisco ce samedi.","_mux_skip_reasons":[],"proofreadBy":0,"footnotes":""},"categories":[2234,40],"tags":[8131,1765,79,5071,939],"sport":[2785],"saison":[7475],"class_list":["post-1484985","post","type-post","status-publish","format-standard","has-post-thumbnail","hentry","category-free-agency","category-nfl","tag-free-agency-2025","tag-kyle-juszczyk","tag-nfl","tag-nfl-free-agency","tag-san-francisco-49ers","sport-nfl","saison-7475"],"acf":[],"yoast_head":"<!-- This site is optimized with the Yoast SEO plugin v24.2 - https:\/\/yoast.com\/wordpress\/plugins\/seo\/ -->\n<title>Kyle Juszczyk retourne aux 49ers !<\/title>\n<meta name=\"description\" content=\"Rel&acirc;ch&eacute; par les 49ers il y a quelques jours, Kyle Juszczyk vient finalement de re-signer avec San Francisco ce samedi.\" \/>\n<meta name=\"robots\" content=\"index, follow, max-snippet:-1, max-image-preview:large, max-video-preview:-1\" \/>\n<link rel=\"canonical\" href=\"https:\/\/theplayoffs.news\/fr\/free-agency\/kyle-juszczyk-retourne-aux-49ers\/\" \/>\n<meta property=\"og:locale\" content=\"fr_FR\" \/>\n<meta property=\"og:type\" content=\"article\" \/>\n<meta property=\"og:title\" content=\"Kyle Juszczyk retourne aux 49ers !\" \/>\n<meta property=\"og:description\" content=\"Rel&acirc;ch&eacute; par les 49ers il y a quelques jours, Kyle Juszczyk vient finalement de re-signer avec San Francisco ce samedi.\" \/>\n<meta property=\"og:url\" content=\"https:\/\/theplayoffs.news\/fr\/free-agency\/kyle-juszczyk-retourne-aux-49ers\/\" \/>\n<meta property=\"og:site_name\" content=\"The Playoffs FR\" \/>\n<meta property=\"article:publisher\" content=\"https:\/\/www.facebook.com\/TheFreeAgentFR\/\" \/>\n<meta property=\"article:modified_time\" content=\"2025-03-15T13:33:25+01:00\" \/>\n<meta property=\"og:image\" content=\"https:\/\/theplayoffs.news\/fr\/wp-content\/uploads\/2025\/03\/USATSI_25123921.jpg\" \/>\n\t<meta property=\"og:image:width\" content=\"1920\" \/>\n\t<meta property=\"og:image:height\" content=\"1280\" \/>\n\t<meta property=\"og:image:type\" content=\"image\/jpeg\" \/>\n<meta name=\"author\" content=\"Jean Fabre-Jevanoff\" \/>\n<meta name=\"twitter:card\" content=\"summary_large_image\" \/>\n<meta name=\"twitter:creator\" content=\"@the_jfj_42\" \/>\n<meta name=\"twitter:site\" content=\"@TheFreeAgentFR\" \/>\n<meta name=\"twitter:label1\" content=\"\u00c9crit par\" \/>\n\t<meta name=\"twitter:data1\" content=\"Jean Fabre-Jevanoff\" \/>\n\t<meta name=\"twitter:label2\" content=\"Dur\u00e9e de lecture estim\u00e9e\" \/>\n\t<meta name=\"twitter:data2\" content=\"1 minute\" \/>\n<script type=\"application\/ld+json\" class=\"yoast-schema-graph\">{\"@context\":\"https:\/\/schema.org\",\"@graph\":[{\"@type\":\"WebPage\",\"@id\":\"https:\/\/theplayoffs.news\/fr\/free-agency\/kyle-juszczyk-retourne-aux-49ers\/\",\"url\":\"https:\/\/theplayoffs.news\/fr\/free-agency\/kyle-juszczyk-retourne-aux-49ers\/\",\"name\":\"Kyle Juszczyk retourne aux 49ers !\",\"isPartOf\":{\"@id\":\"https:\/\/theplayoffs.news\/fr\/#website\"},\"primaryImageOfPage\":{\"@id\":\"https:\/\/theplayoffs.news\/fr\/free-agency\/kyle-juszczyk-retourne-aux-49ers\/#primaryimage\"},\"image\":{\"@id\":\"https:\/\/theplayoffs.news\/fr\/free-agency\/kyle-juszczyk-retourne-aux-49ers\/#primaryimage\"},\"thumbnailUrl\":\"https:\/\/theplayoffs.news\/fr\/wp-content\/uploads\/2025\/03\/USATSI_25123921.jpg\",\"datePublished\":\"2025-03-15T12:33:18+00:00\",\"dateModified\":\"2025-03-15T12:33:25+00:00\",\"author\":{\"@id\":\"https:\/\/theplayoffs.news\/fr\/#\/schema\/person\/1ea25b88e79fe4fabd657430b0013d3d\"},\"description\":\"Rel\u00e2ch\u00e9 par les 49ers il y a quelques jours, Kyle Juszczyk vient finalement de re-signer avec San Francisco ce samedi.\",\"breadcrumb\":{\"@id\":\"https:\/\/theplayoffs.news\/fr\/free-agency\/kyle-juszczyk-retourne-aux-49ers\/#breadcrumb\"},\"inLanguage\":\"fr-FR\",\"potentialAction\":[{\"@type\":\"ReadAction\",\"target\":[\"https:\/\/theplayoffs.news\/fr\/free-agency\/kyle-juszczyk-retourne-aux-49ers\/\"]}]},{\"@type\":\"ImageObject\",\"inLanguage\":\"fr-FR\",\"@id\":\"https:\/\/theplayoffs.news\/fr\/free-agency\/kyle-juszczyk-retourne-aux-49ers\/#primaryimage\",\"url\":\"https:\/\/theplayoffs.news\/fr\/wp-content\/uploads\/2025\/03\/USATSI_25123921.jpg\",\"contentUrl\":\"https:\/\/theplayoffs.news\/fr\/wp-content\/uploads\/2025\/03\/USATSI_25123921.jpg\",\"width\":1920,\"height\":1280,\"caption\":\"Jan 5, 2025; Glendale, Arizona, USA; San Francisco 49ers fullback Kyle Juszczyk (44) dives for a touchdown as Arizona Cardinals safety Jalen Thompson (34) defends in the second half at State Farm Stadium. Mandatory Credit: Matt Kartozian-Imagn Images\"},{\"@type\":\"BreadcrumbList\",\"@id\":\"https:\/\/theplayoffs.news\/fr\/free-agency\/kyle-juszczyk-retourne-aux-49ers\/#breadcrumb\",\"itemListElement\":[{\"@type\":\"ListItem\",\"position\":1,\"name\":\"Accueil\",\"item\":\"https:\/\/theplayoffs.news\/fr\/\"},{\"@type\":\"ListItem\",\"position\":2,\"name\":\"Kyle Juszczyk retourne aux 49ers !\"}]},{\"@type\":\"WebSite\",\"@id\":\"https:\/\/theplayoffs.news\/fr\/#website\",\"url\":\"https:\/\/theplayoffs.news\/fr\/\",\"name\":\"The Playoffs FR\",\"description\":\"NBA-NFL-NHL-MLB\",\"potentialAction\":[{\"@type\":\"SearchAction\",\"target\":{\"@type\":\"EntryPoint\",\"urlTemplate\":\"https:\/\/theplayoffs.news\/fr\/?s={search_term_string}\"},\"query-input\":{\"@type\":\"PropertyValueSpecification\",\"valueRequired\":true,\"valueName\":\"search_term_string\"}}],\"inLanguage\":\"fr-FR\"},{\"@type\":\"Person\",\"@id\":\"https:\/\/theplayoffs.news\/fr\/#\/schema\/person\/1ea25b88e79fe4fabd657430b0013d3d\",\"name\":\"Jean Fabre-Jevanoff\",\"image\":{\"@type\":\"ImageObject\",\"inLanguage\":\"fr-FR\",\"@id\":\"https:\/\/theplayoffs.news\/fr\/#\/schema\/person\/image\/\",\"url\":\"https:\/\/secure.gravatar.com\/avatar\/18b28dab1159eebc6a17b9787eb8cbbe3242c3d0e8b53b89332f6dc1133aa361?s=96&d=mm&r=g\",\"contentUrl\":\"https:\/\/secure.gravatar.com\/avatar\/18b28dab1159eebc6a17b9787eb8cbbe3242c3d0e8b53b89332f6dc1133aa361?s=96&d=mm&r=g\",\"caption\":\"Jean Fabre-Jevanoff\"},\"description\":\"Journaliste polyvalent sur le football am\u00e9ricain, j\u2019\u00e9cris aussi des articles sur le basket. Commentateur sur Twitch et sur YouTube. Pass\u00e9 par Eurosport notamment. Un mix d\u2019Eminem et de OBJ, fan inconditionnel de Patrick Mahomes et Lebron James\",\"sameAs\":[\"https:\/\/www.instagram.com\/_juaniitooo_\",\"https:\/\/www.linkedin.com\/in\/jean-fabre-jevanoff-84bb9b1a9\/\",\"https:\/\/x.com\/the_jfj_42\"],\"url\":\"https:\/\/theplayoffs.news\/fr\/author\/jeanfj42gmail-com\/\"}]}<\/script>\n<!-- \/ Yoast SEO plugin. -->","yoast_head_json":{"title":"Kyle Juszczyk retourne aux 49ers !","description":"Rel&acirc;ch&eacute; par les 49ers il y a quelques jours, Kyle Juszczyk vient finalement de re-signer avec San Francisco ce samedi.","robots":{"index":"index","follow":"follow","max-snippet":"max-snippet:-1","max-image-preview":"max-image-preview:large","max-video-preview":"max-video-preview:-1"},"canonical":"https:\/\/theplayoffs.news\/fr\/free-agency\/kyle-juszczyk-retourne-aux-49ers\/","og_locale":"fr_FR","og_type":"article","og_title":"Kyle Juszczyk retourne aux 49ers !","og_description":"Rel&acirc;ch&eacute; par les 49ers il y a quelques jours, Kyle Juszczyk vient finalement de re-signer avec San Francisco ce samedi.","og_url":"https:\/\/theplayoffs.news\/fr\/free-agency\/kyle-juszczyk-retourne-aux-49ers\/","og_site_name":"The Playoffs FR","article_publisher":"https:\/\/www.facebook.com\/TheFreeAgentFR\/","article_modified_time":"2025-03-15T12:33:25+00:00","og_image":[{"width":1920,"height":1280,"url":"https:\/\/theplayoffs.news\/fr\/wp-content\/uploads\/2025\/03\/USATSI_25123921.jpg","type":"image\/jpeg"}],"author":"Jean Fabre-Jevanoff","twitter_card":"summary_large_image","twitter_creator":"@the_jfj_42","twitter_site":"@TheFreeAgentFR","twitter_misc":{"\u00c9crit par":"Jean Fabre-Jevanoff","Dur\u00e9e de lecture estim\u00e9e":"1 minute"},"schema":{"@context":"https:\/\/schema.org","@graph":[{"@type":"WebPage","@id":"https:\/\/theplayoffs.news\/fr\/free-agency\/kyle-juszczyk-retourne-aux-49ers\/","url":"https:\/\/theplayoffs.news\/fr\/free-agency\/kyle-juszczyk-retourne-aux-49ers\/","name":"Kyle Juszczyk retourne aux 49ers !","isPartOf":{"@id":"https:\/\/theplayoffs.news\/fr\/#website"},"primaryImageOfPage":{"@id":"https:\/\/theplayoffs.news\/fr\/free-agency\/kyle-juszczyk-retourne-aux-49ers\/#primaryimage"},"image":{"@id":"https:\/\/theplayoffs.news\/fr\/free-agency\/kyle-juszczyk-retourne-aux-49ers\/#primaryimage"},"thumbnailUrl":"https:\/\/theplayoffs.news\/fr\/wp-content\/uploads\/2025\/03\/USATSI_25123921.jpg","datePublished":"2025-03-15T12:33:18+00:00","dateModified":"2025-03-15T12:33:25+00:00","author":{"@id":"https:\/\/theplayoffs.news\/fr\/#\/schema\/person\/1ea25b88e79fe4fabd657430b0013d3d"},"description":"Rel\u00e2ch\u00e9 par les 49ers il y a quelques jours, Kyle Juszczyk vient finalement de re-signer avec San Francisco ce samedi.","breadcrumb":{"@id":"https:\/\/theplayoffs.news\/fr\/free-agency\/kyle-juszczyk-retourne-aux-49ers\/#breadcrumb"},"inLanguage":"fr-FR","potentialAction":[{"@type":"ReadAction","target":["https:\/\/theplayoffs.news\/fr\/free-agency\/kyle-juszczyk-retourne-aux-49ers\/"]}]},{"@type":"ImageObject","inLanguage":"fr-FR","@id":"https:\/\/theplayoffs.news\/fr\/free-agency\/kyle-juszczyk-retourne-aux-49ers\/#primaryimage","url":"https:\/\/theplayoffs.news\/fr\/wp-content\/uploads\/2025\/03\/USATSI_25123921.jpg","contentUrl":"https:\/\/theplayoffs.news\/fr\/wp-content\/uploads\/2025\/03\/USATSI_25123921.jpg","width":1920,"height":1280,"caption":"Jan 5, 2025; Glendale, Arizona, USA; San Francisco 49ers fullback Kyle Juszczyk (44) dives for a touchdown as Arizona Cardinals safety Jalen Thompson (34) defends in the second half at State Farm Stadium. Mandatory Credit: Matt Kartozian-Imagn Images"},{"@type":"BreadcrumbList","@id":"https:\/\/theplayoffs.news\/fr\/free-agency\/kyle-juszczyk-retourne-aux-49ers\/#breadcrumb","itemListElement":[{"@type":"ListItem","position":1,"name":"Accueil","item":"https:\/\/theplayoffs.news\/fr\/"},{"@type":"ListItem","position":2,"name":"Kyle Juszczyk retourne aux 49ers !"}]},{"@type":"WebSite","@id":"https:\/\/theplayoffs.news\/fr\/#website","url":"https:\/\/theplayoffs.news\/fr\/","name":"The Playoffs FR","description":"NBA-NFL-NHL-MLB","potentialAction":[{"@type":"SearchAction","target":{"@type":"EntryPoint","urlTemplate":"https:\/\/theplayoffs.news\/fr\/?s={search_term_string}"},"query-input":{"@type":"PropertyValueSpecification","valueRequired":true,"valueName":"search_term_string"}}],"inLanguage":"fr-FR"},{"@type":"Person","@id":"https:\/\/theplayoffs.news\/fr\/#\/schema\/person\/1ea25b88e79fe4fabd657430b0013d3d","name":"Jean Fabre-Jevanoff","image":{"@type":"ImageObject","inLanguage":"fr-FR","@id":"https:\/\/theplayoffs.news\/fr\/#\/schema\/person\/image\/","url":"https:\/\/secure.gravatar.com\/avatar\/18b28dab1159eebc6a17b9787eb8cbbe3242c3d0e8b53b89332f6dc1133aa361?s=96&d=mm&r=g","contentUrl":"https:\/\/secure.gravatar.com\/avatar\/18b28dab1159eebc6a17b9787eb8cbbe3242c3d0e8b53b89332f6dc1133aa361?s=96&d=mm&r=g","caption":"Jean Fabre-Jevanoff"},"description":"Journaliste polyvalent sur le football am\u00e9ricain, j\u2019\u00e9cris aussi des articles sur le basket. Commentateur sur Twitch et sur YouTube. Pass\u00e9 par Eurosport notamment. Un mix d\u2019Eminem et de OBJ, fan inconditionnel de Patrick Mahomes et Lebron James","sameAs":["https:\/\/www.instagram.com\/_juaniitooo_","https:\/\/www.linkedin.com\/in\/jean-fabre-jevanoff-84bb9b1a9\/","https:\/\/x.com\/the_jfj_42"],"url":"https:\/\/theplayoffs.news\/fr\/author\/jeanfj42gmail-com\/"}]}},"_links":{"self":[{"href":"https:\/\/theplayoffs.news\/fr\/wp-json\/wp\/v2\/posts\/1484985","targetHints":{"allow":["GET"]}}],"collection":[{"href":"https:\/\/theplayoffs.news\/fr\/wp-json\/wp\/v2\/posts"}],"about":[{"href":"https:\/\/theplayoffs.news\/fr\/wp-json\/wp\/v2\/types\/post"}],"author":[{"embeddable":true,"href":"https:\/\/theplayoffs.news\/fr\/wp-json\/wp\/v2\/users\/180310250"}],"replies":[{"embeddable":true,"href":"https:\/\/theplayoffs.news\/fr\/wp-json\/wp\/v2\/comments?post=1484985"}],"version-history":[{"count":2,"href":"https:\/\/theplayoffs.news\/fr\/wp-json\/wp\/v2\/posts\/1484985\/revisions"}],"predecessor-version":[{"id":1484989,"href":"https:\/\/theplayoffs.news\/fr\/wp-json\/wp\/v2\/posts\/1484985\/revisions\/1484989"}],"wp:featuredmedia":[{"embeddable":true,"href":"https:\/\/theplayoffs.news\/fr\/wp-json\/wp\/v2\/media\/1484987"}],"wp:attachment":[{"href":"https:\/\/theplayoffs.news\/fr\/wp-json\/wp\/v2\/media?parent=1484985"}],"wp:term":[{"taxonomy":"category","embeddable":true,"href":"https:\/\/theplayoffs.news\/fr\/wp-json\/wp\/v2\/categories?post=1484985"},{"taxonomy":"post_tag","embeddable":true,"href":"https:\/\/theplayoffs.news\/fr\/wp-json\/wp\/v2\/tags?post=1484985"},{"taxonomy":"sport","embeddable":true,"href":"https:\/\/theplayoffs.news\/fr\/wp-json\/wp\/v2\/sport?post=1484985"},{"taxonomy":"saison","embeddable":true,"href":"https:\/\/theplayoffs.news\/fr\/wp-json\/wp\/v2\/saison?post=1484985"}],"curies":[{"name":"wp","href":"https:\/\/api.w.org\/{rel}","templated":true}]}}