{"id":1484942,"date":"2025-03-15T07:40:57","date_gmt":"2025-03-15T06:40:57","guid":{"rendered":"https:\/\/theplayoffs.news\/fr\/uncategorized\/\/"},"modified":"2025-03-15T07:45:07","modified_gmt":"2025-03-15T06:45:07","slug":"cooper-kupp-rejoint-les-seattle-seahawks","status":"publish","type":"post","link":"https:\/\/theplayoffs.news\/fr\/actualite-nfl\/cooper-kupp-rejoint-les-seattle-seahawks\/","title":{"rendered":"Cooper Kupp rejoint les Seattle Seahawks"},"content":{"rendered":"<p>Le d&eacute;cision concernant l&rsquo;avenir de Cooper Kupp &eacute;tait attendue dans la journ&eacute;e de vendredi. Elle a eu lieu en fin d&rsquo;apr&egrave;s-midi aux Etats-Unis. L&rsquo;ancien receveur des Los Angeles Rams s&rsquo;engage finalement avec les Seattle Seahawks d&rsquo;apr&egrave;s <a href=\"https:\/\/twitter.com\/AdamSchefter\/status\/1900675391502667898\" class=\"trk-cta-link\" data-cta-trk='{\"ctaType\":\"Link\",\"ctaSubType\":\"main\"}'>plusieurs sources concordantes<\/a>. Une arriv&eacute;e sur un contrat de trois ans pour un salaire de 15 millions de dollars par an.<\/p><blockquote class=\"twitter-tweet\"><p lang=\"en\" dir=\"ltr\">Former Super Bowl MVP Cooper Kupp reached agreement with the Seahawks, per source. <a href=\"https:\/\/t.co\/FewoWB7SKF\" class=\"trk-cta-link\" data-cta-trk='{\"ctaType\":\"Link\",\"ctaSubType\":\"main\"}'>pic.twitter.com\/FewoWB7SKF<\/a><\/p>&mdash; Adam Schefter (@AdamSchefter) <a href=\"https:\/\/twitter.com\/AdamSchefter\/status\/1900675391502667898?ref_src=twsrc%5Etfw\" class=\"trk-cta-link\" data-cta-trk='{\"ctaType\":\"Link\",\"ctaSubType\":\"main\"}'>March 14, 2025<\/a><\/blockquote><script async src=\"https:\/\/platform.twitter.com\/widgets.js\" charset=\"utf-8\"><\/script><p>Apr&egrave;s 8 ans pass&eacute;s chez les Los Angeles Rams, et apr&egrave;s avoir connu une victoire au Super Bowl avec la franchise californienne, Cooper Kupp va donc changer d&rsquo;&eacute;quipe. Plus &eacute;tonnant, Kupp a d&eacute;cid&eacute; de rester dans la <a href=\"https:\/\/theplayoffs.news\/fr\/actualite-nfl\/podcast-nfl-review-afc-ouest-nfc-ouest-le-debut-de-la-free-agency\/\" class=\"trk-cta-link\" data-cta-trk='{\"ctaType\":\"Link\",\"ctaSubType\":\"main\"}'>division NFC Ouest<\/a> et retrouvera donc ses anciens co&eacute;quipiers au moins deux fois lors des prochaines saisons. Pour rappel, les Dallas Cowboys &eacute;taient aussi actifs sur le dossier de l&rsquo;ancien receveur des Rams mais sans r&eacute;ussir finalement &agrave; attirer Kupp dans leurs filets.<\/p><p>Pour les Seattle Seahawks, le recrutement de Cooper Kupp &eacute;tait une v&eacute;ritable n&eacute;cessit&eacute;! La franchise de l&rsquo;&eacute;tat de Washington s&rsquo;est s&eacute;par&eacute; ces derniers jours de ses deux meilleurs receveurs &agrave; savoir Tyler Lockett et DK Metcalf, ce dernier ayant rejoint les Pittsburgh Steelers via un trade. Kupp deviendra donc sans doute l&rsquo;une des cibles prioritaires du nouveau quarterback Sam Darnold lors de la prochaine saison et le receveur se retrouvera aux c&ocirc;t&eacute; du jeune talent Jaxon Smith-Njigba dans une situation qui pourrait lui rappeler son entente avec Puka Nacua.<\/p><p>Cr&eacute;dit photo: &copy; Steven Bisig-Imagn Images<\/p>\n","protected":false},"excerpt":{"rendered":"<p>NFL &#8211; L&rsquo;ancien receveur des Los Angeles Rams, Cooper Kupp, a d\u00e9cid\u00e9 de s&rsquo;engager chez les Seattle Seahawks<\/p>\n","protected":false},"author":180309964,"featured_media":1484943,"comment_status":"closed","ping_status":"closed","sticky":false,"template":"","format":"standard","meta":{"inline_featured_image":false,"kia_subtitle":"NFL - L'ancien receveur des Los Angeles Rams, Cooper Kupp, a d\u00e9cid\u00e9 de s'engager chez les Seattle Seahawks","_mux_skip_reasons":[],"proofreadBy":0,"footnotes":""},"categories":[118,40],"tags":[934,695,733],"sport":[2785],"saison":[7475],"class_list":["post-1484942","post","type-post","status-publish","format-standard","has-post-thumbnail","hentry","category-actualite-nfl","category-nfl","tag-cooper-kupp","tag-los-angeles-rams","tag-seattle-seahawks","sport-nfl","saison-7475"],"acf":[],"yoast_head":"<!-- This site is optimized with the Yoast SEO plugin v24.2 - https:\/\/yoast.com\/wordpress\/plugins\/seo\/ -->\n<title>Cooper Kupp rejoint les Seattle Seahawks - The Playoffs FR<\/title>\n<meta name=\"description\" content=\"Le d&eacute;cision concernant l&#039;avenir de Cooper Kupp &eacute;tait attendue dans la journ&eacute;e de vendredi. Elle a eu lieu en fin d&#039;apr&egrave;s-midi aux Etats-Unis.\" \/>\n<meta name=\"robots\" content=\"index, follow, max-snippet:-1, max-image-preview:large, max-video-preview:-1\" \/>\n<link rel=\"canonical\" href=\"https:\/\/theplayoffs.news\/fr\/actualite-nfl\/cooper-kupp-rejoint-les-seattle-seahawks\/\" \/>\n<meta property=\"og:locale\" content=\"fr_FR\" \/>\n<meta property=\"og:type\" content=\"article\" \/>\n<meta property=\"og:title\" content=\"Cooper Kupp rejoint les Seattle Seahawks - The Playoffs FR\" \/>\n<meta property=\"og:description\" content=\"Le d&eacute;cision concernant l&#039;avenir de Cooper Kupp &eacute;tait attendue dans la journ&eacute;e de vendredi. Elle a eu lieu en fin d&#039;apr&egrave;s-midi aux Etats-Unis.\" \/>\n<meta property=\"og:url\" content=\"https:\/\/theplayoffs.news\/fr\/actualite-nfl\/cooper-kupp-rejoint-les-seattle-seahawks\/\" \/>\n<meta property=\"og:site_name\" content=\"The Playoffs FR\" \/>\n<meta property=\"article:publisher\" content=\"https:\/\/www.facebook.com\/TheFreeAgentFR\/\" \/>\n<meta property=\"article:modified_time\" content=\"2025-03-15T07:45:07+01:00\" \/>\n<meta property=\"og:image\" content=\"https:\/\/theplayoffs.news\/fr\/wp-content\/uploads\/2025\/03\/USATSI_24668316.jpg\" \/>\n\t<meta property=\"og:image:width\" content=\"1920\" \/>\n\t<meta property=\"og:image:height\" content=\"1280\" \/>\n\t<meta property=\"og:image:type\" content=\"image\/jpeg\" \/>\n<meta name=\"author\" content=\"Flavien Jumeau\" \/>\n<meta name=\"twitter:card\" content=\"summary_large_image\" \/>\n<meta name=\"twitter:creator\" content=\"@TheFreeAgentFR\" \/>\n<meta name=\"twitter:site\" content=\"@TheFreeAgentFR\" \/>\n<meta name=\"twitter:label1\" content=\"\u00c9crit par\" \/>\n\t<meta name=\"twitter:data1\" content=\"Flavien Jumeau\" \/>\n\t<meta name=\"twitter:label2\" content=\"Dur\u00e9e de lecture estim\u00e9e\" \/>\n\t<meta name=\"twitter:data2\" content=\"2 minutes\" \/>\n<script type=\"application\/ld+json\" class=\"yoast-schema-graph\">{\"@context\":\"https:\/\/schema.org\",\"@graph\":[{\"@type\":\"WebPage\",\"@id\":\"https:\/\/theplayoffs.news\/fr\/actualite-nfl\/cooper-kupp-rejoint-les-seattle-seahawks\/\",\"url\":\"https:\/\/theplayoffs.news\/fr\/actualite-nfl\/cooper-kupp-rejoint-les-seattle-seahawks\/\",\"name\":\"Cooper Kupp rejoint les Seattle Seahawks - The Playoffs FR\",\"isPartOf\":{\"@id\":\"https:\/\/theplayoffs.news\/fr\/#website\"},\"primaryImageOfPage\":{\"@id\":\"https:\/\/theplayoffs.news\/fr\/actualite-nfl\/cooper-kupp-rejoint-les-seattle-seahawks\/#primaryimage\"},\"image\":{\"@id\":\"https:\/\/theplayoffs.news\/fr\/actualite-nfl\/cooper-kupp-rejoint-les-seattle-seahawks\/#primaryimage\"},\"thumbnailUrl\":\"https:\/\/theplayoffs.news\/fr\/wp-content\/uploads\/2025\/03\/USATSI_24668316.jpg\",\"datePublished\":\"2025-03-15T06:40:57+00:00\",\"dateModified\":\"2025-03-15T06:45:07+00:00\",\"author\":{\"@id\":\"https:\/\/theplayoffs.news\/fr\/#\/schema\/person\/def63bc6746dc5957469b75feb99e66d\"},\"description\":\"Le d\u00e9cision concernant l\\\\'avenir de Cooper Kupp \u00e9tait attendue dans la journ\u00e9e de vendredi. Elle a eu lieu en fin d\\\\'apr\u00e8s-midi aux Etats-Unis.\",\"breadcrumb\":{\"@id\":\"https:\/\/theplayoffs.news\/fr\/actualite-nfl\/cooper-kupp-rejoint-les-seattle-seahawks\/#breadcrumb\"},\"inLanguage\":\"fr-FR\",\"potentialAction\":[{\"@type\":\"ReadAction\",\"target\":[\"https:\/\/theplayoffs.news\/fr\/actualite-nfl\/cooper-kupp-rejoint-les-seattle-seahawks\/\"]}]},{\"@type\":\"ImageObject\",\"inLanguage\":\"fr-FR\",\"@id\":\"https:\/\/theplayoffs.news\/fr\/actualite-nfl\/cooper-kupp-rejoint-les-seattle-seahawks\/#primaryimage\",\"url\":\"https:\/\/theplayoffs.news\/fr\/wp-content\/uploads\/2025\/03\/USATSI_24668316.jpg\",\"contentUrl\":\"https:\/\/theplayoffs.news\/fr\/wp-content\/uploads\/2025\/03\/USATSI_24668316.jpg\",\"width\":1920,\"height\":1280,\"caption\":\"Nov 3, 2024; Seattle, Washington, USA; Los Angeles Rams wide receiver Cooper Kupp (10) carries the ball after a catch against the Seattle Seahawks during the first half at Lumen Field. Mandatory Credit: Steven Bisig-Imagn Images\"},{\"@type\":\"BreadcrumbList\",\"@id\":\"https:\/\/theplayoffs.news\/fr\/actualite-nfl\/cooper-kupp-rejoint-les-seattle-seahawks\/#breadcrumb\",\"itemListElement\":[{\"@type\":\"ListItem\",\"position\":1,\"name\":\"Accueil\",\"item\":\"https:\/\/theplayoffs.news\/fr\/\"},{\"@type\":\"ListItem\",\"position\":2,\"name\":\"Cooper Kupp rejoint les Seattle Seahawks\"}]},{\"@type\":\"WebSite\",\"@id\":\"https:\/\/theplayoffs.news\/fr\/#website\",\"url\":\"https:\/\/theplayoffs.news\/fr\/\",\"name\":\"The Playoffs FR\",\"description\":\"NBA-NFL-NHL-MLB\",\"potentialAction\":[{\"@type\":\"SearchAction\",\"target\":{\"@type\":\"EntryPoint\",\"urlTemplate\":\"https:\/\/theplayoffs.news\/fr\/?s={search_term_string}\"},\"query-input\":{\"@type\":\"PropertyValueSpecification\",\"valueRequired\":true,\"valueName\":\"search_term_string\"}}],\"inLanguage\":\"fr-FR\"},{\"@type\":\"Person\",\"@id\":\"https:\/\/theplayoffs.news\/fr\/#\/schema\/person\/def63bc6746dc5957469b75feb99e66d\",\"name\":\"Flavien Jumeau\",\"image\":{\"@type\":\"ImageObject\",\"inLanguage\":\"fr-FR\",\"@id\":\"https:\/\/theplayoffs.news\/fr\/#\/schema\/person\/image\/\",\"url\":\"https:\/\/secure.gravatar.com\/avatar\/e7fa8ba5a4b7e4ce35fe152f083f352db28ad0acce692004ed88a7a7d78893f7?s=96&d=mm&r=g\",\"contentUrl\":\"https:\/\/secure.gravatar.com\/avatar\/e7fa8ba5a4b7e4ce35fe152f083f352db28ad0acce692004ed88a7a7d78893f7?s=96&d=mm&r=g\",\"caption\":\"Flavien Jumeau\"},\"description\":\"Amoureux du sport (et de vraiment tous les sports) depuis mon plus jeune \u00e2ge, j\u2019ai longtemps h\u00e9site entre le snooker et le curling. Finalement c\u2019est le foot US que j\u2019ai d\u00e9cid\u00e9 de choisir! Responsable foot US sur TPO et animateur du podcast Tailgate j\u2019ai pour mission de vous faire d\u00e9couvrir ce sport passionnant si ce n\u2019est pas encore fait et de vous donner les derni\u00e8res actus. Le tout dans la bonne humeur et avec toujours un jeu de mots ou deux savamment distill\u00e9s! Fan des Saints, pour moi Drew Brees est le vrai GOAT!\",\"url\":\"https:\/\/theplayoffs.news\/fr\/author\/flavien-jumeaugmail-com\/\"}]}<\/script>\n<!-- \/ Yoast SEO plugin. -->","yoast_head_json":{"title":"Cooper Kupp rejoint les Seattle Seahawks - The Playoffs FR","description":"Le d&eacute;cision concernant l&#039;avenir de Cooper Kupp &eacute;tait attendue dans la journ&eacute;e de vendredi. Elle a eu lieu en fin d&#039;apr&egrave;s-midi aux Etats-Unis.","robots":{"index":"index","follow":"follow","max-snippet":"max-snippet:-1","max-image-preview":"max-image-preview:large","max-video-preview":"max-video-preview:-1"},"canonical":"https:\/\/theplayoffs.news\/fr\/actualite-nfl\/cooper-kupp-rejoint-les-seattle-seahawks\/","og_locale":"fr_FR","og_type":"article","og_title":"Cooper Kupp rejoint les Seattle Seahawks - The Playoffs FR","og_description":"Le d&eacute;cision concernant l&#039;avenir de Cooper Kupp &eacute;tait attendue dans la journ&eacute;e de vendredi. Elle a eu lieu en fin d&#039;apr&egrave;s-midi aux Etats-Unis.","og_url":"https:\/\/theplayoffs.news\/fr\/actualite-nfl\/cooper-kupp-rejoint-les-seattle-seahawks\/","og_site_name":"The Playoffs FR","article_publisher":"https:\/\/www.facebook.com\/TheFreeAgentFR\/","article_modified_time":"2025-03-15T06:45:07+00:00","og_image":[{"width":1920,"height":1280,"url":"https:\/\/theplayoffs.news\/fr\/wp-content\/uploads\/2025\/03\/USATSI_24668316.jpg","type":"image\/jpeg"}],"author":"Flavien Jumeau","twitter_card":"summary_large_image","twitter_creator":"@TheFreeAgentFR","twitter_site":"@TheFreeAgentFR","twitter_misc":{"\u00c9crit par":"Flavien Jumeau","Dur\u00e9e de lecture estim\u00e9e":"2 minutes"},"schema":{"@context":"https:\/\/schema.org","@graph":[{"@type":"WebPage","@id":"https:\/\/theplayoffs.news\/fr\/actualite-nfl\/cooper-kupp-rejoint-les-seattle-seahawks\/","url":"https:\/\/theplayoffs.news\/fr\/actualite-nfl\/cooper-kupp-rejoint-les-seattle-seahawks\/","name":"Cooper Kupp rejoint les Seattle Seahawks - The Playoffs FR","isPartOf":{"@id":"https:\/\/theplayoffs.news\/fr\/#website"},"primaryImageOfPage":{"@id":"https:\/\/theplayoffs.news\/fr\/actualite-nfl\/cooper-kupp-rejoint-les-seattle-seahawks\/#primaryimage"},"image":{"@id":"https:\/\/theplayoffs.news\/fr\/actualite-nfl\/cooper-kupp-rejoint-les-seattle-seahawks\/#primaryimage"},"thumbnailUrl":"https:\/\/theplayoffs.news\/fr\/wp-content\/uploads\/2025\/03\/USATSI_24668316.jpg","datePublished":"2025-03-15T06:40:57+00:00","dateModified":"2025-03-15T06:45:07+00:00","author":{"@id":"https:\/\/theplayoffs.news\/fr\/#\/schema\/person\/def63bc6746dc5957469b75feb99e66d"},"description":"Le d\u00e9cision concernant l\\'avenir de Cooper Kupp \u00e9tait attendue dans la journ\u00e9e de vendredi. Elle a eu lieu en fin d\\'apr\u00e8s-midi aux Etats-Unis.","breadcrumb":{"@id":"https:\/\/theplayoffs.news\/fr\/actualite-nfl\/cooper-kupp-rejoint-les-seattle-seahawks\/#breadcrumb"},"inLanguage":"fr-FR","potentialAction":[{"@type":"ReadAction","target":["https:\/\/theplayoffs.news\/fr\/actualite-nfl\/cooper-kupp-rejoint-les-seattle-seahawks\/"]}]},{"@type":"ImageObject","inLanguage":"fr-FR","@id":"https:\/\/theplayoffs.news\/fr\/actualite-nfl\/cooper-kupp-rejoint-les-seattle-seahawks\/#primaryimage","url":"https:\/\/theplayoffs.news\/fr\/wp-content\/uploads\/2025\/03\/USATSI_24668316.jpg","contentUrl":"https:\/\/theplayoffs.news\/fr\/wp-content\/uploads\/2025\/03\/USATSI_24668316.jpg","width":1920,"height":1280,"caption":"Nov 3, 2024; Seattle, Washington, USA; Los Angeles Rams wide receiver Cooper Kupp (10) carries the ball after a catch against the Seattle Seahawks during the first half at Lumen Field. Mandatory Credit: Steven Bisig-Imagn Images"},{"@type":"BreadcrumbList","@id":"https:\/\/theplayoffs.news\/fr\/actualite-nfl\/cooper-kupp-rejoint-les-seattle-seahawks\/#breadcrumb","itemListElement":[{"@type":"ListItem","position":1,"name":"Accueil","item":"https:\/\/theplayoffs.news\/fr\/"},{"@type":"ListItem","position":2,"name":"Cooper Kupp rejoint les Seattle Seahawks"}]},{"@type":"WebSite","@id":"https:\/\/theplayoffs.news\/fr\/#website","url":"https:\/\/theplayoffs.news\/fr\/","name":"The Playoffs FR","description":"NBA-NFL-NHL-MLB","potentialAction":[{"@type":"SearchAction","target":{"@type":"EntryPoint","urlTemplate":"https:\/\/theplayoffs.news\/fr\/?s={search_term_string}"},"query-input":{"@type":"PropertyValueSpecification","valueRequired":true,"valueName":"search_term_string"}}],"inLanguage":"fr-FR"},{"@type":"Person","@id":"https:\/\/theplayoffs.news\/fr\/#\/schema\/person\/def63bc6746dc5957469b75feb99e66d","name":"Flavien Jumeau","image":{"@type":"ImageObject","inLanguage":"fr-FR","@id":"https:\/\/theplayoffs.news\/fr\/#\/schema\/person\/image\/","url":"https:\/\/secure.gravatar.com\/avatar\/e7fa8ba5a4b7e4ce35fe152f083f352db28ad0acce692004ed88a7a7d78893f7?s=96&d=mm&r=g","contentUrl":"https:\/\/secure.gravatar.com\/avatar\/e7fa8ba5a4b7e4ce35fe152f083f352db28ad0acce692004ed88a7a7d78893f7?s=96&d=mm&r=g","caption":"Flavien Jumeau"},"description":"Amoureux du sport (et de vraiment tous les sports) depuis mon plus jeune \u00e2ge, j\u2019ai longtemps h\u00e9site entre le snooker et le curling. Finalement c\u2019est le foot US que j\u2019ai d\u00e9cid\u00e9 de choisir! Responsable foot US sur TPO et animateur du podcast Tailgate j\u2019ai pour mission de vous faire d\u00e9couvrir ce sport passionnant si ce n\u2019est pas encore fait et de vous donner les derni\u00e8res actus. Le tout dans la bonne humeur et avec toujours un jeu de mots ou deux savamment distill\u00e9s! Fan des Saints, pour moi Drew Brees est le vrai GOAT!","url":"https:\/\/theplayoffs.news\/fr\/author\/flavien-jumeaugmail-com\/"}]}},"_links":{"self":[{"href":"https:\/\/theplayoffs.news\/fr\/wp-json\/wp\/v2\/posts\/1484942","targetHints":{"allow":["GET"]}}],"collection":[{"href":"https:\/\/theplayoffs.news\/fr\/wp-json\/wp\/v2\/posts"}],"about":[{"href":"https:\/\/theplayoffs.news\/fr\/wp-json\/wp\/v2\/types\/post"}],"author":[{"embeddable":true,"href":"https:\/\/theplayoffs.news\/fr\/wp-json\/wp\/v2\/users\/180309964"}],"replies":[{"embeddable":true,"href":"https:\/\/theplayoffs.news\/fr\/wp-json\/wp\/v2\/comments?post=1484942"}],"version-history":[{"count":2,"href":"https:\/\/theplayoffs.news\/fr\/wp-json\/wp\/v2\/posts\/1484942\/revisions"}],"predecessor-version":[{"id":1484946,"href":"https:\/\/theplayoffs.news\/fr\/wp-json\/wp\/v2\/posts\/1484942\/revisions\/1484946"}],"wp:featuredmedia":[{"embeddable":true,"href":"https:\/\/theplayoffs.news\/fr\/wp-json\/wp\/v2\/media\/1484943"}],"wp:attachment":[{"href":"https:\/\/theplayoffs.news\/fr\/wp-json\/wp\/v2\/media?parent=1484942"}],"wp:term":[{"taxonomy":"category","embeddable":true,"href":"https:\/\/theplayoffs.news\/fr\/wp-json\/wp\/v2\/categories?post=1484942"},{"taxonomy":"post_tag","embeddable":true,"href":"https:\/\/theplayoffs.news\/fr\/wp-json\/wp\/v2\/tags?post=1484942"},{"taxonomy":"sport","embeddable":true,"href":"https:\/\/theplayoffs.news\/fr\/wp-json\/wp\/v2\/sport?post=1484942"},{"taxonomy":"saison","embeddable":true,"href":"https:\/\/theplayoffs.news\/fr\/wp-json\/wp\/v2\/saison?post=1484942"}],"curies":[{"name":"wp","href":"https:\/\/api.w.org\/{rel}","templated":true}]}}