{"id":1484795,"date":"2025-03-14T11:04:58","date_gmt":"2025-03-14T10:04:58","guid":{"rendered":"https:\/\/theplayoffs.news\/fr\/uncategorized\/\/"},"modified":"2025-03-14T11:05:05","modified_gmt":"2025-03-14T10:05:05","slug":"rafael-devers-fin-bras-de-fer","status":"publish","type":"post","link":"https:\/\/theplayoffs.news\/fr\/actualite-mlb\/rafael-devers-fin-bras-de-fer\/","title":{"rendered":"Rafael Devers met fin au bras de fer sur le poste de DH et accepte de jouer o\u00f9 l\u2019\u00e9quipe a besoin"},"content":{"rendered":"<p><em>&ldquo;Le troisi&egrave;me but est ma position.&rdquo;<\/em> C&rsquo;est ce que disait Rafael Devers il y a encore un mois.<\/p><p>Mais apr&egrave;s plusieurs discussions et face &agrave; la r&eacute;alit&eacute; des d&eacute;cisions prises par Boston durant l&rsquo;intersaison, le triple All-Star a chang&eacute; d&rsquo;avis : d&eacute;sormais, il est pr&ecirc;t &agrave; jouer o&ugrave; l&rsquo;&eacute;quipe a besoin de lui.<\/p><p>Jeudi, Devers a d&eacute;clar&eacute; aux journalistes qu&rsquo;il &eacute;tait ouvert &agrave; un passage en tant que DH si c&rsquo;est ce que les Red Sox souhaitent, un revirement majeur par rapport &agrave; sa r&eacute;ticence initiale apr&egrave;s<a href=\"https:\/\/theplayoffs.news\/fr\/actualite-mlb\/alex-bregman-sengage-avec-les-red-sox-pour-3-ans\/\" class=\"trk-cta-link\" data-cta-trk='{\"ctaType\":\"Link\",\"ctaSubType\":\"main\"}'> la signature d&rsquo;Alex Bregman<\/a> en tant qu&rsquo;agent libre. <\/p><p>Bregman, double Gant d&rsquo;Or, s&rsquo;est imm&eacute;diatement impos&eacute; comme le meilleur d&eacute;fenseur de l&rsquo;&eacute;quipe au troisi&egrave;me but, rendant presque in&eacute;vitable un changement de position pour Devers, malgr&eacute; son attachement &agrave; son poste.<\/p><blockquote class=\"wp-block-quote is-layout-flow wp-block-quote-is-layout-flow\">\n<p><em>&ldquo;Je suis l&agrave; pour aider,&rdquo;<\/em> a d&eacute;clar&eacute; Rafael Devers via son interpr&egrave;te, selon <em>The Athletic<\/em>. <em>&ldquo;J&rsquo;ai d&eacute;j&agrave; discut&eacute; avec eux de cela, ils savent ce que je pense, mais je suis pr&ecirc;t &agrave; jouer.&rdquo;<\/em><\/p>\n<\/blockquote><p>La conversation avec le manager Alex Cora et le directeur des op&eacute;rations baseball Craig Breslow a eu lieu il y a quelques semaines. Et bien qu&rsquo;il ait fallu un certain temps, Devers semble aujourd&rsquo;hui plus r&eacute;ceptif &agrave; l&rsquo;id&eacute;e d&rsquo;un changement.<\/p><h2 class=\"wp-block-heading\"><strong>Rafael Devers sera-t-il pr&ecirc;t pour l&rsquo;Opening Day de la MLB ?<\/strong><\/h2><p>Devers n&rsquo;a pas encore disput&eacute; de match officiel d&rsquo;entra&icirc;nement de printemps. Il devait initialement jouer mardi, mais son retour a &eacute;t&eacute; repouss&eacute; au week-end. Il souffre de douleurs aux deux &eacute;paules, un probl&egrave;me qui l&rsquo;a g&ecirc;n&eacute; la saison derni&egrave;re, et se concentre sur leur renforcement en vue du Jour d&rsquo;Ouverture.<\/p><p>Cependant, il a pris place dans la bo&icirc;te de frappeur jeudi lors d&rsquo;un match intra-&eacute;quipe &agrave; Fort Myers, en Floride, et a frapp&eacute; un coup de circuit face au nouveau lanceur des Red Sox, Walker Buehler.<\/p><p>Tout porte &agrave; croire que Devers sera pr&ecirc;t lorsque Boston entamera sa saison le 27 mars contre les Texas Rangers. Reste &agrave; savoir o&ugrave; il &eacute;voluera sur le terrain &ndash; ou s&rsquo;il y &eacute;voluera tout court.<\/p><p><\/p><p>Credit Photo : Wendell Cruz-USA TODAY Sports<\/p>\n","protected":false},"excerpt":{"rendered":"<p>\u201cJe suis pr\u00eat \u00e0 faire ce qu\u2019ils veulent que je fasse.\u201d<\/p>\n","protected":false},"author":180309799,"featured_media":1484796,"comment_status":"closed","ping_status":"closed","sticky":false,"template":"","format":"standard","meta":{"inline_featured_image":false,"kia_subtitle":"\u201cJe suis pr\u00eat \u00e0 faire ce qu\u2019ils veulent que je fasse.\u201d","_mux_skip_reasons":[],"proofreadBy":0,"footnotes":""},"categories":[188,9],"tags":[899,5200],"sport":[],"saison":[],"class_list":["post-1484795","post","type-post","status-publish","format-standard","has-post-thumbnail","hentry","category-actualite-mlb","category-mlb","tag-boston-red-sox","tag-rafael-devers"],"acf":[],"yoast_head":"<!-- This site is optimized with the Yoast SEO plugin v24.2 - https:\/\/yoast.com\/wordpress\/plugins\/seo\/ -->\n<title>Rafael Devers met fin au bras de fer sur le poste de DH et accepte de jouer o&ugrave; l&rsquo;&eacute;quipe a besoin - The Playoffs FR<\/title>\n<meta name=\"robots\" content=\"index, follow, max-snippet:-1, max-image-preview:large, max-video-preview:-1\" \/>\n<link rel=\"canonical\" href=\"https:\/\/theplayoffs.news\/fr\/actualite-mlb\/rafael-devers-fin-bras-de-fer\/\" \/>\n<meta property=\"og:locale\" content=\"fr_FR\" \/>\n<meta property=\"og:type\" content=\"article\" \/>\n<meta property=\"og:title\" content=\"Rafael Devers met fin au bras de fer sur le poste de DH et accepte de jouer o&ugrave; l&rsquo;&eacute;quipe a besoin - The Playoffs FR\" \/>\n<meta property=\"og:description\" content=\"&ldquo;Je suis pr&ecirc;t &agrave; faire ce qu&rsquo;ils veulent que je fasse.&rdquo;\" \/>\n<meta property=\"og:url\" content=\"https:\/\/theplayoffs.news\/fr\/actualite-mlb\/rafael-devers-fin-bras-de-fer\/\" \/>\n<meta property=\"og:site_name\" content=\"The Playoffs FR\" \/>\n<meta property=\"article:publisher\" content=\"https:\/\/www.facebook.com\/TheFreeAgentFR\/\" \/>\n<meta property=\"article:modified_time\" content=\"2025-03-14T11:05:05+01:00\" \/>\n<meta property=\"og:image\" content=\"https:\/\/theplayoffs.news\/fr\/wp-content\/uploads\/2025\/03\/USATSI_24155753.jpg\" \/>\n\t<meta property=\"og:image:width\" content=\"1920\" \/>\n\t<meta property=\"og:image:height\" content=\"1280\" \/>\n\t<meta property=\"og:image:type\" content=\"image\/jpeg\" \/>\n<meta name=\"author\" content=\"La r\u00e9daction\" \/>\n<meta name=\"twitter:card\" content=\"summary_large_image\" \/>\n<meta name=\"twitter:creator\" content=\"@TheFreeAgentFR\" \/>\n<meta name=\"twitter:site\" content=\"@TheFreeAgentFR\" \/>\n<meta name=\"twitter:label1\" content=\"\u00c9crit par\" \/>\n\t<meta name=\"twitter:data1\" content=\"La r\u00e9daction\" \/>\n\t<meta name=\"twitter:label2\" content=\"Dur\u00e9e de lecture estim\u00e9e\" \/>\n\t<meta name=\"twitter:data2\" content=\"2 minutes\" \/>\n<script type=\"application\/ld+json\" class=\"yoast-schema-graph\">{\"@context\":\"https:\/\/schema.org\",\"@graph\":[{\"@type\":\"WebPage\",\"@id\":\"https:\/\/theplayoffs.news\/fr\/actualite-mlb\/rafael-devers-fin-bras-de-fer\/\",\"url\":\"https:\/\/theplayoffs.news\/fr\/actualite-mlb\/rafael-devers-fin-bras-de-fer\/\",\"name\":\"Rafael Devers met fin au bras de fer sur le poste de DH et accepte de jouer o\u00f9 l\u2019\u00e9quipe a besoin - The Playoffs FR\",\"isPartOf\":{\"@id\":\"https:\/\/theplayoffs.news\/fr\/#website\"},\"primaryImageOfPage\":{\"@id\":\"https:\/\/theplayoffs.news\/fr\/actualite-mlb\/rafael-devers-fin-bras-de-fer\/#primaryimage\"},\"image\":{\"@id\":\"https:\/\/theplayoffs.news\/fr\/actualite-mlb\/rafael-devers-fin-bras-de-fer\/#primaryimage\"},\"thumbnailUrl\":\"https:\/\/theplayoffs.news\/fr\/wp-content\/uploads\/2025\/03\/USATSI_24155753.jpg\",\"datePublished\":\"2025-03-14T10:04:58+00:00\",\"dateModified\":\"2025-03-14T10:05:05+00:00\",\"author\":{\"@id\":\"https:\/\/theplayoffs.news\/fr\/#\/schema\/person\/bb40426f4e478f9bd8cdbfeb4f2f9784\"},\"breadcrumb\":{\"@id\":\"https:\/\/theplayoffs.news\/fr\/actualite-mlb\/rafael-devers-fin-bras-de-fer\/#breadcrumb\"},\"inLanguage\":\"fr-FR\",\"potentialAction\":[{\"@type\":\"ReadAction\",\"target\":[\"https:\/\/theplayoffs.news\/fr\/actualite-mlb\/rafael-devers-fin-bras-de-fer\/\"]}]},{\"@type\":\"ImageObject\",\"inLanguage\":\"fr-FR\",\"@id\":\"https:\/\/theplayoffs.news\/fr\/actualite-mlb\/rafael-devers-fin-bras-de-fer\/#primaryimage\",\"url\":\"https:\/\/theplayoffs.news\/fr\/wp-content\/uploads\/2025\/03\/USATSI_24155753.jpg\",\"contentUrl\":\"https:\/\/theplayoffs.news\/fr\/wp-content\/uploads\/2025\/03\/USATSI_24155753.jpg\",\"width\":1920,\"height\":1280,\"caption\":\"Sep 2, 2024; New York City, New York, USA; Boston Red Sox third baseman Rafael Devers (11) at Citi Field. Mandatory Credit: Wendell Cruz-USA TODAY Sports\"},{\"@type\":\"BreadcrumbList\",\"@id\":\"https:\/\/theplayoffs.news\/fr\/actualite-mlb\/rafael-devers-fin-bras-de-fer\/#breadcrumb\",\"itemListElement\":[{\"@type\":\"ListItem\",\"position\":1,\"name\":\"Accueil\",\"item\":\"https:\/\/theplayoffs.news\/fr\/\"},{\"@type\":\"ListItem\",\"position\":2,\"name\":\"Rafael Devers met fin au bras de fer sur le poste de DH et accepte de jouer o\u00f9 l\u2019\u00e9quipe a besoin\"}]},{\"@type\":\"WebSite\",\"@id\":\"https:\/\/theplayoffs.news\/fr\/#website\",\"url\":\"https:\/\/theplayoffs.news\/fr\/\",\"name\":\"The Playoffs FR\",\"description\":\"NBA-NFL-NHL-MLB\",\"potentialAction\":[{\"@type\":\"SearchAction\",\"target\":{\"@type\":\"EntryPoint\",\"urlTemplate\":\"https:\/\/theplayoffs.news\/fr\/?s={search_term_string}\"},\"query-input\":{\"@type\":\"PropertyValueSpecification\",\"valueRequired\":true,\"valueName\":\"search_term_string\"}}],\"inLanguage\":\"fr-FR\"},{\"@type\":\"Person\",\"@id\":\"https:\/\/theplayoffs.news\/fr\/#\/schema\/person\/bb40426f4e478f9bd8cdbfeb4f2f9784\",\"name\":\"La r\u00e9daction\",\"image\":{\"@type\":\"ImageObject\",\"inLanguage\":\"fr-FR\",\"@id\":\"https:\/\/theplayoffs.news\/fr\/#\/schema\/person\/image\/\",\"url\":\"https:\/\/secure.gravatar.com\/avatar\/7e69b41460ab2c17d61c8c364b6a0ee006f957a70191383ef42be1f4733d6515?s=96&d=mm&r=g\",\"contentUrl\":\"https:\/\/secure.gravatar.com\/avatar\/7e69b41460ab2c17d61c8c364b6a0ee006f957a70191383ef42be1f4733d6515?s=96&d=mm&r=g\",\"caption\":\"La r\u00e9daction\"},\"description\":\"On dit qu\\\\'il faut un village pour s\\\\'occuper d\\\\'un enfant. Et bien c\\\\'est exactement ce dont il s\\\\'agit ici pour The Playoffs. La r\u00e9daction, ce sont vos r\u00e9dacteurs pr\u00e9f\u00e9r\u00e9s qui collaborent sur ces articles que vous lisez au quotidien.\u00a0\",\"url\":\"https:\/\/theplayoffs.news\/fr\/author\/freeagentfr\/\"}]}<\/script>\n<!-- \/ Yoast SEO plugin. -->","yoast_head_json":{"title":"Rafael Devers met fin au bras de fer sur le poste de DH et accepte de jouer o&ugrave; l&rsquo;&eacute;quipe a besoin - The Playoffs FR","robots":{"index":"index","follow":"follow","max-snippet":"max-snippet:-1","max-image-preview":"max-image-preview:large","max-video-preview":"max-video-preview:-1"},"canonical":"https:\/\/theplayoffs.news\/fr\/actualite-mlb\/rafael-devers-fin-bras-de-fer\/","og_locale":"fr_FR","og_type":"article","og_title":"Rafael Devers met fin au bras de fer sur le poste de DH et accepte de jouer o&ugrave; l&rsquo;&eacute;quipe a besoin - The Playoffs FR","og_description":"&ldquo;Je suis pr&ecirc;t &agrave; faire ce qu&rsquo;ils veulent que je fasse.&rdquo;","og_url":"https:\/\/theplayoffs.news\/fr\/actualite-mlb\/rafael-devers-fin-bras-de-fer\/","og_site_name":"The Playoffs FR","article_publisher":"https:\/\/www.facebook.com\/TheFreeAgentFR\/","article_modified_time":"2025-03-14T10:05:05+00:00","og_image":[{"width":1920,"height":1280,"url":"https:\/\/theplayoffs.news\/fr\/wp-content\/uploads\/2025\/03\/USATSI_24155753.jpg","type":"image\/jpeg"}],"author":"La r\u00e9daction","twitter_card":"summary_large_image","twitter_creator":"@TheFreeAgentFR","twitter_site":"@TheFreeAgentFR","twitter_misc":{"\u00c9crit par":"La r\u00e9daction","Dur\u00e9e de lecture estim\u00e9e":"2 minutes"},"schema":{"@context":"https:\/\/schema.org","@graph":[{"@type":"WebPage","@id":"https:\/\/theplayoffs.news\/fr\/actualite-mlb\/rafael-devers-fin-bras-de-fer\/","url":"https:\/\/theplayoffs.news\/fr\/actualite-mlb\/rafael-devers-fin-bras-de-fer\/","name":"Rafael Devers met fin au bras de fer sur le poste de DH et accepte de jouer o\u00f9 l\u2019\u00e9quipe a besoin - The Playoffs FR","isPartOf":{"@id":"https:\/\/theplayoffs.news\/fr\/#website"},"primaryImageOfPage":{"@id":"https:\/\/theplayoffs.news\/fr\/actualite-mlb\/rafael-devers-fin-bras-de-fer\/#primaryimage"},"image":{"@id":"https:\/\/theplayoffs.news\/fr\/actualite-mlb\/rafael-devers-fin-bras-de-fer\/#primaryimage"},"thumbnailUrl":"https:\/\/theplayoffs.news\/fr\/wp-content\/uploads\/2025\/03\/USATSI_24155753.jpg","datePublished":"2025-03-14T10:04:58+00:00","dateModified":"2025-03-14T10:05:05+00:00","author":{"@id":"https:\/\/theplayoffs.news\/fr\/#\/schema\/person\/bb40426f4e478f9bd8cdbfeb4f2f9784"},"breadcrumb":{"@id":"https:\/\/theplayoffs.news\/fr\/actualite-mlb\/rafael-devers-fin-bras-de-fer\/#breadcrumb"},"inLanguage":"fr-FR","potentialAction":[{"@type":"ReadAction","target":["https:\/\/theplayoffs.news\/fr\/actualite-mlb\/rafael-devers-fin-bras-de-fer\/"]}]},{"@type":"ImageObject","inLanguage":"fr-FR","@id":"https:\/\/theplayoffs.news\/fr\/actualite-mlb\/rafael-devers-fin-bras-de-fer\/#primaryimage","url":"https:\/\/theplayoffs.news\/fr\/wp-content\/uploads\/2025\/03\/USATSI_24155753.jpg","contentUrl":"https:\/\/theplayoffs.news\/fr\/wp-content\/uploads\/2025\/03\/USATSI_24155753.jpg","width":1920,"height":1280,"caption":"Sep 2, 2024; New York City, New York, USA; Boston Red Sox third baseman Rafael Devers (11) at Citi Field. Mandatory Credit: Wendell Cruz-USA TODAY Sports"},{"@type":"BreadcrumbList","@id":"https:\/\/theplayoffs.news\/fr\/actualite-mlb\/rafael-devers-fin-bras-de-fer\/#breadcrumb","itemListElement":[{"@type":"ListItem","position":1,"name":"Accueil","item":"https:\/\/theplayoffs.news\/fr\/"},{"@type":"ListItem","position":2,"name":"Rafael Devers met fin au bras de fer sur le poste de DH et accepte de jouer o\u00f9 l\u2019\u00e9quipe a besoin"}]},{"@type":"WebSite","@id":"https:\/\/theplayoffs.news\/fr\/#website","url":"https:\/\/theplayoffs.news\/fr\/","name":"The Playoffs FR","description":"NBA-NFL-NHL-MLB","potentialAction":[{"@type":"SearchAction","target":{"@type":"EntryPoint","urlTemplate":"https:\/\/theplayoffs.news\/fr\/?s={search_term_string}"},"query-input":{"@type":"PropertyValueSpecification","valueRequired":true,"valueName":"search_term_string"}}],"inLanguage":"fr-FR"},{"@type":"Person","@id":"https:\/\/theplayoffs.news\/fr\/#\/schema\/person\/bb40426f4e478f9bd8cdbfeb4f2f9784","name":"La r\u00e9daction","image":{"@type":"ImageObject","inLanguage":"fr-FR","@id":"https:\/\/theplayoffs.news\/fr\/#\/schema\/person\/image\/","url":"https:\/\/secure.gravatar.com\/avatar\/7e69b41460ab2c17d61c8c364b6a0ee006f957a70191383ef42be1f4733d6515?s=96&d=mm&r=g","contentUrl":"https:\/\/secure.gravatar.com\/avatar\/7e69b41460ab2c17d61c8c364b6a0ee006f957a70191383ef42be1f4733d6515?s=96&d=mm&r=g","caption":"La r\u00e9daction"},"description":"On dit qu\\'il faut un village pour s\\'occuper d\\'un enfant. Et bien c\\'est exactement ce dont il s\\'agit ici pour The Playoffs. La r\u00e9daction, ce sont vos r\u00e9dacteurs pr\u00e9f\u00e9r\u00e9s qui collaborent sur ces articles que vous lisez au quotidien.\u00a0","url":"https:\/\/theplayoffs.news\/fr\/author\/freeagentfr\/"}]}},"_links":{"self":[{"href":"https:\/\/theplayoffs.news\/fr\/wp-json\/wp\/v2\/posts\/1484795","targetHints":{"allow":["GET"]}}],"collection":[{"href":"https:\/\/theplayoffs.news\/fr\/wp-json\/wp\/v2\/posts"}],"about":[{"href":"https:\/\/theplayoffs.news\/fr\/wp-json\/wp\/v2\/types\/post"}],"author":[{"embeddable":true,"href":"https:\/\/theplayoffs.news\/fr\/wp-json\/wp\/v2\/users\/180309799"}],"replies":[{"embeddable":true,"href":"https:\/\/theplayoffs.news\/fr\/wp-json\/wp\/v2\/comments?post=1484795"}],"version-history":[{"count":1,"href":"https:\/\/theplayoffs.news\/fr\/wp-json\/wp\/v2\/posts\/1484795\/revisions"}],"predecessor-version":[{"id":1484797,"href":"https:\/\/theplayoffs.news\/fr\/wp-json\/wp\/v2\/posts\/1484795\/revisions\/1484797"}],"wp:featuredmedia":[{"embeddable":true,"href":"https:\/\/theplayoffs.news\/fr\/wp-json\/wp\/v2\/media\/1484796"}],"wp:attachment":[{"href":"https:\/\/theplayoffs.news\/fr\/wp-json\/wp\/v2\/media?parent=1484795"}],"wp:term":[{"taxonomy":"category","embeddable":true,"href":"https:\/\/theplayoffs.news\/fr\/wp-json\/wp\/v2\/categories?post=1484795"},{"taxonomy":"post_tag","embeddable":true,"href":"https:\/\/theplayoffs.news\/fr\/wp-json\/wp\/v2\/tags?post=1484795"},{"taxonomy":"sport","embeddable":true,"href":"https:\/\/theplayoffs.news\/fr\/wp-json\/wp\/v2\/sport?post=1484795"},{"taxonomy":"saison","embeddable":true,"href":"https:\/\/theplayoffs.news\/fr\/wp-json\/wp\/v2\/saison?post=1484795"}],"curies":[{"name":"wp","href":"https:\/\/api.w.org\/{rel}","templated":true}]}}