{"id":1484552,"date":"2025-03-12T19:20:07","date_gmt":"2025-03-12T18:20:07","guid":{"rendered":"https:\/\/theplayoffs.news\/fr\/uncategorized\/\/"},"modified":"2025-03-12T19:20:15","modified_gmt":"2025-03-12T18:20:15","slug":"cooper-kupp-finalement-libere-par-les-rams","status":"publish","type":"post","link":"https:\/\/theplayoffs.news\/fr\/actualite-nfl\/cooper-kupp-finalement-libere-par-les-rams\/","title":{"rendered":"Cooper Kupp finalement lib\u00e9r\u00e9 par les Rams"},"content":{"rendered":"<p>Le receveur Cooper <a href=\"https:\/\/www.espn.com\/nfl\/player\/_\/id\/2977187\/cooper-kupp\" class=\"trk-cta-link\" data-cta-trk='{\"ctaType\":\"Link\",\"ctaSubType\":\"main\"}'>Kupp <\/a>va &ecirc;tre lib&eacute;r&eacute; par les Los Angeles Rams apr&egrave;s un feuilleton qui dure depuis des semaines. Plus t&ocirc;t dans l&rsquo;intersaison, la franchise californienne avait l&rsquo;intention de trouver un trade pour son receveur chevronn&eacute;. Cependant, cela n&rsquo;a pas &eacute;t&eacute; possible et les Rams n&rsquo;ont plus d&rsquo;autre choix que de lib&eacute;rer leur receveur star.<\/p><figure class=\"wp-block-embed is-type-rich is-provider-twitter wp-block-embed-twitter\"><div class=\"wp-block-embed__wrapper\">\n<blockquote class=\"twitter-tweet\" data-width=\"500\" data-dnt=\"true\"><p lang=\"en\" dir=\"ltr\">Source: The <a href=\"https:\/\/twitter.com\/hashtag\/Rams?src=hash&amp;ref_src=twsrc%5Etfw\" class=\"trk-cta-link\" data-cta-trk='{\"ctaType\":\"Link\",\"ctaSubType\":\"main\"}'>#Rams<\/a> have informed WR Cooper Kupp they&rsquo;re releasing him today. <a href=\"https:\/\/t.co\/WU3AR8G8O4\" class=\"trk-cta-link\" data-cta-trk='{\"ctaType\":\"Link\",\"ctaSubType\":\"main\"}'>pic.twitter.com\/WU3AR8G8O4<\/a><\/p>&mdash; Tom Pelissero (@TomPelissero) <a href=\"https:\/\/twitter.com\/TomPelissero\/status\/1899883681172632051?ref_src=twsrc%5Etfw\" class=\"trk-cta-link\" data-cta-trk='{\"ctaType\":\"Link\",\"ctaSubType\":\"main\"}'>March 12, 2025<\/a><\/blockquote><script async src=\"https:\/\/platform.twitter.com\/widgets.js\" charset=\"utf-8\"><\/script>\n<\/div><\/figure><p>Le receveur de 31 ans a &eacute;t&eacute; draft&eacute; en 2017 par Los Angeles et est rest&eacute; depuis ce jours un joueur des Rams toute sa carri&egrave;re. Durant son temps en Californie, Cooper Kupp aura r&eacute;alis&eacute; l&rsquo;une des plus grandes saisons effectu&eacute;es par un receveur dans l&rsquo;histoire, si ce n&rsquo;est la meilleure. Lors de la saison 2021, celui-ci avait remport&eacute; la triple couronne, titre r&eacute;compensant un receveur menant les trois grandes cat&eacute;gories.<\/p><p>Kupp menait donc la ligue en r&eacute;ceptions, yards &agrave; la r&eacute;ception, et touchdowns r&eacute;ceptionn&eacute;s. Cela lui a valu le titre de joueur offensif de l&rsquo;ann&eacute;e, avant d&rsquo;aller remporter le Super Bowl LVI face aux Bengals, en prenant en prime le titre de MVP du Super Bowl. Cette saison restera &agrave; jamais historique pour les Rams, qui vont tourner la page d&rsquo;un pilier de la franchise.<\/p><h2 class=\"wp-block-heading\">La suite pour Cooper Kupp et les Rams<\/h2><p>Los Angeles n&rsquo;a pas tard&eacute; &agrave; trouver son rempla&ccedil;ant lors de la free agency. La franchise californienne a <a href=\"https:\/\/theplayoffs.news\/fr\/actualite-nfl\/davante-adams-file-chez-les-rams\/\" class=\"trk-cta-link\" data-cta-trk='{\"ctaType\":\"Link\",\"ctaSubType\":\"main\"}'>sign&eacute; le v&eacute;t&eacute;ran Davante Adams<\/a> aux c&ocirc;t&eacute;s du jeune Puka Nacua.<\/p><p>Pour ce qui est de Kupp, il est d&eacute;sormais libre de signer o&ugrave; bon le souhaite. Lors de la saison 2024, Kupp a jou&eacute; 15 matchs, incluant les playoffs, durant lesquels il a r&eacute;ceptionn&eacute; 62 ballons pour 869 yards et 5 touchdowns. Il a notamment manqu&eacute; cinq semaines de comp&eacute;tition en d&eacute;but de saison suite &agrave; une blessure.<\/p><p>Les blessures ont fortement limit&eacute;es Kupp ces derni&egrave;res ann&eacute;es, ne jouant que 33 des 51 matchs possibles avec les Rams. Dans cette op&eacute;ration, Los Angeles va lib&eacute;rer 7.52 millions de dollars dans le cap space, mais tout de m&ecirc;me garder 22.2 millions d&rsquo;argent mort plus 5 millions de bonus de roster.<\/p><p>Cr&eacute;dit photo : Joe Camporeale&nbsp;&ndash; USA Today<\/p>\n","protected":false},"excerpt":{"rendered":"<p>Les Rams ont d\u00e9cid\u00e9 de lib\u00e9rer Cooper Kupp apr\u00e8s avoir \u00e9chou\u00e9 \u00e0 trouver un trade pour leur receveur de 31 ans.<\/p>\n","protected":false},"author":180310178,"featured_media":1484558,"comment_status":"closed","ping_status":"closed","sticky":false,"template":"","format":"standard","meta":{"inline_featured_image":false,"kia_subtitle":"Les Rams ont d\u00e9cid\u00e9 de lib\u00e9rer Cooper Kupp apr\u00e8s avoir \u00e9chou\u00e9 \u00e0 trouver un trade pour leur receveur de 31 ans.","_mux_skip_reasons":[],"proofreadBy":0,"footnotes":""},"categories":[118,40],"tags":[934,695,79],"sport":[2785],"saison":[7475],"class_list":["post-1484552","post","type-post","status-publish","format-standard","has-post-thumbnail","hentry","category-actualite-nfl","category-nfl","tag-cooper-kupp","tag-los-angeles-rams","tag-nfl","sport-nfl","saison-7475"],"acf":[],"yoast_head":"<!-- This site is optimized with the Yoast SEO plugin v24.2 - https:\/\/yoast.com\/wordpress\/plugins\/seo\/ -->\n<title>Cooper Kupp finalement lib&eacute;r&eacute; par les Rams - The Playoffs FR<\/title>\n<meta name=\"description\" content=\"Les Rams ont d&eacute;cid&eacute; de lib&eacute;rer Cooper Kupp apr&egrave;s avoir &eacute;chou&eacute; &agrave; trouver un trade pour leur receveur de 31 ans.\" \/>\n<meta name=\"robots\" content=\"index, follow, max-snippet:-1, max-image-preview:large, max-video-preview:-1\" \/>\n<link rel=\"canonical\" href=\"https:\/\/theplayoffs.news\/fr\/actualite-nfl\/cooper-kupp-finalement-libere-par-les-rams\/\" \/>\n<meta property=\"og:locale\" content=\"fr_FR\" \/>\n<meta property=\"og:type\" content=\"article\" \/>\n<meta property=\"og:title\" content=\"Cooper Kupp finalement lib&eacute;r&eacute; par les Rams - The Playoffs FR\" \/>\n<meta property=\"og:description\" content=\"Les Rams ont d&eacute;cid&eacute; de lib&eacute;rer Cooper Kupp apr&egrave;s avoir &eacute;chou&eacute; &agrave; trouver un trade pour leur receveur de 31 ans.\" \/>\n<meta property=\"og:url\" content=\"https:\/\/theplayoffs.news\/fr\/actualite-nfl\/cooper-kupp-finalement-libere-par-les-rams\/\" \/>\n<meta property=\"og:site_name\" content=\"The Playoffs FR\" \/>\n<meta property=\"article:publisher\" content=\"https:\/\/www.facebook.com\/TheFreeAgentFR\/\" \/>\n<meta property=\"article:modified_time\" content=\"2025-03-12T19:20:15+01:00\" \/>\n<meta property=\"og:image\" content=\"https:\/\/theplayoffs.news\/fr\/wp-content\/uploads\/2025\/03\/USATSI_25180723.jpg\" \/>\n\t<meta property=\"og:image:width\" content=\"1920\" \/>\n\t<meta property=\"og:image:height\" content=\"1280\" \/>\n\t<meta property=\"og:image:type\" content=\"image\/jpeg\" \/>\n<meta name=\"author\" content=\"Arthur Berlemont\" \/>\n<meta name=\"twitter:card\" content=\"summary_large_image\" \/>\n<meta name=\"twitter:creator\" content=\"@TheFreeAgentFR\" \/>\n<meta name=\"twitter:site\" content=\"@TheFreeAgentFR\" \/>\n<meta name=\"twitter:label1\" content=\"\u00c9crit par\" \/>\n\t<meta name=\"twitter:data1\" content=\"Arthur Berlemont\" \/>\n\t<meta name=\"twitter:label2\" content=\"Dur\u00e9e de lecture estim\u00e9e\" \/>\n\t<meta name=\"twitter:data2\" content=\"2 minutes\" \/>\n<script type=\"application\/ld+json\" class=\"yoast-schema-graph\">{\"@context\":\"https:\/\/schema.org\",\"@graph\":[{\"@type\":\"WebPage\",\"@id\":\"https:\/\/theplayoffs.news\/fr\/actualite-nfl\/cooper-kupp-finalement-libere-par-les-rams\/\",\"url\":\"https:\/\/theplayoffs.news\/fr\/actualite-nfl\/cooper-kupp-finalement-libere-par-les-rams\/\",\"name\":\"Cooper Kupp finalement lib\u00e9r\u00e9 par les Rams - The Playoffs FR\",\"isPartOf\":{\"@id\":\"https:\/\/theplayoffs.news\/fr\/#website\"},\"primaryImageOfPage\":{\"@id\":\"https:\/\/theplayoffs.news\/fr\/actualite-nfl\/cooper-kupp-finalement-libere-par-les-rams\/#primaryimage\"},\"image\":{\"@id\":\"https:\/\/theplayoffs.news\/fr\/actualite-nfl\/cooper-kupp-finalement-libere-par-les-rams\/#primaryimage\"},\"thumbnailUrl\":\"https:\/\/theplayoffs.news\/fr\/wp-content\/uploads\/2025\/03\/USATSI_25180723.jpg\",\"datePublished\":\"2025-03-12T18:20:07+00:00\",\"dateModified\":\"2025-03-12T18:20:15+00:00\",\"author\":{\"@id\":\"https:\/\/theplayoffs.news\/fr\/#\/schema\/person\/b6b04a451dab03a5ab75cec8912e8942\"},\"description\":\"Les Rams ont d\u00e9cid\u00e9 de lib\u00e9rer Cooper Kupp apr\u00e8s avoir \u00e9chou\u00e9 \u00e0 trouver un trade pour leur receveur de 31 ans.\",\"breadcrumb\":{\"@id\":\"https:\/\/theplayoffs.news\/fr\/actualite-nfl\/cooper-kupp-finalement-libere-par-les-rams\/#breadcrumb\"},\"inLanguage\":\"fr-FR\",\"potentialAction\":[{\"@type\":\"ReadAction\",\"target\":[\"https:\/\/theplayoffs.news\/fr\/actualite-nfl\/cooper-kupp-finalement-libere-par-les-rams\/\"]}]},{\"@type\":\"ImageObject\",\"inLanguage\":\"fr-FR\",\"@id\":\"https:\/\/theplayoffs.news\/fr\/actualite-nfl\/cooper-kupp-finalement-libere-par-les-rams\/#primaryimage\",\"url\":\"https:\/\/theplayoffs.news\/fr\/wp-content\/uploads\/2025\/03\/USATSI_25180723.jpg\",\"contentUrl\":\"https:\/\/theplayoffs.news\/fr\/wp-content\/uploads\/2025\/03\/USATSI_25180723.jpg\",\"width\":1920,\"height\":1280,\"caption\":\"Jan 13, 2025; Glendale, AZ, USA; Los Angeles Rams wide receiver Cooper Kupp (10) practices before the NFC wild card game against the Minnesota Vikings at State Farm Stadium. Mandatory Credit: Joe Camporeale-Imagn Images\"},{\"@type\":\"BreadcrumbList\",\"@id\":\"https:\/\/theplayoffs.news\/fr\/actualite-nfl\/cooper-kupp-finalement-libere-par-les-rams\/#breadcrumb\",\"itemListElement\":[{\"@type\":\"ListItem\",\"position\":1,\"name\":\"Accueil\",\"item\":\"https:\/\/theplayoffs.news\/fr\/\"},{\"@type\":\"ListItem\",\"position\":2,\"name\":\"Cooper Kupp finalement lib\u00e9r\u00e9 par les Rams\"}]},{\"@type\":\"WebSite\",\"@id\":\"https:\/\/theplayoffs.news\/fr\/#website\",\"url\":\"https:\/\/theplayoffs.news\/fr\/\",\"name\":\"The Playoffs FR\",\"description\":\"NBA-NFL-NHL-MLB\",\"potentialAction\":[{\"@type\":\"SearchAction\",\"target\":{\"@type\":\"EntryPoint\",\"urlTemplate\":\"https:\/\/theplayoffs.news\/fr\/?s={search_term_string}\"},\"query-input\":{\"@type\":\"PropertyValueSpecification\",\"valueRequired\":true,\"valueName\":\"search_term_string\"}}],\"inLanguage\":\"fr-FR\"},{\"@type\":\"Person\",\"@id\":\"https:\/\/theplayoffs.news\/fr\/#\/schema\/person\/b6b04a451dab03a5ab75cec8912e8942\",\"name\":\"Arthur Berlemont\",\"image\":{\"@type\":\"ImageObject\",\"inLanguage\":\"fr-FR\",\"@id\":\"https:\/\/theplayoffs.news\/fr\/#\/schema\/person\/image\/\",\"url\":\"https:\/\/secure.gravatar.com\/avatar\/19ddab1d62ab0a19b186b86cee130432b120dd6f085625a6a6757dd1aa90a5f3?s=96&d=mm&r=g\",\"contentUrl\":\"https:\/\/secure.gravatar.com\/avatar\/19ddab1d62ab0a19b186b86cee130432b120dd6f085625a6a6757dd1aa90a5f3?s=96&d=mm&r=g\",\"caption\":\"Arthur Berlemont\"},\"description\":\"Etudiant passionn\u00e9 de sport, avant tout m\u00e9caniques, j\\\\'ai d\u00e9couvert les sports US il y a quelques ann\u00e9es. J\\\\'ai tout de suite accroch\u00e9 pour la ville de Cincinnati et ses franchises de NFL et MLB. Aujourd\\\\'hui, je suis l\u00e0 par passion dans la r\u00e9daction d\\\\'articles sur divers sports que j\\\\'affectionne.\",\"url\":\"https:\/\/theplayoffs.news\/fr\/author\/arthur-berlemontgmail-com\/\"}]}<\/script>\n<!-- \/ Yoast SEO plugin. -->","yoast_head_json":{"title":"Cooper Kupp finalement lib&eacute;r&eacute; par les Rams - The Playoffs FR","description":"Les Rams ont d&eacute;cid&eacute; de lib&eacute;rer Cooper Kupp apr&egrave;s avoir &eacute;chou&eacute; &agrave; trouver un trade pour leur receveur de 31 ans.","robots":{"index":"index","follow":"follow","max-snippet":"max-snippet:-1","max-image-preview":"max-image-preview:large","max-video-preview":"max-video-preview:-1"},"canonical":"https:\/\/theplayoffs.news\/fr\/actualite-nfl\/cooper-kupp-finalement-libere-par-les-rams\/","og_locale":"fr_FR","og_type":"article","og_title":"Cooper Kupp finalement lib&eacute;r&eacute; par les Rams - The Playoffs FR","og_description":"Les Rams ont d&eacute;cid&eacute; de lib&eacute;rer Cooper Kupp apr&egrave;s avoir &eacute;chou&eacute; &agrave; trouver un trade pour leur receveur de 31 ans.","og_url":"https:\/\/theplayoffs.news\/fr\/actualite-nfl\/cooper-kupp-finalement-libere-par-les-rams\/","og_site_name":"The Playoffs FR","article_publisher":"https:\/\/www.facebook.com\/TheFreeAgentFR\/","article_modified_time":"2025-03-12T18:20:15+00:00","og_image":[{"width":1920,"height":1280,"url":"https:\/\/theplayoffs.news\/fr\/wp-content\/uploads\/2025\/03\/USATSI_25180723.jpg","type":"image\/jpeg"}],"author":"Arthur Berlemont","twitter_card":"summary_large_image","twitter_creator":"@TheFreeAgentFR","twitter_site":"@TheFreeAgentFR","twitter_misc":{"\u00c9crit par":"Arthur Berlemont","Dur\u00e9e de lecture estim\u00e9e":"2 minutes"},"schema":{"@context":"https:\/\/schema.org","@graph":[{"@type":"WebPage","@id":"https:\/\/theplayoffs.news\/fr\/actualite-nfl\/cooper-kupp-finalement-libere-par-les-rams\/","url":"https:\/\/theplayoffs.news\/fr\/actualite-nfl\/cooper-kupp-finalement-libere-par-les-rams\/","name":"Cooper Kupp finalement lib\u00e9r\u00e9 par les Rams - The Playoffs FR","isPartOf":{"@id":"https:\/\/theplayoffs.news\/fr\/#website"},"primaryImageOfPage":{"@id":"https:\/\/theplayoffs.news\/fr\/actualite-nfl\/cooper-kupp-finalement-libere-par-les-rams\/#primaryimage"},"image":{"@id":"https:\/\/theplayoffs.news\/fr\/actualite-nfl\/cooper-kupp-finalement-libere-par-les-rams\/#primaryimage"},"thumbnailUrl":"https:\/\/theplayoffs.news\/fr\/wp-content\/uploads\/2025\/03\/USATSI_25180723.jpg","datePublished":"2025-03-12T18:20:07+00:00","dateModified":"2025-03-12T18:20:15+00:00","author":{"@id":"https:\/\/theplayoffs.news\/fr\/#\/schema\/person\/b6b04a451dab03a5ab75cec8912e8942"},"description":"Les Rams ont d\u00e9cid\u00e9 de lib\u00e9rer Cooper Kupp apr\u00e8s avoir \u00e9chou\u00e9 \u00e0 trouver un trade pour leur receveur de 31 ans.","breadcrumb":{"@id":"https:\/\/theplayoffs.news\/fr\/actualite-nfl\/cooper-kupp-finalement-libere-par-les-rams\/#breadcrumb"},"inLanguage":"fr-FR","potentialAction":[{"@type":"ReadAction","target":["https:\/\/theplayoffs.news\/fr\/actualite-nfl\/cooper-kupp-finalement-libere-par-les-rams\/"]}]},{"@type":"ImageObject","inLanguage":"fr-FR","@id":"https:\/\/theplayoffs.news\/fr\/actualite-nfl\/cooper-kupp-finalement-libere-par-les-rams\/#primaryimage","url":"https:\/\/theplayoffs.news\/fr\/wp-content\/uploads\/2025\/03\/USATSI_25180723.jpg","contentUrl":"https:\/\/theplayoffs.news\/fr\/wp-content\/uploads\/2025\/03\/USATSI_25180723.jpg","width":1920,"height":1280,"caption":"Jan 13, 2025; Glendale, AZ, USA; Los Angeles Rams wide receiver Cooper Kupp (10) practices before the NFC wild card game against the Minnesota Vikings at State Farm Stadium. Mandatory Credit: Joe Camporeale-Imagn Images"},{"@type":"BreadcrumbList","@id":"https:\/\/theplayoffs.news\/fr\/actualite-nfl\/cooper-kupp-finalement-libere-par-les-rams\/#breadcrumb","itemListElement":[{"@type":"ListItem","position":1,"name":"Accueil","item":"https:\/\/theplayoffs.news\/fr\/"},{"@type":"ListItem","position":2,"name":"Cooper Kupp finalement lib\u00e9r\u00e9 par les Rams"}]},{"@type":"WebSite","@id":"https:\/\/theplayoffs.news\/fr\/#website","url":"https:\/\/theplayoffs.news\/fr\/","name":"The Playoffs FR","description":"NBA-NFL-NHL-MLB","potentialAction":[{"@type":"SearchAction","target":{"@type":"EntryPoint","urlTemplate":"https:\/\/theplayoffs.news\/fr\/?s={search_term_string}"},"query-input":{"@type":"PropertyValueSpecification","valueRequired":true,"valueName":"search_term_string"}}],"inLanguage":"fr-FR"},{"@type":"Person","@id":"https:\/\/theplayoffs.news\/fr\/#\/schema\/person\/b6b04a451dab03a5ab75cec8912e8942","name":"Arthur Berlemont","image":{"@type":"ImageObject","inLanguage":"fr-FR","@id":"https:\/\/theplayoffs.news\/fr\/#\/schema\/person\/image\/","url":"https:\/\/secure.gravatar.com\/avatar\/19ddab1d62ab0a19b186b86cee130432b120dd6f085625a6a6757dd1aa90a5f3?s=96&d=mm&r=g","contentUrl":"https:\/\/secure.gravatar.com\/avatar\/19ddab1d62ab0a19b186b86cee130432b120dd6f085625a6a6757dd1aa90a5f3?s=96&d=mm&r=g","caption":"Arthur Berlemont"},"description":"Etudiant passionn\u00e9 de sport, avant tout m\u00e9caniques, j\\'ai d\u00e9couvert les sports US il y a quelques ann\u00e9es. J\\'ai tout de suite accroch\u00e9 pour la ville de Cincinnati et ses franchises de NFL et MLB. Aujourd\\'hui, je suis l\u00e0 par passion dans la r\u00e9daction d\\'articles sur divers sports que j\\'affectionne.","url":"https:\/\/theplayoffs.news\/fr\/author\/arthur-berlemontgmail-com\/"}]}},"_links":{"self":[{"href":"https:\/\/theplayoffs.news\/fr\/wp-json\/wp\/v2\/posts\/1484552","targetHints":{"allow":["GET"]}}],"collection":[{"href":"https:\/\/theplayoffs.news\/fr\/wp-json\/wp\/v2\/posts"}],"about":[{"href":"https:\/\/theplayoffs.news\/fr\/wp-json\/wp\/v2\/types\/post"}],"author":[{"embeddable":true,"href":"https:\/\/theplayoffs.news\/fr\/wp-json\/wp\/v2\/users\/180310178"}],"replies":[{"embeddable":true,"href":"https:\/\/theplayoffs.news\/fr\/wp-json\/wp\/v2\/comments?post=1484552"}],"version-history":[{"count":1,"href":"https:\/\/theplayoffs.news\/fr\/wp-json\/wp\/v2\/posts\/1484552\/revisions"}],"predecessor-version":[{"id":1484559,"href":"https:\/\/theplayoffs.news\/fr\/wp-json\/wp\/v2\/posts\/1484552\/revisions\/1484559"}],"wp:featuredmedia":[{"embeddable":true,"href":"https:\/\/theplayoffs.news\/fr\/wp-json\/wp\/v2\/media\/1484558"}],"wp:attachment":[{"href":"https:\/\/theplayoffs.news\/fr\/wp-json\/wp\/v2\/media?parent=1484552"}],"wp:term":[{"taxonomy":"category","embeddable":true,"href":"https:\/\/theplayoffs.news\/fr\/wp-json\/wp\/v2\/categories?post=1484552"},{"taxonomy":"post_tag","embeddable":true,"href":"https:\/\/theplayoffs.news\/fr\/wp-json\/wp\/v2\/tags?post=1484552"},{"taxonomy":"sport","embeddable":true,"href":"https:\/\/theplayoffs.news\/fr\/wp-json\/wp\/v2\/sport?post=1484552"},{"taxonomy":"saison","embeddable":true,"href":"https:\/\/theplayoffs.news\/fr\/wp-json\/wp\/v2\/saison?post=1484552"}],"curies":[{"name":"wp","href":"https:\/\/api.w.org\/{rel}","templated":true}]}}