{"id":1484250,"date":"2025-03-11T14:23:36","date_gmt":"2025-03-11T13:23:36","guid":{"rendered":"https:\/\/theplayoffs.news\/fr\/uncategorized\/\/"},"modified":"2025-03-11T16:41:47","modified_gmt":"2025-03-11T15:41:47","slug":"allen-signe-aux-vikings","status":"publish","type":"post","link":"https:\/\/theplayoffs.news\/fr\/free-agency\/allen-signe-aux-vikings\/","title":{"rendered":"Jonathan Allen signe aux Vikings !"},"content":{"rendered":"<p>Devenu agent libre apr&egrave;s avoir &eacute;t&eacute; lib&eacute;r&eacute; vendredi 7 mars par les Washington Commanders, Jonathan Allen rejoint d&eacute;j&agrave; une nouvelle &eacute;quipe. En visite ce lundi &agrave; Minnesota, le defensive tackle s&rsquo;est engag&eacute; avec les Vikings ce mardi. <\/p><p>&Acirc;g&eacute; de 30 ans, c&rsquo;est la premi&egrave;re fois qu&rsquo;Allen jouera pour une autre franchise que celle de D.C.&nbsp;Il a sign&eacute; un contrat de 60 millions de dollars sur trois ans.&nbsp;<\/p><figure class=\"wp-block-embed is-type-rich is-provider-twitter wp-block-embed-twitter\"><div class=\"wp-block-embed__wrapper\">\n<blockquote class=\"twitter-tweet\" data-width=\"500\" data-dnt=\"true\"><p lang=\"en\" dir=\"ltr\">Vikings to sign DT Jonathan Allen to a 3-year, $60M deal. (via <a href=\"https:\/\/twitter.com\/RapSheet?ref_src=twsrc%5Etfw\" class=\"trk-cta-link\" data-cta-trk='{\"ctaType\":\"Link\",\"ctaSubType\":\"main\"}'>@RapSheet<\/a>, <a href=\"https:\/\/twitter.com\/TomPelissero?ref_src=twsrc%5Etfw\" class=\"trk-cta-link\" data-cta-trk='{\"ctaType\":\"Link\",\"ctaSubType\":\"main\"}'>@TomPelissero<\/a>) <a href=\"https:\/\/t.co\/YHU1baF0A4\" class=\"trk-cta-link\" data-cta-trk='{\"ctaType\":\"Link\",\"ctaSubType\":\"main\"}'>pic.twitter.com\/YHU1baF0A4<\/a><\/p>&mdash; NFL (@NFL) <a href=\"https:\/\/twitter.com\/NFL\/status\/1899432518459224418?ref_src=twsrc%5Etfw\" class=\"trk-cta-link\" data-cta-trk='{\"ctaType\":\"Link\",\"ctaSubType\":\"main\"}'>March 11, 2025<\/a><\/blockquote><script async src=\"https:\/\/platform.twitter.com\/widgets.js\" charset=\"utf-8\"><\/script>\n<\/div><\/figure><p>Choisi au premier tour (17&#7497; position) de la Draft NFL 2017, Jonathan Allen a accumul&eacute; <a href=\"https:\/\/www.espn.com\/nfl\/player\/_\/id\/3054840\/jonathan-allen\" class=\"trk-cta-link\" data-cta-trk='{\"ctaType\":\"Link\",\"ctaSubType\":\"main\"}'>42 sacks et 60 plaquages<\/a> pour pertes lors de ses huit premi&egrave;res saisons en NFL.&nbsp;<\/p><ul class=\"wp-block-list\">\n<li><strong>Lire aussi :<\/strong><\/li>\n<\/ul><p><a href=\"https:\/\/theplayoffs.news\/fr\/actualite-nfl\/free-agency-nfl-2025-gagnants-et-perdants-apres-la-premiere-journee\/\" class=\"trk-cta-link\" data-cta-trk='{\"ctaType\":\"Link\",\"ctaSubType\":\"main\"}'>Free Agency NFL 2025: Gagnants et perdants apr&egrave;s la premi&egrave;re journ&eacute;e<\/a><\/p><p><a href=\"https:\/\/theplayoffs.news\/fr\/free-agency\/free-agency-le-resume-de-la-1ere-journee\/\" class=\"trk-cta-link\" data-cta-trk='{\"ctaType\":\"Link\",\"ctaSubType\":\"main\"}'>Free Agency : le r&eacute;sum&eacute; de la 1&egrave;re journ&eacute;e<\/a><\/p><p>Une nouvelle arriv&eacute;e de bonne augure pour le coordinateur d&eacute;fensif des Vikings. Brian Flores pourra &eacute;galement compter sur son cornerback Byron Murphy, qui a &eacute;t&eacute; prolong&eacute; cette nuit. De quoi &ecirc;tre serein pour la saison prochaine.<\/p><p>D&eacute;sormais, l&rsquo;ancien joueur des Commanders va tenter d&rsquo;aider les Vikings &agrave; gagner un match en playoffs, ce qui n&rsquo;est plus arriv&eacute; depuis 2019.&nbsp;<\/p><p>Credit photo : Sam Navarro-USA TODAY Sports<\/p>\n","protected":false},"excerpt":{"rendered":"<p>R\u00e9cemment lib\u00e9r\u00e9 par Washington, Jonathan Allen a trouv\u00e9 sa nouvelle franchise. Le defensive tackle file aux Vikings.<\/p>\n","protected":false},"author":180310250,"featured_media":1484252,"comment_status":"closed","ping_status":"closed","sticky":false,"template":"","format":"standard","meta":{"inline_featured_image":false,"kia_subtitle":"R\u00e9cemment lib\u00e9r\u00e9 par Washington, Jonathan Allen a trouv\u00e9 sa nouvelle franchise. Le defensive tackle file aux Vikings.","_mux_skip_reasons":[],"proofreadBy":0,"footnotes":""},"categories":[2234,40],"tags":[5072,8108,744,79,5071],"sport":[2785],"saison":[7475],"class_list":["post-1484250","post","type-post","status-publish","format-standard","has-post-thumbnail","hentry","category-free-agency","category-nfl","tag-agent-libres-nfl","tag-jonathan-allen","tag-minnesota-vikings","tag-nfl","tag-nfl-free-agency","sport-nfl","saison-7475"],"acf":[],"yoast_head":"<!-- This site is optimized with the Yoast SEO plugin v24.2 - https:\/\/yoast.com\/wordpress\/plugins\/seo\/ -->\n<title>Jonathan Allen signe aux Vikings !<\/title>\n<meta name=\"description\" content=\"R&eacute;cemment lib&eacute;r&eacute; par Washington, Jonathan Allen a trouv&eacute; sa nouvelle franchise. Le defensive tackle file aux Vikings.\" \/>\n<meta name=\"robots\" content=\"index, follow, max-snippet:-1, max-image-preview:large, max-video-preview:-1\" \/>\n<link rel=\"canonical\" href=\"https:\/\/theplayoffs.news\/fr\/free-agency\/allen-signe-aux-vikings\/\" \/>\n<meta property=\"og:locale\" content=\"fr_FR\" \/>\n<meta property=\"og:type\" content=\"article\" \/>\n<meta property=\"og:title\" content=\"Jonathan Allen signe aux Vikings !\" \/>\n<meta property=\"og:description\" content=\"R&eacute;cemment lib&eacute;r&eacute; par Washington, Jonathan Allen a trouv&eacute; sa nouvelle franchise. Le defensive tackle file aux Vikings.\" \/>\n<meta property=\"og:url\" content=\"https:\/\/theplayoffs.news\/fr\/free-agency\/allen-signe-aux-vikings\/\" \/>\n<meta property=\"og:site_name\" content=\"The Playoffs FR\" \/>\n<meta property=\"article:publisher\" content=\"https:\/\/www.facebook.com\/TheFreeAgentFR\/\" \/>\n<meta property=\"article:modified_time\" content=\"2025-03-11T16:41:47+01:00\" \/>\n<meta property=\"og:image\" content=\"https:\/\/theplayoffs.news\/fr\/wp-content\/uploads\/2025\/03\/USATSI_24020321.jpg\" \/>\n\t<meta property=\"og:image:width\" content=\"1920\" \/>\n\t<meta property=\"og:image:height\" content=\"1281\" \/>\n\t<meta property=\"og:image:type\" content=\"image\/jpeg\" \/>\n<meta name=\"author\" content=\"Jean Fabre-Jevanoff\" \/>\n<meta name=\"twitter:card\" content=\"summary_large_image\" \/>\n<meta name=\"twitter:creator\" content=\"@the_jfj_42\" \/>\n<meta name=\"twitter:site\" content=\"@TheFreeAgentFR\" \/>\n<meta name=\"twitter:label1\" content=\"\u00c9crit par\" \/>\n\t<meta name=\"twitter:data1\" content=\"Jean Fabre-Jevanoff\" \/>\n\t<meta name=\"twitter:label2\" content=\"Dur\u00e9e de lecture estim\u00e9e\" \/>\n\t<meta name=\"twitter:data2\" content=\"2 minutes\" \/>\n<script type=\"application\/ld+json\" class=\"yoast-schema-graph\">{\"@context\":\"https:\/\/schema.org\",\"@graph\":[{\"@type\":\"WebPage\",\"@id\":\"https:\/\/theplayoffs.news\/fr\/free-agency\/allen-signe-aux-vikings\/\",\"url\":\"https:\/\/theplayoffs.news\/fr\/free-agency\/allen-signe-aux-vikings\/\",\"name\":\"Jonathan Allen signe aux Vikings !\",\"isPartOf\":{\"@id\":\"https:\/\/theplayoffs.news\/fr\/#website\"},\"primaryImageOfPage\":{\"@id\":\"https:\/\/theplayoffs.news\/fr\/free-agency\/allen-signe-aux-vikings\/#primaryimage\"},\"image\":{\"@id\":\"https:\/\/theplayoffs.news\/fr\/free-agency\/allen-signe-aux-vikings\/#primaryimage\"},\"thumbnailUrl\":\"https:\/\/theplayoffs.news\/fr\/wp-content\/uploads\/2025\/03\/USATSI_24020321.jpg\",\"datePublished\":\"2025-03-11T13:23:36+00:00\",\"dateModified\":\"2025-03-11T15:41:47+00:00\",\"author\":{\"@id\":\"https:\/\/theplayoffs.news\/fr\/#\/schema\/person\/1ea25b88e79fe4fabd657430b0013d3d\"},\"description\":\"R\u00e9cemment lib\u00e9r\u00e9 par Washington, Jonathan Allen a trouv\u00e9 sa nouvelle franchise. Le defensive tackle file aux Vikings.\",\"breadcrumb\":{\"@id\":\"https:\/\/theplayoffs.news\/fr\/free-agency\/allen-signe-aux-vikings\/#breadcrumb\"},\"inLanguage\":\"fr-FR\",\"potentialAction\":[{\"@type\":\"ReadAction\",\"target\":[\"https:\/\/theplayoffs.news\/fr\/free-agency\/allen-signe-aux-vikings\/\"]}]},{\"@type\":\"ImageObject\",\"inLanguage\":\"fr-FR\",\"@id\":\"https:\/\/theplayoffs.news\/fr\/free-agency\/allen-signe-aux-vikings\/#primaryimage\",\"url\":\"https:\/\/theplayoffs.news\/fr\/wp-content\/uploads\/2025\/03\/USATSI_24020321.jpg\",\"contentUrl\":\"https:\/\/theplayoffs.news\/fr\/wp-content\/uploads\/2025\/03\/USATSI_24020321.jpg\",\"width\":1920,\"height\":1281,\"caption\":\"Aug 17, 2024; Miami Gardens, Florida, USA; Washington Commanders defensive tackle Jonathan Allen (93) warms up before a preseason game against the Miami Dolphins at Hard Rock Stadium. Mandatory Credit: Sam Navarro-USA TODAY Sports\"},{\"@type\":\"BreadcrumbList\",\"@id\":\"https:\/\/theplayoffs.news\/fr\/free-agency\/allen-signe-aux-vikings\/#breadcrumb\",\"itemListElement\":[{\"@type\":\"ListItem\",\"position\":1,\"name\":\"Accueil\",\"item\":\"https:\/\/theplayoffs.news\/fr\/\"},{\"@type\":\"ListItem\",\"position\":2,\"name\":\"Jonathan Allen signe aux Vikings !\"}]},{\"@type\":\"WebSite\",\"@id\":\"https:\/\/theplayoffs.news\/fr\/#website\",\"url\":\"https:\/\/theplayoffs.news\/fr\/\",\"name\":\"The Playoffs FR\",\"description\":\"NBA-NFL-NHL-MLB\",\"potentialAction\":[{\"@type\":\"SearchAction\",\"target\":{\"@type\":\"EntryPoint\",\"urlTemplate\":\"https:\/\/theplayoffs.news\/fr\/?s={search_term_string}\"},\"query-input\":{\"@type\":\"PropertyValueSpecification\",\"valueRequired\":true,\"valueName\":\"search_term_string\"}}],\"inLanguage\":\"fr-FR\"},{\"@type\":\"Person\",\"@id\":\"https:\/\/theplayoffs.news\/fr\/#\/schema\/person\/1ea25b88e79fe4fabd657430b0013d3d\",\"name\":\"Jean Fabre-Jevanoff\",\"image\":{\"@type\":\"ImageObject\",\"inLanguage\":\"fr-FR\",\"@id\":\"https:\/\/theplayoffs.news\/fr\/#\/schema\/person\/image\/\",\"url\":\"https:\/\/secure.gravatar.com\/avatar\/18b28dab1159eebc6a17b9787eb8cbbe3242c3d0e8b53b89332f6dc1133aa361?s=96&d=mm&r=g\",\"contentUrl\":\"https:\/\/secure.gravatar.com\/avatar\/18b28dab1159eebc6a17b9787eb8cbbe3242c3d0e8b53b89332f6dc1133aa361?s=96&d=mm&r=g\",\"caption\":\"Jean Fabre-Jevanoff\"},\"description\":\"Journaliste polyvalent sur le football am\u00e9ricain, j\u2019\u00e9cris aussi des articles sur le basket. Commentateur sur Twitch et sur YouTube. Pass\u00e9 par Eurosport notamment. Un mix d\u2019Eminem et de OBJ, fan inconditionnel de Patrick Mahomes et Lebron James\",\"sameAs\":[\"https:\/\/www.instagram.com\/_juaniitooo_\",\"https:\/\/www.linkedin.com\/in\/jean-fabre-jevanoff-84bb9b1a9\/\",\"https:\/\/x.com\/the_jfj_42\"],\"url\":\"https:\/\/theplayoffs.news\/fr\/author\/jeanfj42gmail-com\/\"}]}<\/script>\n<!-- \/ Yoast SEO plugin. -->","yoast_head_json":{"title":"Jonathan Allen signe aux Vikings !","description":"R&eacute;cemment lib&eacute;r&eacute; par Washington, Jonathan Allen a trouv&eacute; sa nouvelle franchise. Le defensive tackle file aux Vikings.","robots":{"index":"index","follow":"follow","max-snippet":"max-snippet:-1","max-image-preview":"max-image-preview:large","max-video-preview":"max-video-preview:-1"},"canonical":"https:\/\/theplayoffs.news\/fr\/free-agency\/allen-signe-aux-vikings\/","og_locale":"fr_FR","og_type":"article","og_title":"Jonathan Allen signe aux Vikings !","og_description":"R&eacute;cemment lib&eacute;r&eacute; par Washington, Jonathan Allen a trouv&eacute; sa nouvelle franchise. Le defensive tackle file aux Vikings.","og_url":"https:\/\/theplayoffs.news\/fr\/free-agency\/allen-signe-aux-vikings\/","og_site_name":"The Playoffs FR","article_publisher":"https:\/\/www.facebook.com\/TheFreeAgentFR\/","article_modified_time":"2025-03-11T15:41:47+00:00","og_image":[{"width":1920,"height":1281,"url":"https:\/\/theplayoffs.news\/fr\/wp-content\/uploads\/2025\/03\/USATSI_24020321.jpg","type":"image\/jpeg"}],"author":"Jean Fabre-Jevanoff","twitter_card":"summary_large_image","twitter_creator":"@the_jfj_42","twitter_site":"@TheFreeAgentFR","twitter_misc":{"\u00c9crit par":"Jean Fabre-Jevanoff","Dur\u00e9e de lecture estim\u00e9e":"2 minutes"},"schema":{"@context":"https:\/\/schema.org","@graph":[{"@type":"WebPage","@id":"https:\/\/theplayoffs.news\/fr\/free-agency\/allen-signe-aux-vikings\/","url":"https:\/\/theplayoffs.news\/fr\/free-agency\/allen-signe-aux-vikings\/","name":"Jonathan Allen signe aux Vikings !","isPartOf":{"@id":"https:\/\/theplayoffs.news\/fr\/#website"},"primaryImageOfPage":{"@id":"https:\/\/theplayoffs.news\/fr\/free-agency\/allen-signe-aux-vikings\/#primaryimage"},"image":{"@id":"https:\/\/theplayoffs.news\/fr\/free-agency\/allen-signe-aux-vikings\/#primaryimage"},"thumbnailUrl":"https:\/\/theplayoffs.news\/fr\/wp-content\/uploads\/2025\/03\/USATSI_24020321.jpg","datePublished":"2025-03-11T13:23:36+00:00","dateModified":"2025-03-11T15:41:47+00:00","author":{"@id":"https:\/\/theplayoffs.news\/fr\/#\/schema\/person\/1ea25b88e79fe4fabd657430b0013d3d"},"description":"R\u00e9cemment lib\u00e9r\u00e9 par Washington, Jonathan Allen a trouv\u00e9 sa nouvelle franchise. Le defensive tackle file aux Vikings.","breadcrumb":{"@id":"https:\/\/theplayoffs.news\/fr\/free-agency\/allen-signe-aux-vikings\/#breadcrumb"},"inLanguage":"fr-FR","potentialAction":[{"@type":"ReadAction","target":["https:\/\/theplayoffs.news\/fr\/free-agency\/allen-signe-aux-vikings\/"]}]},{"@type":"ImageObject","inLanguage":"fr-FR","@id":"https:\/\/theplayoffs.news\/fr\/free-agency\/allen-signe-aux-vikings\/#primaryimage","url":"https:\/\/theplayoffs.news\/fr\/wp-content\/uploads\/2025\/03\/USATSI_24020321.jpg","contentUrl":"https:\/\/theplayoffs.news\/fr\/wp-content\/uploads\/2025\/03\/USATSI_24020321.jpg","width":1920,"height":1281,"caption":"Aug 17, 2024; Miami Gardens, Florida, USA; Washington Commanders defensive tackle Jonathan Allen (93) warms up before a preseason game against the Miami Dolphins at Hard Rock Stadium. Mandatory Credit: Sam Navarro-USA TODAY Sports"},{"@type":"BreadcrumbList","@id":"https:\/\/theplayoffs.news\/fr\/free-agency\/allen-signe-aux-vikings\/#breadcrumb","itemListElement":[{"@type":"ListItem","position":1,"name":"Accueil","item":"https:\/\/theplayoffs.news\/fr\/"},{"@type":"ListItem","position":2,"name":"Jonathan Allen signe aux Vikings !"}]},{"@type":"WebSite","@id":"https:\/\/theplayoffs.news\/fr\/#website","url":"https:\/\/theplayoffs.news\/fr\/","name":"The Playoffs FR","description":"NBA-NFL-NHL-MLB","potentialAction":[{"@type":"SearchAction","target":{"@type":"EntryPoint","urlTemplate":"https:\/\/theplayoffs.news\/fr\/?s={search_term_string}"},"query-input":{"@type":"PropertyValueSpecification","valueRequired":true,"valueName":"search_term_string"}}],"inLanguage":"fr-FR"},{"@type":"Person","@id":"https:\/\/theplayoffs.news\/fr\/#\/schema\/person\/1ea25b88e79fe4fabd657430b0013d3d","name":"Jean Fabre-Jevanoff","image":{"@type":"ImageObject","inLanguage":"fr-FR","@id":"https:\/\/theplayoffs.news\/fr\/#\/schema\/person\/image\/","url":"https:\/\/secure.gravatar.com\/avatar\/18b28dab1159eebc6a17b9787eb8cbbe3242c3d0e8b53b89332f6dc1133aa361?s=96&d=mm&r=g","contentUrl":"https:\/\/secure.gravatar.com\/avatar\/18b28dab1159eebc6a17b9787eb8cbbe3242c3d0e8b53b89332f6dc1133aa361?s=96&d=mm&r=g","caption":"Jean Fabre-Jevanoff"},"description":"Journaliste polyvalent sur le football am\u00e9ricain, j\u2019\u00e9cris aussi des articles sur le basket. Commentateur sur Twitch et sur YouTube. Pass\u00e9 par Eurosport notamment. Un mix d\u2019Eminem et de OBJ, fan inconditionnel de Patrick Mahomes et Lebron James","sameAs":["https:\/\/www.instagram.com\/_juaniitooo_","https:\/\/www.linkedin.com\/in\/jean-fabre-jevanoff-84bb9b1a9\/","https:\/\/x.com\/the_jfj_42"],"url":"https:\/\/theplayoffs.news\/fr\/author\/jeanfj42gmail-com\/"}]}},"_links":{"self":[{"href":"https:\/\/theplayoffs.news\/fr\/wp-json\/wp\/v2\/posts\/1484250","targetHints":{"allow":["GET"]}}],"collection":[{"href":"https:\/\/theplayoffs.news\/fr\/wp-json\/wp\/v2\/posts"}],"about":[{"href":"https:\/\/theplayoffs.news\/fr\/wp-json\/wp\/v2\/types\/post"}],"author":[{"embeddable":true,"href":"https:\/\/theplayoffs.news\/fr\/wp-json\/wp\/v2\/users\/180310250"}],"replies":[{"embeddable":true,"href":"https:\/\/theplayoffs.news\/fr\/wp-json\/wp\/v2\/comments?post=1484250"}],"version-history":[{"count":3,"href":"https:\/\/theplayoffs.news\/fr\/wp-json\/wp\/v2\/posts\/1484250\/revisions"}],"predecessor-version":[{"id":1484295,"href":"https:\/\/theplayoffs.news\/fr\/wp-json\/wp\/v2\/posts\/1484250\/revisions\/1484295"}],"wp:featuredmedia":[{"embeddable":true,"href":"https:\/\/theplayoffs.news\/fr\/wp-json\/wp\/v2\/media\/1484252"}],"wp:attachment":[{"href":"https:\/\/theplayoffs.news\/fr\/wp-json\/wp\/v2\/media?parent=1484250"}],"wp:term":[{"taxonomy":"category","embeddable":true,"href":"https:\/\/theplayoffs.news\/fr\/wp-json\/wp\/v2\/categories?post=1484250"},{"taxonomy":"post_tag","embeddable":true,"href":"https:\/\/theplayoffs.news\/fr\/wp-json\/wp\/v2\/tags?post=1484250"},{"taxonomy":"sport","embeddable":true,"href":"https:\/\/theplayoffs.news\/fr\/wp-json\/wp\/v2\/sport?post=1484250"},{"taxonomy":"saison","embeddable":true,"href":"https:\/\/theplayoffs.news\/fr\/wp-json\/wp\/v2\/saison?post=1484250"}],"curies":[{"name":"wp","href":"https:\/\/api.w.org\/{rel}","templated":true}]}}