{"id":1484197,"date":"2025-03-11T11:25:18","date_gmt":"2025-03-11T10:25:18","guid":{"rendered":"https:\/\/theplayoffs.news\/fr\/uncategorized\/\/"},"modified":"2025-03-11T11:25:25","modified_gmt":"2025-03-11T10:25:25","slug":"free-agency-le-resume-de-la-1ere-journee","status":"publish","type":"post","link":"https:\/\/theplayoffs.news\/fr\/free-agency\/free-agency-le-resume-de-la-1ere-journee\/","title":{"rendered":"Free Agency : le r\u00e9sum\u00e9 de la 1\u00e8re journ\u00e9e"},"content":{"rendered":"<p>Alors que la p&eacute;riode l&eacute;gale de discussion pour la free agency a d&eacute;but&eacute; ce lundi &agrave; 18 h, heure fran&ccedil;aise, de nombreux mouvements ont eu lieu dans la nuit, et non des moindres.<\/p><h2 class=\"wp-block-heading\">Darnold, Fields et Wilson ont boug&eacute;<\/h2><p>Chez les quarterbacks, tout d&rsquo;abord.<a href=\"https:\/\/theplayoffs.news\/fr\/actualite-nfl\/sam-darnold-debarque-chez-les-seattle-seahawks\/\" class=\"trk-cta-link\" data-cta-trk='{\"ctaType\":\"Link\",\"ctaSubType\":\"main\"}'> Sam Darnold<\/a> va rejoindre les Seahawks, qui ont r&eacute;cemment laiss&eacute; filer Geno Smith. Darnold a sign&eacute; un contrat de 3 ans &agrave; hauteur de 100,5 M$, dont 55 M$ garantis, avec Seattle.<\/p><p><a href=\"https:\/\/theplayoffs.news\/fr\/actualite-nfl\/justin-fields-arrive-chez-les-new-york-jets\/\" class=\"trk-cta-link\" data-cta-trk='{\"ctaType\":\"Link\",\"ctaSubType\":\"main\"}'>Justin Fields quitte Pittsburgh et rejoint New York.<\/a> Fields a paraph&eacute; un contrat de deux ans et 40 M$, dont 30 M$ garantis. Il prend ainsi la succession d&rsquo;Aaron Rodgers.<\/p><p>Zach Wilson, lui, a d&eacute;cid&eacute; de rejoindre Miami. Le QB de 25 ans s&rsquo;engage avec les Dolphins pour une saison et 6 M$. Wilson devra assurer la doublure de Tua Tagovailoa.<\/p><h3 class=\"wp-block-heading\">Kenny Pickett est envoy&eacute; &agrave; Cleveland<\/h3><p>Outre ces signatures, il y a &eacute;galement eu deux trades durant cette nuit de free agency. Le premier concerne Kenny Pickett. Le quarterback des Eagles quitte Philadelphie apr&egrave;s une saison. Les Eagles &eacute;changent Kenny Pickett (QB, 26 ans) contre Dorian Thompson-Robinson (QB, 25 ans) et un 5e tour de la Draft 2025.<\/p><p>Enfin, les Houston Texans &eacute;changent Laremy Tunsil (LT, 30 ans) et un 4e tour de la Draft 2025 aux Washington Commanders contre un 3e tour de la Draft 2025, un 2e tour et un 4e tour de la Draft 2026.<\/p><h3 class=\"wp-block-heading\">Najee Harris file aux Chargers<\/h3><p>Apr&egrave;s quatre saisons chez les Steelers, Najee Harris rejoint les Chargers. Los Angeles, qui a laiss&eacute; libre Gus Edwards et J.K. Dobbins, assure au moins un running back de qualit&eacute;. Harris signe pour un an et 9,5 M$.<\/p><figure class=\"wp-block-embed is-type-rich is-provider-twitter wp-block-embed-twitter\"><div class=\"wp-block-embed__wrapper\">\n<blockquote class=\"twitter-tweet\" data-width=\"500\" data-dnt=\"true\"><p lang=\"fr\" dir=\"ltr\">&#128680; <a href=\"https:\/\/twitter.com\/ohthatsNajee22?ref_src=twsrc%5Etfw\" class=\"trk-cta-link\" data-cta-trk='{\"ctaType\":\"Link\",\"ctaSubType\":\"main\"}'>@ohthatsNajee22<\/a> va signer pour 1 an, jusqu'&agrave; $9.5M avec les <a href=\"https:\/\/twitter.com\/chargers?ref_src=twsrc%5Etfw\" class=\"trk-cta-link\" data-cta-trk='{\"ctaType\":\"Link\",\"ctaSubType\":\"main\"}'>@chargers<\/a>. [<a href=\"https:\/\/twitter.com\/RapSheet?ref_src=twsrc%5Etfw\" class=\"trk-cta-link\" data-cta-trk='{\"ctaType\":\"Link\",\"ctaSubType\":\"main\"}'>@RapSheet<\/a> <a href=\"https:\/\/twitter.com\/MikeGarafolo?ref_src=twsrc%5Etfw\" class=\"trk-cta-link\" data-cta-trk='{\"ctaType\":\"Link\",\"ctaSubType\":\"main\"}'>@MikeGarafolo<\/a> <a href=\"https:\/\/twitter.com\/TomPelissero?ref_src=twsrc%5Etfw\" class=\"trk-cta-link\" data-cta-trk='{\"ctaType\":\"Link\",\"ctaSubType\":\"main\"}'>@TomPelissero<\/a>]<br><br>Le Running Back de 27 ans quitte Pittsburgh apr&egrave;s 4 saisons pour renforcer l'attaque de Los Angeles. <a href=\"https:\/\/t.co\/hSf4EpnegZ\" class=\"trk-cta-link\" data-cta-trk='{\"ctaType\":\"Link\",\"ctaSubType\":\"main\"}'>pic.twitter.com\/hSf4EpnegZ<\/a><\/p>&mdash; NFL France (@NFLFrance) <a href=\"https:\/\/twitter.com\/NFLFrance\/status\/1899269271433125967?ref_src=twsrc%5Etfw\" class=\"trk-cta-link\" data-cta-trk='{\"ctaType\":\"Link\",\"ctaSubType\":\"main\"}'>March 11, 2025<\/a><\/blockquote><script async src=\"https:\/\/platform.twitter.com\/widgets.js\" charset=\"utf-8\"><\/script>\n<\/div><\/figure><p>Les Chargers ont &eacute;galement perdu Poona Ford cette nuit. Le defensive tackle de 29 ans reste &agrave; Los Angeles mais rejoint les Rams, l&rsquo;autre franchise de la ville.<\/p><p><a href=\"https:\/\/theplayoffs.news\/fr\/actualite-nfl\/milton-williams-arrive-chez-les-patriots\/\" class=\"trk-cta-link\" data-cta-trk='{\"ctaType\":\"Link\",\"ctaSubType\":\"main\"}'>Milton Williams rejoint les Patriots pour 4 ans.<\/a> Avec New England, l&rsquo;ancien des Eagles touchera 104 millions de dollars, dont 63 millions garantis.<\/p><p>Chase Young prolonge &agrave; la Nouvelle-Orl&eacute;ans. Le pass rusher de 25 ans resigne pour 3 ans contre 51 M$.<\/p><p>Les Chiefs renforcent la poche de protection de Patrick Mahomes. Kansas City a sign&eacute; Jaylon Moore en provenance de San Francisco. Le left tackle de 27 ans s&rsquo;engage pour un contrat de 2 ans &agrave; hauteur de 30 millions de dollars, dont 21,24 millions garantis.<\/p><h3 class=\"wp-block-heading\">&Ccedil;a bouge chez les defensive backs<\/h3><p>Jourdan Lewis quitte les Dallas Cowboys et devient le cornerback le mieux pay&eacute; de la NFL. Lewis rejoint les Jaguars pour trois saisons. Il devrait toucher 30 M$, dont 20 M$ garantis.<\/p><p>Byron Murphy a, quant &agrave; lui, d&eacute;cid&eacute; de prolonger avec les Vikings. Il prolonge pour 3 ans, assortis d&rsquo;un ch&egrave;que de 66 millions de dollars. Pour rappel, Murphy &eacute;tait arriv&eacute; chez les Vikings en 2023 apr&egrave;s quatre ans chez les Cardinals.<\/p><p>Camryn Bynum, d&eacute;sormais ex-co&eacute;quipier de Murphy, s&rsquo;est engag&eacute; avec les Colts cette nuit. Le safety de 26 ans rejoint l&rsquo;Indiana apr&egrave;s quatre saisons &agrave; Minnesota. Bynum touchera 60 millions de dollars.<\/p><figure class=\"wp-block-embed is-type-rich is-provider-twitter wp-block-embed-twitter\"><div class=\"wp-block-embed__wrapper\">\n<blockquote class=\"twitter-tweet\" data-width=\"500\" data-dnt=\"true\"><p lang=\"fr\" dir=\"ltr\">&#128680; <a href=\"https:\/\/twitter.com\/Cambeezy_?ref_src=twsrc%5Etfw\" class=\"trk-cta-link\" data-cta-trk='{\"ctaType\":\"Link\",\"ctaSubType\":\"main\"}'>@Cambeezy_<\/a> va signer pour 4 ans, $60M avec les <a href=\"https:\/\/twitter.com\/Colts?ref_src=twsrc%5Etfw\" class=\"trk-cta-link\" data-cta-trk='{\"ctaType\":\"Link\",\"ctaSubType\":\"main\"}'>@Colts<\/a>. [<a href=\"https:\/\/twitter.com\/TomPelissero?ref_src=twsrc%5Etfw\" class=\"trk-cta-link\" data-cta-trk='{\"ctaType\":\"Link\",\"ctaSubType\":\"main\"}'>@TomPelissero<\/a>]<br><br>Le Safety de 26 ans quitte Minnesota apr&egrave;s 4 saisons et va renforcer la d&eacute;fense d'Indianapolis. <a href=\"https:\/\/t.co\/13mt7DqCol\" class=\"trk-cta-link\" data-cta-trk='{\"ctaType\":\"Link\",\"ctaSubType\":\"main\"}'>pic.twitter.com\/13mt7DqCol<\/a><\/p>&mdash; NFL France (@NFLFrance) <a href=\"https:\/\/twitter.com\/NFLFrance\/status\/1899196165666832481?ref_src=twsrc%5Etfw\" class=\"trk-cta-link\" data-cta-trk='{\"ctaType\":\"Link\",\"ctaSubType\":\"main\"}'>March 10, 2025<\/a><\/blockquote><script async src=\"https:\/\/platform.twitter.com\/widgets.js\" charset=\"utf-8\"><\/script>\n<\/div><\/figure><p>Les Colts ne s&rsquo;arr&ecirc;tent pas l&agrave;, puisqu&rsquo;ils ont &eacute;galement enr&ocirc;l&eacute; Charvarius Ward en provenance des 49ers. Le DB signe pour 3 ans un contrat de 60 M$, dont 35 M$ garantis. San Francisco a par ailleurs d&eacute;cid&eacute; de lib&eacute;rer son fullback de 33 ans, Kyle Juszczyk, apr&egrave;s huit saisons. <a href=\"https:\/\/www.espn.com\/nfl\/story\/_\/id\/44199544\/san-francisco-49ers-inform-fullback-kyle-juszczyk-being-released\" class=\"trk-cta-link\" data-cta-trk='{\"ctaType\":\"Link\",\"ctaSubType\":\"main\"}'>Juszczyk est agent libre &agrave; pr&eacute;sent.<\/a><\/p><p>Talanoa Hufanga ne sera plus un joueur des 49ers non plus. Le safety rejoint les Broncos. Hufanga a sign&eacute; pour 3 ans contre 45 millions de dollars, dont 20 millions garantis.<\/p><p>Bonne nouvelle pour la d&eacute;fense des Giants : Paulson Adebo arrive en provenance des Saints. Le cornerback de 25 ans s&rsquo;engage pour trois ans en &eacute;change de 54 M$, dont 36 M$ garantis.<\/p><p><a href=\"https:\/\/theplayoffs.news\/fr\/actualite-nfl\/tampa-bay-re-signe-chris-godwin\/\" class=\"trk-cta-link\" data-cta-trk='{\"ctaType\":\"Link\",\"ctaSubType\":\"main\"}'>Haason Reddick<\/a> rejoint Tampa Bay pour une saison. Chez les Buccaneers, il devrait toucher 14 M$, dont 12 M$ garantis.<\/p><h3 class=\"wp-block-heading\">D&rsquo;autres prolongations officialis&eacute;es lundi<\/h3><p>Un peu plus t&ocirc;t ce lundi, d&rsquo;autres prolongations sont tomb&eacute;es :<\/p><ul class=\"wp-block-list\">\n<li><a href=\"https:\/\/theplayoffs.news\/fr\/free-agency\/khalil-mack-prolonge-aux-chargers\/\" class=\"trk-cta-link\" data-cta-trk='{\"ctaType\":\"Link\",\"ctaSubType\":\"main\"}'>Khalil Mack<\/a> prolonge d&rsquo;un an avec les Chargers. Il b&eacute;n&eacute;ficiera d&rsquo;un contrat assorti d&rsquo;un ch&egrave;que de 18 millions de dollars, enti&egrave;rement garantis.<\/li>\n\n\n\n<li><a href=\"https:\/\/theplayoffs.news\/fr\/actualite-nfl\/jaycee-horn-panthers-prolongation-et-contrat-record\/\" class=\"trk-cta-link\" data-cta-trk='{\"ctaType\":\"Link\",\"ctaSubType\":\"main\"}'>Jaycee Horn<\/a> signe une prolongation de contrat de 4 saisons suppl&eacute;mentaires avec les Carolina Panthers. Horn sera r&eacute;mun&eacute;r&eacute; 25 millions de dollars par an pour un contrat total de 100 millions, dont 70 millions pleinement garantis.<\/li>\n\n\n\n<li>Tampa Bay a officialis&eacute; la prolongation de Chris Godwin ce lundi. Le receveur a re-sign&eacute; pour trois saisons suppl&eacute;mentaires. Les Buccaneers lui offrent un contrat de 66 millions de dollars, dont 44 millions garantis.<\/li>\n<\/ul><p><a href=\"https:\/\/theplayoffs.news\/fr\/actualite-nfl\/free-agency-nfl-2025-tracker\/\" class=\"trk-cta-link\" data-cta-trk='{\"ctaType\":\"Link\",\"ctaSubType\":\"main\"}'>Pour ne rien louper de la Free Agency NFL 2025 !<\/a><\/p><p>Cr&eacute;dit photo : Mark J. Rebilas-Imagn Images<\/p>\n","protected":false},"excerpt":{"rendered":"<p>La free agency a officiellement d\u00e9marr\u00e9 ce lundi. Et ce premier jour nous a d\u00e9j\u00e0 offert de nombreuses grosses signatures et quelques trades.<\/p>\n","protected":false},"author":180310250,"featured_media":1484229,"comment_status":"closed","ping_status":"closed","sticky":false,"template":"","format":"standard","meta":{"inline_featured_image":false,"kia_subtitle":"La free agency a officiellement d\u00e9marr\u00e9 ce lundi. Et ce premier jour nous a d\u00e9j\u00e0 offert de nombreuses grosses signatures et quelques trades.","_mux_skip_reasons":[],"proofreadBy":0,"footnotes":""},"categories":[2234,40],"tags":[5056,79],"sport":[2785],"saison":[7475],"class_list":["post-1484197","post","type-post","status-publish","format-standard","has-post-thumbnail","hentry","category-free-agency","category-nfl","tag-free-agency-nfl","tag-nfl","sport-nfl","saison-7475"],"acf":[],"yoast_head":"<!-- This site is optimized with the Yoast SEO plugin v24.2 - https:\/\/yoast.com\/wordpress\/plugins\/seo\/ -->\n<title>Free Agency : le r&eacute;sum&eacute; de la 1&egrave;re journ&eacute;e<\/title>\n<meta name=\"description\" content=\"La free agency a officiellement d&eacute;marr&eacute; ce lundi. Et ce premier jour nous a d&eacute;j&agrave; offert de nombreuses grosses signatures et quelques trades.\" \/>\n<meta name=\"robots\" content=\"index, follow, max-snippet:-1, max-image-preview:large, max-video-preview:-1\" \/>\n<link rel=\"canonical\" href=\"https:\/\/theplayoffs.news\/fr\/free-agency\/free-agency-le-resume-de-la-1ere-journee\/\" \/>\n<meta property=\"og:locale\" content=\"fr_FR\" \/>\n<meta property=\"og:type\" content=\"article\" \/>\n<meta property=\"og:title\" content=\"Free Agency : le r&eacute;sum&eacute; de la 1&egrave;re journ&eacute;e\" \/>\n<meta property=\"og:description\" content=\"La free agency a officiellement d&eacute;marr&eacute; ce lundi. Et ce premier jour nous a d&eacute;j&agrave; offert de nombreuses grosses signatures et quelques trades.\" \/>\n<meta property=\"og:url\" content=\"https:\/\/theplayoffs.news\/fr\/free-agency\/free-agency-le-resume-de-la-1ere-journee\/\" \/>\n<meta property=\"og:site_name\" content=\"The Playoffs FR\" \/>\n<meta property=\"article:publisher\" content=\"https:\/\/www.facebook.com\/TheFreeAgentFR\/\" \/>\n<meta property=\"article:modified_time\" content=\"2025-03-11T11:25:25+01:00\" \/>\n<meta property=\"og:image\" content=\"https:\/\/theplayoffs.news\/fr\/wp-content\/uploads\/2025\/03\/USATSI_25189284.jpg\" \/>\n\t<meta property=\"og:image:width\" content=\"1920\" \/>\n\t<meta property=\"og:image:height\" content=\"1282\" \/>\n\t<meta property=\"og:image:type\" content=\"image\/jpeg\" \/>\n<meta name=\"author\" content=\"Jean Fabre-Jevanoff\" \/>\n<meta name=\"twitter:card\" content=\"summary_large_image\" \/>\n<meta name=\"twitter:creator\" content=\"@the_jfj_42\" \/>\n<meta name=\"twitter:site\" content=\"@TheFreeAgentFR\" \/>\n<meta name=\"twitter:label1\" content=\"\u00c9crit par\" \/>\n\t<meta name=\"twitter:data1\" content=\"Jean Fabre-Jevanoff\" \/>\n\t<meta name=\"twitter:label2\" content=\"Dur\u00e9e de lecture estim\u00e9e\" \/>\n\t<meta name=\"twitter:data2\" content=\"5 minutes\" \/>\n<script type=\"application\/ld+json\" class=\"yoast-schema-graph\">{\"@context\":\"https:\/\/schema.org\",\"@graph\":[{\"@type\":\"WebPage\",\"@id\":\"https:\/\/theplayoffs.news\/fr\/free-agency\/free-agency-le-resume-de-la-1ere-journee\/\",\"url\":\"https:\/\/theplayoffs.news\/fr\/free-agency\/free-agency-le-resume-de-la-1ere-journee\/\",\"name\":\"Free Agency : le r\u00e9sum\u00e9 de la 1\u00e8re journ\u00e9e\",\"isPartOf\":{\"@id\":\"https:\/\/theplayoffs.news\/fr\/#website\"},\"primaryImageOfPage\":{\"@id\":\"https:\/\/theplayoffs.news\/fr\/free-agency\/free-agency-le-resume-de-la-1ere-journee\/#primaryimage\"},\"image\":{\"@id\":\"https:\/\/theplayoffs.news\/fr\/free-agency\/free-agency-le-resume-de-la-1ere-journee\/#primaryimage\"},\"thumbnailUrl\":\"https:\/\/theplayoffs.news\/fr\/wp-content\/uploads\/2025\/03\/USATSI_25189284.jpg\",\"datePublished\":\"2025-03-11T10:25:18+00:00\",\"dateModified\":\"2025-03-11T10:25:25+00:00\",\"author\":{\"@id\":\"https:\/\/theplayoffs.news\/fr\/#\/schema\/person\/1ea25b88e79fe4fabd657430b0013d3d\"},\"description\":\"La free agency a officiellement d\u00e9marr\u00e9 ce lundi. Et ce premier jour nous a d\u00e9j\u00e0 offert de nombreuses grosses signatures et quelques trades.\",\"breadcrumb\":{\"@id\":\"https:\/\/theplayoffs.news\/fr\/free-agency\/free-agency-le-resume-de-la-1ere-journee\/#breadcrumb\"},\"inLanguage\":\"fr-FR\",\"potentialAction\":[{\"@type\":\"ReadAction\",\"target\":[\"https:\/\/theplayoffs.news\/fr\/free-agency\/free-agency-le-resume-de-la-1ere-journee\/\"]}]},{\"@type\":\"ImageObject\",\"inLanguage\":\"fr-FR\",\"@id\":\"https:\/\/theplayoffs.news\/fr\/free-agency\/free-agency-le-resume-de-la-1ere-journee\/#primaryimage\",\"url\":\"https:\/\/theplayoffs.news\/fr\/wp-content\/uploads\/2025\/03\/USATSI_25189284.jpg\",\"contentUrl\":\"https:\/\/theplayoffs.news\/fr\/wp-content\/uploads\/2025\/03\/USATSI_25189284.jpg\",\"width\":1920,\"height\":1282,\"caption\":\"Jan 13, 2025; Glendale, AZ, USA; Minnesota Vikings quarterback Sam Darnold (14) reacts as he walks off the field after losing to the Los Angeles Rams during an NFC wild card game at State Farm Stadium. Mandatory Credit: Mark J. Rebilas-Imagn Images\"},{\"@type\":\"BreadcrumbList\",\"@id\":\"https:\/\/theplayoffs.news\/fr\/free-agency\/free-agency-le-resume-de-la-1ere-journee\/#breadcrumb\",\"itemListElement\":[{\"@type\":\"ListItem\",\"position\":1,\"name\":\"Accueil\",\"item\":\"https:\/\/theplayoffs.news\/fr\/\"},{\"@type\":\"ListItem\",\"position\":2,\"name\":\"Free Agency : le r\u00e9sum\u00e9 de la 1\u00e8re journ\u00e9e\"}]},{\"@type\":\"WebSite\",\"@id\":\"https:\/\/theplayoffs.news\/fr\/#website\",\"url\":\"https:\/\/theplayoffs.news\/fr\/\",\"name\":\"The Playoffs FR\",\"description\":\"NBA-NFL-NHL-MLB\",\"potentialAction\":[{\"@type\":\"SearchAction\",\"target\":{\"@type\":\"EntryPoint\",\"urlTemplate\":\"https:\/\/theplayoffs.news\/fr\/?s={search_term_string}\"},\"query-input\":{\"@type\":\"PropertyValueSpecification\",\"valueRequired\":true,\"valueName\":\"search_term_string\"}}],\"inLanguage\":\"fr-FR\"},{\"@type\":\"Person\",\"@id\":\"https:\/\/theplayoffs.news\/fr\/#\/schema\/person\/1ea25b88e79fe4fabd657430b0013d3d\",\"name\":\"Jean Fabre-Jevanoff\",\"image\":{\"@type\":\"ImageObject\",\"inLanguage\":\"fr-FR\",\"@id\":\"https:\/\/theplayoffs.news\/fr\/#\/schema\/person\/image\/\",\"url\":\"https:\/\/secure.gravatar.com\/avatar\/18b28dab1159eebc6a17b9787eb8cbbe3242c3d0e8b53b89332f6dc1133aa361?s=96&d=mm&r=g\",\"contentUrl\":\"https:\/\/secure.gravatar.com\/avatar\/18b28dab1159eebc6a17b9787eb8cbbe3242c3d0e8b53b89332f6dc1133aa361?s=96&d=mm&r=g\",\"caption\":\"Jean Fabre-Jevanoff\"},\"description\":\"Journaliste polyvalent sur le football am\u00e9ricain, j\u2019\u00e9cris aussi des articles sur le basket. Commentateur sur Twitch et sur YouTube. Pass\u00e9 par Eurosport notamment. Un mix d\u2019Eminem et de OBJ, fan inconditionnel de Patrick Mahomes et Lebron James\",\"sameAs\":[\"https:\/\/www.instagram.com\/_juaniitooo_\",\"https:\/\/www.linkedin.com\/in\/jean-fabre-jevanoff-84bb9b1a9\/\",\"https:\/\/x.com\/the_jfj_42\"],\"url\":\"https:\/\/theplayoffs.news\/fr\/author\/jeanfj42gmail-com\/\"}]}<\/script>\n<!-- \/ Yoast SEO plugin. -->","yoast_head_json":{"title":"Free Agency : le r&eacute;sum&eacute; de la 1&egrave;re journ&eacute;e","description":"La free agency a officiellement d&eacute;marr&eacute; ce lundi. Et ce premier jour nous a d&eacute;j&agrave; offert de nombreuses grosses signatures et quelques trades.","robots":{"index":"index","follow":"follow","max-snippet":"max-snippet:-1","max-image-preview":"max-image-preview:large","max-video-preview":"max-video-preview:-1"},"canonical":"https:\/\/theplayoffs.news\/fr\/free-agency\/free-agency-le-resume-de-la-1ere-journee\/","og_locale":"fr_FR","og_type":"article","og_title":"Free Agency : le r&eacute;sum&eacute; de la 1&egrave;re journ&eacute;e","og_description":"La free agency a officiellement d&eacute;marr&eacute; ce lundi. Et ce premier jour nous a d&eacute;j&agrave; offert de nombreuses grosses signatures et quelques trades.","og_url":"https:\/\/theplayoffs.news\/fr\/free-agency\/free-agency-le-resume-de-la-1ere-journee\/","og_site_name":"The Playoffs FR","article_publisher":"https:\/\/www.facebook.com\/TheFreeAgentFR\/","article_modified_time":"2025-03-11T10:25:25+00:00","og_image":[{"width":1920,"height":1282,"url":"https:\/\/theplayoffs.news\/fr\/wp-content\/uploads\/2025\/03\/USATSI_25189284.jpg","type":"image\/jpeg"}],"author":"Jean Fabre-Jevanoff","twitter_card":"summary_large_image","twitter_creator":"@the_jfj_42","twitter_site":"@TheFreeAgentFR","twitter_misc":{"\u00c9crit par":"Jean Fabre-Jevanoff","Dur\u00e9e de lecture estim\u00e9e":"5 minutes"},"schema":{"@context":"https:\/\/schema.org","@graph":[{"@type":"WebPage","@id":"https:\/\/theplayoffs.news\/fr\/free-agency\/free-agency-le-resume-de-la-1ere-journee\/","url":"https:\/\/theplayoffs.news\/fr\/free-agency\/free-agency-le-resume-de-la-1ere-journee\/","name":"Free Agency : le r\u00e9sum\u00e9 de la 1\u00e8re journ\u00e9e","isPartOf":{"@id":"https:\/\/theplayoffs.news\/fr\/#website"},"primaryImageOfPage":{"@id":"https:\/\/theplayoffs.news\/fr\/free-agency\/free-agency-le-resume-de-la-1ere-journee\/#primaryimage"},"image":{"@id":"https:\/\/theplayoffs.news\/fr\/free-agency\/free-agency-le-resume-de-la-1ere-journee\/#primaryimage"},"thumbnailUrl":"https:\/\/theplayoffs.news\/fr\/wp-content\/uploads\/2025\/03\/USATSI_25189284.jpg","datePublished":"2025-03-11T10:25:18+00:00","dateModified":"2025-03-11T10:25:25+00:00","author":{"@id":"https:\/\/theplayoffs.news\/fr\/#\/schema\/person\/1ea25b88e79fe4fabd657430b0013d3d"},"description":"La free agency a officiellement d\u00e9marr\u00e9 ce lundi. Et ce premier jour nous a d\u00e9j\u00e0 offert de nombreuses grosses signatures et quelques trades.","breadcrumb":{"@id":"https:\/\/theplayoffs.news\/fr\/free-agency\/free-agency-le-resume-de-la-1ere-journee\/#breadcrumb"},"inLanguage":"fr-FR","potentialAction":[{"@type":"ReadAction","target":["https:\/\/theplayoffs.news\/fr\/free-agency\/free-agency-le-resume-de-la-1ere-journee\/"]}]},{"@type":"ImageObject","inLanguage":"fr-FR","@id":"https:\/\/theplayoffs.news\/fr\/free-agency\/free-agency-le-resume-de-la-1ere-journee\/#primaryimage","url":"https:\/\/theplayoffs.news\/fr\/wp-content\/uploads\/2025\/03\/USATSI_25189284.jpg","contentUrl":"https:\/\/theplayoffs.news\/fr\/wp-content\/uploads\/2025\/03\/USATSI_25189284.jpg","width":1920,"height":1282,"caption":"Jan 13, 2025; Glendale, AZ, USA; Minnesota Vikings quarterback Sam Darnold (14) reacts as he walks off the field after losing to the Los Angeles Rams during an NFC wild card game at State Farm Stadium. Mandatory Credit: Mark J. Rebilas-Imagn Images"},{"@type":"BreadcrumbList","@id":"https:\/\/theplayoffs.news\/fr\/free-agency\/free-agency-le-resume-de-la-1ere-journee\/#breadcrumb","itemListElement":[{"@type":"ListItem","position":1,"name":"Accueil","item":"https:\/\/theplayoffs.news\/fr\/"},{"@type":"ListItem","position":2,"name":"Free Agency : le r\u00e9sum\u00e9 de la 1\u00e8re journ\u00e9e"}]},{"@type":"WebSite","@id":"https:\/\/theplayoffs.news\/fr\/#website","url":"https:\/\/theplayoffs.news\/fr\/","name":"The Playoffs FR","description":"NBA-NFL-NHL-MLB","potentialAction":[{"@type":"SearchAction","target":{"@type":"EntryPoint","urlTemplate":"https:\/\/theplayoffs.news\/fr\/?s={search_term_string}"},"query-input":{"@type":"PropertyValueSpecification","valueRequired":true,"valueName":"search_term_string"}}],"inLanguage":"fr-FR"},{"@type":"Person","@id":"https:\/\/theplayoffs.news\/fr\/#\/schema\/person\/1ea25b88e79fe4fabd657430b0013d3d","name":"Jean Fabre-Jevanoff","image":{"@type":"ImageObject","inLanguage":"fr-FR","@id":"https:\/\/theplayoffs.news\/fr\/#\/schema\/person\/image\/","url":"https:\/\/secure.gravatar.com\/avatar\/18b28dab1159eebc6a17b9787eb8cbbe3242c3d0e8b53b89332f6dc1133aa361?s=96&d=mm&r=g","contentUrl":"https:\/\/secure.gravatar.com\/avatar\/18b28dab1159eebc6a17b9787eb8cbbe3242c3d0e8b53b89332f6dc1133aa361?s=96&d=mm&r=g","caption":"Jean Fabre-Jevanoff"},"description":"Journaliste polyvalent sur le football am\u00e9ricain, j\u2019\u00e9cris aussi des articles sur le basket. Commentateur sur Twitch et sur YouTube. Pass\u00e9 par Eurosport notamment. Un mix d\u2019Eminem et de OBJ, fan inconditionnel de Patrick Mahomes et Lebron James","sameAs":["https:\/\/www.instagram.com\/_juaniitooo_","https:\/\/www.linkedin.com\/in\/jean-fabre-jevanoff-84bb9b1a9\/","https:\/\/x.com\/the_jfj_42"],"url":"https:\/\/theplayoffs.news\/fr\/author\/jeanfj42gmail-com\/"}]}},"_links":{"self":[{"href":"https:\/\/theplayoffs.news\/fr\/wp-json\/wp\/v2\/posts\/1484197","targetHints":{"allow":["GET"]}}],"collection":[{"href":"https:\/\/theplayoffs.news\/fr\/wp-json\/wp\/v2\/posts"}],"about":[{"href":"https:\/\/theplayoffs.news\/fr\/wp-json\/wp\/v2\/types\/post"}],"author":[{"embeddable":true,"href":"https:\/\/theplayoffs.news\/fr\/wp-json\/wp\/v2\/users\/180310250"}],"replies":[{"embeddable":true,"href":"https:\/\/theplayoffs.news\/fr\/wp-json\/wp\/v2\/comments?post=1484197"}],"version-history":[{"count":2,"href":"https:\/\/theplayoffs.news\/fr\/wp-json\/wp\/v2\/posts\/1484197\/revisions"}],"predecessor-version":[{"id":1484231,"href":"https:\/\/theplayoffs.news\/fr\/wp-json\/wp\/v2\/posts\/1484197\/revisions\/1484231"}],"wp:featuredmedia":[{"embeddable":true,"href":"https:\/\/theplayoffs.news\/fr\/wp-json\/wp\/v2\/media\/1484229"}],"wp:attachment":[{"href":"https:\/\/theplayoffs.news\/fr\/wp-json\/wp\/v2\/media?parent=1484197"}],"wp:term":[{"taxonomy":"category","embeddable":true,"href":"https:\/\/theplayoffs.news\/fr\/wp-json\/wp\/v2\/categories?post=1484197"},{"taxonomy":"post_tag","embeddable":true,"href":"https:\/\/theplayoffs.news\/fr\/wp-json\/wp\/v2\/tags?post=1484197"},{"taxonomy":"sport","embeddable":true,"href":"https:\/\/theplayoffs.news\/fr\/wp-json\/wp\/v2\/sport?post=1484197"},{"taxonomy":"saison","embeddable":true,"href":"https:\/\/theplayoffs.news\/fr\/wp-json\/wp\/v2\/saison?post=1484197"}],"curies":[{"name":"wp","href":"https:\/\/api.w.org\/{rel}","templated":true}]}}