{"id":1483969,"date":"2025-03-09T12:06:48","date_gmt":"2025-03-09T11:06:48","guid":{"rendered":"https:\/\/theplayoffs.news\/fr\/uncategorized\/\/"},"modified":"2025-03-09T12:06:55","modified_gmt":"2025-03-09T11:06:55","slug":"nathan-mackinnon-premier-a-100-points","status":"publish","type":"post","link":"https:\/\/theplayoffs.news\/fr\/actualite-nhl\/nathan-mackinnon-premier-a-100-points\/","title":{"rendered":"Nathan MacKinnon premier \u00e0 100 points"},"content":{"rendered":"<p><strong>Nathan MacKinnon,<\/strong> centre du <strong>Colorado Avalanche<\/strong>, vient d&rsquo;atteindre la barre des <strong>100 points<\/strong> pour la troisi&egrave;me saison cons&eacute;cutive. Dans la victoire 7-4 de l&rsquo;Avalanche face aux <strong>Maple Leafs<\/strong>, le centre du Colorado a inscrit un doubl&eacute; afin de contribuer au succ&egrave;s de son &eacute;quipe.<\/p><p>Ce doubl&eacute; lui a permis dans un premier temps d&rsquo;atteindre le seuil des 100 points, mais dans un second temps, cela lui a aussi fait grimp&eacute; sa marque de carri&egrave;re &agrave; <strong>999<\/strong>. <\/p><figure class=\"wp-block-embed is-type-rich is-provider-twitter wp-block-embed-twitter\"><div class=\"wp-block-embed__wrapper\">\n<blockquote class=\"twitter-tweet\" data-width=\"500\" data-dnt=\"true\"><p lang=\"en\" dir=\"ltr\">For a third straight year, Nathan MacKinnon has a 100-point season under his belt &#129761; <a href=\"https:\/\/t.co\/33fW48UpVO\" class=\"trk-cta-link\" data-cta-trk='{\"ctaType\":\"Link\",\"ctaSubType\":\"main\"}'>pic.twitter.com\/33fW48UpVO<\/a><\/p>&mdash; Sportsnet (@Sportsnet) <a href=\"https:\/\/twitter.com\/Sportsnet\/status\/1898566023378358678?ref_src=twsrc%5Etfw\" class=\"trk-cta-link\" data-cta-trk='{\"ctaType\":\"Link\",\"ctaSubType\":\"main\"}'>March 9, 2025<\/a><\/blockquote><script async src=\"https:\/\/platform.twitter.com\/widgets.js\" charset=\"utf-8\"><\/script>\n<\/div><\/figure><p>A seulement 29 ans, Nathan MacKinnon pourrait rejoindre <strong>Connor McDavid<\/strong>, autre joueur ayant r&eacute;alis&eacute; cet exploit cette saison. Il faudra attendre au minimum lundi, lors de la rencontre face aux <strong>Blackhawks<\/strong>, pour que le joueur de l&rsquo;Avalanche inscrive un petit point pour rejoindre le <strong>club des 1000<\/strong>.<\/p><p>Pour ce qui est de la victoire de l&rsquo;Avalanche, elle a notamment &eacute;t&eacute; d&ucirc; &agrave; <strong>Valeri Nichushkin<\/strong>, auteur d&rsquo;un coup du chapeau hier soir. Il s&rsquo;agit ici de son deuxi&egrave;me tripl&eacute; en <a href=\"https:\/\/theplayoffs.news\/fr\/category\/nhl\/\" class=\"trk-cta-link\" data-cta-trk='{\"ctaType\":\"Link\",\"ctaSubType\":\"main\"}'>NHL<\/a>, premier en saison r&eacute;guli&egrave;re. <\/p><p>Alors qu&rsquo;apr&egrave;s deux tiers temps, le match entre Toronto et Colorado &eacute;tait assez serr&eacute;, l&rsquo;Avalanche n&rsquo;a fait qu&rsquo;une bouch&eacute;e des Maple Leafs lors du dernier tiers temps, inscrivant quatre buts sans la moindre r&eacute;ponse canadienne. C&rsquo;est d&rsquo;ailleurs dans ce moment du match que MacKinnon intervient, avec un but en avantage num&eacute;rique et un avec une cage abandonn&eacute;e. <\/p><p>Au sommet du classement des meilleurs pointeurs de la ligue, Nathan MacKinnon devance Leon <a href=\"https:\/\/www.espn.com\/nhl\/player\/_\/id\/3114727\" class=\"trk-cta-link\" data-cta-trk='{\"ctaType\":\"Link\",\"ctaSubType\":\"main\"}'>Draisaitl<\/a> de cinq points. Pour ce qui est de l&rsquo;Avalanche, ce succ&egrave;s crucial les propulse &agrave; 78 points, prenant la troisi&egrave;me place de la division centrale, six points derri&egrave;re Dallas et deux devant Minnesota.<\/p><p>Cr&eacute;dit photo : Isaiah J. Downing&nbsp;&ndash; USA Today<\/p>\n","protected":false},"excerpt":{"rendered":"<p>Nathan MacKinnon a inscrit son 100e point de la saison lors du succ\u00e8s de l&rsquo;Avalanche face aux Maple Leafs de Toronto.<\/p>\n","protected":false},"author":180310178,"featured_media":1483970,"comment_status":"closed","ping_status":"closed","sticky":false,"template":"","format":"standard","meta":{"inline_featured_image":false,"kia_subtitle":"Nathan MacKinnon a inscrit son 100e point de la saison lors du succ\u00e8s de l'Avalanche face aux Maple Leafs de Toronto.","_mux_skip_reasons":[],"proofreadBy":0,"footnotes":""},"categories":[187,26],"tags":[91,221,1897,24],"sport":[2784],"saison":[6111],"class_list":["post-1483969","post","type-post","status-publish","format-standard","has-post-thumbnail","hentry","category-actualite-nhl","category-nhl","tag-colorado-avalanche","tag-lnh","tag-nathan-mackinnon","tag-nhl","sport-nhl","saison-6111"],"acf":[],"yoast_head":"<!-- This site is optimized with the Yoast SEO plugin v24.2 - https:\/\/yoast.com\/wordpress\/plugins\/seo\/ -->\n<title>Nathan MacKinnon premier &agrave; 100 points - The Playoffs FR<\/title>\n<meta name=\"description\" content=\"Nathan MacKinnon a inscrit son 100e point de la saison lors du succ&egrave;s de l&#039;Avalanche face aux Maple Leafs de Toronto.\" \/>\n<meta name=\"robots\" content=\"index, follow, max-snippet:-1, max-image-preview:large, max-video-preview:-1\" \/>\n<link rel=\"canonical\" href=\"https:\/\/theplayoffs.news\/fr\/actualite-nhl\/nathan-mackinnon-premier-a-100-points\/\" \/>\n<meta property=\"og:locale\" content=\"fr_FR\" \/>\n<meta property=\"og:type\" content=\"article\" \/>\n<meta property=\"og:title\" content=\"Nathan MacKinnon premier &agrave; 100 points - The Playoffs FR\" \/>\n<meta property=\"og:description\" content=\"Nathan MacKinnon a inscrit son 100e point de la saison lors du succ&egrave;s de l&#039;Avalanche face aux Maple Leafs de Toronto.\" \/>\n<meta property=\"og:url\" content=\"https:\/\/theplayoffs.news\/fr\/actualite-nhl\/nathan-mackinnon-premier-a-100-points\/\" \/>\n<meta property=\"og:site_name\" content=\"The Playoffs FR\" \/>\n<meta property=\"article:publisher\" content=\"https:\/\/www.facebook.com\/TheFreeAgentFR\/\" \/>\n<meta property=\"article:modified_time\" content=\"2025-03-09T12:06:55+01:00\" \/>\n<meta property=\"og:image\" content=\"https:\/\/theplayoffs.news\/fr\/wp-content\/uploads\/2025\/03\/USATSI_25601794.jpg\" \/>\n\t<meta property=\"og:image:width\" content=\"1920\" \/>\n\t<meta property=\"og:image:height\" content=\"1280\" \/>\n\t<meta property=\"og:image:type\" content=\"image\/jpeg\" \/>\n<meta name=\"author\" content=\"Arthur Berlemont\" \/>\n<meta name=\"twitter:card\" content=\"summary_large_image\" \/>\n<meta name=\"twitter:creator\" content=\"@TheFreeAgentFR\" \/>\n<meta name=\"twitter:site\" content=\"@TheFreeAgentFR\" \/>\n<meta name=\"twitter:label1\" content=\"\u00c9crit par\" \/>\n\t<meta name=\"twitter:data1\" content=\"Arthur Berlemont\" \/>\n\t<meta name=\"twitter:label2\" content=\"Dur\u00e9e de lecture estim\u00e9e\" \/>\n\t<meta name=\"twitter:data2\" content=\"2 minutes\" \/>\n<script type=\"application\/ld+json\" class=\"yoast-schema-graph\">{\"@context\":\"https:\/\/schema.org\",\"@graph\":[{\"@type\":\"WebPage\",\"@id\":\"https:\/\/theplayoffs.news\/fr\/actualite-nhl\/nathan-mackinnon-premier-a-100-points\/\",\"url\":\"https:\/\/theplayoffs.news\/fr\/actualite-nhl\/nathan-mackinnon-premier-a-100-points\/\",\"name\":\"Nathan MacKinnon premier \u00e0 100 points - The Playoffs FR\",\"isPartOf\":{\"@id\":\"https:\/\/theplayoffs.news\/fr\/#website\"},\"primaryImageOfPage\":{\"@id\":\"https:\/\/theplayoffs.news\/fr\/actualite-nhl\/nathan-mackinnon-premier-a-100-points\/#primaryimage\"},\"image\":{\"@id\":\"https:\/\/theplayoffs.news\/fr\/actualite-nhl\/nathan-mackinnon-premier-a-100-points\/#primaryimage\"},\"thumbnailUrl\":\"https:\/\/theplayoffs.news\/fr\/wp-content\/uploads\/2025\/03\/USATSI_25601794.jpg\",\"datePublished\":\"2025-03-09T11:06:48+00:00\",\"dateModified\":\"2025-03-09T11:06:55+00:00\",\"author\":{\"@id\":\"https:\/\/theplayoffs.news\/fr\/#\/schema\/person\/b6b04a451dab03a5ab75cec8912e8942\"},\"description\":\"Nathan MacKinnon a inscrit son 100e point de la saison lors du succ\u00e8s de l\\\\'Avalanche face aux Maple Leafs de Toronto.\",\"breadcrumb\":{\"@id\":\"https:\/\/theplayoffs.news\/fr\/actualite-nhl\/nathan-mackinnon-premier-a-100-points\/#breadcrumb\"},\"inLanguage\":\"fr-FR\",\"potentialAction\":[{\"@type\":\"ReadAction\",\"target\":[\"https:\/\/theplayoffs.news\/fr\/actualite-nhl\/nathan-mackinnon-premier-a-100-points\/\"]}]},{\"@type\":\"ImageObject\",\"inLanguage\":\"fr-FR\",\"@id\":\"https:\/\/theplayoffs.news\/fr\/actualite-nhl\/nathan-mackinnon-premier-a-100-points\/#primaryimage\",\"url\":\"https:\/\/theplayoffs.news\/fr\/wp-content\/uploads\/2025\/03\/USATSI_25601794.jpg\",\"contentUrl\":\"https:\/\/theplayoffs.news\/fr\/wp-content\/uploads\/2025\/03\/USATSI_25601794.jpg\",\"width\":1920,\"height\":1280,\"caption\":\"Mar 6, 2025; Denver, Colorado, USA; Colorado Avalanche center Nathan MacKinnon (29) in the third period against the San Jose Sharks at Ball Arena. Mandatory Credit: Isaiah J. Downing-Imagn Images\"},{\"@type\":\"BreadcrumbList\",\"@id\":\"https:\/\/theplayoffs.news\/fr\/actualite-nhl\/nathan-mackinnon-premier-a-100-points\/#breadcrumb\",\"itemListElement\":[{\"@type\":\"ListItem\",\"position\":1,\"name\":\"Accueil\",\"item\":\"https:\/\/theplayoffs.news\/fr\/\"},{\"@type\":\"ListItem\",\"position\":2,\"name\":\"Nathan MacKinnon premier \u00e0 100 points\"}]},{\"@type\":\"WebSite\",\"@id\":\"https:\/\/theplayoffs.news\/fr\/#website\",\"url\":\"https:\/\/theplayoffs.news\/fr\/\",\"name\":\"The Playoffs FR\",\"description\":\"NBA-NFL-NHL-MLB\",\"potentialAction\":[{\"@type\":\"SearchAction\",\"target\":{\"@type\":\"EntryPoint\",\"urlTemplate\":\"https:\/\/theplayoffs.news\/fr\/?s={search_term_string}\"},\"query-input\":{\"@type\":\"PropertyValueSpecification\",\"valueRequired\":true,\"valueName\":\"search_term_string\"}}],\"inLanguage\":\"fr-FR\"},{\"@type\":\"Person\",\"@id\":\"https:\/\/theplayoffs.news\/fr\/#\/schema\/person\/b6b04a451dab03a5ab75cec8912e8942\",\"name\":\"Arthur Berlemont\",\"image\":{\"@type\":\"ImageObject\",\"inLanguage\":\"fr-FR\",\"@id\":\"https:\/\/theplayoffs.news\/fr\/#\/schema\/person\/image\/\",\"url\":\"https:\/\/secure.gravatar.com\/avatar\/19ddab1d62ab0a19b186b86cee130432b120dd6f085625a6a6757dd1aa90a5f3?s=96&d=mm&r=g\",\"contentUrl\":\"https:\/\/secure.gravatar.com\/avatar\/19ddab1d62ab0a19b186b86cee130432b120dd6f085625a6a6757dd1aa90a5f3?s=96&d=mm&r=g\",\"caption\":\"Arthur Berlemont\"},\"description\":\"Etudiant passionn\u00e9 de sport, avant tout m\u00e9caniques, j\\\\'ai d\u00e9couvert les sports US il y a quelques ann\u00e9es. J\\\\'ai tout de suite accroch\u00e9 pour la ville de Cincinnati et ses franchises de NFL et MLB. Aujourd\\\\'hui, je suis l\u00e0 par passion dans la r\u00e9daction d\\\\'articles sur divers sports que j\\\\'affectionne.\",\"url\":\"https:\/\/theplayoffs.news\/fr\/author\/arthur-berlemontgmail-com\/\"}]}<\/script>\n<!-- \/ Yoast SEO plugin. -->","yoast_head_json":{"title":"Nathan MacKinnon premier &agrave; 100 points - The Playoffs FR","description":"Nathan MacKinnon a inscrit son 100e point de la saison lors du succ&egrave;s de l&#039;Avalanche face aux Maple Leafs de Toronto.","robots":{"index":"index","follow":"follow","max-snippet":"max-snippet:-1","max-image-preview":"max-image-preview:large","max-video-preview":"max-video-preview:-1"},"canonical":"https:\/\/theplayoffs.news\/fr\/actualite-nhl\/nathan-mackinnon-premier-a-100-points\/","og_locale":"fr_FR","og_type":"article","og_title":"Nathan MacKinnon premier &agrave; 100 points - The Playoffs FR","og_description":"Nathan MacKinnon a inscrit son 100e point de la saison lors du succ&egrave;s de l&#039;Avalanche face aux Maple Leafs de Toronto.","og_url":"https:\/\/theplayoffs.news\/fr\/actualite-nhl\/nathan-mackinnon-premier-a-100-points\/","og_site_name":"The Playoffs FR","article_publisher":"https:\/\/www.facebook.com\/TheFreeAgentFR\/","article_modified_time":"2025-03-09T11:06:55+00:00","og_image":[{"width":1920,"height":1280,"url":"https:\/\/theplayoffs.news\/fr\/wp-content\/uploads\/2025\/03\/USATSI_25601794.jpg","type":"image\/jpeg"}],"author":"Arthur Berlemont","twitter_card":"summary_large_image","twitter_creator":"@TheFreeAgentFR","twitter_site":"@TheFreeAgentFR","twitter_misc":{"\u00c9crit par":"Arthur Berlemont","Dur\u00e9e de lecture estim\u00e9e":"2 minutes"},"schema":{"@context":"https:\/\/schema.org","@graph":[{"@type":"WebPage","@id":"https:\/\/theplayoffs.news\/fr\/actualite-nhl\/nathan-mackinnon-premier-a-100-points\/","url":"https:\/\/theplayoffs.news\/fr\/actualite-nhl\/nathan-mackinnon-premier-a-100-points\/","name":"Nathan MacKinnon premier \u00e0 100 points - The Playoffs FR","isPartOf":{"@id":"https:\/\/theplayoffs.news\/fr\/#website"},"primaryImageOfPage":{"@id":"https:\/\/theplayoffs.news\/fr\/actualite-nhl\/nathan-mackinnon-premier-a-100-points\/#primaryimage"},"image":{"@id":"https:\/\/theplayoffs.news\/fr\/actualite-nhl\/nathan-mackinnon-premier-a-100-points\/#primaryimage"},"thumbnailUrl":"https:\/\/theplayoffs.news\/fr\/wp-content\/uploads\/2025\/03\/USATSI_25601794.jpg","datePublished":"2025-03-09T11:06:48+00:00","dateModified":"2025-03-09T11:06:55+00:00","author":{"@id":"https:\/\/theplayoffs.news\/fr\/#\/schema\/person\/b6b04a451dab03a5ab75cec8912e8942"},"description":"Nathan MacKinnon a inscrit son 100e point de la saison lors du succ\u00e8s de l\\'Avalanche face aux Maple Leafs de Toronto.","breadcrumb":{"@id":"https:\/\/theplayoffs.news\/fr\/actualite-nhl\/nathan-mackinnon-premier-a-100-points\/#breadcrumb"},"inLanguage":"fr-FR","potentialAction":[{"@type":"ReadAction","target":["https:\/\/theplayoffs.news\/fr\/actualite-nhl\/nathan-mackinnon-premier-a-100-points\/"]}]},{"@type":"ImageObject","inLanguage":"fr-FR","@id":"https:\/\/theplayoffs.news\/fr\/actualite-nhl\/nathan-mackinnon-premier-a-100-points\/#primaryimage","url":"https:\/\/theplayoffs.news\/fr\/wp-content\/uploads\/2025\/03\/USATSI_25601794.jpg","contentUrl":"https:\/\/theplayoffs.news\/fr\/wp-content\/uploads\/2025\/03\/USATSI_25601794.jpg","width":1920,"height":1280,"caption":"Mar 6, 2025; Denver, Colorado, USA; Colorado Avalanche center Nathan MacKinnon (29) in the third period against the San Jose Sharks at Ball Arena. Mandatory Credit: Isaiah J. Downing-Imagn Images"},{"@type":"BreadcrumbList","@id":"https:\/\/theplayoffs.news\/fr\/actualite-nhl\/nathan-mackinnon-premier-a-100-points\/#breadcrumb","itemListElement":[{"@type":"ListItem","position":1,"name":"Accueil","item":"https:\/\/theplayoffs.news\/fr\/"},{"@type":"ListItem","position":2,"name":"Nathan MacKinnon premier \u00e0 100 points"}]},{"@type":"WebSite","@id":"https:\/\/theplayoffs.news\/fr\/#website","url":"https:\/\/theplayoffs.news\/fr\/","name":"The Playoffs FR","description":"NBA-NFL-NHL-MLB","potentialAction":[{"@type":"SearchAction","target":{"@type":"EntryPoint","urlTemplate":"https:\/\/theplayoffs.news\/fr\/?s={search_term_string}"},"query-input":{"@type":"PropertyValueSpecification","valueRequired":true,"valueName":"search_term_string"}}],"inLanguage":"fr-FR"},{"@type":"Person","@id":"https:\/\/theplayoffs.news\/fr\/#\/schema\/person\/b6b04a451dab03a5ab75cec8912e8942","name":"Arthur Berlemont","image":{"@type":"ImageObject","inLanguage":"fr-FR","@id":"https:\/\/theplayoffs.news\/fr\/#\/schema\/person\/image\/","url":"https:\/\/secure.gravatar.com\/avatar\/19ddab1d62ab0a19b186b86cee130432b120dd6f085625a6a6757dd1aa90a5f3?s=96&d=mm&r=g","contentUrl":"https:\/\/secure.gravatar.com\/avatar\/19ddab1d62ab0a19b186b86cee130432b120dd6f085625a6a6757dd1aa90a5f3?s=96&d=mm&r=g","caption":"Arthur Berlemont"},"description":"Etudiant passionn\u00e9 de sport, avant tout m\u00e9caniques, j\\'ai d\u00e9couvert les sports US il y a quelques ann\u00e9es. J\\'ai tout de suite accroch\u00e9 pour la ville de Cincinnati et ses franchises de NFL et MLB. Aujourd\\'hui, je suis l\u00e0 par passion dans la r\u00e9daction d\\'articles sur divers sports que j\\'affectionne.","url":"https:\/\/theplayoffs.news\/fr\/author\/arthur-berlemontgmail-com\/"}]}},"_links":{"self":[{"href":"https:\/\/theplayoffs.news\/fr\/wp-json\/wp\/v2\/posts\/1483969","targetHints":{"allow":["GET"]}}],"collection":[{"href":"https:\/\/theplayoffs.news\/fr\/wp-json\/wp\/v2\/posts"}],"about":[{"href":"https:\/\/theplayoffs.news\/fr\/wp-json\/wp\/v2\/types\/post"}],"author":[{"embeddable":true,"href":"https:\/\/theplayoffs.news\/fr\/wp-json\/wp\/v2\/users\/180310178"}],"replies":[{"embeddable":true,"href":"https:\/\/theplayoffs.news\/fr\/wp-json\/wp\/v2\/comments?post=1483969"}],"version-history":[{"count":1,"href":"https:\/\/theplayoffs.news\/fr\/wp-json\/wp\/v2\/posts\/1483969\/revisions"}],"predecessor-version":[{"id":1483971,"href":"https:\/\/theplayoffs.news\/fr\/wp-json\/wp\/v2\/posts\/1483969\/revisions\/1483971"}],"wp:featuredmedia":[{"embeddable":true,"href":"https:\/\/theplayoffs.news\/fr\/wp-json\/wp\/v2\/media\/1483970"}],"wp:attachment":[{"href":"https:\/\/theplayoffs.news\/fr\/wp-json\/wp\/v2\/media?parent=1483969"}],"wp:term":[{"taxonomy":"category","embeddable":true,"href":"https:\/\/theplayoffs.news\/fr\/wp-json\/wp\/v2\/categories?post=1483969"},{"taxonomy":"post_tag","embeddable":true,"href":"https:\/\/theplayoffs.news\/fr\/wp-json\/wp\/v2\/tags?post=1483969"},{"taxonomy":"sport","embeddable":true,"href":"https:\/\/theplayoffs.news\/fr\/wp-json\/wp\/v2\/sport?post=1483969"},{"taxonomy":"saison","embeddable":true,"href":"https:\/\/theplayoffs.news\/fr\/wp-json\/wp\/v2\/saison?post=1483969"}],"curies":[{"name":"wp","href":"https:\/\/api.w.org\/{rel}","templated":true}]}}