{"id":1483870,"date":"2025-03-08T09:23:16","date_gmt":"2025-03-08T08:23:16","guid":{"rendered":"https:\/\/theplayoffs.news\/fr\/uncategorized\/\/"},"modified":"2025-03-08T09:23:22","modified_gmt":"2025-03-08T08:23:22","slug":"gus-edwards-bientot-free-agent","status":"publish","type":"post","link":"https:\/\/theplayoffs.news\/fr\/free-agency\/gus-edwards-bientot-free-agent\/","title":{"rendered":"Gus Edwards bient\u00f4t free agent ?"},"content":{"rendered":"<p>Une saison et s&rsquo;en va ? C&rsquo;est ce que pourrait conna&icirc;tre Gus Edwards, le running back des Chargers. Los Angeles aurait annonc&eacute; vouloir se s&eacute;parer de l&rsquo;ancien joueur des Ravens, r&eacute;v&egrave;le Adam Schefter. <\/p><p>Un choix surprenant pour celui que l&rsquo;on voyait comme un joueur compatible avec le style de Jim Harbaugh, le head coach de la franchise.&nbsp;<\/p><figure class=\"wp-block-embed is-type-rich is-provider-twitter wp-block-embed-twitter\"><div class=\"wp-block-embed__wrapper\">\n<blockquote class=\"twitter-tweet\" data-width=\"500\" data-dnt=\"true\"><p lang=\"en\" dir=\"ltr\">Chargers have informed running back Gus Edwards that he will be released and become a free agent, per source. <a href=\"https:\/\/t.co\/yFcmPPg0ar\" class=\"trk-cta-link\" data-cta-trk='{\"ctaType\":\"Link\",\"ctaSubType\":\"main\"}'>pic.twitter.com\/yFcmPPg0ar<\/a><\/p>&mdash; Adam Schefter (@AdamSchefter) <a href=\"https:\/\/twitter.com\/AdamSchefter\/status\/1898165095701569832?ref_src=twsrc%5Etfw\" class=\"trk-cta-link\" data-cta-trk='{\"ctaType\":\"Link\",\"ctaSubType\":\"main\"}'>March 8, 2025<\/a><\/blockquote><script async src=\"https:\/\/platform.twitter.com\/widgets.js\" charset=\"utf-8\"><\/script>\n<\/div><\/figure><p>Edwards n&rsquo;a particip&eacute; qu&rsquo;&agrave; 11 matchs la saison pass&eacute;e en raison de blessures, notamment &agrave; la cheville. Il a tout de m&ecirc;me parcouru 365 yards au sol et inscrit quatre touchdowns. Sa lib&eacute;ration lib&egrave;re environ 3 millions de dollars dans le cap space des Chargers, <a href=\"https:\/\/x.com\/spotrac\/status\/1898165875431088472\" class=\"trk-cta-link\" data-cta-trk='{\"ctaType\":\"Link\",\"ctaSubType\":\"main\"}'>selon Spotrac<\/a>.&nbsp;<\/p><ul class=\"wp-block-list\">\n<li><strong>Lire aussi :<\/strong><\/li>\n<\/ul><p><a href=\"https:\/\/theplayoffs.news\/fr\/actualite-nfl\/geno-smith-prend-la-direction-de-las-vegas\/\" class=\"trk-cta-link\" data-cta-trk='{\"ctaType\":\"Link\",\"ctaSubType\":\"main\"}'>Geno Smith prend la direction de Las Vegas !<\/a><\/p><p><a href=\"https:\/\/theplayoffs.news\/fr\/free-agency\/jonathan-allen-plait-aux-49ers\/\" class=\"trk-cta-link\" data-cta-trk='{\"ctaType\":\"Link\",\"ctaSubType\":\"main\"}'>Jonathan Allen pla&icirc;t aux 49ers<\/a><\/p><p>Pour rappel, J.K. Dobbins, le RB titulaire des Chargers l&rsquo;an pass&eacute;, est &eacute;galement sans contrat pour le moment.&nbsp;<\/p><p>Cr&eacute;dit photo : Jayne Kamin-Oncea-Imagn Images<\/p>\n","protected":false},"excerpt":{"rendered":"<p>C&rsquo;est l&rsquo;une des informations de la nuit : Gus Edwards pourrait devenir free agent tr\u00e8s prochainement. Le running back des Los Angeles Chargers devrait \u00eatre lib\u00e9r\u00e9 par sa franchise.<\/p>\n","protected":false},"author":180310250,"featured_media":1483876,"comment_status":"closed","ping_status":"closed","sticky":false,"template":"","format":"standard","meta":{"inline_featured_image":false,"kia_subtitle":"C'est l'une des informations de la nuit : Gus Edwards pourrait devenir free agent tr\u00e8s prochainement. Le running back des Los Angeles Chargers devrait \u00eatre lib\u00e9r\u00e9 par sa franchise.","_mux_skip_reasons":[],"proofreadBy":0,"footnotes":""},"categories":[2234,40],"tags":[2601,759,79,5071],"sport":[2785],"saison":[],"class_list":["post-1483870","post","type-post","status-publish","format-standard","has-post-thumbnail","hentry","category-free-agency","category-nfl","tag-gus-edwards","tag-los-angeles-chargers","tag-nfl","tag-nfl-free-agency","sport-nfl"],"acf":[],"yoast_head":"<!-- This site is optimized with the Yoast SEO plugin v24.2 - https:\/\/yoast.com\/wordpress\/plugins\/seo\/ -->\n<title>Gus Edwards bient&ocirc;t free agent ?<\/title>\n<meta name=\"description\" content=\"Gus Edwards pourrait devenir free agent tr&egrave;s prochainement. Le running back des Los Angeles Chargers devrait &ecirc;tre lib&eacute;r&eacute; par sa franchise.&nbsp;\" \/>\n<meta name=\"robots\" content=\"index, follow, max-snippet:-1, max-image-preview:large, max-video-preview:-1\" \/>\n<link rel=\"canonical\" href=\"https:\/\/theplayoffs.news\/fr\/free-agency\/gus-edwards-bientot-free-agent\/\" \/>\n<meta property=\"og:locale\" content=\"fr_FR\" \/>\n<meta property=\"og:type\" content=\"article\" \/>\n<meta property=\"og:title\" content=\"Gus Edwards bient&ocirc;t free agent ?\" \/>\n<meta property=\"og:description\" content=\"Gus Edwards pourrait devenir free agent tr&egrave;s prochainement. Le running back des Los Angeles Chargers devrait &ecirc;tre lib&eacute;r&eacute; par sa franchise.&nbsp;\" \/>\n<meta property=\"og:url\" content=\"https:\/\/theplayoffs.news\/fr\/free-agency\/gus-edwards-bientot-free-agent\/\" \/>\n<meta property=\"og:site_name\" content=\"The Playoffs FR\" \/>\n<meta property=\"article:publisher\" content=\"https:\/\/www.facebook.com\/TheFreeAgentFR\/\" \/>\n<meta property=\"article:modified_time\" content=\"2025-03-08T09:23:22+01:00\" \/>\n<meta property=\"og:image\" content=\"https:\/\/theplayoffs.news\/fr\/wp-content\/uploads\/2025\/03\/USATSI_25030893.jpg\" \/>\n\t<meta property=\"og:image:width\" content=\"1920\" \/>\n\t<meta property=\"og:image:height\" content=\"1280\" \/>\n\t<meta property=\"og:image:type\" content=\"image\/jpeg\" \/>\n<meta name=\"author\" content=\"Jean Fabre-Jevanoff\" \/>\n<meta name=\"twitter:card\" content=\"summary_large_image\" \/>\n<meta name=\"twitter:creator\" content=\"@the_jfj_42\" \/>\n<meta name=\"twitter:site\" content=\"@TheFreeAgentFR\" \/>\n<meta name=\"twitter:label1\" content=\"\u00c9crit par\" \/>\n\t<meta name=\"twitter:data1\" content=\"Jean Fabre-Jevanoff\" \/>\n\t<meta name=\"twitter:label2\" content=\"Dur\u00e9e de lecture estim\u00e9e\" \/>\n\t<meta name=\"twitter:data2\" content=\"1 minute\" \/>\n<script type=\"application\/ld+json\" class=\"yoast-schema-graph\">{\"@context\":\"https:\/\/schema.org\",\"@graph\":[{\"@type\":\"WebPage\",\"@id\":\"https:\/\/theplayoffs.news\/fr\/free-agency\/gus-edwards-bientot-free-agent\/\",\"url\":\"https:\/\/theplayoffs.news\/fr\/free-agency\/gus-edwards-bientot-free-agent\/\",\"name\":\"Gus Edwards bient\u00f4t free agent ?\",\"isPartOf\":{\"@id\":\"https:\/\/theplayoffs.news\/fr\/#website\"},\"primaryImageOfPage\":{\"@id\":\"https:\/\/theplayoffs.news\/fr\/free-agency\/gus-edwards-bientot-free-agent\/#primaryimage\"},\"image\":{\"@id\":\"https:\/\/theplayoffs.news\/fr\/free-agency\/gus-edwards-bientot-free-agent\/#primaryimage\"},\"thumbnailUrl\":\"https:\/\/theplayoffs.news\/fr\/wp-content\/uploads\/2025\/03\/USATSI_25030893.jpg\",\"datePublished\":\"2025-03-08T08:23:16+00:00\",\"dateModified\":\"2025-03-08T08:23:22+00:00\",\"author\":{\"@id\":\"https:\/\/theplayoffs.news\/fr\/#\/schema\/person\/1ea25b88e79fe4fabd657430b0013d3d\"},\"description\":\"Gus Edwards pourrait devenir free agent tr\u00e8s prochainement. Le running back des Los Angeles Chargers devrait \u00eatre lib\u00e9r\u00e9 par sa franchise.\u00a0\",\"breadcrumb\":{\"@id\":\"https:\/\/theplayoffs.news\/fr\/free-agency\/gus-edwards-bientot-free-agent\/#breadcrumb\"},\"inLanguage\":\"fr-FR\",\"potentialAction\":[{\"@type\":\"ReadAction\",\"target\":[\"https:\/\/theplayoffs.news\/fr\/free-agency\/gus-edwards-bientot-free-agent\/\"]}]},{\"@type\":\"ImageObject\",\"inLanguage\":\"fr-FR\",\"@id\":\"https:\/\/theplayoffs.news\/fr\/free-agency\/gus-edwards-bientot-free-agent\/#primaryimage\",\"url\":\"https:\/\/theplayoffs.news\/fr\/wp-content\/uploads\/2025\/03\/USATSI_25030893.jpg\",\"contentUrl\":\"https:\/\/theplayoffs.news\/fr\/wp-content\/uploads\/2025\/03\/USATSI_25030893.jpg\",\"width\":1920,\"height\":1280,\"caption\":\"Dec 19, 2024; Inglewood, California, USA; Los Angeles Chargers running back Gus Edwards (4) runs for a touchdown in the second half against the Denver Broncos at SoFi Stadium. Mandatory Credit: Jayne Kamin-Oncea-Imagn Images\"},{\"@type\":\"BreadcrumbList\",\"@id\":\"https:\/\/theplayoffs.news\/fr\/free-agency\/gus-edwards-bientot-free-agent\/#breadcrumb\",\"itemListElement\":[{\"@type\":\"ListItem\",\"position\":1,\"name\":\"Accueil\",\"item\":\"https:\/\/theplayoffs.news\/fr\/\"},{\"@type\":\"ListItem\",\"position\":2,\"name\":\"Gus Edwards bient\u00f4t free agent ?\"}]},{\"@type\":\"WebSite\",\"@id\":\"https:\/\/theplayoffs.news\/fr\/#website\",\"url\":\"https:\/\/theplayoffs.news\/fr\/\",\"name\":\"The Playoffs FR\",\"description\":\"NBA-NFL-NHL-MLB\",\"potentialAction\":[{\"@type\":\"SearchAction\",\"target\":{\"@type\":\"EntryPoint\",\"urlTemplate\":\"https:\/\/theplayoffs.news\/fr\/?s={search_term_string}\"},\"query-input\":{\"@type\":\"PropertyValueSpecification\",\"valueRequired\":true,\"valueName\":\"search_term_string\"}}],\"inLanguage\":\"fr-FR\"},{\"@type\":\"Person\",\"@id\":\"https:\/\/theplayoffs.news\/fr\/#\/schema\/person\/1ea25b88e79fe4fabd657430b0013d3d\",\"name\":\"Jean Fabre-Jevanoff\",\"image\":{\"@type\":\"ImageObject\",\"inLanguage\":\"fr-FR\",\"@id\":\"https:\/\/theplayoffs.news\/fr\/#\/schema\/person\/image\/\",\"url\":\"https:\/\/secure.gravatar.com\/avatar\/18b28dab1159eebc6a17b9787eb8cbbe3242c3d0e8b53b89332f6dc1133aa361?s=96&d=mm&r=g\",\"contentUrl\":\"https:\/\/secure.gravatar.com\/avatar\/18b28dab1159eebc6a17b9787eb8cbbe3242c3d0e8b53b89332f6dc1133aa361?s=96&d=mm&r=g\",\"caption\":\"Jean Fabre-Jevanoff\"},\"description\":\"Journaliste polyvalent sur le football am\u00e9ricain, j\u2019\u00e9cris aussi des articles sur le basket. Commentateur sur Twitch et sur YouTube. Pass\u00e9 par Eurosport notamment. Un mix d\u2019Eminem et de OBJ, fan inconditionnel de Patrick Mahomes et Lebron James\",\"sameAs\":[\"https:\/\/www.instagram.com\/_juaniitooo_\",\"https:\/\/www.linkedin.com\/in\/jean-fabre-jevanoff-84bb9b1a9\/\",\"https:\/\/x.com\/the_jfj_42\"],\"url\":\"https:\/\/theplayoffs.news\/fr\/author\/jeanfj42gmail-com\/\"}]}<\/script>\n<!-- \/ Yoast SEO plugin. -->","yoast_head_json":{"title":"Gus Edwards bient&ocirc;t free agent ?","description":"Gus Edwards pourrait devenir free agent tr&egrave;s prochainement. Le running back des Los Angeles Chargers devrait &ecirc;tre lib&eacute;r&eacute; par sa franchise.&nbsp;","robots":{"index":"index","follow":"follow","max-snippet":"max-snippet:-1","max-image-preview":"max-image-preview:large","max-video-preview":"max-video-preview:-1"},"canonical":"https:\/\/theplayoffs.news\/fr\/free-agency\/gus-edwards-bientot-free-agent\/","og_locale":"fr_FR","og_type":"article","og_title":"Gus Edwards bient&ocirc;t free agent ?","og_description":"Gus Edwards pourrait devenir free agent tr&egrave;s prochainement. Le running back des Los Angeles Chargers devrait &ecirc;tre lib&eacute;r&eacute; par sa franchise.&nbsp;","og_url":"https:\/\/theplayoffs.news\/fr\/free-agency\/gus-edwards-bientot-free-agent\/","og_site_name":"The Playoffs FR","article_publisher":"https:\/\/www.facebook.com\/TheFreeAgentFR\/","article_modified_time":"2025-03-08T08:23:22+00:00","og_image":[{"width":1920,"height":1280,"url":"https:\/\/theplayoffs.news\/fr\/wp-content\/uploads\/2025\/03\/USATSI_25030893.jpg","type":"image\/jpeg"}],"author":"Jean Fabre-Jevanoff","twitter_card":"summary_large_image","twitter_creator":"@the_jfj_42","twitter_site":"@TheFreeAgentFR","twitter_misc":{"\u00c9crit par":"Jean Fabre-Jevanoff","Dur\u00e9e de lecture estim\u00e9e":"1 minute"},"schema":{"@context":"https:\/\/schema.org","@graph":[{"@type":"WebPage","@id":"https:\/\/theplayoffs.news\/fr\/free-agency\/gus-edwards-bientot-free-agent\/","url":"https:\/\/theplayoffs.news\/fr\/free-agency\/gus-edwards-bientot-free-agent\/","name":"Gus Edwards bient\u00f4t free agent ?","isPartOf":{"@id":"https:\/\/theplayoffs.news\/fr\/#website"},"primaryImageOfPage":{"@id":"https:\/\/theplayoffs.news\/fr\/free-agency\/gus-edwards-bientot-free-agent\/#primaryimage"},"image":{"@id":"https:\/\/theplayoffs.news\/fr\/free-agency\/gus-edwards-bientot-free-agent\/#primaryimage"},"thumbnailUrl":"https:\/\/theplayoffs.news\/fr\/wp-content\/uploads\/2025\/03\/USATSI_25030893.jpg","datePublished":"2025-03-08T08:23:16+00:00","dateModified":"2025-03-08T08:23:22+00:00","author":{"@id":"https:\/\/theplayoffs.news\/fr\/#\/schema\/person\/1ea25b88e79fe4fabd657430b0013d3d"},"description":"Gus Edwards pourrait devenir free agent tr\u00e8s prochainement. Le running back des Los Angeles Chargers devrait \u00eatre lib\u00e9r\u00e9 par sa franchise.\u00a0","breadcrumb":{"@id":"https:\/\/theplayoffs.news\/fr\/free-agency\/gus-edwards-bientot-free-agent\/#breadcrumb"},"inLanguage":"fr-FR","potentialAction":[{"@type":"ReadAction","target":["https:\/\/theplayoffs.news\/fr\/free-agency\/gus-edwards-bientot-free-agent\/"]}]},{"@type":"ImageObject","inLanguage":"fr-FR","@id":"https:\/\/theplayoffs.news\/fr\/free-agency\/gus-edwards-bientot-free-agent\/#primaryimage","url":"https:\/\/theplayoffs.news\/fr\/wp-content\/uploads\/2025\/03\/USATSI_25030893.jpg","contentUrl":"https:\/\/theplayoffs.news\/fr\/wp-content\/uploads\/2025\/03\/USATSI_25030893.jpg","width":1920,"height":1280,"caption":"Dec 19, 2024; Inglewood, California, USA; Los Angeles Chargers running back Gus Edwards (4) runs for a touchdown in the second half against the Denver Broncos at SoFi Stadium. Mandatory Credit: Jayne Kamin-Oncea-Imagn Images"},{"@type":"BreadcrumbList","@id":"https:\/\/theplayoffs.news\/fr\/free-agency\/gus-edwards-bientot-free-agent\/#breadcrumb","itemListElement":[{"@type":"ListItem","position":1,"name":"Accueil","item":"https:\/\/theplayoffs.news\/fr\/"},{"@type":"ListItem","position":2,"name":"Gus Edwards bient\u00f4t free agent ?"}]},{"@type":"WebSite","@id":"https:\/\/theplayoffs.news\/fr\/#website","url":"https:\/\/theplayoffs.news\/fr\/","name":"The Playoffs FR","description":"NBA-NFL-NHL-MLB","potentialAction":[{"@type":"SearchAction","target":{"@type":"EntryPoint","urlTemplate":"https:\/\/theplayoffs.news\/fr\/?s={search_term_string}"},"query-input":{"@type":"PropertyValueSpecification","valueRequired":true,"valueName":"search_term_string"}}],"inLanguage":"fr-FR"},{"@type":"Person","@id":"https:\/\/theplayoffs.news\/fr\/#\/schema\/person\/1ea25b88e79fe4fabd657430b0013d3d","name":"Jean Fabre-Jevanoff","image":{"@type":"ImageObject","inLanguage":"fr-FR","@id":"https:\/\/theplayoffs.news\/fr\/#\/schema\/person\/image\/","url":"https:\/\/secure.gravatar.com\/avatar\/18b28dab1159eebc6a17b9787eb8cbbe3242c3d0e8b53b89332f6dc1133aa361?s=96&d=mm&r=g","contentUrl":"https:\/\/secure.gravatar.com\/avatar\/18b28dab1159eebc6a17b9787eb8cbbe3242c3d0e8b53b89332f6dc1133aa361?s=96&d=mm&r=g","caption":"Jean Fabre-Jevanoff"},"description":"Journaliste polyvalent sur le football am\u00e9ricain, j\u2019\u00e9cris aussi des articles sur le basket. Commentateur sur Twitch et sur YouTube. Pass\u00e9 par Eurosport notamment. Un mix d\u2019Eminem et de OBJ, fan inconditionnel de Patrick Mahomes et Lebron James","sameAs":["https:\/\/www.instagram.com\/_juaniitooo_","https:\/\/www.linkedin.com\/in\/jean-fabre-jevanoff-84bb9b1a9\/","https:\/\/x.com\/the_jfj_42"],"url":"https:\/\/theplayoffs.news\/fr\/author\/jeanfj42gmail-com\/"}]}},"_links":{"self":[{"href":"https:\/\/theplayoffs.news\/fr\/wp-json\/wp\/v2\/posts\/1483870","targetHints":{"allow":["GET"]}}],"collection":[{"href":"https:\/\/theplayoffs.news\/fr\/wp-json\/wp\/v2\/posts"}],"about":[{"href":"https:\/\/theplayoffs.news\/fr\/wp-json\/wp\/v2\/types\/post"}],"author":[{"embeddable":true,"href":"https:\/\/theplayoffs.news\/fr\/wp-json\/wp\/v2\/users\/180310250"}],"replies":[{"embeddable":true,"href":"https:\/\/theplayoffs.news\/fr\/wp-json\/wp\/v2\/comments?post=1483870"}],"version-history":[{"count":2,"href":"https:\/\/theplayoffs.news\/fr\/wp-json\/wp\/v2\/posts\/1483870\/revisions"}],"predecessor-version":[{"id":1483878,"href":"https:\/\/theplayoffs.news\/fr\/wp-json\/wp\/v2\/posts\/1483870\/revisions\/1483878"}],"wp:featuredmedia":[{"embeddable":true,"href":"https:\/\/theplayoffs.news\/fr\/wp-json\/wp\/v2\/media\/1483876"}],"wp:attachment":[{"href":"https:\/\/theplayoffs.news\/fr\/wp-json\/wp\/v2\/media?parent=1483870"}],"wp:term":[{"taxonomy":"category","embeddable":true,"href":"https:\/\/theplayoffs.news\/fr\/wp-json\/wp\/v2\/categories?post=1483870"},{"taxonomy":"post_tag","embeddable":true,"href":"https:\/\/theplayoffs.news\/fr\/wp-json\/wp\/v2\/tags?post=1483870"},{"taxonomy":"sport","embeddable":true,"href":"https:\/\/theplayoffs.news\/fr\/wp-json\/wp\/v2\/sport?post=1483870"},{"taxonomy":"saison","embeddable":true,"href":"https:\/\/theplayoffs.news\/fr\/wp-json\/wp\/v2\/saison?post=1483870"}],"curies":[{"name":"wp","href":"https:\/\/api.w.org\/{rel}","templated":true}]}}