{"id":1483847,"date":"2025-03-07T22:26:05","date_gmt":"2025-03-07T21:26:05","guid":{"rendered":"https:\/\/theplayoffs.news\/fr\/uncategorized\/\/"},"modified":"2025-03-07T22:26:12","modified_gmt":"2025-03-07T21:26:12","slug":"cadillac-approuvee-officiellement-en-tant-quonzieme-equipe-pour-2026","status":"publish","type":"post","link":"https:\/\/theplayoffs.news\/fr\/formule-1\/cadillac-approuvee-officiellement-en-tant-quonzieme-equipe-pour-2026\/","title":{"rendered":"Cadillac approuv\u00e9e officiellement en tant qu&rsquo;onzi\u00e8me \u00e9quipe pour 2026"},"content":{"rendered":"<p>La F1 et la FIA ont officiellement approuv&eacute; la candidature de Cadillac pour rejoindre la grille de Formule 1 la saison prochaine. Avec un plan pr&eacute;sent depuis novembre, General Motors a obtenu la confirmation d&rsquo;un bon d&rsquo;entr&eacute;e pour sa marque sportive Cadillac en F1.<\/p><p>Cadillac avait d&eacute;j&agrave; essay&eacute; de rentrer en Formule 1 auparavant, notamment avec un partenariat avec Andretti. Le projet s&rsquo;est vu refus&eacute; par la F1, ne croyant pas que l&rsquo;&eacute;quipe allait rajouter de la valeur &agrave; la s&eacute;rie.<\/p><p>L&rsquo;&eacute;curie de General Motors arrivera en 2026 au moment de la toute nouvelle r&eacute;glementation moteur et ch&acirc;ssis de la Formule 1. L&rsquo;&eacute;quipe ne dispose donc plus que de douze petits mois afin de se pr&eacute;parer au premier chapitre de leur histoire en Formule 1. <\/p><blockquote class=\"wp-block-quote is-layout-flow wp-block-quote-is-layout-flow\">\n<p>&laquo; La pr&eacute;sence de l&rsquo;&eacute;quipe de Formule 1 Cadillac dans le paddock sera une source d&rsquo;inspiration pour les futurs concurrents et les fans. Leur arriv&eacute;e renforce notre mission de repousser les limites du sport automobile au plus haut niveau &raquo;, a <a href=\"https:\/\/www.motorsport.com\/f1\/news\/fia-president-reacts-to-cadillac-joining-f1-transformative-moment\/10701223\/\" class=\"trk-cta-link\" data-cta-trk='{\"ctaType\":\"Link\",\"ctaSubType\":\"main\"}'>d&eacute;clar&eacute; Mohammed Ben Sulayem<\/a>, pr&eacute;sident de la FIA.<\/p>\n<\/blockquote><h2 class=\"wp-block-heading\">Le projet Cadillac<\/h2><p>Pour se concentrer sur ce projet ambitieux, Cadillac a mis &agrave; sa t&ecirc;te l&rsquo;ancien patron de Marussia, Graeme Lowdon, qui a recrut&eacute; des noms notables dans le sport, &agrave; savoir Pat Symonds, ancien de Williams et Renault, ainsi que Rob White, ancien chef du moteur Renault. A noter &eacute;galement que Pat Symonds &eacute;tait impliqu&eacute; dans l&rsquo;affaire du crashgate de Singapour 2008.<\/p><p>Pour ce qui est des pilotes, des <a href=\"https:\/\/theplayoffs.news\/fr\/f1\/colton-herta-favori-pour-rejoindre-cadillac-en-2026\/\" class=\"trk-cta-link\" data-cta-trk='{\"ctaType\":\"Link\",\"ctaSubType\":\"main\"}'>rumeurs courent beaucoup sur le nom de Colton Herta<\/a>. L&rsquo;am&eacute;ricain de 24 ans est un choix logique pour Cadillac. Rapide en IndyCar, il est probablement le meilleur candidat am&eacute;ricain &agrave; ce poste. D&rsquo;autres rumeurs circulent quant au deuxi&egrave;me pilote. GM devrait se pencher sur un pilote d&rsquo;exp&eacute;rience qui saura d&eacute;velopper la voiture. <\/p><p>Parmi eux, les noms de Sergio P&eacute;rez, Valtteri Bottas et Daniel Ricciardo sont ceux qui reviennent le plus, bien que Ricciardo semble en avoir termin&eacute; avec le sport. <\/p><p>Quoi qu&rsquo;il en soit, les yeux seront tourn&eacute;s tr&egrave;s vite vers Cadillac au moment d&rsquo;annoncer leur duo de pilote, ce qui est attendu vers la moiti&eacute; de la saison 2025 de Formule 1.<\/p><p>Cr&eacute;dit photo : Junfu Han &ndash; USA Today<\/p>\n","protected":false},"excerpt":{"rendered":"<p>C&rsquo;est officiel, Cadillac va officiellement rejoindre la grille de Formule 1 en tant que onzi\u00e8me \u00e9quipe, et ce, d\u00e8s 2026.<\/p>\n","protected":false},"author":180310178,"featured_media":1483848,"comment_status":"closed","ping_status":"closed","sticky":false,"template":"","format":"standard","meta":{"inline_featured_image":false,"kia_subtitle":"C'est officiel, Cadillac va officiellement rejoindre la grille de Formule 1 en tant que onzi\u00e8me \u00e9quipe, et ce, d\u00e8s 2026.","_mux_skip_reasons":[],"proofreadBy":0,"footnotes":""},"categories":[8091],"tags":[8105,8093],"sport":[],"saison":[7475],"class_list":["post-1483847","post","type-post","status-publish","format-standard","has-post-thumbnail","hentry","category-formule-1","tag-cadillac","tag-f1","saison-7475"],"acf":[],"yoast_head":"<!-- This site is optimized with the Yoast SEO plugin v24.2 - https:\/\/yoast.com\/wordpress\/plugins\/seo\/ -->\n<title>Cadillac approuv&eacute;e officiellement en tant qu&#039;onzi&egrave;me &eacute;quipe pour 2026 - The Playoffs FR<\/title>\n<meta name=\"description\" content=\"C&#039;est officiel, Cadillac va officiellement rejoindre la grille de Formule 1 en tant que onzi&egrave;me &eacute;quipe, et ce, d&egrave;s 2026.\" \/>\n<meta name=\"robots\" content=\"index, follow, max-snippet:-1, max-image-preview:large, max-video-preview:-1\" \/>\n<link rel=\"canonical\" href=\"https:\/\/theplayoffs.news\/fr\/formule-1\/cadillac-approuvee-officiellement-en-tant-quonzieme-equipe-pour-2026\/\" \/>\n<meta property=\"og:locale\" content=\"fr_FR\" \/>\n<meta property=\"og:type\" content=\"article\" \/>\n<meta property=\"og:title\" content=\"Cadillac approuv&eacute;e officiellement en tant qu&#039;onzi&egrave;me &eacute;quipe pour 2026 - The Playoffs FR\" \/>\n<meta property=\"og:description\" content=\"C&#039;est officiel, Cadillac va officiellement rejoindre la grille de Formule 1 en tant que onzi&egrave;me &eacute;quipe, et ce, d&egrave;s 2026.\" \/>\n<meta property=\"og:url\" content=\"https:\/\/theplayoffs.news\/fr\/formule-1\/cadillac-approuvee-officiellement-en-tant-quonzieme-equipe-pour-2026\/\" \/>\n<meta property=\"og:site_name\" content=\"The Playoffs FR\" \/>\n<meta property=\"article:publisher\" content=\"https:\/\/www.facebook.com\/TheFreeAgentFR\/\" \/>\n<meta property=\"article:modified_time\" content=\"2025-03-07T22:26:12+01:00\" \/>\n<meta property=\"og:image\" content=\"https:\/\/theplayoffs.news\/fr\/wp-content\/uploads\/2025\/03\/USATSI_21415888.jpg\" \/>\n\t<meta property=\"og:image:width\" content=\"1920\" \/>\n\t<meta property=\"og:image:height\" content=\"1280\" \/>\n\t<meta property=\"og:image:type\" content=\"image\/jpeg\" \/>\n<meta name=\"author\" content=\"Arthur Berlemont\" \/>\n<meta name=\"twitter:card\" content=\"summary_large_image\" \/>\n<meta name=\"twitter:creator\" content=\"@TheFreeAgentFR\" \/>\n<meta name=\"twitter:site\" content=\"@TheFreeAgentFR\" \/>\n<meta name=\"twitter:label1\" content=\"\u00c9crit par\" \/>\n\t<meta name=\"twitter:data1\" content=\"Arthur Berlemont\" \/>\n\t<meta name=\"twitter:label2\" content=\"Dur\u00e9e de lecture estim\u00e9e\" \/>\n\t<meta name=\"twitter:data2\" content=\"2 minutes\" \/>\n<script type=\"application\/ld+json\" class=\"yoast-schema-graph\">{\"@context\":\"https:\/\/schema.org\",\"@graph\":[{\"@type\":\"WebPage\",\"@id\":\"https:\/\/theplayoffs.news\/fr\/formule-1\/cadillac-approuvee-officiellement-en-tant-quonzieme-equipe-pour-2026\/\",\"url\":\"https:\/\/theplayoffs.news\/fr\/formule-1\/cadillac-approuvee-officiellement-en-tant-quonzieme-equipe-pour-2026\/\",\"name\":\"Cadillac approuv\u00e9e officiellement en tant qu\\\\'onzi\u00e8me \u00e9quipe pour 2026 - The Playoffs FR\",\"isPartOf\":{\"@id\":\"https:\/\/theplayoffs.news\/fr\/#website\"},\"primaryImageOfPage\":{\"@id\":\"https:\/\/theplayoffs.news\/fr\/formule-1\/cadillac-approuvee-officiellement-en-tant-quonzieme-equipe-pour-2026\/#primaryimage\"},\"image\":{\"@id\":\"https:\/\/theplayoffs.news\/fr\/formule-1\/cadillac-approuvee-officiellement-en-tant-quonzieme-equipe-pour-2026\/#primaryimage\"},\"thumbnailUrl\":\"https:\/\/theplayoffs.news\/fr\/wp-content\/uploads\/2025\/03\/USATSI_21415888.jpg\",\"datePublished\":\"2025-03-07T21:26:05+00:00\",\"dateModified\":\"2025-03-07T21:26:12+00:00\",\"author\":{\"@id\":\"https:\/\/theplayoffs.news\/fr\/#\/schema\/person\/b6b04a451dab03a5ab75cec8912e8942\"},\"description\":\"C\\\\'est officiel, Cadillac va officiellement rejoindre la grille de Formule 1 en tant que onzi\u00e8me \u00e9quipe, et ce, d\u00e8s 2026.\",\"breadcrumb\":{\"@id\":\"https:\/\/theplayoffs.news\/fr\/formule-1\/cadillac-approuvee-officiellement-en-tant-quonzieme-equipe-pour-2026\/#breadcrumb\"},\"inLanguage\":\"fr-FR\",\"potentialAction\":[{\"@type\":\"ReadAction\",\"target\":[\"https:\/\/theplayoffs.news\/fr\/formule-1\/cadillac-approuvee-officiellement-en-tant-quonzieme-equipe-pour-2026\/\"]}]},{\"@type\":\"ImageObject\",\"inLanguage\":\"fr-FR\",\"@id\":\"https:\/\/theplayoffs.news\/fr\/formule-1\/cadillac-approuvee-officiellement-en-tant-quonzieme-equipe-pour-2026\/#primaryimage\",\"url\":\"https:\/\/theplayoffs.news\/fr\/wp-content\/uploads\/2025\/03\/USATSI_21415888.jpg\",\"contentUrl\":\"https:\/\/theplayoffs.news\/fr\/wp-content\/uploads\/2025\/03\/USATSI_21415888.jpg\",\"width\":1920,\"height\":1280,\"caption\":\"Cadillac logo on the steering wheel of a 2023 Cadillac Escalade-V during the 2023 North American International Auto Show held at Huntington Place in downtown Detroit on Wed., Sept. 13, 2023.\"},{\"@type\":\"BreadcrumbList\",\"@id\":\"https:\/\/theplayoffs.news\/fr\/formule-1\/cadillac-approuvee-officiellement-en-tant-quonzieme-equipe-pour-2026\/#breadcrumb\",\"itemListElement\":[{\"@type\":\"ListItem\",\"position\":1,\"name\":\"Accueil\",\"item\":\"https:\/\/theplayoffs.news\/fr\/\"},{\"@type\":\"ListItem\",\"position\":2,\"name\":\"Cadillac approuv\u00e9e officiellement en tant qu&rsquo;onzi\u00e8me \u00e9quipe pour 2026\"}]},{\"@type\":\"WebSite\",\"@id\":\"https:\/\/theplayoffs.news\/fr\/#website\",\"url\":\"https:\/\/theplayoffs.news\/fr\/\",\"name\":\"The Playoffs FR\",\"description\":\"NBA-NFL-NHL-MLB\",\"potentialAction\":[{\"@type\":\"SearchAction\",\"target\":{\"@type\":\"EntryPoint\",\"urlTemplate\":\"https:\/\/theplayoffs.news\/fr\/?s={search_term_string}\"},\"query-input\":{\"@type\":\"PropertyValueSpecification\",\"valueRequired\":true,\"valueName\":\"search_term_string\"}}],\"inLanguage\":\"fr-FR\"},{\"@type\":\"Person\",\"@id\":\"https:\/\/theplayoffs.news\/fr\/#\/schema\/person\/b6b04a451dab03a5ab75cec8912e8942\",\"name\":\"Arthur Berlemont\",\"image\":{\"@type\":\"ImageObject\",\"inLanguage\":\"fr-FR\",\"@id\":\"https:\/\/theplayoffs.news\/fr\/#\/schema\/person\/image\/\",\"url\":\"https:\/\/secure.gravatar.com\/avatar\/19ddab1d62ab0a19b186b86cee130432b120dd6f085625a6a6757dd1aa90a5f3?s=96&d=mm&r=g\",\"contentUrl\":\"https:\/\/secure.gravatar.com\/avatar\/19ddab1d62ab0a19b186b86cee130432b120dd6f085625a6a6757dd1aa90a5f3?s=96&d=mm&r=g\",\"caption\":\"Arthur Berlemont\"},\"description\":\"Etudiant passionn\u00e9 de sport, avant tout m\u00e9caniques, j\\\\'ai d\u00e9couvert les sports US il y a quelques ann\u00e9es. J\\\\'ai tout de suite accroch\u00e9 pour la ville de Cincinnati et ses franchises de NFL et MLB. Aujourd\\\\'hui, je suis l\u00e0 par passion dans la r\u00e9daction d\\\\'articles sur divers sports que j\\\\'affectionne.\",\"url\":\"https:\/\/theplayoffs.news\/fr\/author\/arthur-berlemontgmail-com\/\"}]}<\/script>\n<!-- \/ Yoast SEO plugin. -->","yoast_head_json":{"title":"Cadillac approuv&eacute;e officiellement en tant qu&#039;onzi&egrave;me &eacute;quipe pour 2026 - The Playoffs FR","description":"C&#039;est officiel, Cadillac va officiellement rejoindre la grille de Formule 1 en tant que onzi&egrave;me &eacute;quipe, et ce, d&egrave;s 2026.","robots":{"index":"index","follow":"follow","max-snippet":"max-snippet:-1","max-image-preview":"max-image-preview:large","max-video-preview":"max-video-preview:-1"},"canonical":"https:\/\/theplayoffs.news\/fr\/formule-1\/cadillac-approuvee-officiellement-en-tant-quonzieme-equipe-pour-2026\/","og_locale":"fr_FR","og_type":"article","og_title":"Cadillac approuv&eacute;e officiellement en tant qu&#039;onzi&egrave;me &eacute;quipe pour 2026 - The Playoffs FR","og_description":"C&#039;est officiel, Cadillac va officiellement rejoindre la grille de Formule 1 en tant que onzi&egrave;me &eacute;quipe, et ce, d&egrave;s 2026.","og_url":"https:\/\/theplayoffs.news\/fr\/formule-1\/cadillac-approuvee-officiellement-en-tant-quonzieme-equipe-pour-2026\/","og_site_name":"The Playoffs FR","article_publisher":"https:\/\/www.facebook.com\/TheFreeAgentFR\/","article_modified_time":"2025-03-07T21:26:12+00:00","og_image":[{"width":1920,"height":1280,"url":"https:\/\/theplayoffs.news\/fr\/wp-content\/uploads\/2025\/03\/USATSI_21415888.jpg","type":"image\/jpeg"}],"author":"Arthur Berlemont","twitter_card":"summary_large_image","twitter_creator":"@TheFreeAgentFR","twitter_site":"@TheFreeAgentFR","twitter_misc":{"\u00c9crit par":"Arthur Berlemont","Dur\u00e9e de lecture estim\u00e9e":"2 minutes"},"schema":{"@context":"https:\/\/schema.org","@graph":[{"@type":"WebPage","@id":"https:\/\/theplayoffs.news\/fr\/formule-1\/cadillac-approuvee-officiellement-en-tant-quonzieme-equipe-pour-2026\/","url":"https:\/\/theplayoffs.news\/fr\/formule-1\/cadillac-approuvee-officiellement-en-tant-quonzieme-equipe-pour-2026\/","name":"Cadillac approuv\u00e9e officiellement en tant qu\\'onzi\u00e8me \u00e9quipe pour 2026 - The Playoffs FR","isPartOf":{"@id":"https:\/\/theplayoffs.news\/fr\/#website"},"primaryImageOfPage":{"@id":"https:\/\/theplayoffs.news\/fr\/formule-1\/cadillac-approuvee-officiellement-en-tant-quonzieme-equipe-pour-2026\/#primaryimage"},"image":{"@id":"https:\/\/theplayoffs.news\/fr\/formule-1\/cadillac-approuvee-officiellement-en-tant-quonzieme-equipe-pour-2026\/#primaryimage"},"thumbnailUrl":"https:\/\/theplayoffs.news\/fr\/wp-content\/uploads\/2025\/03\/USATSI_21415888.jpg","datePublished":"2025-03-07T21:26:05+00:00","dateModified":"2025-03-07T21:26:12+00:00","author":{"@id":"https:\/\/theplayoffs.news\/fr\/#\/schema\/person\/b6b04a451dab03a5ab75cec8912e8942"},"description":"C\\'est officiel, Cadillac va officiellement rejoindre la grille de Formule 1 en tant que onzi\u00e8me \u00e9quipe, et ce, d\u00e8s 2026.","breadcrumb":{"@id":"https:\/\/theplayoffs.news\/fr\/formule-1\/cadillac-approuvee-officiellement-en-tant-quonzieme-equipe-pour-2026\/#breadcrumb"},"inLanguage":"fr-FR","potentialAction":[{"@type":"ReadAction","target":["https:\/\/theplayoffs.news\/fr\/formule-1\/cadillac-approuvee-officiellement-en-tant-quonzieme-equipe-pour-2026\/"]}]},{"@type":"ImageObject","inLanguage":"fr-FR","@id":"https:\/\/theplayoffs.news\/fr\/formule-1\/cadillac-approuvee-officiellement-en-tant-quonzieme-equipe-pour-2026\/#primaryimage","url":"https:\/\/theplayoffs.news\/fr\/wp-content\/uploads\/2025\/03\/USATSI_21415888.jpg","contentUrl":"https:\/\/theplayoffs.news\/fr\/wp-content\/uploads\/2025\/03\/USATSI_21415888.jpg","width":1920,"height":1280,"caption":"Cadillac logo on the steering wheel of a 2023 Cadillac Escalade-V during the 2023 North American International Auto Show held at Huntington Place in downtown Detroit on Wed., Sept. 13, 2023."},{"@type":"BreadcrumbList","@id":"https:\/\/theplayoffs.news\/fr\/formule-1\/cadillac-approuvee-officiellement-en-tant-quonzieme-equipe-pour-2026\/#breadcrumb","itemListElement":[{"@type":"ListItem","position":1,"name":"Accueil","item":"https:\/\/theplayoffs.news\/fr\/"},{"@type":"ListItem","position":2,"name":"Cadillac approuv\u00e9e officiellement en tant qu&rsquo;onzi\u00e8me \u00e9quipe pour 2026"}]},{"@type":"WebSite","@id":"https:\/\/theplayoffs.news\/fr\/#website","url":"https:\/\/theplayoffs.news\/fr\/","name":"The Playoffs FR","description":"NBA-NFL-NHL-MLB","potentialAction":[{"@type":"SearchAction","target":{"@type":"EntryPoint","urlTemplate":"https:\/\/theplayoffs.news\/fr\/?s={search_term_string}"},"query-input":{"@type":"PropertyValueSpecification","valueRequired":true,"valueName":"search_term_string"}}],"inLanguage":"fr-FR"},{"@type":"Person","@id":"https:\/\/theplayoffs.news\/fr\/#\/schema\/person\/b6b04a451dab03a5ab75cec8912e8942","name":"Arthur Berlemont","image":{"@type":"ImageObject","inLanguage":"fr-FR","@id":"https:\/\/theplayoffs.news\/fr\/#\/schema\/person\/image\/","url":"https:\/\/secure.gravatar.com\/avatar\/19ddab1d62ab0a19b186b86cee130432b120dd6f085625a6a6757dd1aa90a5f3?s=96&d=mm&r=g","contentUrl":"https:\/\/secure.gravatar.com\/avatar\/19ddab1d62ab0a19b186b86cee130432b120dd6f085625a6a6757dd1aa90a5f3?s=96&d=mm&r=g","caption":"Arthur Berlemont"},"description":"Etudiant passionn\u00e9 de sport, avant tout m\u00e9caniques, j\\'ai d\u00e9couvert les sports US il y a quelques ann\u00e9es. J\\'ai tout de suite accroch\u00e9 pour la ville de Cincinnati et ses franchises de NFL et MLB. Aujourd\\'hui, je suis l\u00e0 par passion dans la r\u00e9daction d\\'articles sur divers sports que j\\'affectionne.","url":"https:\/\/theplayoffs.news\/fr\/author\/arthur-berlemontgmail-com\/"}]}},"_links":{"self":[{"href":"https:\/\/theplayoffs.news\/fr\/wp-json\/wp\/v2\/posts\/1483847","targetHints":{"allow":["GET"]}}],"collection":[{"href":"https:\/\/theplayoffs.news\/fr\/wp-json\/wp\/v2\/posts"}],"about":[{"href":"https:\/\/theplayoffs.news\/fr\/wp-json\/wp\/v2\/types\/post"}],"author":[{"embeddable":true,"href":"https:\/\/theplayoffs.news\/fr\/wp-json\/wp\/v2\/users\/180310178"}],"replies":[{"embeddable":true,"href":"https:\/\/theplayoffs.news\/fr\/wp-json\/wp\/v2\/comments?post=1483847"}],"version-history":[{"count":1,"href":"https:\/\/theplayoffs.news\/fr\/wp-json\/wp\/v2\/posts\/1483847\/revisions"}],"predecessor-version":[{"id":1483849,"href":"https:\/\/theplayoffs.news\/fr\/wp-json\/wp\/v2\/posts\/1483847\/revisions\/1483849"}],"wp:featuredmedia":[{"embeddable":true,"href":"https:\/\/theplayoffs.news\/fr\/wp-json\/wp\/v2\/media\/1483848"}],"wp:attachment":[{"href":"https:\/\/theplayoffs.news\/fr\/wp-json\/wp\/v2\/media?parent=1483847"}],"wp:term":[{"taxonomy":"category","embeddable":true,"href":"https:\/\/theplayoffs.news\/fr\/wp-json\/wp\/v2\/categories?post=1483847"},{"taxonomy":"post_tag","embeddable":true,"href":"https:\/\/theplayoffs.news\/fr\/wp-json\/wp\/v2\/tags?post=1483847"},{"taxonomy":"sport","embeddable":true,"href":"https:\/\/theplayoffs.news\/fr\/wp-json\/wp\/v2\/sport?post=1483847"},{"taxonomy":"saison","embeddable":true,"href":"https:\/\/theplayoffs.news\/fr\/wp-json\/wp\/v2\/saison?post=1483847"}],"curies":[{"name":"wp","href":"https:\/\/api.w.org\/{rel}","templated":true}]}}