{"id":1483786,"date":"2025-03-07T17:09:35","date_gmt":"2025-03-07T16:09:35","guid":{"rendered":"https:\/\/theplayoffs.news\/fr\/uncategorized\/\/"},"modified":"2025-03-07T17:09:41","modified_gmt":"2025-03-07T16:09:41","slug":"brock-nelson-echange-a-lavalanche-du-colorado-en-provenance-des-islanders-de-new-york","status":"publish","type":"post","link":"https:\/\/theplayoffs.news\/fr\/actualite-nhl\/brock-nelson-echange-a-lavalanche-du-colorado-en-provenance-des-islanders-de-new-york\/","title":{"rendered":"Brock Nelson \u00e9chang\u00e9 \u00e0 l\u2019Avalanche du Colorado en provenance des Islanders de New York"},"content":{"rendered":"<p>L&rsquo;Avalanche du Colorado a r&eacute;alis&eacute; un &eacute;change majeur en obtenant l&rsquo;attaquant v&eacute;t&eacute;ran Brock Nelson ainsi que l&rsquo;ailier de la Ligue am&eacute;ricaine (AHL) William Dufour des Islanders de New York.<\/p><p>En contrepartie, les Islanders re&ccedil;oivent le jeune espoir Calum Ritchie, un choix conditionnel de premier tour en 2026 ou 2027, un choix conditionnel de troisi&egrave;me tour en 2028 et le d&eacute;fenseur Oliver Kylington. Pour &eacute;quilibrer les finances, les Islanders retiennent la moiti&eacute; du salaire de 6 millions de dollars de Nelson sur le plafond salarial.<\/p><figure class=\"wp-block-embed is-type-rich is-provider-twitter wp-block-embed-twitter\"><div class=\"wp-block-embed__wrapper\">\n<blockquote class=\"twitter-tweet\" data-width=\"500\" data-dnt=\"true\"><p lang=\"en\" dir=\"ltr\">Brock Nelson is off to Denver!! &#127956;&#65039; <a href=\"https:\/\/twitter.com\/hashtag\/NHLTradeDeadline?src=hash&amp;ref_src=twsrc%5Etfw\" class=\"trk-cta-link\" data-cta-trk='{\"ctaType\":\"Link\",\"ctaSubType\":\"main\"}'>#NHLTradeDeadline<\/a> <a href=\"https:\/\/t.co\/GOQifR6gYd\" class=\"trk-cta-link\" data-cta-trk='{\"ctaType\":\"Link\",\"ctaSubType\":\"main\"}'>pic.twitter.com\/GOQifR6gYd<\/a><\/p>&mdash; NHL (@NHL) <a href=\"https:\/\/twitter.com\/NHL\/status\/1897876703055085750?ref_src=twsrc%5Etfw\" class=\"trk-cta-link\" data-cta-trk='{\"ctaType\":\"Link\",\"ctaSubType\":\"main\"}'>March 7, 2025<\/a><\/blockquote><script async src=\"https:\/\/platform.twitter.com\/widgets.js\" charset=\"utf-8\"><\/script>\n<\/div><\/figure><p>Dans une transaction connexe, les Islanders ont rapidement &eacute;chang&eacute; Kylington aux Ducks d&rsquo;Anaheim en retour de consid&eacute;rations futures, lib&eacute;rant ainsi un peu plus d&rsquo;espace sous le plafond salarial. <\/p><p>Pendant ce temps, l&rsquo;Avalanche atteint maintenant la limite salariale, avec un peu plus de 1,3 million de dollars de flexibilit&eacute;, rendant d&rsquo;autres mouvements avant la date limite peu probables.<\/p><p>Pour Colorado, cet &eacute;change apporte un buteur confirm&eacute; au bon moment pour leur course aux s&eacute;ries. Nelson, pilier des Islanders depuis longtemps, a &eacute;t&eacute; l&rsquo;un de leurs joueurs offensifs les plus constants. Il partageait la t&ecirc;te du classement des buteurs de l&rsquo;&eacute;quipe avec 20 buts et 43 points en 61 matchs cette saison. <\/p><p>Au cours de sa carri&egrave;re de 12 ans avec les Islanders, il a maintenu une production solide, notamment apr&egrave;s avoir pris le r&ocirc;le de centre de premier plan de l&rsquo;&eacute;quipe suite au d&eacute;part de John Tavares en 2018. Sa production offensive s&rsquo;est am&eacute;lior&eacute;e avec le temps, atteignant des sommets personnels avec 37 buts en 2021-22 et 75 points en 2022-23. Cette saison, il est en bonne voie pour marquer 26 buts et accumuler 58 points, et son int&eacute;gration dans une attaque d&eacute;j&agrave; puissante de l&rsquo;Avalanche ne devrait que renforcer ces chiffres.<\/p><p>Nelson devrait s&rsquo;installer sur le deuxi&egrave;me trio du Colorado, aux c&ocirc;t&eacute;s de Valeri Nichushkin et Jonathan Drouin. Son arriv&eacute;e pousse Casey Mittelstadt sur la troisi&egrave;me ligne, offrant ainsi &agrave; l&rsquo;Avalanche une profondeur suppl&eacute;mentaire en vue des s&eacute;ries. D&eacute;j&agrave; class&eacute; huiti&egrave;me de la LNH en termes de buts marqu&eacute;s, le Colorado devient encore plus mena&ccedil;ant avec l&rsquo;ajout de Nelson.<\/p><p>En plus de Nelson, l&rsquo;Avalanche met &eacute;galement la main sur William Dufour, un ailier de la Ligue am&eacute;ricaine dont la production a diminu&eacute; ces derni&egrave;res saisons. Dufour avait montr&eacute; des promesses lors de sa saison recrue avec 48 points en 69 matchs, mais il peine depuis. Cette saison, il n&rsquo;a r&eacute;colt&eacute; que 18 points en 45 matchs avec Bridgeport. Bien qu&rsquo;il ait du potentiel, Dufour restera probablement un joueur de profondeur pour l&rsquo;instant.<\/p><p><\/p><p>Credit Photo : Bob DeChiara-Imagn Images<\/p>\n","protected":false},"excerpt":{"rendered":"<p>L\u2019Avalanche du Colorado acquiert Brock Nelson des Islanders dans un \u00e9change cl\u00e9, renfor\u00e7ant ainsi son effectif en vue des s\u00e9ries \u00e9liminatoires.<\/p>\n","protected":false},"author":180309799,"featured_media":1483787,"comment_status":"closed","ping_status":"closed","sticky":false,"template":"","format":"standard","meta":{"inline_featured_image":false,"kia_subtitle":"L\u2019Avalanche du Colorado acquiert Brock Nelson des Islanders dans un \u00e9change cl\u00e9, renfor\u00e7ant ainsi son effectif en vue des s\u00e9ries \u00e9liminatoires.","_mux_skip_reasons":[],"proofreadBy":0,"footnotes":""},"categories":[187,26],"tags":[8141,8140,24],"sport":[],"saison":[],"class_list":["post-1483786","post","type-post","status-publish","format-standard","has-post-thumbnail","hentry","category-actualite-nhl","category-nhl","tag-avalanche-colorado","tag-brock-nelson","tag-nhl"],"acf":[],"yoast_head":"<!-- This site is optimized with the Yoast SEO plugin v24.2 - https:\/\/yoast.com\/wordpress\/plugins\/seo\/ -->\n<title>Brock Nelson &eacute;chang&eacute; &agrave; l&rsquo;Avalanche du Colorado en provenance des Islanders de New York - The Playoffs FR<\/title>\n<meta name=\"robots\" content=\"index, follow, max-snippet:-1, max-image-preview:large, max-video-preview:-1\" \/>\n<link rel=\"canonical\" href=\"https:\/\/theplayoffs.news\/fr\/actualite-nhl\/brock-nelson-echange-a-lavalanche-du-colorado-en-provenance-des-islanders-de-new-york\/\" \/>\n<meta property=\"og:locale\" content=\"fr_FR\" \/>\n<meta property=\"og:type\" content=\"article\" \/>\n<meta property=\"og:title\" content=\"Brock Nelson &eacute;chang&eacute; &agrave; l&rsquo;Avalanche du Colorado en provenance des Islanders de New York - The Playoffs FR\" \/>\n<meta property=\"og:description\" content=\"L&rsquo;Avalanche du Colorado acquiert Brock Nelson des Islanders dans un &eacute;change cl&eacute;, renfor&ccedil;ant ainsi son effectif en vue des s&eacute;ries &eacute;liminatoires.\" \/>\n<meta property=\"og:url\" content=\"https:\/\/theplayoffs.news\/fr\/actualite-nhl\/brock-nelson-echange-a-lavalanche-du-colorado-en-provenance-des-islanders-de-new-york\/\" \/>\n<meta property=\"og:site_name\" content=\"The Playoffs FR\" \/>\n<meta property=\"article:publisher\" content=\"https:\/\/www.facebook.com\/TheFreeAgentFR\/\" \/>\n<meta property=\"article:modified_time\" content=\"2025-03-07T17:09:41+01:00\" \/>\n<meta property=\"og:image\" content=\"https:\/\/theplayoffs.news\/fr\/wp-content\/uploads\/2025\/03\/USATSI_25532219.jpg\" \/>\n\t<meta property=\"og:image:width\" content=\"1920\" \/>\n\t<meta property=\"og:image:height\" content=\"1280\" \/>\n\t<meta property=\"og:image:type\" content=\"image\/jpeg\" \/>\n<meta name=\"author\" content=\"La r\u00e9daction\" \/>\n<meta name=\"twitter:card\" content=\"summary_large_image\" \/>\n<meta name=\"twitter:creator\" content=\"@TheFreeAgentFR\" \/>\n<meta name=\"twitter:site\" content=\"@TheFreeAgentFR\" \/>\n<meta name=\"twitter:label1\" content=\"\u00c9crit par\" \/>\n\t<meta name=\"twitter:data1\" content=\"La r\u00e9daction\" \/>\n\t<meta name=\"twitter:label2\" content=\"Dur\u00e9e de lecture estim\u00e9e\" \/>\n\t<meta name=\"twitter:data2\" content=\"3 minutes\" \/>\n<script type=\"application\/ld+json\" class=\"yoast-schema-graph\">{\"@context\":\"https:\/\/schema.org\",\"@graph\":[{\"@type\":\"WebPage\",\"@id\":\"https:\/\/theplayoffs.news\/fr\/actualite-nhl\/brock-nelson-echange-a-lavalanche-du-colorado-en-provenance-des-islanders-de-new-york\/\",\"url\":\"https:\/\/theplayoffs.news\/fr\/actualite-nhl\/brock-nelson-echange-a-lavalanche-du-colorado-en-provenance-des-islanders-de-new-york\/\",\"name\":\"Brock Nelson \u00e9chang\u00e9 \u00e0 l\u2019Avalanche du Colorado en provenance des Islanders de New York - The Playoffs FR\",\"isPartOf\":{\"@id\":\"https:\/\/theplayoffs.news\/fr\/#website\"},\"primaryImageOfPage\":{\"@id\":\"https:\/\/theplayoffs.news\/fr\/actualite-nhl\/brock-nelson-echange-a-lavalanche-du-colorado-en-provenance-des-islanders-de-new-york\/#primaryimage\"},\"image\":{\"@id\":\"https:\/\/theplayoffs.news\/fr\/actualite-nhl\/brock-nelson-echange-a-lavalanche-du-colorado-en-provenance-des-islanders-de-new-york\/#primaryimage\"},\"thumbnailUrl\":\"https:\/\/theplayoffs.news\/fr\/wp-content\/uploads\/2025\/03\/USATSI_25532219.jpg\",\"datePublished\":\"2025-03-07T16:09:35+00:00\",\"dateModified\":\"2025-03-07T16:09:41+00:00\",\"author\":{\"@id\":\"https:\/\/theplayoffs.news\/fr\/#\/schema\/person\/bb40426f4e478f9bd8cdbfeb4f2f9784\"},\"breadcrumb\":{\"@id\":\"https:\/\/theplayoffs.news\/fr\/actualite-nhl\/brock-nelson-echange-a-lavalanche-du-colorado-en-provenance-des-islanders-de-new-york\/#breadcrumb\"},\"inLanguage\":\"fr-FR\",\"potentialAction\":[{\"@type\":\"ReadAction\",\"target\":[\"https:\/\/theplayoffs.news\/fr\/actualite-nhl\/brock-nelson-echange-a-lavalanche-du-colorado-en-provenance-des-islanders-de-new-york\/\"]}]},{\"@type\":\"ImageObject\",\"inLanguage\":\"fr-FR\",\"@id\":\"https:\/\/theplayoffs.news\/fr\/actualite-nhl\/brock-nelson-echange-a-lavalanche-du-colorado-en-provenance-des-islanders-de-new-york\/#primaryimage\",\"url\":\"https:\/\/theplayoffs.news\/fr\/wp-content\/uploads\/2025\/03\/USATSI_25532219.jpg\",\"contentUrl\":\"https:\/\/theplayoffs.news\/fr\/wp-content\/uploads\/2025\/03\/USATSI_25532219.jpg\",\"width\":1920,\"height\":1280,\"caption\":\"Feb 27, 2025; Boston, Massachusetts, USA;New York Islanders center Brock Nelson (29) gets set for a face-off during the second period against the Boston Bruins at TD Garden. Mandatory Credit: Bob DeChiara-Imagn Images\"},{\"@type\":\"BreadcrumbList\",\"@id\":\"https:\/\/theplayoffs.news\/fr\/actualite-nhl\/brock-nelson-echange-a-lavalanche-du-colorado-en-provenance-des-islanders-de-new-york\/#breadcrumb\",\"itemListElement\":[{\"@type\":\"ListItem\",\"position\":1,\"name\":\"Accueil\",\"item\":\"https:\/\/theplayoffs.news\/fr\/\"},{\"@type\":\"ListItem\",\"position\":2,\"name\":\"Brock Nelson \u00e9chang\u00e9 \u00e0 l\u2019Avalanche du Colorado en provenance des Islanders de New York\"}]},{\"@type\":\"WebSite\",\"@id\":\"https:\/\/theplayoffs.news\/fr\/#website\",\"url\":\"https:\/\/theplayoffs.news\/fr\/\",\"name\":\"The Playoffs FR\",\"description\":\"NBA-NFL-NHL-MLB\",\"potentialAction\":[{\"@type\":\"SearchAction\",\"target\":{\"@type\":\"EntryPoint\",\"urlTemplate\":\"https:\/\/theplayoffs.news\/fr\/?s={search_term_string}\"},\"query-input\":{\"@type\":\"PropertyValueSpecification\",\"valueRequired\":true,\"valueName\":\"search_term_string\"}}],\"inLanguage\":\"fr-FR\"},{\"@type\":\"Person\",\"@id\":\"https:\/\/theplayoffs.news\/fr\/#\/schema\/person\/bb40426f4e478f9bd8cdbfeb4f2f9784\",\"name\":\"La r\u00e9daction\",\"image\":{\"@type\":\"ImageObject\",\"inLanguage\":\"fr-FR\",\"@id\":\"https:\/\/theplayoffs.news\/fr\/#\/schema\/person\/image\/\",\"url\":\"https:\/\/secure.gravatar.com\/avatar\/7e69b41460ab2c17d61c8c364b6a0ee006f957a70191383ef42be1f4733d6515?s=96&d=mm&r=g\",\"contentUrl\":\"https:\/\/secure.gravatar.com\/avatar\/7e69b41460ab2c17d61c8c364b6a0ee006f957a70191383ef42be1f4733d6515?s=96&d=mm&r=g\",\"caption\":\"La r\u00e9daction\"},\"description\":\"On dit qu\\\\'il faut un village pour s\\\\'occuper d\\\\'un enfant. Et bien c\\\\'est exactement ce dont il s\\\\'agit ici pour The Playoffs. La r\u00e9daction, ce sont vos r\u00e9dacteurs pr\u00e9f\u00e9r\u00e9s qui collaborent sur ces articles que vous lisez au quotidien.\u00a0\",\"url\":\"https:\/\/theplayoffs.news\/fr\/author\/freeagentfr\/\"}]}<\/script>\n<!-- \/ Yoast SEO plugin. -->","yoast_head_json":{"title":"Brock Nelson &eacute;chang&eacute; &agrave; l&rsquo;Avalanche du Colorado en provenance des Islanders de New York - The Playoffs FR","robots":{"index":"index","follow":"follow","max-snippet":"max-snippet:-1","max-image-preview":"max-image-preview:large","max-video-preview":"max-video-preview:-1"},"canonical":"https:\/\/theplayoffs.news\/fr\/actualite-nhl\/brock-nelson-echange-a-lavalanche-du-colorado-en-provenance-des-islanders-de-new-york\/","og_locale":"fr_FR","og_type":"article","og_title":"Brock Nelson &eacute;chang&eacute; &agrave; l&rsquo;Avalanche du Colorado en provenance des Islanders de New York - The Playoffs FR","og_description":"L&rsquo;Avalanche du Colorado acquiert Brock Nelson des Islanders dans un &eacute;change cl&eacute;, renfor&ccedil;ant ainsi son effectif en vue des s&eacute;ries &eacute;liminatoires.","og_url":"https:\/\/theplayoffs.news\/fr\/actualite-nhl\/brock-nelson-echange-a-lavalanche-du-colorado-en-provenance-des-islanders-de-new-york\/","og_site_name":"The Playoffs FR","article_publisher":"https:\/\/www.facebook.com\/TheFreeAgentFR\/","article_modified_time":"2025-03-07T16:09:41+00:00","og_image":[{"width":1920,"height":1280,"url":"https:\/\/theplayoffs.news\/fr\/wp-content\/uploads\/2025\/03\/USATSI_25532219.jpg","type":"image\/jpeg"}],"author":"La r\u00e9daction","twitter_card":"summary_large_image","twitter_creator":"@TheFreeAgentFR","twitter_site":"@TheFreeAgentFR","twitter_misc":{"\u00c9crit par":"La r\u00e9daction","Dur\u00e9e de lecture estim\u00e9e":"3 minutes"},"schema":{"@context":"https:\/\/schema.org","@graph":[{"@type":"WebPage","@id":"https:\/\/theplayoffs.news\/fr\/actualite-nhl\/brock-nelson-echange-a-lavalanche-du-colorado-en-provenance-des-islanders-de-new-york\/","url":"https:\/\/theplayoffs.news\/fr\/actualite-nhl\/brock-nelson-echange-a-lavalanche-du-colorado-en-provenance-des-islanders-de-new-york\/","name":"Brock Nelson \u00e9chang\u00e9 \u00e0 l\u2019Avalanche du Colorado en provenance des Islanders de New York - The Playoffs FR","isPartOf":{"@id":"https:\/\/theplayoffs.news\/fr\/#website"},"primaryImageOfPage":{"@id":"https:\/\/theplayoffs.news\/fr\/actualite-nhl\/brock-nelson-echange-a-lavalanche-du-colorado-en-provenance-des-islanders-de-new-york\/#primaryimage"},"image":{"@id":"https:\/\/theplayoffs.news\/fr\/actualite-nhl\/brock-nelson-echange-a-lavalanche-du-colorado-en-provenance-des-islanders-de-new-york\/#primaryimage"},"thumbnailUrl":"https:\/\/theplayoffs.news\/fr\/wp-content\/uploads\/2025\/03\/USATSI_25532219.jpg","datePublished":"2025-03-07T16:09:35+00:00","dateModified":"2025-03-07T16:09:41+00:00","author":{"@id":"https:\/\/theplayoffs.news\/fr\/#\/schema\/person\/bb40426f4e478f9bd8cdbfeb4f2f9784"},"breadcrumb":{"@id":"https:\/\/theplayoffs.news\/fr\/actualite-nhl\/brock-nelson-echange-a-lavalanche-du-colorado-en-provenance-des-islanders-de-new-york\/#breadcrumb"},"inLanguage":"fr-FR","potentialAction":[{"@type":"ReadAction","target":["https:\/\/theplayoffs.news\/fr\/actualite-nhl\/brock-nelson-echange-a-lavalanche-du-colorado-en-provenance-des-islanders-de-new-york\/"]}]},{"@type":"ImageObject","inLanguage":"fr-FR","@id":"https:\/\/theplayoffs.news\/fr\/actualite-nhl\/brock-nelson-echange-a-lavalanche-du-colorado-en-provenance-des-islanders-de-new-york\/#primaryimage","url":"https:\/\/theplayoffs.news\/fr\/wp-content\/uploads\/2025\/03\/USATSI_25532219.jpg","contentUrl":"https:\/\/theplayoffs.news\/fr\/wp-content\/uploads\/2025\/03\/USATSI_25532219.jpg","width":1920,"height":1280,"caption":"Feb 27, 2025; Boston, Massachusetts, USA;New York Islanders center Brock Nelson (29) gets set for a face-off during the second period against the Boston Bruins at TD Garden. Mandatory Credit: Bob DeChiara-Imagn Images"},{"@type":"BreadcrumbList","@id":"https:\/\/theplayoffs.news\/fr\/actualite-nhl\/brock-nelson-echange-a-lavalanche-du-colorado-en-provenance-des-islanders-de-new-york\/#breadcrumb","itemListElement":[{"@type":"ListItem","position":1,"name":"Accueil","item":"https:\/\/theplayoffs.news\/fr\/"},{"@type":"ListItem","position":2,"name":"Brock Nelson \u00e9chang\u00e9 \u00e0 l\u2019Avalanche du Colorado en provenance des Islanders de New York"}]},{"@type":"WebSite","@id":"https:\/\/theplayoffs.news\/fr\/#website","url":"https:\/\/theplayoffs.news\/fr\/","name":"The Playoffs FR","description":"NBA-NFL-NHL-MLB","potentialAction":[{"@type":"SearchAction","target":{"@type":"EntryPoint","urlTemplate":"https:\/\/theplayoffs.news\/fr\/?s={search_term_string}"},"query-input":{"@type":"PropertyValueSpecification","valueRequired":true,"valueName":"search_term_string"}}],"inLanguage":"fr-FR"},{"@type":"Person","@id":"https:\/\/theplayoffs.news\/fr\/#\/schema\/person\/bb40426f4e478f9bd8cdbfeb4f2f9784","name":"La r\u00e9daction","image":{"@type":"ImageObject","inLanguage":"fr-FR","@id":"https:\/\/theplayoffs.news\/fr\/#\/schema\/person\/image\/","url":"https:\/\/secure.gravatar.com\/avatar\/7e69b41460ab2c17d61c8c364b6a0ee006f957a70191383ef42be1f4733d6515?s=96&d=mm&r=g","contentUrl":"https:\/\/secure.gravatar.com\/avatar\/7e69b41460ab2c17d61c8c364b6a0ee006f957a70191383ef42be1f4733d6515?s=96&d=mm&r=g","caption":"La r\u00e9daction"},"description":"On dit qu\\'il faut un village pour s\\'occuper d\\'un enfant. Et bien c\\'est exactement ce dont il s\\'agit ici pour The Playoffs. La r\u00e9daction, ce sont vos r\u00e9dacteurs pr\u00e9f\u00e9r\u00e9s qui collaborent sur ces articles que vous lisez au quotidien.\u00a0","url":"https:\/\/theplayoffs.news\/fr\/author\/freeagentfr\/"}]}},"_links":{"self":[{"href":"https:\/\/theplayoffs.news\/fr\/wp-json\/wp\/v2\/posts\/1483786","targetHints":{"allow":["GET"]}}],"collection":[{"href":"https:\/\/theplayoffs.news\/fr\/wp-json\/wp\/v2\/posts"}],"about":[{"href":"https:\/\/theplayoffs.news\/fr\/wp-json\/wp\/v2\/types\/post"}],"author":[{"embeddable":true,"href":"https:\/\/theplayoffs.news\/fr\/wp-json\/wp\/v2\/users\/180309799"}],"replies":[{"embeddable":true,"href":"https:\/\/theplayoffs.news\/fr\/wp-json\/wp\/v2\/comments?post=1483786"}],"version-history":[{"count":1,"href":"https:\/\/theplayoffs.news\/fr\/wp-json\/wp\/v2\/posts\/1483786\/revisions"}],"predecessor-version":[{"id":1483788,"href":"https:\/\/theplayoffs.news\/fr\/wp-json\/wp\/v2\/posts\/1483786\/revisions\/1483788"}],"wp:featuredmedia":[{"embeddable":true,"href":"https:\/\/theplayoffs.news\/fr\/wp-json\/wp\/v2\/media\/1483787"}],"wp:attachment":[{"href":"https:\/\/theplayoffs.news\/fr\/wp-json\/wp\/v2\/media?parent=1483786"}],"wp:term":[{"taxonomy":"category","embeddable":true,"href":"https:\/\/theplayoffs.news\/fr\/wp-json\/wp\/v2\/categories?post=1483786"},{"taxonomy":"post_tag","embeddable":true,"href":"https:\/\/theplayoffs.news\/fr\/wp-json\/wp\/v2\/tags?post=1483786"},{"taxonomy":"sport","embeddable":true,"href":"https:\/\/theplayoffs.news\/fr\/wp-json\/wp\/v2\/sport?post=1483786"},{"taxonomy":"saison","embeddable":true,"href":"https:\/\/theplayoffs.news\/fr\/wp-json\/wp\/v2\/saison?post=1483786"}],"curies":[{"name":"wp","href":"https:\/\/api.w.org\/{rel}","templated":true}]}}