{"id":1483730,"date":"2025-03-07T11:12:00","date_gmt":"2025-03-07T10:12:00","guid":{"rendered":"https:\/\/theplayoffs.news\/fr\/uncategorized\/\/"},"modified":"2025-03-07T10:13:57","modified_gmt":"2025-03-07T09:13:57","slug":"bobby-wagner-prolonge-a-washington","status":"publish","type":"post","link":"https:\/\/theplayoffs.news\/fr\/actualite-nfl\/bobby-wagner-prolonge-a-washington\/","title":{"rendered":"Bobby Wagner prolonge \u00e0 Washington"},"content":{"rendered":"<p>Les Washington Commanders se montrent plut&ocirc;t actifs en ce d&eacute;but de offseason! Apr&egrave;s avoir enregistr&eacute; l&rsquo;arriv&eacute;e dans leur rangs de <a href=\"https:\/\/theplayoffs.news\/fr\/actualite-nfl\/deebo-samuel-pret-pour-un-nouveau-depart\/\" class=\"trk-cta-link\" data-cta-trk='{\"ctaType\":\"Link\",\"ctaSubType\":\"main\"}'>Deebo Samuel<\/a> en provenance des San Francisco 49ers, la franchise finaliste de conf&eacute;rence NFC en 2024 a annonc&eacute; ce jeudi la prolongation de son linebacker Bobby Wagner pour la saison 2025. Un <a href=\"https:\/\/www.nbcsports.com\/nfl\/profootballtalk\/rumor-mill\/news\/commanders-re-sign-lb-bobby-wagner\" class=\"trk-cta-link\" data-cta-trk='{\"ctaType\":\"Link\",\"ctaSubType\":\"main\"}'>nouveau contrat de un an<\/a> pour le d&eacute;fenseur v&eacute;t&eacute;ran assorti d&rsquo;un montant de 9.5 millions de dollars dont 8 millions pleinement garantis.<\/p><p>Avec ce nouveau contrat, les Washington Commanders s&rsquo;assurent donc la pr&eacute;sence de Bobby Wagner pour la saison 2025 et veulent ainsi s&rsquo;inscrire dans la continuit&eacute; apr&egrave;s une saison 2024 r&eacute;ussie. Pour rappel, Wagner avait rejoint les Commanders lors de l&rsquo;intersaison 2024 et avait &eacute;t&eacute; une pi&egrave;ce importante de la d&eacute;fense de Washington pendant toute la saison derni&egrave;re. Les chiffres parlent d&rsquo;eux-m&ecirc;mes puisque Wagner a particip&eacute; &agrave; 99% des snaps d&eacute;fensifs de son &eacute;quipe lors du pr&eacute;c&eacute;dent exercice s&rsquo;offrant au passage 132 plaquages, deux sacks, un fumble forc&eacute; et deux fumbles recouverts.<\/p><p>Les Washington Commanders poursuivent donc leur assemblage d&rsquo;effectif autour de jeunes joueurs comme Jayden Daniels mais aussi autour de joueurs exp&eacute;riment&eacute;s en NFL comme Bobby Wagner qui disputera sa 14e saison en NFL lors de la saison 2025. Un assemblage int&eacute;ressant qui pourrait conduire les Commanders vers les sommets de la NFL.<\/p><p>Cr&eacute;dit photo: &copy; Tim Heitman-Imagn Images<\/p>\n","protected":false},"excerpt":{"rendered":"<p>NFL &#8211; Le linebacker des Washington Commanders, Bobby Wagner, a prolong\u00e9 son contrat avec Washington<\/p>\n","protected":false},"author":180309964,"featured_media":1483734,"comment_status":"closed","ping_status":"closed","sticky":false,"template":"","format":"standard","meta":{"inline_featured_image":false,"kia_subtitle":"NFL - Le linebacker des Washington Commanders, Bobby Wagner, a prolong\u00e9 son contrat avec Washington","_mux_skip_reasons":[],"proofreadBy":0,"footnotes":""},"categories":[118,40],"tags":[3685,3285],"sport":[2785],"saison":[7475],"class_list":["post-1483730","post","type-post","status-publish","format-standard","has-post-thumbnail","hentry","category-actualite-nfl","category-nfl","tag-bobby-wagner","tag-washington-commanders","sport-nfl","saison-7475"],"acf":[],"yoast_head":"<!-- This site is optimized with the Yoast SEO plugin v24.2 - https:\/\/yoast.com\/wordpress\/plugins\/seo\/ -->\n<title>Bobby Wagner prolonge &agrave; Washington - The Playoffs FR<\/title>\n<meta name=\"description\" content=\"Les Washington Commanders se montrent plut&ocirc;t actifs en ce d&eacute;but de offseason! Apr&egrave;s avoir enregistr&eacute; l&#039;arriv&eacute;e dans leur rangs de Deebo Samuel\" \/>\n<meta name=\"robots\" content=\"index, follow, max-snippet:-1, max-image-preview:large, max-video-preview:-1\" \/>\n<link rel=\"canonical\" href=\"https:\/\/theplayoffs.news\/fr\/actualite-nfl\/bobby-wagner-prolonge-a-washington\/\" \/>\n<meta property=\"og:locale\" content=\"fr_FR\" \/>\n<meta property=\"og:type\" content=\"article\" \/>\n<meta property=\"og:title\" content=\"Bobby Wagner prolonge &agrave; Washington - The Playoffs FR\" \/>\n<meta property=\"og:description\" content=\"Les Washington Commanders se montrent plut&ocirc;t actifs en ce d&eacute;but de offseason! Apr&egrave;s avoir enregistr&eacute; l&#039;arriv&eacute;e dans leur rangs de Deebo Samuel\" \/>\n<meta property=\"og:url\" content=\"https:\/\/theplayoffs.news\/fr\/actualite-nfl\/bobby-wagner-prolonge-a-washington\/\" \/>\n<meta property=\"og:site_name\" content=\"The Playoffs FR\" \/>\n<meta property=\"article:publisher\" content=\"https:\/\/www.facebook.com\/TheFreeAgentFR\/\" \/>\n<meta property=\"article:modified_time\" content=\"2025-03-07T11:12:00+01:00\" \/>\n<meta property=\"og:image\" content=\"https:\/\/theplayoffs.news\/fr\/wp-content\/uploads\/2025\/03\/USATSI_25120434.jpg\" \/>\n\t<meta property=\"og:image:width\" content=\"1920\" \/>\n\t<meta property=\"og:image:height\" content=\"1281\" \/>\n\t<meta property=\"og:image:type\" content=\"image\/jpeg\" \/>\n<meta name=\"author\" content=\"Flavien Jumeau\" \/>\n<meta name=\"twitter:card\" content=\"summary_large_image\" \/>\n<meta name=\"twitter:creator\" content=\"@TheFreeAgentFR\" \/>\n<meta name=\"twitter:site\" content=\"@TheFreeAgentFR\" \/>\n<meta name=\"twitter:label1\" content=\"\u00c9crit par\" \/>\n\t<meta name=\"twitter:data1\" content=\"Flavien Jumeau\" \/>\n\t<meta name=\"twitter:label2\" content=\"Dur\u00e9e de lecture estim\u00e9e\" \/>\n\t<meta name=\"twitter:data2\" content=\"2 minutes\" \/>\n<script type=\"application\/ld+json\" class=\"yoast-schema-graph\">{\"@context\":\"https:\/\/schema.org\",\"@graph\":[{\"@type\":\"WebPage\",\"@id\":\"https:\/\/theplayoffs.news\/fr\/actualite-nfl\/bobby-wagner-prolonge-a-washington\/\",\"url\":\"https:\/\/theplayoffs.news\/fr\/actualite-nfl\/bobby-wagner-prolonge-a-washington\/\",\"name\":\"Bobby Wagner prolonge \u00e0 Washington - The Playoffs FR\",\"isPartOf\":{\"@id\":\"https:\/\/theplayoffs.news\/fr\/#website\"},\"primaryImageOfPage\":{\"@id\":\"https:\/\/theplayoffs.news\/fr\/actualite-nfl\/bobby-wagner-prolonge-a-washington\/#primaryimage\"},\"image\":{\"@id\":\"https:\/\/theplayoffs.news\/fr\/actualite-nfl\/bobby-wagner-prolonge-a-washington\/#primaryimage\"},\"thumbnailUrl\":\"https:\/\/theplayoffs.news\/fr\/wp-content\/uploads\/2025\/03\/USATSI_25120434.jpg\",\"datePublished\":\"2025-03-07T10:12:00+00:00\",\"dateModified\":\"2025-03-07T11:12:00+01:00\",\"author\":{\"@id\":\"https:\/\/theplayoffs.news\/fr\/#\/schema\/person\/def63bc6746dc5957469b75feb99e66d\"},\"description\":\"Les Washington Commanders se montrent plut\u00f4t actifs en ce d\u00e9but de offseason! Apr\u00e8s avoir enregistr\u00e9 l\\\\'arriv\u00e9e dans leur rangs de Deebo Samuel\",\"breadcrumb\":{\"@id\":\"https:\/\/theplayoffs.news\/fr\/actualite-nfl\/bobby-wagner-prolonge-a-washington\/#breadcrumb\"},\"inLanguage\":\"fr-FR\",\"potentialAction\":[{\"@type\":\"ReadAction\",\"target\":[\"https:\/\/theplayoffs.news\/fr\/actualite-nfl\/bobby-wagner-prolonge-a-washington\/\"]}]},{\"@type\":\"ImageObject\",\"inLanguage\":\"fr-FR\",\"@id\":\"https:\/\/theplayoffs.news\/fr\/actualite-nfl\/bobby-wagner-prolonge-a-washington\/#primaryimage\",\"url\":\"https:\/\/theplayoffs.news\/fr\/wp-content\/uploads\/2025\/03\/USATSI_25120434.jpg\",\"contentUrl\":\"https:\/\/theplayoffs.news\/fr\/wp-content\/uploads\/2025\/03\/USATSI_25120434.jpg\",\"width\":1920,\"height\":1281,\"caption\":\"Jan 5, 2025; Arlington, Texas, USA; Washington Commanders linebacker Bobby Wagner (54) walks on the field before the game against the Dallas Cowboys at AT&amp;T Stadium. Mandatory Credit: Tim Heitman-Imagn Images\"},{\"@type\":\"BreadcrumbList\",\"@id\":\"https:\/\/theplayoffs.news\/fr\/actualite-nfl\/bobby-wagner-prolonge-a-washington\/#breadcrumb\",\"itemListElement\":[{\"@type\":\"ListItem\",\"position\":1,\"name\":\"Accueil\",\"item\":\"https:\/\/theplayoffs.news\/fr\/\"},{\"@type\":\"ListItem\",\"position\":2,\"name\":\"Bobby Wagner prolonge \u00e0 Washington\"}]},{\"@type\":\"WebSite\",\"@id\":\"https:\/\/theplayoffs.news\/fr\/#website\",\"url\":\"https:\/\/theplayoffs.news\/fr\/\",\"name\":\"The Playoffs FR\",\"description\":\"NBA-NFL-NHL-MLB\",\"potentialAction\":[{\"@type\":\"SearchAction\",\"target\":{\"@type\":\"EntryPoint\",\"urlTemplate\":\"https:\/\/theplayoffs.news\/fr\/?s={search_term_string}\"},\"query-input\":{\"@type\":\"PropertyValueSpecification\",\"valueRequired\":true,\"valueName\":\"search_term_string\"}}],\"inLanguage\":\"fr-FR\"},{\"@type\":\"Person\",\"@id\":\"https:\/\/theplayoffs.news\/fr\/#\/schema\/person\/def63bc6746dc5957469b75feb99e66d\",\"name\":\"Flavien Jumeau\",\"image\":{\"@type\":\"ImageObject\",\"inLanguage\":\"fr-FR\",\"@id\":\"https:\/\/theplayoffs.news\/fr\/#\/schema\/person\/image\/\",\"url\":\"https:\/\/secure.gravatar.com\/avatar\/e7fa8ba5a4b7e4ce35fe152f083f352db28ad0acce692004ed88a7a7d78893f7?s=96&d=mm&r=g\",\"contentUrl\":\"https:\/\/secure.gravatar.com\/avatar\/e7fa8ba5a4b7e4ce35fe152f083f352db28ad0acce692004ed88a7a7d78893f7?s=96&d=mm&r=g\",\"caption\":\"Flavien Jumeau\"},\"description\":\"Amoureux du sport (et de vraiment tous les sports) depuis mon plus jeune \u00e2ge, j\u2019ai longtemps h\u00e9site entre le snooker et le curling. Finalement c\u2019est le foot US que j\u2019ai d\u00e9cid\u00e9 de choisir! Responsable foot US sur TPO et animateur du podcast Tailgate j\u2019ai pour mission de vous faire d\u00e9couvrir ce sport passionnant si ce n\u2019est pas encore fait et de vous donner les derni\u00e8res actus. Le tout dans la bonne humeur et avec toujours un jeu de mots ou deux savamment distill\u00e9s! Fan des Saints, pour moi Drew Brees est le vrai GOAT!\",\"url\":\"https:\/\/theplayoffs.news\/fr\/author\/flavien-jumeaugmail-com\/\"}]}<\/script>\n<!-- \/ Yoast SEO plugin. -->","yoast_head_json":{"title":"Bobby Wagner prolonge &agrave; Washington - The Playoffs FR","description":"Les Washington Commanders se montrent plut&ocirc;t actifs en ce d&eacute;but de offseason! Apr&egrave;s avoir enregistr&eacute; l&#039;arriv&eacute;e dans leur rangs de Deebo Samuel","robots":{"index":"index","follow":"follow","max-snippet":"max-snippet:-1","max-image-preview":"max-image-preview:large","max-video-preview":"max-video-preview:-1"},"canonical":"https:\/\/theplayoffs.news\/fr\/actualite-nfl\/bobby-wagner-prolonge-a-washington\/","og_locale":"fr_FR","og_type":"article","og_title":"Bobby Wagner prolonge &agrave; Washington - The Playoffs FR","og_description":"Les Washington Commanders se montrent plut&ocirc;t actifs en ce d&eacute;but de offseason! Apr&egrave;s avoir enregistr&eacute; l&#039;arriv&eacute;e dans leur rangs de Deebo Samuel","og_url":"https:\/\/theplayoffs.news\/fr\/actualite-nfl\/bobby-wagner-prolonge-a-washington\/","og_site_name":"The Playoffs FR","article_publisher":"https:\/\/www.facebook.com\/TheFreeAgentFR\/","article_modified_time":"2025-03-07T09:13:57+00:00","og_image":[{"width":1920,"height":1281,"url":"https:\/\/theplayoffs.news\/fr\/wp-content\/uploads\/2025\/03\/USATSI_25120434.jpg","type":"image\/jpeg"}],"author":"Flavien Jumeau","twitter_card":"summary_large_image","twitter_creator":"@TheFreeAgentFR","twitter_site":"@TheFreeAgentFR","twitter_misc":{"\u00c9crit par":"Flavien Jumeau","Dur\u00e9e de lecture estim\u00e9e":"2 minutes"},"schema":{"@context":"https:\/\/schema.org","@graph":[{"@type":"WebPage","@id":"https:\/\/theplayoffs.news\/fr\/actualite-nfl\/bobby-wagner-prolonge-a-washington\/","url":"https:\/\/theplayoffs.news\/fr\/actualite-nfl\/bobby-wagner-prolonge-a-washington\/","name":"Bobby Wagner prolonge \u00e0 Washington - The Playoffs FR","isPartOf":{"@id":"https:\/\/theplayoffs.news\/fr\/#website"},"primaryImageOfPage":{"@id":"https:\/\/theplayoffs.news\/fr\/actualite-nfl\/bobby-wagner-prolonge-a-washington\/#primaryimage"},"image":{"@id":"https:\/\/theplayoffs.news\/fr\/actualite-nfl\/bobby-wagner-prolonge-a-washington\/#primaryimage"},"thumbnailUrl":"https:\/\/theplayoffs.news\/fr\/wp-content\/uploads\/2025\/03\/USATSI_25120434.jpg","datePublished":"2025-03-07T10:12:00+00:00","dateModified":"2025-03-07T11:12:00+01:00","author":{"@id":"https:\/\/theplayoffs.news\/fr\/#\/schema\/person\/def63bc6746dc5957469b75feb99e66d"},"description":"Les Washington Commanders se montrent plut\u00f4t actifs en ce d\u00e9but de offseason! Apr\u00e8s avoir enregistr\u00e9 l\\'arriv\u00e9e dans leur rangs de Deebo Samuel","breadcrumb":{"@id":"https:\/\/theplayoffs.news\/fr\/actualite-nfl\/bobby-wagner-prolonge-a-washington\/#breadcrumb"},"inLanguage":"fr-FR","potentialAction":[{"@type":"ReadAction","target":["https:\/\/theplayoffs.news\/fr\/actualite-nfl\/bobby-wagner-prolonge-a-washington\/"]}]},{"@type":"ImageObject","inLanguage":"fr-FR","@id":"https:\/\/theplayoffs.news\/fr\/actualite-nfl\/bobby-wagner-prolonge-a-washington\/#primaryimage","url":"https:\/\/theplayoffs.news\/fr\/wp-content\/uploads\/2025\/03\/USATSI_25120434.jpg","contentUrl":"https:\/\/theplayoffs.news\/fr\/wp-content\/uploads\/2025\/03\/USATSI_25120434.jpg","width":1920,"height":1281,"caption":"Jan 5, 2025; Arlington, Texas, USA; Washington Commanders linebacker Bobby Wagner (54) walks on the field before the game against the Dallas Cowboys at AT&amp;T Stadium. Mandatory Credit: Tim Heitman-Imagn Images"},{"@type":"BreadcrumbList","@id":"https:\/\/theplayoffs.news\/fr\/actualite-nfl\/bobby-wagner-prolonge-a-washington\/#breadcrumb","itemListElement":[{"@type":"ListItem","position":1,"name":"Accueil","item":"https:\/\/theplayoffs.news\/fr\/"},{"@type":"ListItem","position":2,"name":"Bobby Wagner prolonge \u00e0 Washington"}]},{"@type":"WebSite","@id":"https:\/\/theplayoffs.news\/fr\/#website","url":"https:\/\/theplayoffs.news\/fr\/","name":"The Playoffs FR","description":"NBA-NFL-NHL-MLB","potentialAction":[{"@type":"SearchAction","target":{"@type":"EntryPoint","urlTemplate":"https:\/\/theplayoffs.news\/fr\/?s={search_term_string}"},"query-input":{"@type":"PropertyValueSpecification","valueRequired":true,"valueName":"search_term_string"}}],"inLanguage":"fr-FR"},{"@type":"Person","@id":"https:\/\/theplayoffs.news\/fr\/#\/schema\/person\/def63bc6746dc5957469b75feb99e66d","name":"Flavien Jumeau","image":{"@type":"ImageObject","inLanguage":"fr-FR","@id":"https:\/\/theplayoffs.news\/fr\/#\/schema\/person\/image\/","url":"https:\/\/secure.gravatar.com\/avatar\/e7fa8ba5a4b7e4ce35fe152f083f352db28ad0acce692004ed88a7a7d78893f7?s=96&d=mm&r=g","contentUrl":"https:\/\/secure.gravatar.com\/avatar\/e7fa8ba5a4b7e4ce35fe152f083f352db28ad0acce692004ed88a7a7d78893f7?s=96&d=mm&r=g","caption":"Flavien Jumeau"},"description":"Amoureux du sport (et de vraiment tous les sports) depuis mon plus jeune \u00e2ge, j\u2019ai longtemps h\u00e9site entre le snooker et le curling. Finalement c\u2019est le foot US que j\u2019ai d\u00e9cid\u00e9 de choisir! Responsable foot US sur TPO et animateur du podcast Tailgate j\u2019ai pour mission de vous faire d\u00e9couvrir ce sport passionnant si ce n\u2019est pas encore fait et de vous donner les derni\u00e8res actus. Le tout dans la bonne humeur et avec toujours un jeu de mots ou deux savamment distill\u00e9s! Fan des Saints, pour moi Drew Brees est le vrai GOAT!","url":"https:\/\/theplayoffs.news\/fr\/author\/flavien-jumeaugmail-com\/"}]}},"_links":{"self":[{"href":"https:\/\/theplayoffs.news\/fr\/wp-json\/wp\/v2\/posts\/1483730","targetHints":{"allow":["GET"]}}],"collection":[{"href":"https:\/\/theplayoffs.news\/fr\/wp-json\/wp\/v2\/posts"}],"about":[{"href":"https:\/\/theplayoffs.news\/fr\/wp-json\/wp\/v2\/types\/post"}],"author":[{"embeddable":true,"href":"https:\/\/theplayoffs.news\/fr\/wp-json\/wp\/v2\/users\/180309964"}],"replies":[{"embeddable":true,"href":"https:\/\/theplayoffs.news\/fr\/wp-json\/wp\/v2\/comments?post=1483730"}],"version-history":[{"count":1,"href":"https:\/\/theplayoffs.news\/fr\/wp-json\/wp\/v2\/posts\/1483730\/revisions"}],"predecessor-version":[{"id":1483737,"href":"https:\/\/theplayoffs.news\/fr\/wp-json\/wp\/v2\/posts\/1483730\/revisions\/1483737"}],"wp:featuredmedia":[{"embeddable":true,"href":"https:\/\/theplayoffs.news\/fr\/wp-json\/wp\/v2\/media\/1483734"}],"wp:attachment":[{"href":"https:\/\/theplayoffs.news\/fr\/wp-json\/wp\/v2\/media?parent=1483730"}],"wp:term":[{"taxonomy":"category","embeddable":true,"href":"https:\/\/theplayoffs.news\/fr\/wp-json\/wp\/v2\/categories?post=1483730"},{"taxonomy":"post_tag","embeddable":true,"href":"https:\/\/theplayoffs.news\/fr\/wp-json\/wp\/v2\/tags?post=1483730"},{"taxonomy":"sport","embeddable":true,"href":"https:\/\/theplayoffs.news\/fr\/wp-json\/wp\/v2\/sport?post=1483730"},{"taxonomy":"saison","embeddable":true,"href":"https:\/\/theplayoffs.news\/fr\/wp-json\/wp\/v2\/saison?post=1483730"}],"curies":[{"name":"wp","href":"https:\/\/api.w.org\/{rel}","templated":true}]}}