{"id":1483667,"date":"2025-03-06T17:40:31","date_gmt":"2025-03-06T16:40:31","guid":{"rendered":"https:\/\/theplayoffs.news\/fr\/uncategorized\/\/"},"modified":"2025-03-07T10:04:25","modified_gmt":"2025-03-07T09:04:25","slug":"derrick-white-apres-sa-performance-historique-ce-nest-pas-a-propos-de-moi","status":"publish","type":"post","link":"https:\/\/theplayoffs.news\/fr\/actualite-nba\/derrick-white-apres-sa-performance-historique-ce-nest-pas-a-propos-de-moi\/","title":{"rendered":"Derrick White altruiste apr\u00e8s sa performance historique : \u00ab\u00a0Ce n\u2019est pas \u00e0 propos de moi\u00a0\u00bb"},"content":{"rendered":"<p><strong>Derrick White s&rsquo;est exprim&eacute; apr&egrave;s la victoire de Boston face &agrave; Portland mercredi, revenant notamment sur la performance historique r&eacute;alis&eacute;e avec son co&eacute;quipier Payton Pritchard.<\/strong> Un match qui a vu le tandem des C&rsquo;s devenir le premier duo de la <strong>franchise<\/strong> &agrave; atteindre la barre des <strong>40 points<\/strong> chacun dans un m&ecirc;me match. Interrog&eacute; sur cet incroyable exploit en conf&eacute;rence de presse, l&rsquo;ancien Spur l&acirc;chait ainsi. <\/p><blockquote class=\"wp-block-quote is-layout-flow wp-block-quote-is-layout-flow\">\n<p><em>&laquo;&nbsp;Je me suis senti bien d&egrave;s le d&eacute;but du match, j&rsquo;ai essay&eacute; de continuer &agrave; trouver des tirs ouverts. Dans le deuxi&egrave;me quart-temps, j&rsquo;en ai mis trois de suite.&rdquo;<\/em> Et si les sensations &eacute;taient bonnes, White n&rsquo;en oubliait pas de souligner le soutien de son &eacute;quipe. <em>&ldquo;Il faut donner du cr&eacute;dit &agrave; mes co&eacute;quipiers, toujours pr&ecirc;ts &agrave; me trouver dans de bonnes positions. Je suis rest&eacute; chaud.&rdquo;<\/em><\/p>\n<\/blockquote><figure class=\"wp-block-embed is-type-video is-provider-youtube wp-block-embed-youtube wp-embed-aspect-16-9 wp-has-aspect-ratio\"><div class=\"wp-block-embed__wrapper\">\n<iframe loading=\"lazy\" title=\"Derrick White on making Celtics HISTORY with Payton Pritchard | Postgame Interview 3-5\" width=\"500\" height=\"281\" src=\"https:\/\/www.youtube.com\/embed\/jlnukiJi59s?feature=oembed&amp;enablejsapi=1&amp;origin=https:\/\/theplayoffs.news\" frameborder=\"0\" allow=\"accelerometer; autoplay; clipboard-write; encrypted-media; gyroscope; picture-in-picture; web-share\" referrerpolicy=\"strict-origin-when-cross-origin\" allowfullscreen><\/iframe>\n<\/div><\/figure><p>Le 29&egrave;me choix de la draft 2017 a &eacute;galement &eacute;voqu&eacute;<strong> son r&ocirc;le<\/strong> dans l&rsquo;&eacute;quipe et son<strong> importance<\/strong> &agrave; ses yeux. <\/p><blockquote class=\"wp-block-quote is-layout-flow wp-block-quote-is-layout-flow\">\n<p><em>&ldquo;Ce soir, c&rsquo;&eacute;tait fun, mais des objectifs bien plus grands nous attendent. On sait pourquoi on travaille. Ce n&rsquo;est pas &agrave; propos de moi, je suis pr&ecirc;t &agrave; faire tout ce dont l&rsquo;&eacute;quipe a besoin pour gagner des matchs.&rdquo;<\/em><strong> <\/strong><\/p>\n<\/blockquote><p><strong>Fid&egrave;le<\/strong> &agrave; son image,<strong> White<\/strong> s&rsquo;inscrit dans une <strong>dynamique collective<\/strong> et met en avant <strong>l&rsquo;int&eacute;r&ecirc;t du groupe<\/strong> avant tout. Enfin l&rsquo;arri&egrave;re ne pouvait s&rsquo;emp&ecirc;cher d&rsquo;&eacute;voquer l&rsquo;autre h&eacute;ros du soir c&ocirc;t&eacute; Celtics, Payton Pritchard. <\/p><blockquote class=\"wp-block-quote is-layout-flow wp-block-quote-is-layout-flow\">\n<p><em>&ldquo;Je suis tr&egrave;s heureux pour Payton. Il aurait m&ecirc;me pu prendre plus de tirs, j&rsquo;en ai pris six de plus que lui. Il est incroyable, travaille dur et joue toujours de la bonne mani&egrave;re.&rdquo;<\/em><\/p>\n<\/blockquote><blockquote class=\"twitter-tweet\"><p lang=\"en\" dir=\"ltr\">PRITCHARD &amp; WHITE COMBINE FOR 84 &#129327;&#129327;<br><br>Pritchard: 43 PTS | 10 REB | 5 AST | 10 3PM<br>White: 41 PTS | 3 STL | 9 3PM<br><br>Pritchard's 43 PTS &amp; 10 3PM represent new CAREER-BESTS &#128293; <a href=\"https:\/\/t.co\/a6hlX56cLH\" class=\"trk-cta-link\" data-cta-trk='{\"ctaType\":\"Link\",\"ctaSubType\":\"main\"}'>pic.twitter.com\/a6hlX56cLH<\/a><\/p>&mdash; NBA (@NBA) <a href=\"https:\/\/twitter.com\/NBA\/status\/1897479749053600152?ref_src=twsrc%5Etfw\" class=\"trk-cta-link\" data-cta-trk='{\"ctaType\":\"Link\",\"ctaSubType\":\"main\"}'>March 6, 2025<\/a><\/blockquote><script async src=\"https:\/\/platform.twitter.com\/widgets.js\" charset=\"utf-8\"><\/script><p><strong>Lire aussi :<\/strong><\/p><p><a href=\"https:\/\/theplayoffs.news\/fr\/actualite-nba\/jason-kidd-ne-se-sent-pas-responsable-de-la-blessure-de-kyrie-irving\/\" class=\"trk-cta-link\" data-cta-trk='{\"ctaType\":\"Link\",\"ctaSubType\":\"main\"}'>Jason Kidd n&rsquo;est pas responsable de la blessure de Kyrie Irving<\/a><\/p><p><a href=\"https:\/\/theplayoffs.news\/fr\/actualite-nba\/shaquille-oneal-fete-ses-53-ans-retour-sur-la-carriere-dun-geant-de-la-nba\/\" class=\"trk-cta-link\" data-cta-trk='{\"ctaType\":\"Link\",\"ctaSubType\":\"main\"}'>Shaquille O&rsquo;Neal f&ecirc;te ses 53 ans !<\/a><\/p><h2 class=\"wp-block-heading\">Un effectif tr&egrave;s complet<\/h2><p>Avec cette performance, <strong>Pritchard<\/strong> et <strong>White<\/strong> deviennent le deuxi&egrave;me duo des <strong>Celtics<\/strong> cette saison &agrave; combiner pour<strong> 80 points ou plus<\/strong>. Un exploit d&eacute;j&agrave; r&eacute;alis&eacute; par <strong>Jaylen Brown<\/strong> (37) et <strong>Jayson Tatum<\/strong> (46), auteurs de <strong>83 points <\/strong>lors de la d&eacute;faite face aux <strong>Cavaliers<\/strong> le<strong> 28 f&eacute;vrier<\/strong> dernier.<\/p><p><strong>Cr&eacute;dit photo :&nbsp;<\/strong>Winslow Townson-Imagn Images<\/p>\n","protected":false},"excerpt":{"rendered":"<p>Derrick White s&rsquo;est exprim\u00e9 apr\u00e8s la victoire face \u00e0 Portland et a \u00e9galement adress\u00e9 un mot \u00e0 son acolyte du soir, Payton Pritchard !<\/p>\n","protected":false},"author":180310268,"featured_media":1483668,"comment_status":"closed","ping_status":"closed","sticky":false,"template":"","format":"standard","meta":{"inline_featured_image":false,"kia_subtitle":"Derrick White s'est exprim\u00e9 apr\u00e8s la victoire face \u00e0 Portland et a \u00e9galement adress\u00e9 un mot \u00e0 son acolyte du soir, Payton Pritchard !","_mux_skip_reasons":[],"proofreadBy":0,"footnotes":""},"categories":[110,10],"tags":[603,5273,548,302,23,6026],"sport":[2783],"saison":[],"class_list":["post-1483667","post","type-post","status-publish","format-standard","has-post-thumbnail","hentry","category-actualite-nba","category-nba","tag-boston-celtics","tag-derrick-white","tag-jaylen-brown","tag-jayson-tatum","tag-nba-tag","tag-payton-pritchard","sport-nba"],"acf":[],"yoast_head":"<!-- This site is optimized with the Yoast SEO plugin v24.2 - https:\/\/yoast.com\/wordpress\/plugins\/seo\/ -->\n<title>Derrick White : &quot;Ce n&rsquo;est pas &agrave; propos de moi&quot;<\/title>\n<meta name=\"description\" content=\"Derrick White s&#039;est exprim&eacute; apr&egrave;s la victoire face &agrave; Portland et a &eacute;galement adress&eacute; un mot &agrave; son acolyte du soir, Payton Pritchard !\" \/>\n<meta name=\"robots\" content=\"index, follow, max-snippet:-1, max-image-preview:large, max-video-preview:-1\" \/>\n<link rel=\"canonical\" href=\"https:\/\/theplayoffs.news\/fr\/actualite-nba\/derrick-white-apres-sa-performance-historique-ce-nest-pas-a-propos-de-moi\/\" \/>\n<meta property=\"og:locale\" content=\"fr_FR\" \/>\n<meta property=\"og:type\" content=\"article\" \/>\n<meta property=\"og:title\" content=\"Derrick White : &quot;Ce n&rsquo;est pas &agrave; propos de moi&quot;\" \/>\n<meta property=\"og:description\" content=\"Derrick White s&#039;est exprim&eacute; apr&egrave;s la victoire face &agrave; Portland et a &eacute;galement adress&eacute; un mot &agrave; son acolyte du soir, Payton Pritchard !\" \/>\n<meta property=\"og:url\" content=\"https:\/\/theplayoffs.news\/fr\/actualite-nba\/derrick-white-apres-sa-performance-historique-ce-nest-pas-a-propos-de-moi\/\" \/>\n<meta property=\"og:site_name\" content=\"The Playoffs FR\" \/>\n<meta property=\"article:publisher\" content=\"https:\/\/www.facebook.com\/TheFreeAgentFR\/\" \/>\n<meta property=\"article:modified_time\" content=\"2025-03-07T10:04:25+01:00\" \/>\n<meta property=\"og:image\" content=\"https:\/\/theplayoffs.news\/fr\/wp-content\/uploads\/2025\/03\/USATSI_25589849.jpg\" \/>\n\t<meta property=\"og:image:width\" content=\"1920\" \/>\n\t<meta property=\"og:image:height\" content=\"1280\" \/>\n\t<meta property=\"og:image:type\" content=\"image\/jpeg\" \/>\n<meta name=\"author\" content=\"Elian Goethals\" \/>\n<meta name=\"twitter:card\" content=\"summary_large_image\" \/>\n<meta name=\"twitter:creator\" content=\"@x.com\/elidwight\" \/>\n<meta name=\"twitter:site\" content=\"@TheFreeAgentFR\" \/>\n<meta name=\"twitter:label1\" content=\"\u00c9crit par\" \/>\n\t<meta name=\"twitter:data1\" content=\"Elian Goethals\" \/>\n\t<meta name=\"twitter:label2\" content=\"Dur\u00e9e de lecture estim\u00e9e\" \/>\n\t<meta name=\"twitter:data2\" content=\"2 minutes\" \/>\n<script type=\"application\/ld+json\" class=\"yoast-schema-graph\">{\"@context\":\"https:\/\/schema.org\",\"@graph\":[{\"@type\":\"WebPage\",\"@id\":\"https:\/\/theplayoffs.news\/fr\/actualite-nba\/derrick-white-apres-sa-performance-historique-ce-nest-pas-a-propos-de-moi\/\",\"url\":\"https:\/\/theplayoffs.news\/fr\/actualite-nba\/derrick-white-apres-sa-performance-historique-ce-nest-pas-a-propos-de-moi\/\",\"name\":\"Derrick White : \\\\\\\"Ce n\u2019est pas \u00e0 propos de moi\\\\\\\"\",\"isPartOf\":{\"@id\":\"https:\/\/theplayoffs.news\/fr\/#website\"},\"primaryImageOfPage\":{\"@id\":\"https:\/\/theplayoffs.news\/fr\/actualite-nba\/derrick-white-apres-sa-performance-historique-ce-nest-pas-a-propos-de-moi\/#primaryimage\"},\"image\":{\"@id\":\"https:\/\/theplayoffs.news\/fr\/actualite-nba\/derrick-white-apres-sa-performance-historique-ce-nest-pas-a-propos-de-moi\/#primaryimage\"},\"thumbnailUrl\":\"https:\/\/theplayoffs.news\/fr\/wp-content\/uploads\/2025\/03\/USATSI_25589849.jpg\",\"datePublished\":\"2025-03-06T16:40:31+00:00\",\"dateModified\":\"2025-03-07T09:04:25+00:00\",\"author\":{\"@id\":\"https:\/\/theplayoffs.news\/fr\/#\/schema\/person\/2bc470c6a49f4f6229a67af19c87a732\"},\"description\":\"Derrick White s\\\\'est exprim\u00e9 apr\u00e8s la victoire face \u00e0 Portland et a \u00e9galement adress\u00e9 un mot \u00e0 son acolyte du soir, Payton Pritchard !\",\"breadcrumb\":{\"@id\":\"https:\/\/theplayoffs.news\/fr\/actualite-nba\/derrick-white-apres-sa-performance-historique-ce-nest-pas-a-propos-de-moi\/#breadcrumb\"},\"inLanguage\":\"fr-FR\",\"potentialAction\":[{\"@type\":\"ReadAction\",\"target\":[\"https:\/\/theplayoffs.news\/fr\/actualite-nba\/derrick-white-apres-sa-performance-historique-ce-nest-pas-a-propos-de-moi\/\"]}]},{\"@type\":\"ImageObject\",\"inLanguage\":\"fr-FR\",\"@id\":\"https:\/\/theplayoffs.news\/fr\/actualite-nba\/derrick-white-apres-sa-performance-historique-ce-nest-pas-a-propos-de-moi\/#primaryimage\",\"url\":\"https:\/\/theplayoffs.news\/fr\/wp-content\/uploads\/2025\/03\/USATSI_25589849.jpg\",\"contentUrl\":\"https:\/\/theplayoffs.news\/fr\/wp-content\/uploads\/2025\/03\/USATSI_25589849.jpg\",\"width\":1920,\"height\":1280,\"caption\":\"Mar 5, 2025; Boston, Massachusetts, USA; Boston Celtics guard Derrick White (9) shoots a three pointer over Portland Trail Blazers center Deandre Ayton (2) during the first quarter at TD Garden. Mandatory Credit: Winslow Townson-Imagn Images\"},{\"@type\":\"BreadcrumbList\",\"@id\":\"https:\/\/theplayoffs.news\/fr\/actualite-nba\/derrick-white-apres-sa-performance-historique-ce-nest-pas-a-propos-de-moi\/#breadcrumb\",\"itemListElement\":[{\"@type\":\"ListItem\",\"position\":1,\"name\":\"Accueil\",\"item\":\"https:\/\/theplayoffs.news\/fr\/\"},{\"@type\":\"ListItem\",\"position\":2,\"name\":\"Derrick White altruiste apr\u00e8s sa performance historique : \u00ab\u00a0Ce n\u2019est pas \u00e0 propos de moi\u00a0\u00bb\"}]},{\"@type\":\"WebSite\",\"@id\":\"https:\/\/theplayoffs.news\/fr\/#website\",\"url\":\"https:\/\/theplayoffs.news\/fr\/\",\"name\":\"The Playoffs FR\",\"description\":\"NBA-NFL-NHL-MLB\",\"potentialAction\":[{\"@type\":\"SearchAction\",\"target\":{\"@type\":\"EntryPoint\",\"urlTemplate\":\"https:\/\/theplayoffs.news\/fr\/?s={search_term_string}\"},\"query-input\":{\"@type\":\"PropertyValueSpecification\",\"valueRequired\":true,\"valueName\":\"search_term_string\"}}],\"inLanguage\":\"fr-FR\"},{\"@type\":\"Person\",\"@id\":\"https:\/\/theplayoffs.news\/fr\/#\/schema\/person\/2bc470c6a49f4f6229a67af19c87a732\",\"name\":\"Elian Goethals\",\"image\":{\"@type\":\"ImageObject\",\"inLanguage\":\"fr-FR\",\"@id\":\"https:\/\/theplayoffs.news\/fr\/#\/schema\/person\/image\/\",\"url\":\"https:\/\/secure.gravatar.com\/avatar\/293e2e649a094756005b611f6122ac1a95e95d453dbfe74b9d434b39855927f6?s=96&d=mm&r=g\",\"contentUrl\":\"https:\/\/secure.gravatar.com\/avatar\/293e2e649a094756005b611f6122ac1a95e95d453dbfe74b9d434b39855927f6?s=96&d=mm&r=g\",\"caption\":\"Elian Goethals\"},\"description\":\"Je suis sp\u00e9cialis\u00e9 dans la r\u00e9daction d\\\\'articles NBA et je suis un grand fan de basket am\u00e9ricain depuis toujours. Cela fait 20 ans que je joue au basket, et mon exp\u00e9rience sur les terrains me permet d\\\\'avoir une analyse approfondie des matchs. J\u2019ai d\u2019abord fait partie d\u2019autres m\u00e9dias sportifs en tant que b\u00e9n\u00e9vole avant de rejoindre ThePlayoffs en janvier. Je termine \u00e9galement un master en \u00e9tudes internationales. Ce que je pr\u00e9f\u00e8re dans mon travail, c\u2019est de transformer ma passion en m\u00e9tier et de partager avec vous l\u2019information NBA. J\u2019essaie de produire un contenu de qualit\u00e9 en esp\u00e9rant qu\u2019il vous plaise !\",\"sameAs\":[\"https:\/\/www.linkedin.com\/in\/elian-goethals-729b71200\/\",\"https:\/\/x.com\/x.com\/elidwight\"],\"url\":\"https:\/\/theplayoffs.news\/fr\/author\/elian\/\"}]}<\/script>\n<!-- \/ Yoast SEO plugin. -->","yoast_head_json":{"title":"Derrick White : &quot;Ce n&rsquo;est pas &agrave; propos de moi&quot;","description":"Derrick White s&#039;est exprim&eacute; apr&egrave;s la victoire face &agrave; Portland et a &eacute;galement adress&eacute; un mot &agrave; son acolyte du soir, Payton Pritchard !","robots":{"index":"index","follow":"follow","max-snippet":"max-snippet:-1","max-image-preview":"max-image-preview:large","max-video-preview":"max-video-preview:-1"},"canonical":"https:\/\/theplayoffs.news\/fr\/actualite-nba\/derrick-white-apres-sa-performance-historique-ce-nest-pas-a-propos-de-moi\/","og_locale":"fr_FR","og_type":"article","og_title":"Derrick White : &quot;Ce n&rsquo;est pas &agrave; propos de moi&quot;","og_description":"Derrick White s&#039;est exprim&eacute; apr&egrave;s la victoire face &agrave; Portland et a &eacute;galement adress&eacute; un mot &agrave; son acolyte du soir, Payton Pritchard !","og_url":"https:\/\/theplayoffs.news\/fr\/actualite-nba\/derrick-white-apres-sa-performance-historique-ce-nest-pas-a-propos-de-moi\/","og_site_name":"The Playoffs FR","article_publisher":"https:\/\/www.facebook.com\/TheFreeAgentFR\/","article_modified_time":"2025-03-07T09:04:25+00:00","og_image":[{"width":1920,"height":1280,"url":"https:\/\/theplayoffs.news\/fr\/wp-content\/uploads\/2025\/03\/USATSI_25589849.jpg","type":"image\/jpeg"}],"author":"Elian Goethals","twitter_card":"summary_large_image","twitter_creator":"@x.com\/elidwight","twitter_site":"@TheFreeAgentFR","twitter_misc":{"\u00c9crit par":"Elian Goethals","Dur\u00e9e de lecture estim\u00e9e":"2 minutes"},"schema":{"@context":"https:\/\/schema.org","@graph":[{"@type":"WebPage","@id":"https:\/\/theplayoffs.news\/fr\/actualite-nba\/derrick-white-apres-sa-performance-historique-ce-nest-pas-a-propos-de-moi\/","url":"https:\/\/theplayoffs.news\/fr\/actualite-nba\/derrick-white-apres-sa-performance-historique-ce-nest-pas-a-propos-de-moi\/","name":"Derrick White : \\\"Ce n\u2019est pas \u00e0 propos de moi\\\"","isPartOf":{"@id":"https:\/\/theplayoffs.news\/fr\/#website"},"primaryImageOfPage":{"@id":"https:\/\/theplayoffs.news\/fr\/actualite-nba\/derrick-white-apres-sa-performance-historique-ce-nest-pas-a-propos-de-moi\/#primaryimage"},"image":{"@id":"https:\/\/theplayoffs.news\/fr\/actualite-nba\/derrick-white-apres-sa-performance-historique-ce-nest-pas-a-propos-de-moi\/#primaryimage"},"thumbnailUrl":"https:\/\/theplayoffs.news\/fr\/wp-content\/uploads\/2025\/03\/USATSI_25589849.jpg","datePublished":"2025-03-06T16:40:31+00:00","dateModified":"2025-03-07T09:04:25+00:00","author":{"@id":"https:\/\/theplayoffs.news\/fr\/#\/schema\/person\/2bc470c6a49f4f6229a67af19c87a732"},"description":"Derrick White s\\'est exprim\u00e9 apr\u00e8s la victoire face \u00e0 Portland et a \u00e9galement adress\u00e9 un mot \u00e0 son acolyte du soir, Payton Pritchard !","breadcrumb":{"@id":"https:\/\/theplayoffs.news\/fr\/actualite-nba\/derrick-white-apres-sa-performance-historique-ce-nest-pas-a-propos-de-moi\/#breadcrumb"},"inLanguage":"fr-FR","potentialAction":[{"@type":"ReadAction","target":["https:\/\/theplayoffs.news\/fr\/actualite-nba\/derrick-white-apres-sa-performance-historique-ce-nest-pas-a-propos-de-moi\/"]}]},{"@type":"ImageObject","inLanguage":"fr-FR","@id":"https:\/\/theplayoffs.news\/fr\/actualite-nba\/derrick-white-apres-sa-performance-historique-ce-nest-pas-a-propos-de-moi\/#primaryimage","url":"https:\/\/theplayoffs.news\/fr\/wp-content\/uploads\/2025\/03\/USATSI_25589849.jpg","contentUrl":"https:\/\/theplayoffs.news\/fr\/wp-content\/uploads\/2025\/03\/USATSI_25589849.jpg","width":1920,"height":1280,"caption":"Mar 5, 2025; Boston, Massachusetts, USA; Boston Celtics guard Derrick White (9) shoots a three pointer over Portland Trail Blazers center Deandre Ayton (2) during the first quarter at TD Garden. Mandatory Credit: Winslow Townson-Imagn Images"},{"@type":"BreadcrumbList","@id":"https:\/\/theplayoffs.news\/fr\/actualite-nba\/derrick-white-apres-sa-performance-historique-ce-nest-pas-a-propos-de-moi\/#breadcrumb","itemListElement":[{"@type":"ListItem","position":1,"name":"Accueil","item":"https:\/\/theplayoffs.news\/fr\/"},{"@type":"ListItem","position":2,"name":"Derrick White altruiste apr\u00e8s sa performance historique : \u00ab\u00a0Ce n\u2019est pas \u00e0 propos de moi\u00a0\u00bb"}]},{"@type":"WebSite","@id":"https:\/\/theplayoffs.news\/fr\/#website","url":"https:\/\/theplayoffs.news\/fr\/","name":"The Playoffs FR","description":"NBA-NFL-NHL-MLB","potentialAction":[{"@type":"SearchAction","target":{"@type":"EntryPoint","urlTemplate":"https:\/\/theplayoffs.news\/fr\/?s={search_term_string}"},"query-input":{"@type":"PropertyValueSpecification","valueRequired":true,"valueName":"search_term_string"}}],"inLanguage":"fr-FR"},{"@type":"Person","@id":"https:\/\/theplayoffs.news\/fr\/#\/schema\/person\/2bc470c6a49f4f6229a67af19c87a732","name":"Elian Goethals","image":{"@type":"ImageObject","inLanguage":"fr-FR","@id":"https:\/\/theplayoffs.news\/fr\/#\/schema\/person\/image\/","url":"https:\/\/secure.gravatar.com\/avatar\/293e2e649a094756005b611f6122ac1a95e95d453dbfe74b9d434b39855927f6?s=96&d=mm&r=g","contentUrl":"https:\/\/secure.gravatar.com\/avatar\/293e2e649a094756005b611f6122ac1a95e95d453dbfe74b9d434b39855927f6?s=96&d=mm&r=g","caption":"Elian Goethals"},"description":"Je suis sp\u00e9cialis\u00e9 dans la r\u00e9daction d\\'articles NBA et je suis un grand fan de basket am\u00e9ricain depuis toujours. Cela fait 20 ans que je joue au basket, et mon exp\u00e9rience sur les terrains me permet d\\'avoir une analyse approfondie des matchs. J\u2019ai d\u2019abord fait partie d\u2019autres m\u00e9dias sportifs en tant que b\u00e9n\u00e9vole avant de rejoindre ThePlayoffs en janvier. Je termine \u00e9galement un master en \u00e9tudes internationales. Ce que je pr\u00e9f\u00e8re dans mon travail, c\u2019est de transformer ma passion en m\u00e9tier et de partager avec vous l\u2019information NBA. J\u2019essaie de produire un contenu de qualit\u00e9 en esp\u00e9rant qu\u2019il vous plaise !","sameAs":["https:\/\/www.linkedin.com\/in\/elian-goethals-729b71200\/","https:\/\/x.com\/x.com\/elidwight"],"url":"https:\/\/theplayoffs.news\/fr\/author\/elian\/"}]}},"_links":{"self":[{"href":"https:\/\/theplayoffs.news\/fr\/wp-json\/wp\/v2\/posts\/1483667","targetHints":{"allow":["GET"]}}],"collection":[{"href":"https:\/\/theplayoffs.news\/fr\/wp-json\/wp\/v2\/posts"}],"about":[{"href":"https:\/\/theplayoffs.news\/fr\/wp-json\/wp\/v2\/types\/post"}],"author":[{"embeddable":true,"href":"https:\/\/theplayoffs.news\/fr\/wp-json\/wp\/v2\/users\/180310268"}],"replies":[{"embeddable":true,"href":"https:\/\/theplayoffs.news\/fr\/wp-json\/wp\/v2\/comments?post=1483667"}],"version-history":[{"count":3,"href":"https:\/\/theplayoffs.news\/fr\/wp-json\/wp\/v2\/posts\/1483667\/revisions"}],"predecessor-version":[{"id":1483732,"href":"https:\/\/theplayoffs.news\/fr\/wp-json\/wp\/v2\/posts\/1483667\/revisions\/1483732"}],"wp:featuredmedia":[{"embeddable":true,"href":"https:\/\/theplayoffs.news\/fr\/wp-json\/wp\/v2\/media\/1483668"}],"wp:attachment":[{"href":"https:\/\/theplayoffs.news\/fr\/wp-json\/wp\/v2\/media?parent=1483667"}],"wp:term":[{"taxonomy":"category","embeddable":true,"href":"https:\/\/theplayoffs.news\/fr\/wp-json\/wp\/v2\/categories?post=1483667"},{"taxonomy":"post_tag","embeddable":true,"href":"https:\/\/theplayoffs.news\/fr\/wp-json\/wp\/v2\/tags?post=1483667"},{"taxonomy":"sport","embeddable":true,"href":"https:\/\/theplayoffs.news\/fr\/wp-json\/wp\/v2\/sport?post=1483667"},{"taxonomy":"saison","embeddable":true,"href":"https:\/\/theplayoffs.news\/fr\/wp-json\/wp\/v2\/saison?post=1483667"}],"curies":[{"name":"wp","href":"https:\/\/api.w.org\/{rel}","templated":true}]}}