{"id":1483620,"date":"2025-03-06T10:48:00","date_gmt":"2025-03-06T09:48:00","guid":{"rendered":"https:\/\/theplayoffs.news\/fr\/uncategorized\/\/"},"modified":"2025-03-06T10:36:45","modified_gmt":"2025-03-06T09:36:45","slug":"bryce-harper-envisage-t-il-un-retour-dans-le-champ-exterieur","status":"publish","type":"post","link":"https:\/\/theplayoffs.news\/fr\/actualite-mlb\/bryce-harper-envisage-t-il-un-retour-dans-le-champ-exterieur\/","title":{"rendered":"Bryce Harper envisage-t-il un retour dans le champ ext\u00e9rieur ?"},"content":{"rendered":"<p>Depuis son passage en premi&egrave;re base, Bryce Harper a prouv&eacute; qu&rsquo;il pouvait &ecirc;tre un atout pour les Phillies de Philadelphie. Mais pourrait-il bient&ocirc;t retrouver sa position d&rsquo;origine dans le champ ext&eacute;rieur ?<\/p><p>Lors d&rsquo;une r&eacute;cente interview avec <strong><a href=\"https:\/\/www.nytimes.com\/athletic\/6176033\/2025\/03\/05\/bryce-harper-philadelphia-phillies-future-outlook\/\" target=\"_blank\" rel=\"noreferrer noopener nofollow\" class=\"trk-cta-link\" data-cta-trk='{\"ctaType\":\"Link\",\"ctaSubType\":\"main\"}'>Ken Rosenthal de The Athletic<\/a><\/strong>, Harper a clairement indiqu&eacute; qu&rsquo;il serait pr&ecirc;t &agrave; revenir dans le champ si les Phillies pouvaient ajouter une v&eacute;ritable puissance offensive et un gant fiable au premier but.<\/p><p><em>&ldquo;J&rsquo;ai parl&eacute; (aux Phillies) de &ccedil;a cet hiver, au cas o&ugrave; un joueur serait disponible au premier but et qu&rsquo;on aurait vraiment besoin de lui&rdquo;,<\/em> a expliqu&eacute; Harper. <em>&ldquo;Je suis plus qu&rsquo;ouvert &agrave; cette id&eacute;e si c&rsquo;est un gars qui peut changer notre alignement ou l&rsquo;&eacute;tat d&rsquo;esprit de notre &eacute;quipe. Ils aiment me voir au premier but. Mais si un joueur arrive et peut frapper 35 ou 40 circuits, alors je suis pr&ecirc;t &agrave; bouger.&rdquo;<\/em><\/p><h2 class=\"wp-block-heading\"><strong>Les Phillies visent-t-ils Vladimir Guerrero Jr. ?<\/strong><\/h2><p>Les Phillies n&rsquo;ont pas tent&eacute; leur chance sur <strong>Pete Alonso<\/strong>, bien que Harper ait discut&eacute; de cette possibilit&eacute; avec son agent <strong>Scott Boras<\/strong>, qui repr&eacute;sente &eacute;galement Alonso.<\/p><blockquote class=\"wp-block-quote is-layout-flow wp-block-quote-is-layout-flow\">\n<p><em>&ldquo;Quand Pete &eacute;tait encore disponible, je me suis dit : &lsquo;Pourquoi pas ?&rsquo; J&rsquo;ai juste r&eacute;p&eacute;t&eacute; aux Phillies et &agrave; Scott (Boras) que j&rsquo;&eacute;tais pr&ecirc;t &agrave; bouger si cela pouvait nous aider. J&rsquo;adore jouer au premier but. C&rsquo;est g&eacute;nial. Mais si &ccedil;a peut nous faire gagner, je retournerai dans le champ.&rdquo;<\/em><\/p>\n<\/blockquote><p>Si Harper laisse la porte ouverte &agrave; un changement de position, une question se pose : les Phillies attendent-ils <strong><a href=\"https:\/\/theplayoffs.news\/fr\/actualite-mlb\/vladimir-guerrero-jr-alimente-les-rumeurs-sur-les-yankees-en-pleine-impasse-des-negociations-avec-les-blue-jays\/\" target=\"_blank\" rel=\"noreferrer noopener\" class=\"trk-cta-link\" data-cta-trk='{\"ctaType\":\"Link\",\"ctaSubType\":\"main\"}'>Vladimir Guerrero Jr.<\/a><\/strong> ? Ce dernier sera agent libre en 2026, et si Philadelphie souhaite ajouter une batte de cette trempe, Harper est pr&ecirc;t &agrave; lui laisser le premier but.<\/p><p>Si ce n&rsquo;est pas <strong>Vladdy<\/strong>, alors <strong>Kyle Tucker<\/strong> pourrait &ecirc;tre une autre cible. S&rsquo;ils signent Tucker, Harper restera au premier but. Mais s&rsquo;ils signent Guerrero, Harper retrouvera le champ ext&eacute;rieur. Quoi qu&rsquo;il arrive, il a envoy&eacute; un message clair : il veut gagner, et s&rsquo;il doit bouger pour cela, il le fera.<\/p><p>Bien qu&rsquo;il n&rsquo;ait jamais remport&eacute; de <strong>Gant d&rsquo;Or<\/strong>, ni au champ ext&eacute;rieur ni au premier but, Harper a affich&eacute; de solides statistiques d&eacute;fensives en 2024, terminant <strong>troisi&egrave;me en Outs Above Average<\/strong> et <strong>septi&egrave;me en Defensive Runs Saved<\/strong> au premier but.<\/p><p>Alors, va-t-il &agrave; nouveau patrouiller dans le champ ext&eacute;rieur ? Peut-&ecirc;tre. Tout d&eacute;pendra de qui jouera au premier but. Mais une chose est s&ucirc;re : les Phillies sont construits pour gagner maintenant, et Bryce Harper est pr&ecirc;t &agrave; tout pour y parvenir.<\/p><p><\/p><p>Credit Photo : Kim Klement Neitzel-Imagn Images<\/p>\n","protected":false},"excerpt":{"rendered":"<p>Pour Vladimir Guerrero Jr., peut-\u00eatre ?<\/p>\n","protected":false},"author":180309799,"featured_media":1483621,"comment_status":"closed","ping_status":"closed","sticky":false,"template":"","format":"standard","meta":{"inline_featured_image":false,"kia_subtitle":"Pour Vladimir Guerrero Jr., peut-\u00eatre ?","_mux_skip_reasons":[],"proofreadBy":0,"footnotes":""},"categories":[188,9],"tags":[700,794],"sport":[],"saison":[],"class_list":["post-1483620","post","type-post","status-publish","format-standard","has-post-thumbnail","hentry","category-actualite-mlb","category-mlb","tag-bryce-harper","tag-phillies"],"acf":[],"yoast_head":"<!-- This site is optimized with the Yoast SEO plugin v24.2 - https:\/\/yoast.com\/wordpress\/plugins\/seo\/ -->\n<title>Bryce Harper envisage-t-il un retour dans le champ ext&eacute;rieur ? - The Playoffs FR<\/title>\n<meta name=\"description\" content=\"Bryce Harper a indiqu&eacute; aux Phillies qu&#039;il &eacute;tait ouvert &agrave; un replacement dans le champ ext&eacute;rieur &agrave; l&#039;avenir\" \/>\n<meta name=\"robots\" content=\"index, follow, max-snippet:-1, max-image-preview:large, max-video-preview:-1\" \/>\n<link rel=\"canonical\" href=\"https:\/\/theplayoffs.news\/fr\/actualite-mlb\/bryce-harper-envisage-t-il-un-retour-dans-le-champ-exterieur\/\" \/>\n<meta property=\"og:locale\" content=\"fr_FR\" \/>\n<meta property=\"og:type\" content=\"article\" \/>\n<meta property=\"og:title\" content=\"Bryce Harper envisage-t-il un retour dans le champ ext&eacute;rieur ? - The Playoffs FR\" \/>\n<meta property=\"og:description\" content=\"Bryce Harper a indiqu&eacute; aux Phillies qu&#039;il &eacute;tait ouvert &agrave; un replacement dans le champ ext&eacute;rieur &agrave; l&#039;avenir\" \/>\n<meta property=\"og:url\" content=\"https:\/\/theplayoffs.news\/fr\/actualite-mlb\/bryce-harper-envisage-t-il-un-retour-dans-le-champ-exterieur\/\" \/>\n<meta property=\"og:site_name\" content=\"The Playoffs FR\" \/>\n<meta property=\"article:publisher\" content=\"https:\/\/www.facebook.com\/TheFreeAgentFR\/\" \/>\n<meta property=\"article:modified_time\" content=\"2025-03-06T10:48:00+01:00\" \/>\n<meta property=\"og:image\" content=\"https:\/\/theplayoffs.news\/fr\/wp-content\/uploads\/2025\/03\/USATSI_25539955.jpg\" \/>\n\t<meta property=\"og:image:width\" content=\"1920\" \/>\n\t<meta property=\"og:image:height\" content=\"1302\" \/>\n\t<meta property=\"og:image:type\" content=\"image\/jpeg\" \/>\n<meta name=\"author\" content=\"La r\u00e9daction\" \/>\n<meta name=\"twitter:card\" content=\"summary_large_image\" \/>\n<meta name=\"twitter:creator\" content=\"@TheFreeAgentFR\" \/>\n<meta name=\"twitter:site\" content=\"@TheFreeAgentFR\" \/>\n<meta name=\"twitter:label1\" content=\"\u00c9crit par\" \/>\n\t<meta name=\"twitter:data1\" content=\"La r\u00e9daction\" \/>\n\t<meta name=\"twitter:label2\" content=\"Dur\u00e9e de lecture estim\u00e9e\" \/>\n\t<meta name=\"twitter:data2\" content=\"3 minutes\" \/>\n<script type=\"application\/ld+json\" class=\"yoast-schema-graph\">{\"@context\":\"https:\/\/schema.org\",\"@graph\":[{\"@type\":\"WebPage\",\"@id\":\"https:\/\/theplayoffs.news\/fr\/actualite-mlb\/bryce-harper-envisage-t-il-un-retour-dans-le-champ-exterieur\/\",\"url\":\"https:\/\/theplayoffs.news\/fr\/actualite-mlb\/bryce-harper-envisage-t-il-un-retour-dans-le-champ-exterieur\/\",\"name\":\"Bryce Harper envisage-t-il un retour dans le champ ext\u00e9rieur ? - The Playoffs FR\",\"isPartOf\":{\"@id\":\"https:\/\/theplayoffs.news\/fr\/#website\"},\"primaryImageOfPage\":{\"@id\":\"https:\/\/theplayoffs.news\/fr\/actualite-mlb\/bryce-harper-envisage-t-il-un-retour-dans-le-champ-exterieur\/#primaryimage\"},\"image\":{\"@id\":\"https:\/\/theplayoffs.news\/fr\/actualite-mlb\/bryce-harper-envisage-t-il-un-retour-dans-le-champ-exterieur\/#primaryimage\"},\"thumbnailUrl\":\"https:\/\/theplayoffs.news\/fr\/wp-content\/uploads\/2025\/03\/USATSI_25539955.jpg\",\"datePublished\":\"2025-03-06T09:48:00+00:00\",\"dateModified\":\"2025-03-06T10:48:00+01:00\",\"author\":{\"@id\":\"https:\/\/theplayoffs.news\/fr\/#\/schema\/person\/bb40426f4e478f9bd8cdbfeb4f2f9784\"},\"description\":\"Bryce Harper a indiqu\u00e9 aux Phillies qu\\\\'il \u00e9tait ouvert \u00e0 un replacement dans le champ ext\u00e9rieur \u00e0 l\\\\'avenir\",\"breadcrumb\":{\"@id\":\"https:\/\/theplayoffs.news\/fr\/actualite-mlb\/bryce-harper-envisage-t-il-un-retour-dans-le-champ-exterieur\/#breadcrumb\"},\"inLanguage\":\"fr-FR\",\"potentialAction\":[{\"@type\":\"ReadAction\",\"target\":[\"https:\/\/theplayoffs.news\/fr\/actualite-mlb\/bryce-harper-envisage-t-il-un-retour-dans-le-champ-exterieur\/\"]}]},{\"@type\":\"ImageObject\",\"inLanguage\":\"fr-FR\",\"@id\":\"https:\/\/theplayoffs.news\/fr\/actualite-mlb\/bryce-harper-envisage-t-il-un-retour-dans-le-champ-exterieur\/#primaryimage\",\"url\":\"https:\/\/theplayoffs.news\/fr\/wp-content\/uploads\/2025\/03\/USATSI_25539955.jpg\",\"contentUrl\":\"https:\/\/theplayoffs.news\/fr\/wp-content\/uploads\/2025\/03\/USATSI_25539955.jpg\",\"width\":1920,\"height\":1302,\"caption\":\"Feb 28, 2025; Clearwater, Florida, USA; Philadelphia Phillies first base Bryce Harper (3) looks on in the dugout against the Boston Red Sox at BayCare Ballpark. Mandatory Credit: Kim Klement Neitzel-Imagn Images\"},{\"@type\":\"BreadcrumbList\",\"@id\":\"https:\/\/theplayoffs.news\/fr\/actualite-mlb\/bryce-harper-envisage-t-il-un-retour-dans-le-champ-exterieur\/#breadcrumb\",\"itemListElement\":[{\"@type\":\"ListItem\",\"position\":1,\"name\":\"Accueil\",\"item\":\"https:\/\/theplayoffs.news\/fr\/\"},{\"@type\":\"ListItem\",\"position\":2,\"name\":\"Bryce Harper envisage-t-il un retour dans le champ ext\u00e9rieur ?\"}]},{\"@type\":\"WebSite\",\"@id\":\"https:\/\/theplayoffs.news\/fr\/#website\",\"url\":\"https:\/\/theplayoffs.news\/fr\/\",\"name\":\"The Playoffs FR\",\"description\":\"NBA-NFL-NHL-MLB\",\"potentialAction\":[{\"@type\":\"SearchAction\",\"target\":{\"@type\":\"EntryPoint\",\"urlTemplate\":\"https:\/\/theplayoffs.news\/fr\/?s={search_term_string}\"},\"query-input\":{\"@type\":\"PropertyValueSpecification\",\"valueRequired\":true,\"valueName\":\"search_term_string\"}}],\"inLanguage\":\"fr-FR\"},{\"@type\":\"Person\",\"@id\":\"https:\/\/theplayoffs.news\/fr\/#\/schema\/person\/bb40426f4e478f9bd8cdbfeb4f2f9784\",\"name\":\"La r\u00e9daction\",\"image\":{\"@type\":\"ImageObject\",\"inLanguage\":\"fr-FR\",\"@id\":\"https:\/\/theplayoffs.news\/fr\/#\/schema\/person\/image\/\",\"url\":\"https:\/\/secure.gravatar.com\/avatar\/7e69b41460ab2c17d61c8c364b6a0ee006f957a70191383ef42be1f4733d6515?s=96&d=mm&r=g\",\"contentUrl\":\"https:\/\/secure.gravatar.com\/avatar\/7e69b41460ab2c17d61c8c364b6a0ee006f957a70191383ef42be1f4733d6515?s=96&d=mm&r=g\",\"caption\":\"La r\u00e9daction\"},\"description\":\"On dit qu\\\\'il faut un village pour s\\\\'occuper d\\\\'un enfant. Et bien c\\\\'est exactement ce dont il s\\\\'agit ici pour The Playoffs. La r\u00e9daction, ce sont vos r\u00e9dacteurs pr\u00e9f\u00e9r\u00e9s qui collaborent sur ces articles que vous lisez au quotidien.\u00a0\",\"url\":\"https:\/\/theplayoffs.news\/fr\/author\/freeagentfr\/\"}]}<\/script>\n<!-- \/ Yoast SEO plugin. -->","yoast_head_json":{"title":"Bryce Harper envisage-t-il un retour dans le champ ext&eacute;rieur ? - The Playoffs FR","description":"Bryce Harper a indiqu&eacute; aux Phillies qu&#039;il &eacute;tait ouvert &agrave; un replacement dans le champ ext&eacute;rieur &agrave; l&#039;avenir","robots":{"index":"index","follow":"follow","max-snippet":"max-snippet:-1","max-image-preview":"max-image-preview:large","max-video-preview":"max-video-preview:-1"},"canonical":"https:\/\/theplayoffs.news\/fr\/actualite-mlb\/bryce-harper-envisage-t-il-un-retour-dans-le-champ-exterieur\/","og_locale":"fr_FR","og_type":"article","og_title":"Bryce Harper envisage-t-il un retour dans le champ ext&eacute;rieur ? - The Playoffs FR","og_description":"Bryce Harper a indiqu&eacute; aux Phillies qu&#039;il &eacute;tait ouvert &agrave; un replacement dans le champ ext&eacute;rieur &agrave; l&#039;avenir","og_url":"https:\/\/theplayoffs.news\/fr\/actualite-mlb\/bryce-harper-envisage-t-il-un-retour-dans-le-champ-exterieur\/","og_site_name":"The Playoffs FR","article_publisher":"https:\/\/www.facebook.com\/TheFreeAgentFR\/","article_modified_time":"2025-03-06T09:36:45+00:00","og_image":[{"width":1920,"height":1302,"url":"https:\/\/theplayoffs.news\/fr\/wp-content\/uploads\/2025\/03\/USATSI_25539955.jpg","type":"image\/jpeg"}],"author":"La r\u00e9daction","twitter_card":"summary_large_image","twitter_creator":"@TheFreeAgentFR","twitter_site":"@TheFreeAgentFR","twitter_misc":{"\u00c9crit par":"La r\u00e9daction","Dur\u00e9e de lecture estim\u00e9e":"3 minutes"},"schema":{"@context":"https:\/\/schema.org","@graph":[{"@type":"WebPage","@id":"https:\/\/theplayoffs.news\/fr\/actualite-mlb\/bryce-harper-envisage-t-il-un-retour-dans-le-champ-exterieur\/","url":"https:\/\/theplayoffs.news\/fr\/actualite-mlb\/bryce-harper-envisage-t-il-un-retour-dans-le-champ-exterieur\/","name":"Bryce Harper envisage-t-il un retour dans le champ ext\u00e9rieur ? - The Playoffs FR","isPartOf":{"@id":"https:\/\/theplayoffs.news\/fr\/#website"},"primaryImageOfPage":{"@id":"https:\/\/theplayoffs.news\/fr\/actualite-mlb\/bryce-harper-envisage-t-il-un-retour-dans-le-champ-exterieur\/#primaryimage"},"image":{"@id":"https:\/\/theplayoffs.news\/fr\/actualite-mlb\/bryce-harper-envisage-t-il-un-retour-dans-le-champ-exterieur\/#primaryimage"},"thumbnailUrl":"https:\/\/theplayoffs.news\/fr\/wp-content\/uploads\/2025\/03\/USATSI_25539955.jpg","datePublished":"2025-03-06T09:48:00+00:00","dateModified":"2025-03-06T10:48:00+01:00","author":{"@id":"https:\/\/theplayoffs.news\/fr\/#\/schema\/person\/bb40426f4e478f9bd8cdbfeb4f2f9784"},"description":"Bryce Harper a indiqu\u00e9 aux Phillies qu\\'il \u00e9tait ouvert \u00e0 un replacement dans le champ ext\u00e9rieur \u00e0 l\\'avenir","breadcrumb":{"@id":"https:\/\/theplayoffs.news\/fr\/actualite-mlb\/bryce-harper-envisage-t-il-un-retour-dans-le-champ-exterieur\/#breadcrumb"},"inLanguage":"fr-FR","potentialAction":[{"@type":"ReadAction","target":["https:\/\/theplayoffs.news\/fr\/actualite-mlb\/bryce-harper-envisage-t-il-un-retour-dans-le-champ-exterieur\/"]}]},{"@type":"ImageObject","inLanguage":"fr-FR","@id":"https:\/\/theplayoffs.news\/fr\/actualite-mlb\/bryce-harper-envisage-t-il-un-retour-dans-le-champ-exterieur\/#primaryimage","url":"https:\/\/theplayoffs.news\/fr\/wp-content\/uploads\/2025\/03\/USATSI_25539955.jpg","contentUrl":"https:\/\/theplayoffs.news\/fr\/wp-content\/uploads\/2025\/03\/USATSI_25539955.jpg","width":1920,"height":1302,"caption":"Feb 28, 2025; Clearwater, Florida, USA; Philadelphia Phillies first base Bryce Harper (3) looks on in the dugout against the Boston Red Sox at BayCare Ballpark. Mandatory Credit: Kim Klement Neitzel-Imagn Images"},{"@type":"BreadcrumbList","@id":"https:\/\/theplayoffs.news\/fr\/actualite-mlb\/bryce-harper-envisage-t-il-un-retour-dans-le-champ-exterieur\/#breadcrumb","itemListElement":[{"@type":"ListItem","position":1,"name":"Accueil","item":"https:\/\/theplayoffs.news\/fr\/"},{"@type":"ListItem","position":2,"name":"Bryce Harper envisage-t-il un retour dans le champ ext\u00e9rieur ?"}]},{"@type":"WebSite","@id":"https:\/\/theplayoffs.news\/fr\/#website","url":"https:\/\/theplayoffs.news\/fr\/","name":"The Playoffs FR","description":"NBA-NFL-NHL-MLB","potentialAction":[{"@type":"SearchAction","target":{"@type":"EntryPoint","urlTemplate":"https:\/\/theplayoffs.news\/fr\/?s={search_term_string}"},"query-input":{"@type":"PropertyValueSpecification","valueRequired":true,"valueName":"search_term_string"}}],"inLanguage":"fr-FR"},{"@type":"Person","@id":"https:\/\/theplayoffs.news\/fr\/#\/schema\/person\/bb40426f4e478f9bd8cdbfeb4f2f9784","name":"La r\u00e9daction","image":{"@type":"ImageObject","inLanguage":"fr-FR","@id":"https:\/\/theplayoffs.news\/fr\/#\/schema\/person\/image\/","url":"https:\/\/secure.gravatar.com\/avatar\/7e69b41460ab2c17d61c8c364b6a0ee006f957a70191383ef42be1f4733d6515?s=96&d=mm&r=g","contentUrl":"https:\/\/secure.gravatar.com\/avatar\/7e69b41460ab2c17d61c8c364b6a0ee006f957a70191383ef42be1f4733d6515?s=96&d=mm&r=g","caption":"La r\u00e9daction"},"description":"On dit qu\\'il faut un village pour s\\'occuper d\\'un enfant. Et bien c\\'est exactement ce dont il s\\'agit ici pour The Playoffs. La r\u00e9daction, ce sont vos r\u00e9dacteurs pr\u00e9f\u00e9r\u00e9s qui collaborent sur ces articles que vous lisez au quotidien.\u00a0","url":"https:\/\/theplayoffs.news\/fr\/author\/freeagentfr\/"}]}},"_links":{"self":[{"href":"https:\/\/theplayoffs.news\/fr\/wp-json\/wp\/v2\/posts\/1483620","targetHints":{"allow":["GET"]}}],"collection":[{"href":"https:\/\/theplayoffs.news\/fr\/wp-json\/wp\/v2\/posts"}],"about":[{"href":"https:\/\/theplayoffs.news\/fr\/wp-json\/wp\/v2\/types\/post"}],"author":[{"embeddable":true,"href":"https:\/\/theplayoffs.news\/fr\/wp-json\/wp\/v2\/users\/180309799"}],"replies":[{"embeddable":true,"href":"https:\/\/theplayoffs.news\/fr\/wp-json\/wp\/v2\/comments?post=1483620"}],"version-history":[{"count":1,"href":"https:\/\/theplayoffs.news\/fr\/wp-json\/wp\/v2\/posts\/1483620\/revisions"}],"predecessor-version":[{"id":1483622,"href":"https:\/\/theplayoffs.news\/fr\/wp-json\/wp\/v2\/posts\/1483620\/revisions\/1483622"}],"wp:featuredmedia":[{"embeddable":true,"href":"https:\/\/theplayoffs.news\/fr\/wp-json\/wp\/v2\/media\/1483621"}],"wp:attachment":[{"href":"https:\/\/theplayoffs.news\/fr\/wp-json\/wp\/v2\/media?parent=1483620"}],"wp:term":[{"taxonomy":"category","embeddable":true,"href":"https:\/\/theplayoffs.news\/fr\/wp-json\/wp\/v2\/categories?post=1483620"},{"taxonomy":"post_tag","embeddable":true,"href":"https:\/\/theplayoffs.news\/fr\/wp-json\/wp\/v2\/tags?post=1483620"},{"taxonomy":"sport","embeddable":true,"href":"https:\/\/theplayoffs.news\/fr\/wp-json\/wp\/v2\/sport?post=1483620"},{"taxonomy":"saison","embeddable":true,"href":"https:\/\/theplayoffs.news\/fr\/wp-json\/wp\/v2\/saison?post=1483620"}],"curies":[{"name":"wp","href":"https:\/\/api.w.org\/{rel}","templated":true}]}}