{"id":1483538,"date":"2025-03-05T19:12:19","date_gmt":"2025-03-05T18:12:19","guid":{"rendered":"https:\/\/theplayoffs.news\/fr\/uncategorized\/\/"},"modified":"2025-03-05T19:12:28","modified_gmt":"2025-03-05T18:12:28","slug":"lockett-et-seattle-cest-termine","status":"publish","type":"post","link":"https:\/\/theplayoffs.news\/fr\/free-agency\/lockett-et-seattle-cest-termine\/","title":{"rendered":"Lockett et Seattle, c\u2019est termin\u00e9\u00a0"},"content":{"rendered":"<p>L&rsquo;information est tomb&eacute;e ce mercredi : Tyler Lockett va quitter les Seattle Seahawks et devenir agent libre.&nbsp;<\/p><p>Les Seahawks ont choisi de lib&eacute;rer Lockett plut&ocirc;t que de lui verser son salaire de 17 millions de dollars pour cette saison, rapporte Adam Schefter. Il aurait &eacute;galement d&ucirc; recevoir un bonus de 5,3 millions de dollars.&nbsp;<\/p><figure class=\"wp-block-embed is-type-rich is-provider-twitter wp-block-embed-twitter\"><div class=\"wp-block-embed__wrapper\">\n<blockquote class=\"twitter-tweet\" data-width=\"500\" data-dnt=\"true\"><p lang=\"en\" dir=\"ltr\">Seahawks are releasing an all-time franchise great, wide receiver Tyler Lockett, who piled up 8,594 receiving yards and 61 touchdowns across 10 seasons in Seattle. The Seahawks are opting to release Lockett rather than pay him his $17 million salary for this season, including a&hellip; <a href=\"https:\/\/t.co\/jIBZvdrRx3\" class=\"trk-cta-link\" data-cta-trk='{\"ctaType\":\"Link\",\"ctaSubType\":\"main\"}'>https:\/\/t.co\/jIBZvdrRx3<\/a><\/p>&mdash; Adam Schefter (@AdamSchefter) <a href=\"https:\/\/twitter.com\/AdamSchefter\/status\/1897340776389972400?ref_src=twsrc%5Etfw\" class=\"trk-cta-link\" data-cta-trk='{\"ctaType\":\"Link\",\"ctaSubType\":\"main\"}'>March 5, 2025<\/a><\/blockquote><script async src=\"https:\/\/platform.twitter.com\/widgets.js\" charset=\"utf-8\"><\/script>\n<\/div><\/figure><p>C&rsquo;est la fin d&rsquo;une histoire qui aura dur&eacute; 10 saisons. Les Seahawks se s&eacute;parent d&rsquo;un des plus grands joueurs de leur histoire. Tyler Lockett aura accumul&eacute; 8 594 yards en r&eacute;ception et 61 touchdowns en une d&eacute;cennie &agrave; Seattle.&nbsp;<\/p><ul class=\"wp-block-list\">\n<li><strong>Lire aussi :<\/strong><\/li>\n<\/ul><p><a href=\"https:\/\/theplayoffs.news\/fr\/free-agency\/free-agency-nfl-2025-la-fete-aux-receveurs\/\" class=\"trk-cta-link\" data-cta-trk='{\"ctaType\":\"Link\",\"ctaSubType\":\"main\"}'>Free Agency NFL 2025 : la f&ecirc;te aux receveurs<\/a><\/p><p><a href=\"https:\/\/theplayoffs.news\/fr\/actualite-nfl\/les-bears-recrutent-un-pro-bowler\/\" class=\"trk-cta-link\" data-cta-trk='{\"ctaType\":\"Link\",\"ctaSubType\":\"main\"}'>Les Bears recrutent un Pro Bowler<\/a><\/p><p>Le receveur de 32 ans a tenu &agrave; remerci&eacute; son public sur <a href=\"https:\/\/x.com\/TDLockett12\/status\/1897340117532152270\" class=\"trk-cta-link\" data-cta-trk='{\"ctaType\":\"Link\",\"ctaSubType\":\"main\"}'>son compte X<\/a>.<\/p><blockquote class=\"wp-block-quote is-layout-flow wp-block-quote-is-layout-flow\">\n<p>&laquo;&nbsp;<em>J&rsquo;ai vraiment aim&eacute; &ecirc;tre &agrave; Seattle ! J&rsquo;ai rencontr&eacute; tellement de gens formidables et j&rsquo;ai captur&eacute; tellement de bons souvenirs ! Les 12 donnent vraiment du sens &agrave; cet endroit ! M&ecirc;me si mon temps chez les Seahawks a peut-&ecirc;tre fait son temps, je suis reconnaissant pour tout !! Dieu aura toute la gloire pour toujours !!!!<\/em>&laquo;&nbsp;<\/p>\n<\/blockquote><p>Membre du First Team All-Pro et s&eacute;lectionn&eacute; au Pro Bowl en 2015, Lockett vient s&rsquo;ajouter &agrave; une liste d&eacute;j&agrave; tr&egrave;s fournie de receveurs agents libres. La free agency d&eacute;butera le 12 mars.&nbsp;<\/p>\n","protected":false},"excerpt":{"rendered":"<p>Tyler Lockett vient d\u2019\u00eatre lib\u00e9r\u00e9 par les Seattle Seahawks ce mercredi afin d&rsquo;\u00e9viter de payer son salaire. Apr\u00e8s 10 saisons pass\u00e9es ensemble, c\u2019est une l\u00e9gende de la franchise qui s\u2019en va.<\/p>\n","protected":false},"author":180310250,"featured_media":1483539,"comment_status":"closed","ping_status":"closed","sticky":false,"template":"","format":"standard","meta":{"inline_featured_image":false,"kia_subtitle":"Tyler Lockett vient d\u2019\u00eatre lib\u00e9r\u00e9 par les Seattle Seahawks ce mercredi afin d'\u00e9viter de payer son salaire. Apr\u00e8s 10 saisons pass\u00e9es ensemble, c\u2019est une l\u00e9gende de la franchise qui s\u2019en va.","_mux_skip_reasons":[],"proofreadBy":0,"footnotes":""},"categories":[2234,40],"tags":[79,733,1278],"sport":[2785],"saison":[7475],"class_list":["post-1483538","post","type-post","status-publish","format-standard","has-post-thumbnail","hentry","category-free-agency","category-nfl","tag-nfl","tag-seattle-seahawks","tag-tyler-lockett","sport-nfl","saison-7475"],"acf":[],"yoast_head":"<!-- This site is optimized with the Yoast SEO plugin v24.2 - https:\/\/yoast.com\/wordpress\/plugins\/seo\/ -->\n<title>Lockett et Seattle, c&rsquo;est termin&eacute;<\/title>\n<meta name=\"description\" content=\"Tyler Lockett vient d&rsquo;&ecirc;tre lib&eacute;r&eacute; par les Seattle Seahawks. Apr&egrave;s 10 saisons pass&eacute;es ensemble, c&rsquo;est une l&eacute;gende de la franchise qui s&rsquo;en va.\" \/>\n<meta name=\"robots\" content=\"index, follow, max-snippet:-1, max-image-preview:large, max-video-preview:-1\" \/>\n<link rel=\"canonical\" href=\"https:\/\/theplayoffs.news\/fr\/free-agency\/lockett-et-seattle-cest-termine\/\" \/>\n<meta property=\"og:locale\" content=\"fr_FR\" \/>\n<meta property=\"og:type\" content=\"article\" \/>\n<meta property=\"og:title\" content=\"Lockett et Seattle, c&rsquo;est termin&eacute;\" \/>\n<meta property=\"og:description\" content=\"Tyler Lockett vient d&rsquo;&ecirc;tre lib&eacute;r&eacute; par les Seattle Seahawks. Apr&egrave;s 10 saisons pass&eacute;es ensemble, c&rsquo;est une l&eacute;gende de la franchise qui s&rsquo;en va.\" \/>\n<meta property=\"og:url\" content=\"https:\/\/theplayoffs.news\/fr\/free-agency\/lockett-et-seattle-cest-termine\/\" \/>\n<meta property=\"og:site_name\" content=\"The Playoffs FR\" \/>\n<meta property=\"article:publisher\" content=\"https:\/\/www.facebook.com\/TheFreeAgentFR\/\" \/>\n<meta property=\"article:modified_time\" content=\"2025-03-05T19:12:28+01:00\" \/>\n<meta property=\"og:image\" content=\"https:\/\/theplayoffs.news\/fr\/wp-content\/uploads\/2025\/03\/USATSI_25123687.jpg\" \/>\n\t<meta property=\"og:image:width\" content=\"1920\" \/>\n\t<meta property=\"og:image:height\" content=\"1279\" \/>\n\t<meta property=\"og:image:type\" content=\"image\/jpeg\" \/>\n<meta name=\"author\" content=\"Jean Fabre-Jevanoff\" \/>\n<meta name=\"twitter:card\" content=\"summary_large_image\" \/>\n<meta name=\"twitter:creator\" content=\"@the_jfj_42\" \/>\n<meta name=\"twitter:site\" content=\"@TheFreeAgentFR\" \/>\n<meta name=\"twitter:label1\" content=\"\u00c9crit par\" \/>\n\t<meta name=\"twitter:data1\" content=\"Jean Fabre-Jevanoff\" \/>\n\t<meta name=\"twitter:label2\" content=\"Dur\u00e9e de lecture estim\u00e9e\" \/>\n\t<meta name=\"twitter:data2\" content=\"1 minute\" \/>\n<script type=\"application\/ld+json\" class=\"yoast-schema-graph\">{\"@context\":\"https:\/\/schema.org\",\"@graph\":[{\"@type\":\"WebPage\",\"@id\":\"https:\/\/theplayoffs.news\/fr\/free-agency\/lockett-et-seattle-cest-termine\/\",\"url\":\"https:\/\/theplayoffs.news\/fr\/free-agency\/lockett-et-seattle-cest-termine\/\",\"name\":\"Lockett et Seattle, c\u2019est termin\u00e9\",\"isPartOf\":{\"@id\":\"https:\/\/theplayoffs.news\/fr\/#website\"},\"primaryImageOfPage\":{\"@id\":\"https:\/\/theplayoffs.news\/fr\/free-agency\/lockett-et-seattle-cest-termine\/#primaryimage\"},\"image\":{\"@id\":\"https:\/\/theplayoffs.news\/fr\/free-agency\/lockett-et-seattle-cest-termine\/#primaryimage\"},\"thumbnailUrl\":\"https:\/\/theplayoffs.news\/fr\/wp-content\/uploads\/2025\/03\/USATSI_25123687.jpg\",\"datePublished\":\"2025-03-05T18:12:19+00:00\",\"dateModified\":\"2025-03-05T18:12:28+00:00\",\"author\":{\"@id\":\"https:\/\/theplayoffs.news\/fr\/#\/schema\/person\/1ea25b88e79fe4fabd657430b0013d3d\"},\"description\":\"Tyler Lockett vient d\u2019\u00eatre lib\u00e9r\u00e9 par les Seattle Seahawks. Apr\u00e8s 10 saisons pass\u00e9es ensemble, c\u2019est une l\u00e9gende de la franchise qui s\u2019en va.\",\"breadcrumb\":{\"@id\":\"https:\/\/theplayoffs.news\/fr\/free-agency\/lockett-et-seattle-cest-termine\/#breadcrumb\"},\"inLanguage\":\"fr-FR\",\"potentialAction\":[{\"@type\":\"ReadAction\",\"target\":[\"https:\/\/theplayoffs.news\/fr\/free-agency\/lockett-et-seattle-cest-termine\/\"]}]},{\"@type\":\"ImageObject\",\"inLanguage\":\"fr-FR\",\"@id\":\"https:\/\/theplayoffs.news\/fr\/free-agency\/lockett-et-seattle-cest-termine\/#primaryimage\",\"url\":\"https:\/\/theplayoffs.news\/fr\/wp-content\/uploads\/2025\/03\/USATSI_25123687.jpg\",\"contentUrl\":\"https:\/\/theplayoffs.news\/fr\/wp-content\/uploads\/2025\/03\/USATSI_25123687.jpg\",\"width\":1920,\"height\":1279,\"caption\":\"Jan 5, 2025; Inglewood, California, USA; Los Angeles Rams cornerback Cobie Durant (14) breaks up a pass for Seattle Seahawks wide receiver Tyler Lockett (16) in the second half against at SoFi Stadium. Mandatory Credit: Jayne Kamin-Oncea-Imagn Images\"},{\"@type\":\"BreadcrumbList\",\"@id\":\"https:\/\/theplayoffs.news\/fr\/free-agency\/lockett-et-seattle-cest-termine\/#breadcrumb\",\"itemListElement\":[{\"@type\":\"ListItem\",\"position\":1,\"name\":\"Accueil\",\"item\":\"https:\/\/theplayoffs.news\/fr\/\"},{\"@type\":\"ListItem\",\"position\":2,\"name\":\"Lockett et Seattle, c\u2019est termin\u00e9\u00a0\"}]},{\"@type\":\"WebSite\",\"@id\":\"https:\/\/theplayoffs.news\/fr\/#website\",\"url\":\"https:\/\/theplayoffs.news\/fr\/\",\"name\":\"The Playoffs FR\",\"description\":\"NBA-NFL-NHL-MLB\",\"potentialAction\":[{\"@type\":\"SearchAction\",\"target\":{\"@type\":\"EntryPoint\",\"urlTemplate\":\"https:\/\/theplayoffs.news\/fr\/?s={search_term_string}\"},\"query-input\":{\"@type\":\"PropertyValueSpecification\",\"valueRequired\":true,\"valueName\":\"search_term_string\"}}],\"inLanguage\":\"fr-FR\"},{\"@type\":\"Person\",\"@id\":\"https:\/\/theplayoffs.news\/fr\/#\/schema\/person\/1ea25b88e79fe4fabd657430b0013d3d\",\"name\":\"Jean Fabre-Jevanoff\",\"image\":{\"@type\":\"ImageObject\",\"inLanguage\":\"fr-FR\",\"@id\":\"https:\/\/theplayoffs.news\/fr\/#\/schema\/person\/image\/\",\"url\":\"https:\/\/secure.gravatar.com\/avatar\/18b28dab1159eebc6a17b9787eb8cbbe3242c3d0e8b53b89332f6dc1133aa361?s=96&d=mm&r=g\",\"contentUrl\":\"https:\/\/secure.gravatar.com\/avatar\/18b28dab1159eebc6a17b9787eb8cbbe3242c3d0e8b53b89332f6dc1133aa361?s=96&d=mm&r=g\",\"caption\":\"Jean Fabre-Jevanoff\"},\"description\":\"Journaliste polyvalent sur le football am\u00e9ricain, j\u2019\u00e9cris aussi des articles sur le basket. Commentateur sur Twitch et sur YouTube. Pass\u00e9 par Eurosport notamment. Un mix d\u2019Eminem et de OBJ, fan inconditionnel de Patrick Mahomes et Lebron James\",\"sameAs\":[\"https:\/\/www.instagram.com\/_juaniitooo_\",\"https:\/\/www.linkedin.com\/in\/jean-fabre-jevanoff-84bb9b1a9\/\",\"https:\/\/x.com\/the_jfj_42\"],\"url\":\"https:\/\/theplayoffs.news\/fr\/author\/jeanfj42gmail-com\/\"}]}<\/script>\n<!-- \/ Yoast SEO plugin. -->","yoast_head_json":{"title":"Lockett et Seattle, c&rsquo;est termin&eacute;","description":"Tyler Lockett vient d&rsquo;&ecirc;tre lib&eacute;r&eacute; par les Seattle Seahawks. Apr&egrave;s 10 saisons pass&eacute;es ensemble, c&rsquo;est une l&eacute;gende de la franchise qui s&rsquo;en va.","robots":{"index":"index","follow":"follow","max-snippet":"max-snippet:-1","max-image-preview":"max-image-preview:large","max-video-preview":"max-video-preview:-1"},"canonical":"https:\/\/theplayoffs.news\/fr\/free-agency\/lockett-et-seattle-cest-termine\/","og_locale":"fr_FR","og_type":"article","og_title":"Lockett et Seattle, c&rsquo;est termin&eacute;","og_description":"Tyler Lockett vient d&rsquo;&ecirc;tre lib&eacute;r&eacute; par les Seattle Seahawks. Apr&egrave;s 10 saisons pass&eacute;es ensemble, c&rsquo;est une l&eacute;gende de la franchise qui s&rsquo;en va.","og_url":"https:\/\/theplayoffs.news\/fr\/free-agency\/lockett-et-seattle-cest-termine\/","og_site_name":"The Playoffs FR","article_publisher":"https:\/\/www.facebook.com\/TheFreeAgentFR\/","article_modified_time":"2025-03-05T18:12:28+00:00","og_image":[{"width":1920,"height":1279,"url":"https:\/\/theplayoffs.news\/fr\/wp-content\/uploads\/2025\/03\/USATSI_25123687.jpg","type":"image\/jpeg"}],"author":"Jean Fabre-Jevanoff","twitter_card":"summary_large_image","twitter_creator":"@the_jfj_42","twitter_site":"@TheFreeAgentFR","twitter_misc":{"\u00c9crit par":"Jean Fabre-Jevanoff","Dur\u00e9e de lecture estim\u00e9e":"1 minute"},"schema":{"@context":"https:\/\/schema.org","@graph":[{"@type":"WebPage","@id":"https:\/\/theplayoffs.news\/fr\/free-agency\/lockett-et-seattle-cest-termine\/","url":"https:\/\/theplayoffs.news\/fr\/free-agency\/lockett-et-seattle-cest-termine\/","name":"Lockett et Seattle, c\u2019est termin\u00e9","isPartOf":{"@id":"https:\/\/theplayoffs.news\/fr\/#website"},"primaryImageOfPage":{"@id":"https:\/\/theplayoffs.news\/fr\/free-agency\/lockett-et-seattle-cest-termine\/#primaryimage"},"image":{"@id":"https:\/\/theplayoffs.news\/fr\/free-agency\/lockett-et-seattle-cest-termine\/#primaryimage"},"thumbnailUrl":"https:\/\/theplayoffs.news\/fr\/wp-content\/uploads\/2025\/03\/USATSI_25123687.jpg","datePublished":"2025-03-05T18:12:19+00:00","dateModified":"2025-03-05T18:12:28+00:00","author":{"@id":"https:\/\/theplayoffs.news\/fr\/#\/schema\/person\/1ea25b88e79fe4fabd657430b0013d3d"},"description":"Tyler Lockett vient d\u2019\u00eatre lib\u00e9r\u00e9 par les Seattle Seahawks. Apr\u00e8s 10 saisons pass\u00e9es ensemble, c\u2019est une l\u00e9gende de la franchise qui s\u2019en va.","breadcrumb":{"@id":"https:\/\/theplayoffs.news\/fr\/free-agency\/lockett-et-seattle-cest-termine\/#breadcrumb"},"inLanguage":"fr-FR","potentialAction":[{"@type":"ReadAction","target":["https:\/\/theplayoffs.news\/fr\/free-agency\/lockett-et-seattle-cest-termine\/"]}]},{"@type":"ImageObject","inLanguage":"fr-FR","@id":"https:\/\/theplayoffs.news\/fr\/free-agency\/lockett-et-seattle-cest-termine\/#primaryimage","url":"https:\/\/theplayoffs.news\/fr\/wp-content\/uploads\/2025\/03\/USATSI_25123687.jpg","contentUrl":"https:\/\/theplayoffs.news\/fr\/wp-content\/uploads\/2025\/03\/USATSI_25123687.jpg","width":1920,"height":1279,"caption":"Jan 5, 2025; Inglewood, California, USA; Los Angeles Rams cornerback Cobie Durant (14) breaks up a pass for Seattle Seahawks wide receiver Tyler Lockett (16) in the second half against at SoFi Stadium. Mandatory Credit: Jayne Kamin-Oncea-Imagn Images"},{"@type":"BreadcrumbList","@id":"https:\/\/theplayoffs.news\/fr\/free-agency\/lockett-et-seattle-cest-termine\/#breadcrumb","itemListElement":[{"@type":"ListItem","position":1,"name":"Accueil","item":"https:\/\/theplayoffs.news\/fr\/"},{"@type":"ListItem","position":2,"name":"Lockett et Seattle, c\u2019est termin\u00e9\u00a0"}]},{"@type":"WebSite","@id":"https:\/\/theplayoffs.news\/fr\/#website","url":"https:\/\/theplayoffs.news\/fr\/","name":"The Playoffs FR","description":"NBA-NFL-NHL-MLB","potentialAction":[{"@type":"SearchAction","target":{"@type":"EntryPoint","urlTemplate":"https:\/\/theplayoffs.news\/fr\/?s={search_term_string}"},"query-input":{"@type":"PropertyValueSpecification","valueRequired":true,"valueName":"search_term_string"}}],"inLanguage":"fr-FR"},{"@type":"Person","@id":"https:\/\/theplayoffs.news\/fr\/#\/schema\/person\/1ea25b88e79fe4fabd657430b0013d3d","name":"Jean Fabre-Jevanoff","image":{"@type":"ImageObject","inLanguage":"fr-FR","@id":"https:\/\/theplayoffs.news\/fr\/#\/schema\/person\/image\/","url":"https:\/\/secure.gravatar.com\/avatar\/18b28dab1159eebc6a17b9787eb8cbbe3242c3d0e8b53b89332f6dc1133aa361?s=96&d=mm&r=g","contentUrl":"https:\/\/secure.gravatar.com\/avatar\/18b28dab1159eebc6a17b9787eb8cbbe3242c3d0e8b53b89332f6dc1133aa361?s=96&d=mm&r=g","caption":"Jean Fabre-Jevanoff"},"description":"Journaliste polyvalent sur le football am\u00e9ricain, j\u2019\u00e9cris aussi des articles sur le basket. Commentateur sur Twitch et sur YouTube. Pass\u00e9 par Eurosport notamment. Un mix d\u2019Eminem et de OBJ, fan inconditionnel de Patrick Mahomes et Lebron James","sameAs":["https:\/\/www.instagram.com\/_juaniitooo_","https:\/\/www.linkedin.com\/in\/jean-fabre-jevanoff-84bb9b1a9\/","https:\/\/x.com\/the_jfj_42"],"url":"https:\/\/theplayoffs.news\/fr\/author\/jeanfj42gmail-com\/"}]}},"_links":{"self":[{"href":"https:\/\/theplayoffs.news\/fr\/wp-json\/wp\/v2\/posts\/1483538","targetHints":{"allow":["GET"]}}],"collection":[{"href":"https:\/\/theplayoffs.news\/fr\/wp-json\/wp\/v2\/posts"}],"about":[{"href":"https:\/\/theplayoffs.news\/fr\/wp-json\/wp\/v2\/types\/post"}],"author":[{"embeddable":true,"href":"https:\/\/theplayoffs.news\/fr\/wp-json\/wp\/v2\/users\/180310250"}],"replies":[{"embeddable":true,"href":"https:\/\/theplayoffs.news\/fr\/wp-json\/wp\/v2\/comments?post=1483538"}],"version-history":[{"count":1,"href":"https:\/\/theplayoffs.news\/fr\/wp-json\/wp\/v2\/posts\/1483538\/revisions"}],"predecessor-version":[{"id":1483540,"href":"https:\/\/theplayoffs.news\/fr\/wp-json\/wp\/v2\/posts\/1483538\/revisions\/1483540"}],"wp:featuredmedia":[{"embeddable":true,"href":"https:\/\/theplayoffs.news\/fr\/wp-json\/wp\/v2\/media\/1483539"}],"wp:attachment":[{"href":"https:\/\/theplayoffs.news\/fr\/wp-json\/wp\/v2\/media?parent=1483538"}],"wp:term":[{"taxonomy":"category","embeddable":true,"href":"https:\/\/theplayoffs.news\/fr\/wp-json\/wp\/v2\/categories?post=1483538"},{"taxonomy":"post_tag","embeddable":true,"href":"https:\/\/theplayoffs.news\/fr\/wp-json\/wp\/v2\/tags?post=1483538"},{"taxonomy":"sport","embeddable":true,"href":"https:\/\/theplayoffs.news\/fr\/wp-json\/wp\/v2\/sport?post=1483538"},{"taxonomy":"saison","embeddable":true,"href":"https:\/\/theplayoffs.news\/fr\/wp-json\/wp\/v2\/saison?post=1483538"}],"curies":[{"name":"wp","href":"https:\/\/api.w.org\/{rel}","templated":true}]}}