{"id":1483523,"date":"2025-03-05T18:01:26","date_gmt":"2025-03-05T17:01:26","guid":{"rendered":"https:\/\/theplayoffs.news\/fr\/uncategorized\/\/"},"modified":"2025-03-05T18:01:32","modified_gmt":"2025-03-05T17:01:32","slug":"sam-hubbard-annonce-sa-retraite-a-29-ans","status":"publish","type":"post","link":"https:\/\/theplayoffs.news\/fr\/actualite-nfl\/sam-hubbard-annonce-sa-retraite-a-29-ans\/","title":{"rendered":"Sam Hubbard annonce sa retraite \u00e0 29 ans"},"content":{"rendered":"<p>Le defensive end des <strong>Cincinnati Bengals<\/strong>, Sam Hubbard, a annonc&eacute; sa retraite &agrave; seulement 29 ans. Le &laquo;&nbsp;<strong>Cincinnati Kid<\/strong>&nbsp;&raquo; a v&eacute;cu un r&ecirc;ve inimaginable lorsque les Bengals l&rsquo;ont draft&eacute; en 2018. <\/p><p>Etant n&eacute; et ayant v&eacute;cu &agrave; Cincinnati, <strong>Sam Hubbard<\/strong> a jou&eacute; pour <strong>Ohio State <\/strong>&agrave; l&rsquo;universit&eacute;. En 2018, les Bengals d&eacute;cident de le drafter commen&ccedil;ant ainsi l&rsquo;histoire d&rsquo;une aventure inimaginable pour Hubbard. Aujourd&rsquo;hui, le joueur de ligne d&eacute;fensive dis au revoir &agrave; sa franchise de c&oelig;ur, pour laquelle il a toujours r&ecirc;v&eacute; jouer. <\/p><figure class=\"wp-block-embed is-type-rich is-provider-twitter wp-block-embed-twitter\"><div class=\"wp-block-embed__wrapper\">\n<blockquote class=\"twitter-tweet\" data-width=\"500\" data-dnt=\"true\"><p lang=\"zxx\" dir=\"ltr\"><a href=\"https:\/\/t.co\/sXKKCsNksG\" class=\"trk-cta-link\" data-cta-trk='{\"ctaType\":\"Link\",\"ctaSubType\":\"main\"}'>pic.twitter.com\/sXKKCsNksG<\/a><\/p>&mdash; Sam Hubbard (@Sam_Hubbard_) <a href=\"https:\/\/twitter.com\/Sam_Hubbard_\/status\/1897315996739993720?ref_src=twsrc%5Etfw\" class=\"trk-cta-link\" data-cta-trk='{\"ctaType\":\"Link\",\"ctaSubType\":\"main\"}'>March 5, 2025<\/a><\/blockquote><script async src=\"https:\/\/platform.twitter.com\/widgets.js\" charset=\"utf-8\"><\/script>\n<\/div><\/figure><p>Cette annonce n&rsquo;est pas si surprenante. Ayant &eacute;t&eacute; tr&egrave;s moyen sur le terrain cette saison, les Bengals avaient deux options sur la table : le couper ou bien restructurer son contrat. Il s&rsquo;av&egrave;re que Cincinnati allait choisir la premi&egrave;re option, et il &eacute;tait attendu que Sam Hubbard ne veuille pas jouer pour une autre &eacute;quipe que celle qu&rsquo;il a toujours soutenu. Il a donc d&eacute;cid&eacute; de mettre un terme &agrave; sa carri&egrave;re de joueur professionnel de <a href=\"https:\/\/theplayoffs.news\/fr\/category\/nfl\/\" class=\"trk-cta-link\" data-cta-trk='{\"ctaType\":\"Link\",\"ctaSubType\":\"main\"}'>NFL<\/a>.<\/p><blockquote class=\"wp-block-quote is-layout-flow wp-block-quote-is-layout-flow\">\n<p>&laquo; Cette ville m&rsquo;a donn&eacute; un but au-del&agrave; du football &raquo;, a <a href=\"https:\/\/www.nbcsports.com\/nfl\/profootballtalk\/rumor-mill\/news\/bengals-defensive-end-sam-hubbard-retires-at-age-29\" class=\"trk-cta-link\" data-cta-trk='{\"ctaType\":\"Link\",\"ctaSubType\":\"main\"}'>d&eacute;clar&eacute; Hubbard<\/a>. &laquo; &Agrave; travers la Sam Hubbard Foundation, j&rsquo;ai essay&eacute; d&rsquo;&eacute;lever Cincinnati comme vous m&rsquo;avez &eacute;lev&eacute;. Votre soutien et l&rsquo;impact que nous avons eu ensemble m&rsquo;ont montr&eacute; que la communaut&eacute; et l&rsquo;amour l&rsquo;emportent sur n&rsquo;importe quel troph&eacute;e. Le fait d&rsquo;avoir &eacute;t&eacute; nomm&eacute; deux fois pour le prix Walter Payton de l&rsquo;homme de l&rsquo;ann&eacute;e est l&rsquo;accomplissement dont je suis le plus fier &raquo;.<\/p>\n<\/blockquote><p>L&rsquo;ancien joueur de 29 ans a notamment brill&eacute; en effectuant ce qui restera comme l&rsquo;une des meilleures actions de l&rsquo;histoire des Bengals. Il y a deux ans, lors du match de Wild Card face aux Ravens, Hubbard avait recouvert un fumble pr&egrave;s de sa end zone et a remont&eacute; 98 yards pour offrir aux Bengals le touchdown de la victoire. <\/p><figure class=\"wp-block-embed is-type-rich is-provider-twitter wp-block-embed-twitter\"><div class=\"wp-block-embed__wrapper\">\n<blockquote class=\"twitter-tweet\" data-width=\"500\" data-dnt=\"true\"><p lang=\"en\" dir=\"ltr\">Sam Hubbard takes the fumble 98 yards for the TD &#8252;&#65039;<br><br>&#128250;: <a href=\"https:\/\/twitter.com\/hashtag\/BALvsCIN?src=hash&amp;ref_src=twsrc%5Etfw\" class=\"trk-cta-link\" data-cta-trk='{\"ctaType\":\"Link\",\"ctaSubType\":\"main\"}'>#BALvsCIN<\/a> on NBC<br>&#128241;: Stream on NFL+ <a href=\"https:\/\/t.co\/hNJJJGqxGF\" class=\"trk-cta-link\" data-cta-trk='{\"ctaType\":\"Link\",\"ctaSubType\":\"main\"}'>https:\/\/t.co\/hNJJJGqxGF<\/a> <a href=\"https:\/\/t.co\/PoVImXrfpz\" class=\"trk-cta-link\" data-cta-trk='{\"ctaType\":\"Link\",\"ctaSubType\":\"main\"}'>pic.twitter.com\/PoVImXrfpz<\/a><\/p>&mdash; NFL (@NFL) <a href=\"https:\/\/twitter.com\/NFL\/status\/1614828685848346625?ref_src=twsrc%5Etfw\" class=\"trk-cta-link\" data-cta-trk='{\"ctaType\":\"Link\",\"ctaSubType\":\"main\"}'>January 16, 2023<\/a><\/blockquote><script async src=\"https:\/\/platform.twitter.com\/widgets.js\" charset=\"utf-8\"><\/script>\n<\/div><\/figure><p>Cr&eacute;dit photo : Albert Cesare &ndash; USA Today<\/p>\n","protected":false},"excerpt":{"rendered":"<p>Sam Hubbard annonce sa retraite de la ligue apr\u00e8s avoir pass\u00e9 huit saisons en NFL avec les Cincinnati Bengals.<\/p>\n","protected":false},"author":180310178,"featured_media":1483526,"comment_status":"closed","ping_status":"closed","sticky":false,"template":"","format":"standard","meta":{"inline_featured_image":false,"kia_subtitle":"Sam Hubbard annonce sa retraite de la ligue apr\u00e8s avoir pass\u00e9 huit saisons en NFL avec les Cincinnati Bengals.","_mux_skip_reasons":[],"proofreadBy":0,"footnotes":""},"categories":[118,40],"tags":[802,79,5290],"sport":[2785],"saison":[7475],"class_list":["post-1483523","post","type-post","status-publish","format-standard","has-post-thumbnail","hentry","category-actualite-nfl","category-nfl","tag-cincinnati-bengals","tag-nfl","tag-sam-hubbard","sport-nfl","saison-7475"],"acf":[],"yoast_head":"<!-- This site is optimized with the Yoast SEO plugin v24.2 - https:\/\/yoast.com\/wordpress\/plugins\/seo\/ -->\n<title>Sam Hubbard annonce sa retraite &agrave; 29 ans - The Playoffs FR<\/title>\n<meta name=\"description\" content=\"Sam Hubbard annonce sa retraite de la ligue apr&egrave;s avoir pass&eacute; huit saisons en NFL avec les Cincinnati Bengals.\" \/>\n<meta name=\"robots\" content=\"index, follow, max-snippet:-1, max-image-preview:large, max-video-preview:-1\" \/>\n<link rel=\"canonical\" href=\"https:\/\/theplayoffs.news\/fr\/actualite-nfl\/sam-hubbard-annonce-sa-retraite-a-29-ans\/\" \/>\n<meta property=\"og:locale\" content=\"fr_FR\" \/>\n<meta property=\"og:type\" content=\"article\" \/>\n<meta property=\"og:title\" content=\"Sam Hubbard annonce sa retraite &agrave; 29 ans - The Playoffs FR\" \/>\n<meta property=\"og:description\" content=\"Sam Hubbard annonce sa retraite de la ligue apr&egrave;s avoir pass&eacute; huit saisons en NFL avec les Cincinnati Bengals.\" \/>\n<meta property=\"og:url\" content=\"https:\/\/theplayoffs.news\/fr\/actualite-nfl\/sam-hubbard-annonce-sa-retraite-a-29-ans\/\" \/>\n<meta property=\"og:site_name\" content=\"The Playoffs FR\" \/>\n<meta property=\"article:publisher\" content=\"https:\/\/www.facebook.com\/TheFreeAgentFR\/\" \/>\n<meta property=\"article:modified_time\" content=\"2025-03-05T18:01:32+01:00\" \/>\n<meta property=\"og:image\" content=\"https:\/\/theplayoffs.news\/fr\/wp-content\/uploads\/2025\/03\/USATSI_24667734.jpg\" \/>\n\t<meta property=\"og:image:width\" content=\"1920\" \/>\n\t<meta property=\"og:image:height\" content=\"1280\" \/>\n\t<meta property=\"og:image:type\" content=\"image\/jpeg\" \/>\n<meta name=\"author\" content=\"Arthur Berlemont\" \/>\n<meta name=\"twitter:card\" content=\"summary_large_image\" \/>\n<meta name=\"twitter:creator\" content=\"@TheFreeAgentFR\" \/>\n<meta name=\"twitter:site\" content=\"@TheFreeAgentFR\" \/>\n<meta name=\"twitter:label1\" content=\"\u00c9crit par\" \/>\n\t<meta name=\"twitter:data1\" content=\"Arthur Berlemont\" \/>\n\t<meta name=\"twitter:label2\" content=\"Dur\u00e9e de lecture estim\u00e9e\" \/>\n\t<meta name=\"twitter:data2\" content=\"2 minutes\" \/>\n<script type=\"application\/ld+json\" class=\"yoast-schema-graph\">{\"@context\":\"https:\/\/schema.org\",\"@graph\":[{\"@type\":\"WebPage\",\"@id\":\"https:\/\/theplayoffs.news\/fr\/actualite-nfl\/sam-hubbard-annonce-sa-retraite-a-29-ans\/\",\"url\":\"https:\/\/theplayoffs.news\/fr\/actualite-nfl\/sam-hubbard-annonce-sa-retraite-a-29-ans\/\",\"name\":\"Sam Hubbard annonce sa retraite \u00e0 29 ans - The Playoffs FR\",\"isPartOf\":{\"@id\":\"https:\/\/theplayoffs.news\/fr\/#website\"},\"primaryImageOfPage\":{\"@id\":\"https:\/\/theplayoffs.news\/fr\/actualite-nfl\/sam-hubbard-annonce-sa-retraite-a-29-ans\/#primaryimage\"},\"image\":{\"@id\":\"https:\/\/theplayoffs.news\/fr\/actualite-nfl\/sam-hubbard-annonce-sa-retraite-a-29-ans\/#primaryimage\"},\"thumbnailUrl\":\"https:\/\/theplayoffs.news\/fr\/wp-content\/uploads\/2025\/03\/USATSI_24667734.jpg\",\"datePublished\":\"2025-03-05T17:01:26+00:00\",\"dateModified\":\"2025-03-05T17:01:32+00:00\",\"author\":{\"@id\":\"https:\/\/theplayoffs.news\/fr\/#\/schema\/person\/b6b04a451dab03a5ab75cec8912e8942\"},\"description\":\"Sam Hubbard annonce sa retraite de la ligue apr\u00e8s avoir pass\u00e9 huit saisons en NFL avec les Cincinnati Bengals.\",\"breadcrumb\":{\"@id\":\"https:\/\/theplayoffs.news\/fr\/actualite-nfl\/sam-hubbard-annonce-sa-retraite-a-29-ans\/#breadcrumb\"},\"inLanguage\":\"fr-FR\",\"potentialAction\":[{\"@type\":\"ReadAction\",\"target\":[\"https:\/\/theplayoffs.news\/fr\/actualite-nfl\/sam-hubbard-annonce-sa-retraite-a-29-ans\/\"]}]},{\"@type\":\"ImageObject\",\"inLanguage\":\"fr-FR\",\"@id\":\"https:\/\/theplayoffs.news\/fr\/actualite-nfl\/sam-hubbard-annonce-sa-retraite-a-29-ans\/#primaryimage\",\"url\":\"https:\/\/theplayoffs.news\/fr\/wp-content\/uploads\/2025\/03\/USATSI_24667734.jpg\",\"contentUrl\":\"https:\/\/theplayoffs.news\/fr\/wp-content\/uploads\/2025\/03\/USATSI_24667734.jpg\",\"width\":1920,\"height\":1280,\"caption\":\"Cincinnati Bengals defensive end Sam Hubbard (94) gives fans the thumbs up after the Cincinnati Bengals defeated the Las Vegas Raiders at Paycor Stadium in Cincinnati on Sunday, Nov. 3, 2024.\"},{\"@type\":\"BreadcrumbList\",\"@id\":\"https:\/\/theplayoffs.news\/fr\/actualite-nfl\/sam-hubbard-annonce-sa-retraite-a-29-ans\/#breadcrumb\",\"itemListElement\":[{\"@type\":\"ListItem\",\"position\":1,\"name\":\"Accueil\",\"item\":\"https:\/\/theplayoffs.news\/fr\/\"},{\"@type\":\"ListItem\",\"position\":2,\"name\":\"Sam Hubbard annonce sa retraite \u00e0 29 ans\"}]},{\"@type\":\"WebSite\",\"@id\":\"https:\/\/theplayoffs.news\/fr\/#website\",\"url\":\"https:\/\/theplayoffs.news\/fr\/\",\"name\":\"The Playoffs FR\",\"description\":\"NBA-NFL-NHL-MLB\",\"potentialAction\":[{\"@type\":\"SearchAction\",\"target\":{\"@type\":\"EntryPoint\",\"urlTemplate\":\"https:\/\/theplayoffs.news\/fr\/?s={search_term_string}\"},\"query-input\":{\"@type\":\"PropertyValueSpecification\",\"valueRequired\":true,\"valueName\":\"search_term_string\"}}],\"inLanguage\":\"fr-FR\"},{\"@type\":\"Person\",\"@id\":\"https:\/\/theplayoffs.news\/fr\/#\/schema\/person\/b6b04a451dab03a5ab75cec8912e8942\",\"name\":\"Arthur Berlemont\",\"image\":{\"@type\":\"ImageObject\",\"inLanguage\":\"fr-FR\",\"@id\":\"https:\/\/theplayoffs.news\/fr\/#\/schema\/person\/image\/\",\"url\":\"https:\/\/secure.gravatar.com\/avatar\/19ddab1d62ab0a19b186b86cee130432b120dd6f085625a6a6757dd1aa90a5f3?s=96&d=mm&r=g\",\"contentUrl\":\"https:\/\/secure.gravatar.com\/avatar\/19ddab1d62ab0a19b186b86cee130432b120dd6f085625a6a6757dd1aa90a5f3?s=96&d=mm&r=g\",\"caption\":\"Arthur Berlemont\"},\"description\":\"Etudiant passionn\u00e9 de sport, avant tout m\u00e9caniques, j\\\\'ai d\u00e9couvert les sports US il y a quelques ann\u00e9es. J\\\\'ai tout de suite accroch\u00e9 pour la ville de Cincinnati et ses franchises de NFL et MLB. Aujourd\\\\'hui, je suis l\u00e0 par passion dans la r\u00e9daction d\\\\'articles sur divers sports que j\\\\'affectionne.\",\"url\":\"https:\/\/theplayoffs.news\/fr\/author\/arthur-berlemontgmail-com\/\"}]}<\/script>\n<!-- \/ Yoast SEO plugin. -->","yoast_head_json":{"title":"Sam Hubbard annonce sa retraite &agrave; 29 ans - The Playoffs FR","description":"Sam Hubbard annonce sa retraite de la ligue apr&egrave;s avoir pass&eacute; huit saisons en NFL avec les Cincinnati Bengals.","robots":{"index":"index","follow":"follow","max-snippet":"max-snippet:-1","max-image-preview":"max-image-preview:large","max-video-preview":"max-video-preview:-1"},"canonical":"https:\/\/theplayoffs.news\/fr\/actualite-nfl\/sam-hubbard-annonce-sa-retraite-a-29-ans\/","og_locale":"fr_FR","og_type":"article","og_title":"Sam Hubbard annonce sa retraite &agrave; 29 ans - The Playoffs FR","og_description":"Sam Hubbard annonce sa retraite de la ligue apr&egrave;s avoir pass&eacute; huit saisons en NFL avec les Cincinnati Bengals.","og_url":"https:\/\/theplayoffs.news\/fr\/actualite-nfl\/sam-hubbard-annonce-sa-retraite-a-29-ans\/","og_site_name":"The Playoffs FR","article_publisher":"https:\/\/www.facebook.com\/TheFreeAgentFR\/","article_modified_time":"2025-03-05T17:01:32+00:00","og_image":[{"width":1920,"height":1280,"url":"https:\/\/theplayoffs.news\/fr\/wp-content\/uploads\/2025\/03\/USATSI_24667734.jpg","type":"image\/jpeg"}],"author":"Arthur Berlemont","twitter_card":"summary_large_image","twitter_creator":"@TheFreeAgentFR","twitter_site":"@TheFreeAgentFR","twitter_misc":{"\u00c9crit par":"Arthur Berlemont","Dur\u00e9e de lecture estim\u00e9e":"2 minutes"},"schema":{"@context":"https:\/\/schema.org","@graph":[{"@type":"WebPage","@id":"https:\/\/theplayoffs.news\/fr\/actualite-nfl\/sam-hubbard-annonce-sa-retraite-a-29-ans\/","url":"https:\/\/theplayoffs.news\/fr\/actualite-nfl\/sam-hubbard-annonce-sa-retraite-a-29-ans\/","name":"Sam Hubbard annonce sa retraite \u00e0 29 ans - The Playoffs FR","isPartOf":{"@id":"https:\/\/theplayoffs.news\/fr\/#website"},"primaryImageOfPage":{"@id":"https:\/\/theplayoffs.news\/fr\/actualite-nfl\/sam-hubbard-annonce-sa-retraite-a-29-ans\/#primaryimage"},"image":{"@id":"https:\/\/theplayoffs.news\/fr\/actualite-nfl\/sam-hubbard-annonce-sa-retraite-a-29-ans\/#primaryimage"},"thumbnailUrl":"https:\/\/theplayoffs.news\/fr\/wp-content\/uploads\/2025\/03\/USATSI_24667734.jpg","datePublished":"2025-03-05T17:01:26+00:00","dateModified":"2025-03-05T17:01:32+00:00","author":{"@id":"https:\/\/theplayoffs.news\/fr\/#\/schema\/person\/b6b04a451dab03a5ab75cec8912e8942"},"description":"Sam Hubbard annonce sa retraite de la ligue apr\u00e8s avoir pass\u00e9 huit saisons en NFL avec les Cincinnati Bengals.","breadcrumb":{"@id":"https:\/\/theplayoffs.news\/fr\/actualite-nfl\/sam-hubbard-annonce-sa-retraite-a-29-ans\/#breadcrumb"},"inLanguage":"fr-FR","potentialAction":[{"@type":"ReadAction","target":["https:\/\/theplayoffs.news\/fr\/actualite-nfl\/sam-hubbard-annonce-sa-retraite-a-29-ans\/"]}]},{"@type":"ImageObject","inLanguage":"fr-FR","@id":"https:\/\/theplayoffs.news\/fr\/actualite-nfl\/sam-hubbard-annonce-sa-retraite-a-29-ans\/#primaryimage","url":"https:\/\/theplayoffs.news\/fr\/wp-content\/uploads\/2025\/03\/USATSI_24667734.jpg","contentUrl":"https:\/\/theplayoffs.news\/fr\/wp-content\/uploads\/2025\/03\/USATSI_24667734.jpg","width":1920,"height":1280,"caption":"Cincinnati Bengals defensive end Sam Hubbard (94) gives fans the thumbs up after the Cincinnati Bengals defeated the Las Vegas Raiders at Paycor Stadium in Cincinnati on Sunday, Nov. 3, 2024."},{"@type":"BreadcrumbList","@id":"https:\/\/theplayoffs.news\/fr\/actualite-nfl\/sam-hubbard-annonce-sa-retraite-a-29-ans\/#breadcrumb","itemListElement":[{"@type":"ListItem","position":1,"name":"Accueil","item":"https:\/\/theplayoffs.news\/fr\/"},{"@type":"ListItem","position":2,"name":"Sam Hubbard annonce sa retraite \u00e0 29 ans"}]},{"@type":"WebSite","@id":"https:\/\/theplayoffs.news\/fr\/#website","url":"https:\/\/theplayoffs.news\/fr\/","name":"The Playoffs FR","description":"NBA-NFL-NHL-MLB","potentialAction":[{"@type":"SearchAction","target":{"@type":"EntryPoint","urlTemplate":"https:\/\/theplayoffs.news\/fr\/?s={search_term_string}"},"query-input":{"@type":"PropertyValueSpecification","valueRequired":true,"valueName":"search_term_string"}}],"inLanguage":"fr-FR"},{"@type":"Person","@id":"https:\/\/theplayoffs.news\/fr\/#\/schema\/person\/b6b04a451dab03a5ab75cec8912e8942","name":"Arthur Berlemont","image":{"@type":"ImageObject","inLanguage":"fr-FR","@id":"https:\/\/theplayoffs.news\/fr\/#\/schema\/person\/image\/","url":"https:\/\/secure.gravatar.com\/avatar\/19ddab1d62ab0a19b186b86cee130432b120dd6f085625a6a6757dd1aa90a5f3?s=96&d=mm&r=g","contentUrl":"https:\/\/secure.gravatar.com\/avatar\/19ddab1d62ab0a19b186b86cee130432b120dd6f085625a6a6757dd1aa90a5f3?s=96&d=mm&r=g","caption":"Arthur Berlemont"},"description":"Etudiant passionn\u00e9 de sport, avant tout m\u00e9caniques, j\\'ai d\u00e9couvert les sports US il y a quelques ann\u00e9es. J\\'ai tout de suite accroch\u00e9 pour la ville de Cincinnati et ses franchises de NFL et MLB. Aujourd\\'hui, je suis l\u00e0 par passion dans la r\u00e9daction d\\'articles sur divers sports que j\\'affectionne.","url":"https:\/\/theplayoffs.news\/fr\/author\/arthur-berlemontgmail-com\/"}]}},"_links":{"self":[{"href":"https:\/\/theplayoffs.news\/fr\/wp-json\/wp\/v2\/posts\/1483523","targetHints":{"allow":["GET"]}}],"collection":[{"href":"https:\/\/theplayoffs.news\/fr\/wp-json\/wp\/v2\/posts"}],"about":[{"href":"https:\/\/theplayoffs.news\/fr\/wp-json\/wp\/v2\/types\/post"}],"author":[{"embeddable":true,"href":"https:\/\/theplayoffs.news\/fr\/wp-json\/wp\/v2\/users\/180310178"}],"replies":[{"embeddable":true,"href":"https:\/\/theplayoffs.news\/fr\/wp-json\/wp\/v2\/comments?post=1483523"}],"version-history":[{"count":1,"href":"https:\/\/theplayoffs.news\/fr\/wp-json\/wp\/v2\/posts\/1483523\/revisions"}],"predecessor-version":[{"id":1483529,"href":"https:\/\/theplayoffs.news\/fr\/wp-json\/wp\/v2\/posts\/1483523\/revisions\/1483529"}],"wp:featuredmedia":[{"embeddable":true,"href":"https:\/\/theplayoffs.news\/fr\/wp-json\/wp\/v2\/media\/1483526"}],"wp:attachment":[{"href":"https:\/\/theplayoffs.news\/fr\/wp-json\/wp\/v2\/media?parent=1483523"}],"wp:term":[{"taxonomy":"category","embeddable":true,"href":"https:\/\/theplayoffs.news\/fr\/wp-json\/wp\/v2\/categories?post=1483523"},{"taxonomy":"post_tag","embeddable":true,"href":"https:\/\/theplayoffs.news\/fr\/wp-json\/wp\/v2\/tags?post=1483523"},{"taxonomy":"sport","embeddable":true,"href":"https:\/\/theplayoffs.news\/fr\/wp-json\/wp\/v2\/sport?post=1483523"},{"taxonomy":"saison","embeddable":true,"href":"https:\/\/theplayoffs.news\/fr\/wp-json\/wp\/v2\/saison?post=1483523"}],"curies":[{"name":"wp","href":"https:\/\/api.w.org\/{rel}","templated":true}]}}