{"id":1483283,"date":"2025-03-04T16:26:18","date_gmt":"2025-03-04T15:26:18","guid":{"rendered":"https:\/\/theplayoffs.news\/fr\/uncategorized\/\/"},"modified":"2025-03-04T16:26:24","modified_gmt":"2025-03-04T15:26:24","slug":"jose-quintana-debarque-a-milwaukee-un-renfort-dexperience-pour-les-brewers","status":"publish","type":"post","link":"https:\/\/theplayoffs.news\/fr\/actualite-mlb\/jose-quintana-debarque-a-milwaukee-un-renfort-dexperience-pour-les-brewers\/","title":{"rendered":"Jos\u00e9 Quintana d\u00e9barque \u00e0 Milwaukee : un renfort d\u2019exp\u00e9rience pour les Brewers"},"content":{"rendered":"<p>Les <strong>Milwaukee Brewers<\/strong> continuent de peaufiner leur effectif en vue de la saison 2025 et viennent de frapper un joli coup en recrutant <strong>Jos&eacute; Quintana<\/strong>. <\/p><p>&Agrave; <strong>36 ans<\/strong>, le lanceur gaucher, qui conna&icirc;t bien la <a href=\"https:\/\/theplayoffs.news\/fr\/category\/mlb\/\" class=\"trk-cta-link\" data-cta-trk='{\"ctaType\":\"Link\",\"ctaSubType\":\"main\"}'>MLB<\/a> apr&egrave;s <strong>13 saisons<\/strong> et plusieurs &eacute;quipes &agrave; son actif, s&rsquo;appr&ecirc;te &agrave; apporter son exp&eacute;rience et sa constance &agrave; une rotation qui en avait bien besoin.<\/p><p>Ce n&rsquo;est un secret pour personne : Milwaukee doit composer avec l&rsquo;absence prolong&eacute;e de <strong>Brandon Woodruff<\/strong>, en pleine r&eacute;&eacute;ducation apr&egrave;s une op&eacute;ration &agrave; l&rsquo;&eacute;paule, et celle de <strong>DL Hall<\/strong>, &eacute;galement sur le carreau. L&rsquo;arriv&eacute;e de <strong>Jos&eacute; Quintana<\/strong>, solide et r&eacute;gulier, tombe donc &agrave; point nomm&eacute;.<\/p><h2 class=\"wp-block-heading\"><strong>Un lanceur fiable et exp&eacute;riment&eacute;<\/strong><\/h2><p>Si Jos&eacute; Quintana n&rsquo;a jamais &eacute;t&eacute; une superstar, il a toujours su se montrer efficace. La saison derni&egrave;re, sous les couleurs des <strong>Mets de New York<\/strong>, il a compil&eacute; <strong>10 victoires pour 10 d&eacute;faites<\/strong> avec une moyenne de points m&eacute;rit&eacute;s (ERA) de <strong>3,75<\/strong> en <strong>31 d&eacute;parts<\/strong>. Il a &eacute;galement fait ses preuves en s&eacute;ries &eacute;liminatoires avec une <strong>ERA de 3,33<\/strong> en trois matchs.<\/p><p>Sur l&rsquo;ensemble de sa carri&egrave;re, le Colombien affiche une fiche de <strong>102 victoires pour 103 d&eacute;faites<\/strong> et une ERA de <strong>3,74<\/strong>. Mais ce qui pla&icirc;t particuli&egrave;rement aux Brewers, c&rsquo;est son <strong>historique contre eux<\/strong> : en <strong>23 apparitions<\/strong> face &agrave; Milwaukee, il a brill&eacute; avec une <strong>ERA de 2,98<\/strong> sur <strong>130 manches lanc&eacute;es<\/strong>.<\/p><h2 class=\"wp-block-heading\"><strong>Un renfort qui fait l&rsquo;unanimit&eacute;<\/strong><\/h2><p>Les joueurs de Milwaukee n&rsquo;ont pas tard&eacute; &agrave; r&eacute;agir &agrave; cette signature. <strong><a href=\"https:\/\/www.mlb.com\/news\/jose-quintana-brewers-contract-2025\" target=\"_blank\" rel=\"noreferrer noopener nofollow\" class=\"trk-cta-link\" data-cta-trk='{\"ctaType\":\"Link\",\"ctaSubType\":\"main\"}'>Christian Yelich<\/a><\/strong>, l&rsquo;un des cadres de l&rsquo;&eacute;quipe, s&rsquo;est montr&eacute; enthousiaste :<\/p><p><em>&laquo; Il sait comment lancer. Il place bien ses balles, garde les frappeurs dans l&rsquo;inconfort&hellip; Il nous a souvent donn&eacute; du fil &agrave; retordre, et maintenant, il est de notre c&ocirc;t&eacute;. &raquo;<\/em><\/p><p>M&ecirc;me son de cloche du c&ocirc;t&eacute; du lanceur <strong>Freddy Peralta<\/strong>, qui voit en Jos&eacute; Quintana un atout pr&eacute;cieux :<\/p><p><em>&laquo; On le conna&icirc;t bien, on a souvent jou&eacute; contre lui. Peu importe la situation, il reste calme, il fait le boulot et il donne toujours des manches &agrave; son &eacute;quipe. Ce genre de mentalit&eacute;, c&rsquo;est exactement ce dont on a besoin. &raquo;<\/em><\/p><p>Avec cette signature, les Brewers s&eacute;curisent un lanceur capable d&rsquo;apporter <strong>de la stabilit&eacute; &agrave; une rotation en reconstruction<\/strong>, qui compte aussi sur <strong>Freddy Peralta, Nestor Cortes, Tobias Myers et Aaron Civale<\/strong>. <\/p><p>Un pari malin, qui pourrait bien peser dans la balance lors de la course aux s&eacute;ries.<\/p><p><\/p><p>Cr&eacute;dit Photo : Brad Penner-Imagn Images<\/p>\n","protected":false},"excerpt":{"rendered":"<p>Le v\u00e9t\u00e9ran gaucher signe un contrat d\u2019un an pour \u00e9pauler une rotation affaiblie par les blessures.<\/p>\n","protected":false},"author":13,"featured_media":1483284,"comment_status":"closed","ping_status":"closed","sticky":false,"template":"","format":"standard","meta":{"inline_featured_image":false,"kia_subtitle":"Le v\u00e9t\u00e9ran gaucher signe un contrat d\u2019un an pour \u00e9pauler une rotation affaiblie par les blessures.","_mux_skip_reasons":[],"proofreadBy":0,"footnotes":""},"categories":[188,9],"tags":[],"sport":[],"saison":[],"class_list":["post-1483283","post","type-post","status-publish","format-standard","has-post-thumbnail","hentry","category-actualite-mlb","category-mlb"],"acf":[],"yoast_head":"<!-- This site is optimized with the Yoast SEO plugin v24.2 - https:\/\/yoast.com\/wordpress\/plugins\/seo\/ -->\n<title>Jos&eacute; Quintana d&eacute;barque &agrave; Milwaukee : un renfort d&rsquo;exp&eacute;rience pour les Brewers - The Playoffs FR<\/title>\n<meta name=\"description\" content=\"Les Milwaukee Brewers ajoutent de la profondeur &agrave; leur rotation en signant le lanceur gaucher v&eacute;t&eacute;ran Jos&eacute; Quintana.\" \/>\n<meta name=\"robots\" content=\"index, follow, max-snippet:-1, max-image-preview:large, max-video-preview:-1\" \/>\n<link rel=\"canonical\" href=\"https:\/\/theplayoffs.news\/fr\/actualite-mlb\/jose-quintana-debarque-a-milwaukee-un-renfort-dexperience-pour-les-brewers\/\" \/>\n<meta property=\"og:locale\" content=\"fr_FR\" \/>\n<meta property=\"og:type\" content=\"article\" \/>\n<meta property=\"og:title\" content=\"Jos&eacute; Quintana d&eacute;barque &agrave; Milwaukee : un renfort d&rsquo;exp&eacute;rience pour les Brewers - The Playoffs FR\" \/>\n<meta property=\"og:description\" content=\"Les Milwaukee Brewers ajoutent de la profondeur &agrave; leur rotation en signant le lanceur gaucher v&eacute;t&eacute;ran Jos&eacute; Quintana.\" \/>\n<meta property=\"og:url\" content=\"https:\/\/theplayoffs.news\/fr\/actualite-mlb\/jose-quintana-debarque-a-milwaukee-un-renfort-dexperience-pour-les-brewers\/\" \/>\n<meta property=\"og:site_name\" content=\"The Playoffs FR\" \/>\n<meta property=\"article:publisher\" content=\"https:\/\/www.facebook.com\/TheFreeAgentFR\/\" \/>\n<meta property=\"article:modified_time\" content=\"2025-03-04T16:26:24+01:00\" \/>\n<meta property=\"og:image\" content=\"https:\/\/theplayoffs.news\/fr\/wp-content\/uploads\/2025\/03\/USATSI_24447054.jpg\" \/>\n\t<meta property=\"og:image:width\" content=\"1920\" \/>\n\t<meta property=\"og:image:height\" content=\"1272\" \/>\n\t<meta property=\"og:image:type\" content=\"image\/jpeg\" \/>\n<meta name=\"author\" content=\"Charles Taudin\" \/>\n<meta name=\"twitter:card\" content=\"summary_large_image\" \/>\n<meta name=\"twitter:creator\" content=\"@TheFreeAgentFR\" \/>\n<meta name=\"twitter:site\" content=\"@TheFreeAgentFR\" \/>\n<meta name=\"twitter:label1\" content=\"\u00c9crit par\" \/>\n\t<meta name=\"twitter:data1\" content=\"Charles Taudin\" \/>\n\t<meta name=\"twitter:label2\" content=\"Dur\u00e9e de lecture estim\u00e9e\" \/>\n\t<meta name=\"twitter:data2\" content=\"3 minutes\" \/>\n<script type=\"application\/ld+json\" class=\"yoast-schema-graph\">{\"@context\":\"https:\/\/schema.org\",\"@graph\":[{\"@type\":\"WebPage\",\"@id\":\"https:\/\/theplayoffs.news\/fr\/actualite-mlb\/jose-quintana-debarque-a-milwaukee-un-renfort-dexperience-pour-les-brewers\/\",\"url\":\"https:\/\/theplayoffs.news\/fr\/actualite-mlb\/jose-quintana-debarque-a-milwaukee-un-renfort-dexperience-pour-les-brewers\/\",\"name\":\"Jos\u00e9 Quintana d\u00e9barque \u00e0 Milwaukee : un renfort d\u2019exp\u00e9rience pour les Brewers - The Playoffs FR\",\"isPartOf\":{\"@id\":\"https:\/\/theplayoffs.news\/fr\/#website\"},\"primaryImageOfPage\":{\"@id\":\"https:\/\/theplayoffs.news\/fr\/actualite-mlb\/jose-quintana-debarque-a-milwaukee-un-renfort-dexperience-pour-les-brewers\/#primaryimage\"},\"image\":{\"@id\":\"https:\/\/theplayoffs.news\/fr\/actualite-mlb\/jose-quintana-debarque-a-milwaukee-un-renfort-dexperience-pour-les-brewers\/#primaryimage\"},\"thumbnailUrl\":\"https:\/\/theplayoffs.news\/fr\/wp-content\/uploads\/2025\/03\/USATSI_24447054.jpg\",\"datePublished\":\"2025-03-04T15:26:18+00:00\",\"dateModified\":\"2025-03-04T15:26:24+00:00\",\"author\":{\"@id\":\"https:\/\/theplayoffs.news\/fr\/#\/schema\/person\/eee5b69ad5d3c51cabe881c839dbe133\"},\"description\":\"Les Milwaukee Brewers ajoutent de la profondeur \u00e0 leur rotation en signant le lanceur gaucher v\u00e9t\u00e9ran Jos\u00e9 Quintana.\",\"breadcrumb\":{\"@id\":\"https:\/\/theplayoffs.news\/fr\/actualite-mlb\/jose-quintana-debarque-a-milwaukee-un-renfort-dexperience-pour-les-brewers\/#breadcrumb\"},\"inLanguage\":\"fr-FR\",\"potentialAction\":[{\"@type\":\"ReadAction\",\"target\":[\"https:\/\/theplayoffs.news\/fr\/actualite-mlb\/jose-quintana-debarque-a-milwaukee-un-renfort-dexperience-pour-les-brewers\/\"]}]},{\"@type\":\"ImageObject\",\"inLanguage\":\"fr-FR\",\"@id\":\"https:\/\/theplayoffs.news\/fr\/actualite-mlb\/jose-quintana-debarque-a-milwaukee-un-renfort-dexperience-pour-les-brewers\/#primaryimage\",\"url\":\"https:\/\/theplayoffs.news\/fr\/wp-content\/uploads\/2025\/03\/USATSI_24447054.jpg\",\"contentUrl\":\"https:\/\/theplayoffs.news\/fr\/wp-content\/uploads\/2025\/03\/USATSI_24447054.jpg\",\"width\":1920,\"height\":1272,\"caption\":\"Oct 9, 2024; New York, New York, USA; New York Mets pitcher Jose Quintana (62) throws a pitch against the Philadelphia Phillies in the first inning in game four of the NLDS for the 2024 MLB Playoffs at Citi Field. Mandatory Credit: Brad Penner-Imagn Images\"},{\"@type\":\"BreadcrumbList\",\"@id\":\"https:\/\/theplayoffs.news\/fr\/actualite-mlb\/jose-quintana-debarque-a-milwaukee-un-renfort-dexperience-pour-les-brewers\/#breadcrumb\",\"itemListElement\":[{\"@type\":\"ListItem\",\"position\":1,\"name\":\"Accueil\",\"item\":\"https:\/\/theplayoffs.news\/fr\/\"},{\"@type\":\"ListItem\",\"position\":2,\"name\":\"Jos\u00e9 Quintana d\u00e9barque \u00e0 Milwaukee : un renfort d\u2019exp\u00e9rience pour les Brewers\"}]},{\"@type\":\"WebSite\",\"@id\":\"https:\/\/theplayoffs.news\/fr\/#website\",\"url\":\"https:\/\/theplayoffs.news\/fr\/\",\"name\":\"The Playoffs FR\",\"description\":\"NBA-NFL-NHL-MLB\",\"potentialAction\":[{\"@type\":\"SearchAction\",\"target\":{\"@type\":\"EntryPoint\",\"urlTemplate\":\"https:\/\/theplayoffs.news\/fr\/?s={search_term_string}\"},\"query-input\":{\"@type\":\"PropertyValueSpecification\",\"valueRequired\":true,\"valueName\":\"search_term_string\"}}],\"inLanguage\":\"fr-FR\"},{\"@type\":\"Person\",\"@id\":\"https:\/\/theplayoffs.news\/fr\/#\/schema\/person\/eee5b69ad5d3c51cabe881c839dbe133\",\"name\":\"Charles Taudin\",\"image\":{\"@type\":\"ImageObject\",\"inLanguage\":\"fr-FR\",\"@id\":\"https:\/\/theplayoffs.news\/fr\/#\/schema\/person\/image\/\",\"url\":\"https:\/\/secure.gravatar.com\/avatar\/59a1e772205ce9fd255edfcafc93013736822e20261f294c5753b20c41ede9f2?s=96&d=mm&r=g\",\"contentUrl\":\"https:\/\/secure.gravatar.com\/avatar\/59a1e772205ce9fd255edfcafc93013736822e20261f294c5753b20c41ede9f2?s=96&d=mm&r=g\",\"caption\":\"Charles Taudin\"},\"description\":\"R\u00e9dacteur en chef global de The Playoffs, j\u2019ai cr\u00e9\u00e9 The Free Agent, devenu The Playoffs FR, en 2020 durant la pand\u00e9mie. Amoureux depuis des ann\u00e9es des 4 sports majeurs am\u00e9ricains, j\u2019organise maintenant la strat\u00e9gie \u00e9ditoriale et les r\u00e9seaux sociaux de l\u2019ensemble des versions de The Playoffs. Il m\u2019arrive encore d\u2019\u00e9crire sur certains sports que j\u2019affectionne particuli\u00e8rement comme la NFL ou la MLB. Si vous devez retenir qu\u2019une chose : Eli Manning est le vrai GOAT pour avoir battu deux fois Tom Brady.\",\"sameAs\":[\"https:\/\/www.instagram.com\/ctaudin_\/\"],\"url\":\"https:\/\/theplayoffs.news\/fr\/author\/charles-taudin\/\"}]}<\/script>\n<!-- \/ Yoast SEO plugin. -->","yoast_head_json":{"title":"Jos&eacute; Quintana d&eacute;barque &agrave; Milwaukee : un renfort d&rsquo;exp&eacute;rience pour les Brewers - The Playoffs FR","description":"Les Milwaukee Brewers ajoutent de la profondeur &agrave; leur rotation en signant le lanceur gaucher v&eacute;t&eacute;ran Jos&eacute; Quintana.","robots":{"index":"index","follow":"follow","max-snippet":"max-snippet:-1","max-image-preview":"max-image-preview:large","max-video-preview":"max-video-preview:-1"},"canonical":"https:\/\/theplayoffs.news\/fr\/actualite-mlb\/jose-quintana-debarque-a-milwaukee-un-renfort-dexperience-pour-les-brewers\/","og_locale":"fr_FR","og_type":"article","og_title":"Jos&eacute; Quintana d&eacute;barque &agrave; Milwaukee : un renfort d&rsquo;exp&eacute;rience pour les Brewers - The Playoffs FR","og_description":"Les Milwaukee Brewers ajoutent de la profondeur &agrave; leur rotation en signant le lanceur gaucher v&eacute;t&eacute;ran Jos&eacute; Quintana.","og_url":"https:\/\/theplayoffs.news\/fr\/actualite-mlb\/jose-quintana-debarque-a-milwaukee-un-renfort-dexperience-pour-les-brewers\/","og_site_name":"The Playoffs FR","article_publisher":"https:\/\/www.facebook.com\/TheFreeAgentFR\/","article_modified_time":"2025-03-04T15:26:24+00:00","og_image":[{"width":1920,"height":1272,"url":"https:\/\/theplayoffs.news\/fr\/wp-content\/uploads\/2025\/03\/USATSI_24447054.jpg","type":"image\/jpeg"}],"author":"Charles Taudin","twitter_card":"summary_large_image","twitter_creator":"@TheFreeAgentFR","twitter_site":"@TheFreeAgentFR","twitter_misc":{"\u00c9crit par":"Charles Taudin","Dur\u00e9e de lecture estim\u00e9e":"3 minutes"},"schema":{"@context":"https:\/\/schema.org","@graph":[{"@type":"WebPage","@id":"https:\/\/theplayoffs.news\/fr\/actualite-mlb\/jose-quintana-debarque-a-milwaukee-un-renfort-dexperience-pour-les-brewers\/","url":"https:\/\/theplayoffs.news\/fr\/actualite-mlb\/jose-quintana-debarque-a-milwaukee-un-renfort-dexperience-pour-les-brewers\/","name":"Jos\u00e9 Quintana d\u00e9barque \u00e0 Milwaukee : un renfort d\u2019exp\u00e9rience pour les Brewers - The Playoffs FR","isPartOf":{"@id":"https:\/\/theplayoffs.news\/fr\/#website"},"primaryImageOfPage":{"@id":"https:\/\/theplayoffs.news\/fr\/actualite-mlb\/jose-quintana-debarque-a-milwaukee-un-renfort-dexperience-pour-les-brewers\/#primaryimage"},"image":{"@id":"https:\/\/theplayoffs.news\/fr\/actualite-mlb\/jose-quintana-debarque-a-milwaukee-un-renfort-dexperience-pour-les-brewers\/#primaryimage"},"thumbnailUrl":"https:\/\/theplayoffs.news\/fr\/wp-content\/uploads\/2025\/03\/USATSI_24447054.jpg","datePublished":"2025-03-04T15:26:18+00:00","dateModified":"2025-03-04T15:26:24+00:00","author":{"@id":"https:\/\/theplayoffs.news\/fr\/#\/schema\/person\/eee5b69ad5d3c51cabe881c839dbe133"},"description":"Les Milwaukee Brewers ajoutent de la profondeur \u00e0 leur rotation en signant le lanceur gaucher v\u00e9t\u00e9ran Jos\u00e9 Quintana.","breadcrumb":{"@id":"https:\/\/theplayoffs.news\/fr\/actualite-mlb\/jose-quintana-debarque-a-milwaukee-un-renfort-dexperience-pour-les-brewers\/#breadcrumb"},"inLanguage":"fr-FR","potentialAction":[{"@type":"ReadAction","target":["https:\/\/theplayoffs.news\/fr\/actualite-mlb\/jose-quintana-debarque-a-milwaukee-un-renfort-dexperience-pour-les-brewers\/"]}]},{"@type":"ImageObject","inLanguage":"fr-FR","@id":"https:\/\/theplayoffs.news\/fr\/actualite-mlb\/jose-quintana-debarque-a-milwaukee-un-renfort-dexperience-pour-les-brewers\/#primaryimage","url":"https:\/\/theplayoffs.news\/fr\/wp-content\/uploads\/2025\/03\/USATSI_24447054.jpg","contentUrl":"https:\/\/theplayoffs.news\/fr\/wp-content\/uploads\/2025\/03\/USATSI_24447054.jpg","width":1920,"height":1272,"caption":"Oct 9, 2024; New York, New York, USA; New York Mets pitcher Jose Quintana (62) throws a pitch against the Philadelphia Phillies in the first inning in game four of the NLDS for the 2024 MLB Playoffs at Citi Field. Mandatory Credit: Brad Penner-Imagn Images"},{"@type":"BreadcrumbList","@id":"https:\/\/theplayoffs.news\/fr\/actualite-mlb\/jose-quintana-debarque-a-milwaukee-un-renfort-dexperience-pour-les-brewers\/#breadcrumb","itemListElement":[{"@type":"ListItem","position":1,"name":"Accueil","item":"https:\/\/theplayoffs.news\/fr\/"},{"@type":"ListItem","position":2,"name":"Jos\u00e9 Quintana d\u00e9barque \u00e0 Milwaukee : un renfort d\u2019exp\u00e9rience pour les Brewers"}]},{"@type":"WebSite","@id":"https:\/\/theplayoffs.news\/fr\/#website","url":"https:\/\/theplayoffs.news\/fr\/","name":"The Playoffs FR","description":"NBA-NFL-NHL-MLB","potentialAction":[{"@type":"SearchAction","target":{"@type":"EntryPoint","urlTemplate":"https:\/\/theplayoffs.news\/fr\/?s={search_term_string}"},"query-input":{"@type":"PropertyValueSpecification","valueRequired":true,"valueName":"search_term_string"}}],"inLanguage":"fr-FR"},{"@type":"Person","@id":"https:\/\/theplayoffs.news\/fr\/#\/schema\/person\/eee5b69ad5d3c51cabe881c839dbe133","name":"Charles Taudin","image":{"@type":"ImageObject","inLanguage":"fr-FR","@id":"https:\/\/theplayoffs.news\/fr\/#\/schema\/person\/image\/","url":"https:\/\/secure.gravatar.com\/avatar\/59a1e772205ce9fd255edfcafc93013736822e20261f294c5753b20c41ede9f2?s=96&d=mm&r=g","contentUrl":"https:\/\/secure.gravatar.com\/avatar\/59a1e772205ce9fd255edfcafc93013736822e20261f294c5753b20c41ede9f2?s=96&d=mm&r=g","caption":"Charles Taudin"},"description":"R\u00e9dacteur en chef global de The Playoffs, j\u2019ai cr\u00e9\u00e9 The Free Agent, devenu The Playoffs FR, en 2020 durant la pand\u00e9mie. Amoureux depuis des ann\u00e9es des 4 sports majeurs am\u00e9ricains, j\u2019organise maintenant la strat\u00e9gie \u00e9ditoriale et les r\u00e9seaux sociaux de l\u2019ensemble des versions de The Playoffs. Il m\u2019arrive encore d\u2019\u00e9crire sur certains sports que j\u2019affectionne particuli\u00e8rement comme la NFL ou la MLB. Si vous devez retenir qu\u2019une chose : Eli Manning est le vrai GOAT pour avoir battu deux fois Tom Brady.","sameAs":["https:\/\/www.instagram.com\/ctaudin_\/"],"url":"https:\/\/theplayoffs.news\/fr\/author\/charles-taudin\/"}]}},"_links":{"self":[{"href":"https:\/\/theplayoffs.news\/fr\/wp-json\/wp\/v2\/posts\/1483283","targetHints":{"allow":["GET"]}}],"collection":[{"href":"https:\/\/theplayoffs.news\/fr\/wp-json\/wp\/v2\/posts"}],"about":[{"href":"https:\/\/theplayoffs.news\/fr\/wp-json\/wp\/v2\/types\/post"}],"author":[{"embeddable":true,"href":"https:\/\/theplayoffs.news\/fr\/wp-json\/wp\/v2\/users\/13"}],"replies":[{"embeddable":true,"href":"https:\/\/theplayoffs.news\/fr\/wp-json\/wp\/v2\/comments?post=1483283"}],"version-history":[{"count":1,"href":"https:\/\/theplayoffs.news\/fr\/wp-json\/wp\/v2\/posts\/1483283\/revisions"}],"predecessor-version":[{"id":1483286,"href":"https:\/\/theplayoffs.news\/fr\/wp-json\/wp\/v2\/posts\/1483283\/revisions\/1483286"}],"wp:featuredmedia":[{"embeddable":true,"href":"https:\/\/theplayoffs.news\/fr\/wp-json\/wp\/v2\/media\/1483284"}],"wp:attachment":[{"href":"https:\/\/theplayoffs.news\/fr\/wp-json\/wp\/v2\/media?parent=1483283"}],"wp:term":[{"taxonomy":"category","embeddable":true,"href":"https:\/\/theplayoffs.news\/fr\/wp-json\/wp\/v2\/categories?post=1483283"},{"taxonomy":"post_tag","embeddable":true,"href":"https:\/\/theplayoffs.news\/fr\/wp-json\/wp\/v2\/tags?post=1483283"},{"taxonomy":"sport","embeddable":true,"href":"https:\/\/theplayoffs.news\/fr\/wp-json\/wp\/v2\/sport?post=1483283"},{"taxonomy":"saison","embeddable":true,"href":"https:\/\/theplayoffs.news\/fr\/wp-json\/wp\/v2\/saison?post=1483283"}],"curies":[{"name":"wp","href":"https:\/\/api.w.org\/{rel}","templated":true}]}}