{"id":1483224,"date":"2025-03-04T10:01:27","date_gmt":"2025-03-04T09:01:27","guid":{"rendered":"https:\/\/theplayoffs.news\/fr\/uncategorized\/\/"},"modified":"2025-03-04T10:01:33","modified_gmt":"2025-03-04T09:01:33","slug":"darnold-ne-devrait-pas-etre-tague","status":"publish","type":"post","link":"https:\/\/theplayoffs.news\/fr\/actualite-nfl\/darnold-ne-devrait-pas-etre-tague\/","title":{"rendered":"Darnold ne devrait pas \u00eatre tagu\u00e9"},"content":{"rendered":"<p>O&ugrave; jouera Sam Darnold la saison prochaine ? Une saison de plus avec les Minnesota Vikings, avec qui il a perform&eacute; en saison r&eacute;guli&egrave;re avant de se montrer d&eacute;cevant en playoffs ? Ou alors <a href=\"https:\/\/theplayoffs.news\/fr\/actualite-nfl\/jets-et-giants-sur-le-premier-choix-de-draft\/\" class=\"trk-cta-link\" data-cta-trk='{\"ctaType\":\"Link\",\"ctaSubType\":\"main\"}'>un d&eacute;part vers une autre franchise en tant qu&rsquo;agent libre durant la free agency<\/a>, dont les n&eacute;gociations pourront d&eacute;buter &agrave; partir du 10 mars ? <\/p><p>Pour le moment, l&rsquo;une des certitudes autour de son cas serait que Sam Darnold ne devrait pas &ecirc;tre tagu&eacute; par sa franchise, la date limite pour cela &eacute;tant fix&eacute;e &agrave; ce mardi &agrave; 16h (heure am&eacute;ricaine).&nbsp;<\/p><p>Chaque franchise NFL peut utiliser ce qu&rsquo;on appelle un &ldquo;franchise tag&rdquo;, une sorte de v&eacute;to permettant de retenir un joueur une saison de plus afin de l&rsquo;emp&ecirc;cher de devenir agent libre. Selon <a href=\"https:\/\/www.espn.com\/nfl\/story\/_\/id\/44100716\/vikings-unlikely-tag-darnold-hope-sign-him\" class=\"trk-cta-link\" data-cta-trk='{\"ctaType\":\"Link\",\"ctaSubType\":\"main\"}'>ESPN<\/a>, les Vikings ne devraient pas utiliser ce droit. N&eacute;anmoins, Minnesota souhaiterait conserver son quarterback en lui faisant signer un nouveau contrat. <\/p><ul class=\"wp-block-list\">\n<li>&Agrave; lire aussi :<\/li>\n<\/ul><p><a href=\"https:\/\/theplayoffs.news\/fr\/actualite-nfl\/kyle-pitts-la-frustration-entre-promesses-et-deceptions\/\" class=\"trk-cta-link\" data-cta-trk='{\"ctaType\":\"Link\",\"ctaSubType\":\"main\"}'>Kyle Pitts : la frustration entre promesses et d&eacute;ceptions<\/a><\/p><p><a href=\"https:\/\/theplayoffs.news\/fr\/actualite-nfl\/les-bengals-se-separent-dalex-cappa\/\" class=\"trk-cta-link\" data-cta-trk='{\"ctaType\":\"Link\",\"ctaSubType\":\"main\"}'>Les Bengals se s&eacute;parent d&rsquo;Alex Cappa<\/a><\/p><p><a href=\"https:\/\/theplayoffs.news\/fr\/actualite-nfl\/tee-higgins-est-tagge-par-les-bengals-pour-la-deuxieme-fois\/\" class=\"trk-cta-link\" data-cta-trk='{\"ctaType\":\"Link\",\"ctaSubType\":\"main\"}'>Tee Higgins encore tagg&eacute; par les Bengals<\/a><\/p><h2 class=\"wp-block-heading\">Darnold ou McCarthy en starter ?<\/h2><p>Avec le retour de JJ McCarthy, bless&eacute; toute la saison derni&egrave;re &agrave; la suite d&rsquo;une d&eacute;chirure du m&eacute;nisque au genou droit en pr&eacute;-saison, le r&ocirc;le potentiel de Darnold reste en suspens. Si l&rsquo;ancien joueur des Jets resigne, qui sera le quarterback titulaire en Week 1 ? Le 10&#7497; choix de la draft 2024 ou le v&eacute;t&eacute;ran qui a emmen&eacute; les Vikings en playoffs cette saison ?&nbsp;La pr&eacute;-saison apportera ses r&eacute;ponses si Darnold resigne.<\/p><p>Sam Darnold reste en tout cas sur une saison &agrave; 4 319 yards, 35 touchdowns et 12 interceptions, soit une note de 102,5, la meilleure de toute sa carri&egrave;re depuis son arriv&eacute;e en NFL en 2018.&nbsp;<\/p>\n","protected":false},"excerpt":{"rendered":"<p>Sam Darnold, 27 ans, pourrait rester chez les Minnesota Vikings, mais sans \u00eatre tagu\u00e9. Alors que la date limite est fix\u00e9e \u00e0 ce mardi, la franchise \u00e9tudierait plut\u00f4t la possibilit\u00e9 de lui faire signer un nouveau contrat, et ce malgr\u00e9 le retour de JJ McCarthy.<\/p>\n","protected":false},"author":180310250,"featured_media":1483225,"comment_status":"closed","ping_status":"closed","sticky":false,"template":"","format":"standard","meta":{"inline_featured_image":false,"kia_subtitle":"Sam Darnold, 27 ans, pourrait rester chez les Minnesota Vikings, mais sans \u00eatre tagu\u00e9. Alors que la date limite est fix\u00e9e \u00e0 ce mardi, la franchise \u00e9tudierait plut\u00f4t la possibilit\u00e9 de lui faire signer un nouveau contrat, et ce malgr\u00e9 le retour de JJ McCarthy.","_mux_skip_reasons":[],"proofreadBy":0,"footnotes":""},"categories":[118,40],"tags":[5652,79,885],"sport":[2785],"saison":[7475],"class_list":["post-1483224","post","type-post","status-publish","format-standard","has-post-thumbnail","hentry","category-actualite-nfl","category-nfl","tag-minnesota-viking","tag-nfl","tag-sam-darnold","sport-nfl","saison-7475"],"acf":[],"yoast_head":"<!-- This site is optimized with the Yoast SEO plugin v24.2 - https:\/\/yoast.com\/wordpress\/plugins\/seo\/ -->\n<title>Sam Darnold ne devrait pas &ecirc;tre tagu&eacute;<\/title>\n<meta name=\"description\" content=\"Sam Darnold pourrait rester chez les Minnesota Vikings, mais sans &ecirc;tre tagu&eacute;. La franchise &eacute;tudierait plut&ocirc;t la possibilit&eacute; de lui faire signer un nouveau contrat.\" \/>\n<meta name=\"robots\" content=\"index, follow, max-snippet:-1, max-image-preview:large, max-video-preview:-1\" \/>\n<link rel=\"canonical\" href=\"https:\/\/theplayoffs.news\/fr\/actualite-nfl\/darnold-ne-devrait-pas-etre-tague\/\" \/>\n<meta property=\"og:locale\" content=\"fr_FR\" \/>\n<meta property=\"og:type\" content=\"article\" \/>\n<meta property=\"og:title\" content=\"Sam Darnold ne devrait pas &ecirc;tre tagu&eacute;\" \/>\n<meta property=\"og:description\" content=\"Sam Darnold pourrait rester chez les Minnesota Vikings, mais sans &ecirc;tre tagu&eacute;. La franchise &eacute;tudierait plut&ocirc;t la possibilit&eacute; de lui faire signer un nouveau contrat.\" \/>\n<meta property=\"og:url\" content=\"https:\/\/theplayoffs.news\/fr\/actualite-nfl\/darnold-ne-devrait-pas-etre-tague\/\" \/>\n<meta property=\"og:site_name\" content=\"The Playoffs FR\" \/>\n<meta property=\"article:publisher\" content=\"https:\/\/www.facebook.com\/TheFreeAgentFR\/\" \/>\n<meta property=\"article:modified_time\" content=\"2025-03-04T10:01:33+01:00\" \/>\n<meta property=\"og:image\" content=\"https:\/\/theplayoffs.news\/fr\/wp-content\/uploads\/2025\/03\/USATSI_25318273.jpg\" \/>\n\t<meta property=\"og:image:width\" content=\"1920\" \/>\n\t<meta property=\"og:image:height\" content=\"1280\" \/>\n\t<meta property=\"og:image:type\" content=\"image\/jpeg\" \/>\n<meta name=\"author\" content=\"Jean Fabre-Jevanoff\" \/>\n<meta name=\"twitter:card\" content=\"summary_large_image\" \/>\n<meta name=\"twitter:creator\" content=\"@the_jfj_42\" \/>\n<meta name=\"twitter:site\" content=\"@TheFreeAgentFR\" \/>\n<meta name=\"twitter:label1\" content=\"\u00c9crit par\" \/>\n\t<meta name=\"twitter:data1\" content=\"Jean Fabre-Jevanoff\" \/>\n\t<meta name=\"twitter:label2\" content=\"Dur\u00e9e de lecture estim\u00e9e\" \/>\n\t<meta name=\"twitter:data2\" content=\"2 minutes\" \/>\n<script type=\"application\/ld+json\" class=\"yoast-schema-graph\">{\"@context\":\"https:\/\/schema.org\",\"@graph\":[{\"@type\":\"WebPage\",\"@id\":\"https:\/\/theplayoffs.news\/fr\/actualite-nfl\/darnold-ne-devrait-pas-etre-tague\/\",\"url\":\"https:\/\/theplayoffs.news\/fr\/actualite-nfl\/darnold-ne-devrait-pas-etre-tague\/\",\"name\":\"Sam Darnold ne devrait pas \u00eatre tagu\u00e9\",\"isPartOf\":{\"@id\":\"https:\/\/theplayoffs.news\/fr\/#website\"},\"primaryImageOfPage\":{\"@id\":\"https:\/\/theplayoffs.news\/fr\/actualite-nfl\/darnold-ne-devrait-pas-etre-tague\/#primaryimage\"},\"image\":{\"@id\":\"https:\/\/theplayoffs.news\/fr\/actualite-nfl\/darnold-ne-devrait-pas-etre-tague\/#primaryimage\"},\"thumbnailUrl\":\"https:\/\/theplayoffs.news\/fr\/wp-content\/uploads\/2025\/03\/USATSI_25318273.jpg\",\"datePublished\":\"2025-03-04T09:01:27+00:00\",\"dateModified\":\"2025-03-04T09:01:33+00:00\",\"author\":{\"@id\":\"https:\/\/theplayoffs.news\/fr\/#\/schema\/person\/1ea25b88e79fe4fabd657430b0013d3d\"},\"description\":\"Sam Darnold pourrait rester chez les Minnesota Vikings, mais sans \u00eatre tagu\u00e9. La franchise \u00e9tudierait plut\u00f4t la possibilit\u00e9 de lui faire signer un nouveau contrat.\",\"breadcrumb\":{\"@id\":\"https:\/\/theplayoffs.news\/fr\/actualite-nfl\/darnold-ne-devrait-pas-etre-tague\/#breadcrumb\"},\"inLanguage\":\"fr-FR\",\"potentialAction\":[{\"@type\":\"ReadAction\",\"target\":[\"https:\/\/theplayoffs.news\/fr\/actualite-nfl\/darnold-ne-devrait-pas-etre-tague\/\"]}]},{\"@type\":\"ImageObject\",\"inLanguage\":\"fr-FR\",\"@id\":\"https:\/\/theplayoffs.news\/fr\/actualite-nfl\/darnold-ne-devrait-pas-etre-tague\/#primaryimage\",\"url\":\"https:\/\/theplayoffs.news\/fr\/wp-content\/uploads\/2025\/03\/USATSI_25318273.jpg\",\"contentUrl\":\"https:\/\/theplayoffs.news\/fr\/wp-content\/uploads\/2025\/03\/USATSI_25318273.jpg\",\"width\":1920,\"height\":1280,\"caption\":\"Feb 1, 2025; Orlando, FL, USA; Minnesota Vikings quarterback Sam Darnold (14) throws the ball during NFC Practice for the Pro Bowl Games at Camping World Stadium. Mandatory Credit: Kirby Lee-Imagn Images\"},{\"@type\":\"BreadcrumbList\",\"@id\":\"https:\/\/theplayoffs.news\/fr\/actualite-nfl\/darnold-ne-devrait-pas-etre-tague\/#breadcrumb\",\"itemListElement\":[{\"@type\":\"ListItem\",\"position\":1,\"name\":\"Accueil\",\"item\":\"https:\/\/theplayoffs.news\/fr\/\"},{\"@type\":\"ListItem\",\"position\":2,\"name\":\"Darnold ne devrait pas \u00eatre tagu\u00e9\"}]},{\"@type\":\"WebSite\",\"@id\":\"https:\/\/theplayoffs.news\/fr\/#website\",\"url\":\"https:\/\/theplayoffs.news\/fr\/\",\"name\":\"The Playoffs FR\",\"description\":\"NBA-NFL-NHL-MLB\",\"potentialAction\":[{\"@type\":\"SearchAction\",\"target\":{\"@type\":\"EntryPoint\",\"urlTemplate\":\"https:\/\/theplayoffs.news\/fr\/?s={search_term_string}\"},\"query-input\":{\"@type\":\"PropertyValueSpecification\",\"valueRequired\":true,\"valueName\":\"search_term_string\"}}],\"inLanguage\":\"fr-FR\"},{\"@type\":\"Person\",\"@id\":\"https:\/\/theplayoffs.news\/fr\/#\/schema\/person\/1ea25b88e79fe4fabd657430b0013d3d\",\"name\":\"Jean Fabre-Jevanoff\",\"image\":{\"@type\":\"ImageObject\",\"inLanguage\":\"fr-FR\",\"@id\":\"https:\/\/theplayoffs.news\/fr\/#\/schema\/person\/image\/\",\"url\":\"https:\/\/secure.gravatar.com\/avatar\/18b28dab1159eebc6a17b9787eb8cbbe3242c3d0e8b53b89332f6dc1133aa361?s=96&d=mm&r=g\",\"contentUrl\":\"https:\/\/secure.gravatar.com\/avatar\/18b28dab1159eebc6a17b9787eb8cbbe3242c3d0e8b53b89332f6dc1133aa361?s=96&d=mm&r=g\",\"caption\":\"Jean Fabre-Jevanoff\"},\"description\":\"Journaliste polyvalent sur le football am\u00e9ricain, j\u2019\u00e9cris aussi des articles sur le basket. Commentateur sur Twitch et sur YouTube. Pass\u00e9 par Eurosport notamment. Un mix d\u2019Eminem et de OBJ, fan inconditionnel de Patrick Mahomes et Lebron James\",\"sameAs\":[\"https:\/\/www.instagram.com\/_juaniitooo_\",\"https:\/\/www.linkedin.com\/in\/jean-fabre-jevanoff-84bb9b1a9\/\",\"https:\/\/x.com\/the_jfj_42\"],\"url\":\"https:\/\/theplayoffs.news\/fr\/author\/jeanfj42gmail-com\/\"}]}<\/script>\n<!-- \/ Yoast SEO plugin. -->","yoast_head_json":{"title":"Sam Darnold ne devrait pas &ecirc;tre tagu&eacute;","description":"Sam Darnold pourrait rester chez les Minnesota Vikings, mais sans &ecirc;tre tagu&eacute;. La franchise &eacute;tudierait plut&ocirc;t la possibilit&eacute; de lui faire signer un nouveau contrat.","robots":{"index":"index","follow":"follow","max-snippet":"max-snippet:-1","max-image-preview":"max-image-preview:large","max-video-preview":"max-video-preview:-1"},"canonical":"https:\/\/theplayoffs.news\/fr\/actualite-nfl\/darnold-ne-devrait-pas-etre-tague\/","og_locale":"fr_FR","og_type":"article","og_title":"Sam Darnold ne devrait pas &ecirc;tre tagu&eacute;","og_description":"Sam Darnold pourrait rester chez les Minnesota Vikings, mais sans &ecirc;tre tagu&eacute;. La franchise &eacute;tudierait plut&ocirc;t la possibilit&eacute; de lui faire signer un nouveau contrat.","og_url":"https:\/\/theplayoffs.news\/fr\/actualite-nfl\/darnold-ne-devrait-pas-etre-tague\/","og_site_name":"The Playoffs FR","article_publisher":"https:\/\/www.facebook.com\/TheFreeAgentFR\/","article_modified_time":"2025-03-04T09:01:33+00:00","og_image":[{"width":1920,"height":1280,"url":"https:\/\/theplayoffs.news\/fr\/wp-content\/uploads\/2025\/03\/USATSI_25318273.jpg","type":"image\/jpeg"}],"author":"Jean Fabre-Jevanoff","twitter_card":"summary_large_image","twitter_creator":"@the_jfj_42","twitter_site":"@TheFreeAgentFR","twitter_misc":{"\u00c9crit par":"Jean Fabre-Jevanoff","Dur\u00e9e de lecture estim\u00e9e":"2 minutes"},"schema":{"@context":"https:\/\/schema.org","@graph":[{"@type":"WebPage","@id":"https:\/\/theplayoffs.news\/fr\/actualite-nfl\/darnold-ne-devrait-pas-etre-tague\/","url":"https:\/\/theplayoffs.news\/fr\/actualite-nfl\/darnold-ne-devrait-pas-etre-tague\/","name":"Sam Darnold ne devrait pas \u00eatre tagu\u00e9","isPartOf":{"@id":"https:\/\/theplayoffs.news\/fr\/#website"},"primaryImageOfPage":{"@id":"https:\/\/theplayoffs.news\/fr\/actualite-nfl\/darnold-ne-devrait-pas-etre-tague\/#primaryimage"},"image":{"@id":"https:\/\/theplayoffs.news\/fr\/actualite-nfl\/darnold-ne-devrait-pas-etre-tague\/#primaryimage"},"thumbnailUrl":"https:\/\/theplayoffs.news\/fr\/wp-content\/uploads\/2025\/03\/USATSI_25318273.jpg","datePublished":"2025-03-04T09:01:27+00:00","dateModified":"2025-03-04T09:01:33+00:00","author":{"@id":"https:\/\/theplayoffs.news\/fr\/#\/schema\/person\/1ea25b88e79fe4fabd657430b0013d3d"},"description":"Sam Darnold pourrait rester chez les Minnesota Vikings, mais sans \u00eatre tagu\u00e9. La franchise \u00e9tudierait plut\u00f4t la possibilit\u00e9 de lui faire signer un nouveau contrat.","breadcrumb":{"@id":"https:\/\/theplayoffs.news\/fr\/actualite-nfl\/darnold-ne-devrait-pas-etre-tague\/#breadcrumb"},"inLanguage":"fr-FR","potentialAction":[{"@type":"ReadAction","target":["https:\/\/theplayoffs.news\/fr\/actualite-nfl\/darnold-ne-devrait-pas-etre-tague\/"]}]},{"@type":"ImageObject","inLanguage":"fr-FR","@id":"https:\/\/theplayoffs.news\/fr\/actualite-nfl\/darnold-ne-devrait-pas-etre-tague\/#primaryimage","url":"https:\/\/theplayoffs.news\/fr\/wp-content\/uploads\/2025\/03\/USATSI_25318273.jpg","contentUrl":"https:\/\/theplayoffs.news\/fr\/wp-content\/uploads\/2025\/03\/USATSI_25318273.jpg","width":1920,"height":1280,"caption":"Feb 1, 2025; Orlando, FL, USA; Minnesota Vikings quarterback Sam Darnold (14) throws the ball during NFC Practice for the Pro Bowl Games at Camping World Stadium. Mandatory Credit: Kirby Lee-Imagn Images"},{"@type":"BreadcrumbList","@id":"https:\/\/theplayoffs.news\/fr\/actualite-nfl\/darnold-ne-devrait-pas-etre-tague\/#breadcrumb","itemListElement":[{"@type":"ListItem","position":1,"name":"Accueil","item":"https:\/\/theplayoffs.news\/fr\/"},{"@type":"ListItem","position":2,"name":"Darnold ne devrait pas \u00eatre tagu\u00e9"}]},{"@type":"WebSite","@id":"https:\/\/theplayoffs.news\/fr\/#website","url":"https:\/\/theplayoffs.news\/fr\/","name":"The Playoffs FR","description":"NBA-NFL-NHL-MLB","potentialAction":[{"@type":"SearchAction","target":{"@type":"EntryPoint","urlTemplate":"https:\/\/theplayoffs.news\/fr\/?s={search_term_string}"},"query-input":{"@type":"PropertyValueSpecification","valueRequired":true,"valueName":"search_term_string"}}],"inLanguage":"fr-FR"},{"@type":"Person","@id":"https:\/\/theplayoffs.news\/fr\/#\/schema\/person\/1ea25b88e79fe4fabd657430b0013d3d","name":"Jean Fabre-Jevanoff","image":{"@type":"ImageObject","inLanguage":"fr-FR","@id":"https:\/\/theplayoffs.news\/fr\/#\/schema\/person\/image\/","url":"https:\/\/secure.gravatar.com\/avatar\/18b28dab1159eebc6a17b9787eb8cbbe3242c3d0e8b53b89332f6dc1133aa361?s=96&d=mm&r=g","contentUrl":"https:\/\/secure.gravatar.com\/avatar\/18b28dab1159eebc6a17b9787eb8cbbe3242c3d0e8b53b89332f6dc1133aa361?s=96&d=mm&r=g","caption":"Jean Fabre-Jevanoff"},"description":"Journaliste polyvalent sur le football am\u00e9ricain, j\u2019\u00e9cris aussi des articles sur le basket. Commentateur sur Twitch et sur YouTube. Pass\u00e9 par Eurosport notamment. Un mix d\u2019Eminem et de OBJ, fan inconditionnel de Patrick Mahomes et Lebron James","sameAs":["https:\/\/www.instagram.com\/_juaniitooo_","https:\/\/www.linkedin.com\/in\/jean-fabre-jevanoff-84bb9b1a9\/","https:\/\/x.com\/the_jfj_42"],"url":"https:\/\/theplayoffs.news\/fr\/author\/jeanfj42gmail-com\/"}]}},"_links":{"self":[{"href":"https:\/\/theplayoffs.news\/fr\/wp-json\/wp\/v2\/posts\/1483224","targetHints":{"allow":["GET"]}}],"collection":[{"href":"https:\/\/theplayoffs.news\/fr\/wp-json\/wp\/v2\/posts"}],"about":[{"href":"https:\/\/theplayoffs.news\/fr\/wp-json\/wp\/v2\/types\/post"}],"author":[{"embeddable":true,"href":"https:\/\/theplayoffs.news\/fr\/wp-json\/wp\/v2\/users\/180310250"}],"replies":[{"embeddable":true,"href":"https:\/\/theplayoffs.news\/fr\/wp-json\/wp\/v2\/comments?post=1483224"}],"version-history":[{"count":1,"href":"https:\/\/theplayoffs.news\/fr\/wp-json\/wp\/v2\/posts\/1483224\/revisions"}],"predecessor-version":[{"id":1483227,"href":"https:\/\/theplayoffs.news\/fr\/wp-json\/wp\/v2\/posts\/1483224\/revisions\/1483227"}],"wp:featuredmedia":[{"embeddable":true,"href":"https:\/\/theplayoffs.news\/fr\/wp-json\/wp\/v2\/media\/1483225"}],"wp:attachment":[{"href":"https:\/\/theplayoffs.news\/fr\/wp-json\/wp\/v2\/media?parent=1483224"}],"wp:term":[{"taxonomy":"category","embeddable":true,"href":"https:\/\/theplayoffs.news\/fr\/wp-json\/wp\/v2\/categories?post=1483224"},{"taxonomy":"post_tag","embeddable":true,"href":"https:\/\/theplayoffs.news\/fr\/wp-json\/wp\/v2\/tags?post=1483224"},{"taxonomy":"sport","embeddable":true,"href":"https:\/\/theplayoffs.news\/fr\/wp-json\/wp\/v2\/sport?post=1483224"},{"taxonomy":"saison","embeddable":true,"href":"https:\/\/theplayoffs.news\/fr\/wp-json\/wp\/v2\/saison?post=1483224"}],"curies":[{"name":"wp","href":"https:\/\/api.w.org\/{rel}","templated":true}]}}