{"id":1483206,"date":"2025-03-04T07:03:00","date_gmt":"2025-03-04T06:03:00","guid":{"rendered":"https:\/\/theplayoffs.news\/fr\/uncategorized\/\/"},"modified":"2025-03-04T06:53:14","modified_gmt":"2025-03-04T05:53:14","slug":"kyrie-irving-sorti-sur-blessure-face-aux-kings","status":"publish","type":"post","link":"https:\/\/theplayoffs.news\/fr\/actualite-nba\/kyrie-irving-sorti-sur-blessure-face-aux-kings\/","title":{"rendered":"Kyrie Irving sorti sur blessure face aux Kings"},"content":{"rendered":"<p>Les Dallas Mavericks subissent un nouveau coup dur avec la blessure de Kyrie Irving lors de leur d&eacute;faite &agrave; domicile contre les Sacramento Kings. La star des Mavs a &eacute;t&eacute; contrainte de quitter le match pr&eacute;matur&eacute;ment en raison d&rsquo;une entorse au genou survenue en d&eacute;but de rencontre.<\/p><p>D&egrave;s le premier quart-temps, Irving a atterri maladroitement sur son genou gauche. Il a imm&eacute;diatement re&ccedil;u des soins m&eacute;dicaux apr&egrave;s s&rsquo;&ecirc;tre &eacute;croul&eacute; au sol. <\/p><p>Cependant, il a tenu &agrave; tirer ses deux lancers francs avant d&rsquo;&ecirc;tre aid&eacute; pour quitter le terrain.<\/p><figure class=\"wp-block-embed is-type-rich is-provider-twitter wp-block-embed-twitter\"><div class=\"wp-block-embed__wrapper\">\n<blockquote class=\"twitter-tweet\" data-width=\"500\" data-dnt=\"true\"><p lang=\"en\" dir=\"ltr\">Kyrie was helped to the locker room after an apparent leg injury.<br><br>He stayed in the game and drained two FTs before leaving the court. <br><br>Hope he's okay &#128591; <a href=\"https:\/\/t.co\/m2t3J8Z0Tl\" class=\"trk-cta-link\" data-cta-trk='{\"ctaType\":\"Link\",\"ctaSubType\":\"main\"}'>pic.twitter.com\/m2t3J8Z0Tl<\/a><\/p>&mdash; Bleacher Report (@BleacherReport) <a href=\"https:\/\/twitter.com\/BleacherReport\/status\/1896745711695446241?ref_src=twsrc%5Etfw\" class=\"trk-cta-link\" data-cta-trk='{\"ctaType\":\"Link\",\"ctaSubType\":\"main\"}'>March 4, 2025<\/a><\/blockquote><script async src=\"https:\/\/platform.twitter.com\/widgets.js\" charset=\"utf-8\"><\/script>\n<\/div><\/figure><h2 class=\"wp-block-heading\"><strong>Combien de temps Kyrie Irving sera-t-il absent ?<\/strong><\/h2><p>Irving avait du mal &agrave; marcher et ne pouvait presque pas poser de poids sur sa jambe gauche. Avant de quitter la rencontre, il avait inscrit 7 points en 10 minutes. Son absence a &eacute;t&eacute; un coup dur pour les Mavericks, qui ont conc&eacute;d&eacute; une deuxi&egrave;me d&eacute;faite cons&eacute;cutive lors de leur s&eacute;rie de trois matchs &agrave; domicile.<\/p><p>Avant cette blessure au genou gauche, Irving affichait en moyenne <strong>25 points, 4,9 rebonds et 4,7 passes d&eacute;cisives<\/strong> cette saison. Son &eacute;tat sera suivi de pr&egrave;s par le staff m&eacute;dical des Mavericks, et une &eacute;valuation plus pr&eacute;cise sera faite prochainement. <\/p><p>Le meneur All-Star montrait des signes &eacute;vidents de douleur en quittant le terrain.<\/p><figure class=\"wp-block-embed is-type-rich is-provider-twitter wp-block-embed-twitter\"><div class=\"wp-block-embed__wrapper\">\n<blockquote class=\"twitter-tweet\" data-width=\"500\" data-dnt=\"true\"><p lang=\"en\" dir=\"ltr\">Kyrie Irving injury:<br><br>(1) His left quad &ldquo;jumps&rdquo; before it hits the ground. Seen in tendon ruptures<br><br>(2) Knee lands in hyperextension, putting ACL\/LCL\/meniscus at risk<br><br>Hopefully wrong but not expecting great news <a href=\"https:\/\/t.co\/no25YIg1jG\" class=\"trk-cta-link\" data-cta-trk='{\"ctaType\":\"Link\",\"ctaSubType\":\"main\"}'>pic.twitter.com\/no25YIg1jG<\/a><\/p>&mdash; Deepak Chona, MD. SportsMedAnalytics (@SportMDAnalysis) <a href=\"https:\/\/twitter.com\/SportMDAnalysis\/status\/1896751968749859173?ref_src=twsrc%5Etfw\" class=\"trk-cta-link\" data-cta-trk='{\"ctaType\":\"Link\",\"ctaSubType\":\"main\"}'>March 4, 2025<\/a><\/blockquote><script async src=\"https:\/\/platform.twitter.com\/widgets.js\" charset=\"utf-8\"><\/script>\n<\/div><\/figure><p>D&rsquo;apr&egrave;s l&rsquo;expert <a href=\"https:\/\/x.com\/SportMDAnalysis\/status\/1896751968749859173?ref_src=twsrc%5Etfw%7Ctwcamp%5Etweetembed%7Ctwterm%5E1896751968749859173%7Ctwgr%5E44f82f3db3618221fc67e9957251cf6edc0a69fa%7Ctwcon%5Es1_c10&amp;ref_url=https%3A%2F%2Ftheplayoffs.news%2Ffr%2Fwp-admin%2Fpost-new.php%3Fpost_type%3Dpost\" target=\"_blank\" rel=\"noreferrer noopener nofollow\" class=\"trk-cta-link\" data-cta-trk='{\"ctaType\":\"Link\",\"ctaSubType\":\"main\"}'>Deepak Chona<\/a>, la jambe gauche d&rsquo;Irving a eu un mouvement anormal avant de toucher le sol. Il pourrait s&rsquo;agir d&rsquo;une blessure plus grave, comme une rupture du <strong>ligament crois&eacute; ant&eacute;rieur (ACL), du ligament collat&eacute;ral lat&eacute;ral (LCL) ou d&rsquo;une atteinte du m&eacute;nisque<\/strong>, ce qui mettrait un terme &agrave; sa saison. Si la blessure se r&eacute;sume &agrave; une hyperextension, son indisponibilit&eacute; pourrait durer entre <strong>4 et 8 semaines<\/strong>. Pour l&rsquo;instant, les Mavericks ont simplement annonc&eacute; une entorse du genou gauche.<\/p><p>Le meneur de 32 ans est d&eacute;j&agrave; incertain pour le prochain match &agrave; l&rsquo;ext&eacute;rieur contre les Bucks, pr&eacute;vu le <strong>5 mars<\/strong>. Irving a disput&eacute; <strong>49 des 61 matchs<\/strong> de son &eacute;quipe cette saison et joue un r&ocirc;le cl&eacute; &agrave; Dallas depuis son arriv&eacute;e apr&egrave;s l&rsquo;&eacute;change de <strong><a href=\"https:\/\/theplayoffs.news\/fr\/actualite-nba\/doncic-bete-noire-des-clippers\/\" class=\"trk-cta-link\" data-cta-trk='{\"ctaType\":\"Link\",\"ctaSubType\":\"main\"}'>Luka Don&#269;i&#263;<\/a><\/strong>.<\/p><p>Les Mavericks, actuellement <strong>10e de la Conf&eacute;rence Ouest<\/strong>, poursuivent leur course aux playoffs. Irving esp&eacute;rait terminer la saison r&eacute;guli&egrave;re parmi les six premiers pour &eacute;viter le <strong>Play-In Tournament<\/strong>, mais son absence risque de compliquer encore plus la t&acirc;che de Dallas.<\/p><p><\/p><p>Credit Photo: Jerome Miron-Imagn Images<\/p>\n","protected":false},"excerpt":{"rendered":"<p>Kyrie Irving se blesse au genou lors du match contre les Kings<\/p>\n","protected":false},"author":180309799,"featured_media":1483207,"comment_status":"closed","ping_status":"closed","sticky":false,"template":"","format":"standard","meta":{"inline_featured_image":false,"kia_subtitle":"Kyrie Irving se blesse au genou lors du match contre les Kings","_mux_skip_reasons":[],"proofreadBy":0,"footnotes":""},"categories":[110,10],"tags":[595,1073],"sport":[],"saison":[],"class_list":["post-1483206","post","type-post","status-publish","format-standard","has-post-thumbnail","hentry","category-actualite-nba","category-nba","tag-dallas-mavericks","tag-kyrie-irving"],"acf":[],"yoast_head":"<!-- This site is optimized with the Yoast SEO plugin v24.2 - https:\/\/yoast.com\/wordpress\/plugins\/seo\/ -->\n<title>Kyrie Irving sorti sur blessure face aux Kings - The Playoffs FR<\/title>\n<meta name=\"robots\" content=\"index, follow, max-snippet:-1, max-image-preview:large, max-video-preview:-1\" \/>\n<link rel=\"canonical\" href=\"https:\/\/theplayoffs.news\/fr\/actualite-nba\/kyrie-irving-sorti-sur-blessure-face-aux-kings\/\" \/>\n<meta property=\"og:locale\" content=\"fr_FR\" \/>\n<meta property=\"og:type\" content=\"article\" \/>\n<meta property=\"og:title\" content=\"Kyrie Irving sorti sur blessure face aux Kings - The Playoffs FR\" \/>\n<meta property=\"og:description\" content=\"Kyrie Irving se blesse au genou lors du match contre les Kings\" \/>\n<meta property=\"og:url\" content=\"https:\/\/theplayoffs.news\/fr\/actualite-nba\/kyrie-irving-sorti-sur-blessure-face-aux-kings\/\" \/>\n<meta property=\"og:site_name\" content=\"The Playoffs FR\" \/>\n<meta property=\"article:publisher\" content=\"https:\/\/www.facebook.com\/TheFreeAgentFR\/\" \/>\n<meta property=\"article:modified_time\" content=\"2025-03-04T07:03:00+01:00\" \/>\n<meta property=\"og:image\" content=\"https:\/\/theplayoffs.news\/fr\/wp-content\/uploads\/2025\/03\/USATSI_25572578.jpg\" \/>\n\t<meta property=\"og:image:width\" content=\"1920\" \/>\n\t<meta property=\"og:image:height\" content=\"1280\" \/>\n\t<meta property=\"og:image:type\" content=\"image\/jpeg\" \/>\n<meta name=\"author\" content=\"La r\u00e9daction\" \/>\n<meta name=\"twitter:card\" content=\"summary_large_image\" \/>\n<meta name=\"twitter:creator\" content=\"@TheFreeAgentFR\" \/>\n<meta name=\"twitter:site\" content=\"@TheFreeAgentFR\" \/>\n<meta name=\"twitter:label1\" content=\"\u00c9crit par\" \/>\n\t<meta name=\"twitter:data1\" content=\"La r\u00e9daction\" \/>\n\t<meta name=\"twitter:label2\" content=\"Dur\u00e9e de lecture estim\u00e9e\" \/>\n\t<meta name=\"twitter:data2\" content=\"3 minutes\" \/>\n<script type=\"application\/ld+json\" class=\"yoast-schema-graph\">{\"@context\":\"https:\/\/schema.org\",\"@graph\":[{\"@type\":\"WebPage\",\"@id\":\"https:\/\/theplayoffs.news\/fr\/actualite-nba\/kyrie-irving-sorti-sur-blessure-face-aux-kings\/\",\"url\":\"https:\/\/theplayoffs.news\/fr\/actualite-nba\/kyrie-irving-sorti-sur-blessure-face-aux-kings\/\",\"name\":\"Kyrie Irving sorti sur blessure face aux Kings - The Playoffs FR\",\"isPartOf\":{\"@id\":\"https:\/\/theplayoffs.news\/fr\/#website\"},\"primaryImageOfPage\":{\"@id\":\"https:\/\/theplayoffs.news\/fr\/actualite-nba\/kyrie-irving-sorti-sur-blessure-face-aux-kings\/#primaryimage\"},\"image\":{\"@id\":\"https:\/\/theplayoffs.news\/fr\/actualite-nba\/kyrie-irving-sorti-sur-blessure-face-aux-kings\/#primaryimage\"},\"thumbnailUrl\":\"https:\/\/theplayoffs.news\/fr\/wp-content\/uploads\/2025\/03\/USATSI_25572578.jpg\",\"datePublished\":\"2025-03-04T06:03:00+00:00\",\"dateModified\":\"2025-03-04T07:03:00+01:00\",\"author\":{\"@id\":\"https:\/\/theplayoffs.news\/fr\/#\/schema\/person\/bb40426f4e478f9bd8cdbfeb4f2f9784\"},\"breadcrumb\":{\"@id\":\"https:\/\/theplayoffs.news\/fr\/actualite-nba\/kyrie-irving-sorti-sur-blessure-face-aux-kings\/#breadcrumb\"},\"inLanguage\":\"fr-FR\",\"potentialAction\":[{\"@type\":\"ReadAction\",\"target\":[\"https:\/\/theplayoffs.news\/fr\/actualite-nba\/kyrie-irving-sorti-sur-blessure-face-aux-kings\/\"]}]},{\"@type\":\"ImageObject\",\"inLanguage\":\"fr-FR\",\"@id\":\"https:\/\/theplayoffs.news\/fr\/actualite-nba\/kyrie-irving-sorti-sur-blessure-face-aux-kings\/#primaryimage\",\"url\":\"https:\/\/theplayoffs.news\/fr\/wp-content\/uploads\/2025\/03\/USATSI_25572578.jpg\",\"contentUrl\":\"https:\/\/theplayoffs.news\/fr\/wp-content\/uploads\/2025\/03\/USATSI_25572578.jpg\",\"width\":1920,\"height\":1280,\"caption\":\"Mar 3, 2025; Dallas, Texas, USA; Dallas Mavericks guard Kyrie Irving (11) is helped off the court by forward Naji Marshall (13) and forward Anthony Davis (3) during the second quarter against the Sacramento Kings at the American Airlines Center. Mandatory Credit: Jerome Miron-Imagn Images\"},{\"@type\":\"BreadcrumbList\",\"@id\":\"https:\/\/theplayoffs.news\/fr\/actualite-nba\/kyrie-irving-sorti-sur-blessure-face-aux-kings\/#breadcrumb\",\"itemListElement\":[{\"@type\":\"ListItem\",\"position\":1,\"name\":\"Accueil\",\"item\":\"https:\/\/theplayoffs.news\/fr\/\"},{\"@type\":\"ListItem\",\"position\":2,\"name\":\"Kyrie Irving sorti sur blessure face aux Kings\"}]},{\"@type\":\"WebSite\",\"@id\":\"https:\/\/theplayoffs.news\/fr\/#website\",\"url\":\"https:\/\/theplayoffs.news\/fr\/\",\"name\":\"The Playoffs FR\",\"description\":\"NBA-NFL-NHL-MLB\",\"potentialAction\":[{\"@type\":\"SearchAction\",\"target\":{\"@type\":\"EntryPoint\",\"urlTemplate\":\"https:\/\/theplayoffs.news\/fr\/?s={search_term_string}\"},\"query-input\":{\"@type\":\"PropertyValueSpecification\",\"valueRequired\":true,\"valueName\":\"search_term_string\"}}],\"inLanguage\":\"fr-FR\"},{\"@type\":\"Person\",\"@id\":\"https:\/\/theplayoffs.news\/fr\/#\/schema\/person\/bb40426f4e478f9bd8cdbfeb4f2f9784\",\"name\":\"La r\u00e9daction\",\"image\":{\"@type\":\"ImageObject\",\"inLanguage\":\"fr-FR\",\"@id\":\"https:\/\/theplayoffs.news\/fr\/#\/schema\/person\/image\/\",\"url\":\"https:\/\/secure.gravatar.com\/avatar\/7e69b41460ab2c17d61c8c364b6a0ee006f957a70191383ef42be1f4733d6515?s=96&d=mm&r=g\",\"contentUrl\":\"https:\/\/secure.gravatar.com\/avatar\/7e69b41460ab2c17d61c8c364b6a0ee006f957a70191383ef42be1f4733d6515?s=96&d=mm&r=g\",\"caption\":\"La r\u00e9daction\"},\"description\":\"On dit qu\\\\'il faut un village pour s\\\\'occuper d\\\\'un enfant. Et bien c\\\\'est exactement ce dont il s\\\\'agit ici pour The Playoffs. La r\u00e9daction, ce sont vos r\u00e9dacteurs pr\u00e9f\u00e9r\u00e9s qui collaborent sur ces articles que vous lisez au quotidien.\u00a0\",\"url\":\"https:\/\/theplayoffs.news\/fr\/author\/freeagentfr\/\"}]}<\/script>\n<!-- \/ Yoast SEO plugin. -->","yoast_head_json":{"title":"Kyrie Irving sorti sur blessure face aux Kings - The Playoffs FR","robots":{"index":"index","follow":"follow","max-snippet":"max-snippet:-1","max-image-preview":"max-image-preview:large","max-video-preview":"max-video-preview:-1"},"canonical":"https:\/\/theplayoffs.news\/fr\/actualite-nba\/kyrie-irving-sorti-sur-blessure-face-aux-kings\/","og_locale":"fr_FR","og_type":"article","og_title":"Kyrie Irving sorti sur blessure face aux Kings - The Playoffs FR","og_description":"Kyrie Irving se blesse au genou lors du match contre les Kings","og_url":"https:\/\/theplayoffs.news\/fr\/actualite-nba\/kyrie-irving-sorti-sur-blessure-face-aux-kings\/","og_site_name":"The Playoffs FR","article_publisher":"https:\/\/www.facebook.com\/TheFreeAgentFR\/","article_modified_time":"2025-03-04T05:53:14+00:00","og_image":[{"width":1920,"height":1280,"url":"https:\/\/theplayoffs.news\/fr\/wp-content\/uploads\/2025\/03\/USATSI_25572578.jpg","type":"image\/jpeg"}],"author":"La r\u00e9daction","twitter_card":"summary_large_image","twitter_creator":"@TheFreeAgentFR","twitter_site":"@TheFreeAgentFR","twitter_misc":{"\u00c9crit par":"La r\u00e9daction","Dur\u00e9e de lecture estim\u00e9e":"3 minutes"},"schema":{"@context":"https:\/\/schema.org","@graph":[{"@type":"WebPage","@id":"https:\/\/theplayoffs.news\/fr\/actualite-nba\/kyrie-irving-sorti-sur-blessure-face-aux-kings\/","url":"https:\/\/theplayoffs.news\/fr\/actualite-nba\/kyrie-irving-sorti-sur-blessure-face-aux-kings\/","name":"Kyrie Irving sorti sur blessure face aux Kings - The Playoffs FR","isPartOf":{"@id":"https:\/\/theplayoffs.news\/fr\/#website"},"primaryImageOfPage":{"@id":"https:\/\/theplayoffs.news\/fr\/actualite-nba\/kyrie-irving-sorti-sur-blessure-face-aux-kings\/#primaryimage"},"image":{"@id":"https:\/\/theplayoffs.news\/fr\/actualite-nba\/kyrie-irving-sorti-sur-blessure-face-aux-kings\/#primaryimage"},"thumbnailUrl":"https:\/\/theplayoffs.news\/fr\/wp-content\/uploads\/2025\/03\/USATSI_25572578.jpg","datePublished":"2025-03-04T06:03:00+00:00","dateModified":"2025-03-04T07:03:00+01:00","author":{"@id":"https:\/\/theplayoffs.news\/fr\/#\/schema\/person\/bb40426f4e478f9bd8cdbfeb4f2f9784"},"breadcrumb":{"@id":"https:\/\/theplayoffs.news\/fr\/actualite-nba\/kyrie-irving-sorti-sur-blessure-face-aux-kings\/#breadcrumb"},"inLanguage":"fr-FR","potentialAction":[{"@type":"ReadAction","target":["https:\/\/theplayoffs.news\/fr\/actualite-nba\/kyrie-irving-sorti-sur-blessure-face-aux-kings\/"]}]},{"@type":"ImageObject","inLanguage":"fr-FR","@id":"https:\/\/theplayoffs.news\/fr\/actualite-nba\/kyrie-irving-sorti-sur-blessure-face-aux-kings\/#primaryimage","url":"https:\/\/theplayoffs.news\/fr\/wp-content\/uploads\/2025\/03\/USATSI_25572578.jpg","contentUrl":"https:\/\/theplayoffs.news\/fr\/wp-content\/uploads\/2025\/03\/USATSI_25572578.jpg","width":1920,"height":1280,"caption":"Mar 3, 2025; Dallas, Texas, USA; Dallas Mavericks guard Kyrie Irving (11) is helped off the court by forward Naji Marshall (13) and forward Anthony Davis (3) during the second quarter against the Sacramento Kings at the American Airlines Center. Mandatory Credit: Jerome Miron-Imagn Images"},{"@type":"BreadcrumbList","@id":"https:\/\/theplayoffs.news\/fr\/actualite-nba\/kyrie-irving-sorti-sur-blessure-face-aux-kings\/#breadcrumb","itemListElement":[{"@type":"ListItem","position":1,"name":"Accueil","item":"https:\/\/theplayoffs.news\/fr\/"},{"@type":"ListItem","position":2,"name":"Kyrie Irving sorti sur blessure face aux Kings"}]},{"@type":"WebSite","@id":"https:\/\/theplayoffs.news\/fr\/#website","url":"https:\/\/theplayoffs.news\/fr\/","name":"The Playoffs FR","description":"NBA-NFL-NHL-MLB","potentialAction":[{"@type":"SearchAction","target":{"@type":"EntryPoint","urlTemplate":"https:\/\/theplayoffs.news\/fr\/?s={search_term_string}"},"query-input":{"@type":"PropertyValueSpecification","valueRequired":true,"valueName":"search_term_string"}}],"inLanguage":"fr-FR"},{"@type":"Person","@id":"https:\/\/theplayoffs.news\/fr\/#\/schema\/person\/bb40426f4e478f9bd8cdbfeb4f2f9784","name":"La r\u00e9daction","image":{"@type":"ImageObject","inLanguage":"fr-FR","@id":"https:\/\/theplayoffs.news\/fr\/#\/schema\/person\/image\/","url":"https:\/\/secure.gravatar.com\/avatar\/7e69b41460ab2c17d61c8c364b6a0ee006f957a70191383ef42be1f4733d6515?s=96&d=mm&r=g","contentUrl":"https:\/\/secure.gravatar.com\/avatar\/7e69b41460ab2c17d61c8c364b6a0ee006f957a70191383ef42be1f4733d6515?s=96&d=mm&r=g","caption":"La r\u00e9daction"},"description":"On dit qu\\'il faut un village pour s\\'occuper d\\'un enfant. Et bien c\\'est exactement ce dont il s\\'agit ici pour The Playoffs. La r\u00e9daction, ce sont vos r\u00e9dacteurs pr\u00e9f\u00e9r\u00e9s qui collaborent sur ces articles que vous lisez au quotidien.\u00a0","url":"https:\/\/theplayoffs.news\/fr\/author\/freeagentfr\/"}]}},"_links":{"self":[{"href":"https:\/\/theplayoffs.news\/fr\/wp-json\/wp\/v2\/posts\/1483206","targetHints":{"allow":["GET"]}}],"collection":[{"href":"https:\/\/theplayoffs.news\/fr\/wp-json\/wp\/v2\/posts"}],"about":[{"href":"https:\/\/theplayoffs.news\/fr\/wp-json\/wp\/v2\/types\/post"}],"author":[{"embeddable":true,"href":"https:\/\/theplayoffs.news\/fr\/wp-json\/wp\/v2\/users\/180309799"}],"replies":[{"embeddable":true,"href":"https:\/\/theplayoffs.news\/fr\/wp-json\/wp\/v2\/comments?post=1483206"}],"version-history":[{"count":1,"href":"https:\/\/theplayoffs.news\/fr\/wp-json\/wp\/v2\/posts\/1483206\/revisions"}],"predecessor-version":[{"id":1483208,"href":"https:\/\/theplayoffs.news\/fr\/wp-json\/wp\/v2\/posts\/1483206\/revisions\/1483208"}],"wp:featuredmedia":[{"embeddable":true,"href":"https:\/\/theplayoffs.news\/fr\/wp-json\/wp\/v2\/media\/1483207"}],"wp:attachment":[{"href":"https:\/\/theplayoffs.news\/fr\/wp-json\/wp\/v2\/media?parent=1483206"}],"wp:term":[{"taxonomy":"category","embeddable":true,"href":"https:\/\/theplayoffs.news\/fr\/wp-json\/wp\/v2\/categories?post=1483206"},{"taxonomy":"post_tag","embeddable":true,"href":"https:\/\/theplayoffs.news\/fr\/wp-json\/wp\/v2\/tags?post=1483206"},{"taxonomy":"sport","embeddable":true,"href":"https:\/\/theplayoffs.news\/fr\/wp-json\/wp\/v2\/sport?post=1483206"},{"taxonomy":"saison","embeddable":true,"href":"https:\/\/theplayoffs.news\/fr\/wp-json\/wp\/v2\/saison?post=1483206"}],"curies":[{"name":"wp","href":"https:\/\/api.w.org\/{rel}","templated":true}]}}