{"id":1483140,"date":"2025-03-03T14:38:09","date_gmt":"2025-03-03T13:38:09","guid":{"rendered":"https:\/\/theplayoffs.news\/fr\/uncategorized\/\/"},"modified":"2025-03-03T14:38:17","modified_gmt":"2025-03-03T13:38:17","slug":"anthony-davis-encore-absent-face-aux-kings","status":"publish","type":"post","link":"https:\/\/theplayoffs.news\/fr\/actualite-nba\/anthony-davis-encore-absent-face-aux-kings\/","title":{"rendered":"Anthony Davis encore absent face aux Kings"},"content":{"rendered":"<p>Les Dallas Mavericks s&rsquo;appr&ecirc;tent &agrave; croiser le fer avec les Sacramento Kings lors d&rsquo;un nouveau choc NBA tr&egrave;s attendu ce lundi 3 mars. <\/p><p>Les Mavericks restent sur une lourde d&eacute;faite 132-117 contre les Bucks, tandis que les Kings ont sign&eacute; une victoire 113-103 face aux Rockets lors de leur dernier match.<\/p><p>Actuellement dixi&egrave;mes de la Conf&eacute;rence Ouest, les Mavs affichent une forme correcte ces derniers temps. Avec un bilan de 32 victoires pour 29 d&eacute;faites, l&rsquo;&eacute;quipe dirig&eacute;e par Jason Kidd a remport&eacute; six de ses dix derniers matchs. Cependant, leur irr&eacute;gularit&eacute; reste un probl&egrave;me, et ils tenteront de retrouver une dynamique positive en encha&icirc;nant plusieurs victoires cons&eacute;cutives.<\/p><p>Alors que l&rsquo;&eacute;quipe men&eacute;e par Kyrie Irving cherche &agrave; rebondir apr&egrave;s sa derni&egrave;re d&eacute;faite, elle devra composer sans plusieurs &eacute;l&eacute;ments cl&eacute;s, dont sa toute derni&egrave;re recrue, Anthony Davis. Les Mavericks ont en effet acquis l&rsquo;ancien v&eacute;t&eacute;ran des Lakers en &eacute;change de leur star Luka Doncic, dans l&rsquo;un des &eacute;changes les plus surprenants de ces derni&egrave;res ann&eacute;es.<\/p><p>Davis, qui a fait ses d&eacute;buts avec sa nouvelle &eacute;quipe lors de la victoire 116-105 contre les Rockets, a subi une blessure sans contact d&egrave;s son premier match.<\/p><p>M&ecirc;me si le joueur aux dix s&eacute;lections All-Star a assur&eacute; qu&rsquo;il ne s&rsquo;agissait pas d&rsquo;une blessure grave, il a &eacute;t&eacute; &eacute;cart&eacute; des terrains pendant un mois. Heureusement pour Dallas, Davis montre des signes de r&eacute;tablissement rapide et a d&eacute;j&agrave; repris l&rsquo;entra&icirc;nement d&rsquo;avant-match. <\/p><p>Il devrait &ecirc;tre r&eacute;&eacute;valu&eacute; cette semaine, et une d&eacute;cision sera prise concernant son retour.<\/p><h2 class=\"wp-block-heading\"><strong>Anthony Davis toujours bless&eacute; <\/strong><\/h2><p>Avant l&rsquo;affrontement de lundi, les Mavericks ont publi&eacute; leur rapport de blessures, indiquant que cinq joueurs seront absents contre les Kings. Anthony Davis a &eacute;t&eacute; d&eacute;clar&eacute; forfait en raison d&rsquo;une &eacute;longation de l&rsquo;adducteur gauche.<\/p><p>Le joueur de 31 ans continuera donc &agrave; manquer des matchs avec sa nouvelle &eacute;quipe. Il a d&eacute;j&agrave; exprim&eacute; son impatience de retrouver le terrain, mais la franchise semble avoir tir&eacute; les le&ccedil;ons du pass&eacute; et pr&eacute;f&egrave;re prendre son temps afin de le voir revenir uniquement lorsqu&rsquo;il sera pleinement r&eacute;tabli.<\/p><figure class=\"wp-block-embed is-type-rich is-provider-twitter wp-block-embed-twitter\"><div class=\"wp-block-embed__wrapper\">\n<blockquote class=\"twitter-tweet\" data-width=\"500\" data-dnt=\"true\"><p lang=\"en\" dir=\"ltr\">Dallas Mavericks Injury Report vs. Sacramento Kings: <br><br>P.J. Washington: Out (Right Ankle Sprain)<br>Anthony Davis: Out (Left Adductor Strain)<br>Daniel Gafford: Out (Right Knee Sprain)<br>Dereck Lively II: Out (Right Ankle Stress Fracture)<br>Caleb Martin: Out (Right Hip Strain)<\/p>&mdash; Grant Afseth (@GrantAfseth) <a href=\"https:\/\/twitter.com\/GrantAfseth\/status\/1896343406017958130?ref_src=twsrc%5Etfw\" class=\"trk-cta-link\" data-cta-trk='{\"ctaType\":\"Link\",\"ctaSubType\":\"main\"}'>March 2, 2025<\/a><\/blockquote><script async src=\"https:\/\/platform.twitter.com\/widgets.js\" charset=\"utf-8\"><\/script>\n<\/div><\/figure><p>Outre Davis, P.J. Washington est &eacute;galement absent en raison d&rsquo;une entorse de la cheville droite, tandis que Daniel Gafford manquera la rencontre en raison d&rsquo;une entorse du genou droit. De plus, Dereck Lively II et Caleb Martin seront &eacute;galement absents, respectivement pour une fracture de stress &agrave; la cheville droite et une &eacute;longation de la hanche.<\/p><h2 class=\"wp-block-heading\"><strong>La forme d&rsquo;Anthony Davis avant sa blessure<\/strong><\/h2><p>Dans sa 13e saison <a href=\"https:\/\/theplayoffs.news\/fr\/category\/nba\/\" target=\"_blank\" rel=\"noreferrer noopener\" class=\"trk-cta-link\" data-cta-trk='{\"ctaType\":\"Link\",\"ctaSubType\":\"main\"}'>NBA<\/a>, Anthony Davis a disput&eacute; son premier match avec les Mavericks le 8 f&eacute;vrier. Alors que Dallas s&rsquo;&eacute;tait impos&eacute; 116-115, Davis avait d&ucirc; quitter le terrain dans les derni&egrave;res minutes en raison d&rsquo;une blessure.<\/p><p>Cependant, avant de sortir, Davis avait marqu&eacute; les esprits pour ses d&eacute;buts &agrave; Dallas. Il s&rsquo;est illustr&eacute; d&egrave;s le d&eacute;but du match et a termin&eacute; avec 26 points, 16 rebonds et 7 passes d&eacute;cisives. Il a &eacute;galement termin&eacute; meilleur marqueur du match, devan&ccedil;ant m&ecirc;me Kyrie Irving, qui s&rsquo;&eacute;tait content&eacute; de 13 points ce soir-l&agrave;. Tout semblait parfait, notamment pour Irving, qui assumait en partie la responsabilit&eacute; du scoring.<\/p><p>Lors de ses premi&egrave;res minutes avec les Mavs, Davis a sembl&eacute; parfaitement en harmonie avec ses co&eacute;quipiers, notamment en r&eacute;alisant un alley-oop dans le deuxi&egrave;me quart-temps. Et lorsque Davis a quitt&eacute; le terrain avant la fin du troisi&egrave;me quart, Irving a pris le relais en inscrivant les huit premiers points des Mavericks dans le quatri&egrave;me quart-temps.<\/p><p>Avant son transfert, Davis avait d&eacute;j&agrave; manqu&eacute; les deux derniers matchs des Lakers en raison d&rsquo;une tension abdominale. Cependant, sur ses cinq derni&egrave;res rencontres avec son ancienne &eacute;quipe, il affichait une forme impressionnante, tournant &agrave; 27 points, 12,4 rebonds et 2,6 passes par match.<\/p><p><\/p><p>Credit Photo : John Hefti-Imagn Images<\/p>\n","protected":false},"excerpt":{"rendered":"<p>Kyrie Irving et les Mavs devront encore faire sans Anthony Davis<\/p>\n","protected":false},"author":180309799,"featured_media":1483141,"comment_status":"closed","ping_status":"closed","sticky":false,"template":"","format":"standard","meta":{"inline_featured_image":false,"kia_subtitle":"Kyrie Irving et les Mavs devront encore faire sans Anthony Davis","_mux_skip_reasons":[],"proofreadBy":0,"footnotes":""},"categories":[110,10],"tags":[763,595],"sport":[],"saison":[],"class_list":["post-1483140","post","type-post","status-publish","format-standard","has-post-thumbnail","hentry","category-actualite-nba","category-nba","tag-anthony-davis","tag-dallas-mavericks"],"acf":[],"yoast_head":"<!-- This site is optimized with the Yoast SEO plugin v24.2 - https:\/\/yoast.com\/wordpress\/plugins\/seo\/ -->\n<title>Anthony Davis encore absent face aux Kings - The Playoffs FR<\/title>\n<meta name=\"robots\" content=\"index, follow, max-snippet:-1, max-image-preview:large, max-video-preview:-1\" \/>\n<link rel=\"canonical\" href=\"https:\/\/theplayoffs.news\/fr\/actualite-nba\/anthony-davis-encore-absent-face-aux-kings\/\" \/>\n<meta property=\"og:locale\" content=\"fr_FR\" \/>\n<meta property=\"og:type\" content=\"article\" \/>\n<meta property=\"og:title\" content=\"Anthony Davis encore absent face aux Kings - The Playoffs FR\" \/>\n<meta property=\"og:description\" content=\"Kyrie Irving et les Mavs devront encore faire sans Anthony Davis\" \/>\n<meta property=\"og:url\" content=\"https:\/\/theplayoffs.news\/fr\/actualite-nba\/anthony-davis-encore-absent-face-aux-kings\/\" \/>\n<meta property=\"og:site_name\" content=\"The Playoffs FR\" \/>\n<meta property=\"article:publisher\" content=\"https:\/\/www.facebook.com\/TheFreeAgentFR\/\" \/>\n<meta property=\"article:modified_time\" content=\"2025-03-03T14:38:17+01:00\" \/>\n<meta property=\"og:image\" content=\"https:\/\/theplayoffs.news\/fr\/wp-content\/uploads\/2025\/03\/USATSI_25497558-1.jpg\" \/>\n\t<meta property=\"og:image:width\" content=\"1920\" \/>\n\t<meta property=\"og:image:height\" content=\"1280\" \/>\n\t<meta property=\"og:image:type\" content=\"image\/jpeg\" \/>\n<meta name=\"author\" content=\"La r\u00e9daction\" \/>\n<meta name=\"twitter:card\" content=\"summary_large_image\" \/>\n<meta name=\"twitter:creator\" content=\"@TheFreeAgentFR\" \/>\n<meta name=\"twitter:site\" content=\"@TheFreeAgentFR\" \/>\n<meta name=\"twitter:label1\" content=\"\u00c9crit par\" \/>\n\t<meta name=\"twitter:data1\" content=\"La r\u00e9daction\" \/>\n\t<meta name=\"twitter:label2\" content=\"Dur\u00e9e de lecture estim\u00e9e\" \/>\n\t<meta name=\"twitter:data2\" content=\"4 minutes\" \/>\n<script type=\"application\/ld+json\" class=\"yoast-schema-graph\">{\"@context\":\"https:\/\/schema.org\",\"@graph\":[{\"@type\":\"WebPage\",\"@id\":\"https:\/\/theplayoffs.news\/fr\/actualite-nba\/anthony-davis-encore-absent-face-aux-kings\/\",\"url\":\"https:\/\/theplayoffs.news\/fr\/actualite-nba\/anthony-davis-encore-absent-face-aux-kings\/\",\"name\":\"Anthony Davis encore absent face aux Kings - The Playoffs FR\",\"isPartOf\":{\"@id\":\"https:\/\/theplayoffs.news\/fr\/#website\"},\"primaryImageOfPage\":{\"@id\":\"https:\/\/theplayoffs.news\/fr\/actualite-nba\/anthony-davis-encore-absent-face-aux-kings\/#primaryimage\"},\"image\":{\"@id\":\"https:\/\/theplayoffs.news\/fr\/actualite-nba\/anthony-davis-encore-absent-face-aux-kings\/#primaryimage\"},\"thumbnailUrl\":\"https:\/\/theplayoffs.news\/fr\/wp-content\/uploads\/2025\/03\/USATSI_25497558-1.jpg\",\"datePublished\":\"2025-03-03T13:38:09+00:00\",\"dateModified\":\"2025-03-03T13:38:17+00:00\",\"author\":{\"@id\":\"https:\/\/theplayoffs.news\/fr\/#\/schema\/person\/bb40426f4e478f9bd8cdbfeb4f2f9784\"},\"breadcrumb\":{\"@id\":\"https:\/\/theplayoffs.news\/fr\/actualite-nba\/anthony-davis-encore-absent-face-aux-kings\/#breadcrumb\"},\"inLanguage\":\"fr-FR\",\"potentialAction\":[{\"@type\":\"ReadAction\",\"target\":[\"https:\/\/theplayoffs.news\/fr\/actualite-nba\/anthony-davis-encore-absent-face-aux-kings\/\"]}]},{\"@type\":\"ImageObject\",\"inLanguage\":\"fr-FR\",\"@id\":\"https:\/\/theplayoffs.news\/fr\/actualite-nba\/anthony-davis-encore-absent-face-aux-kings\/#primaryimage\",\"url\":\"https:\/\/theplayoffs.news\/fr\/wp-content\/uploads\/2025\/03\/USATSI_25497558-1.jpg\",\"contentUrl\":\"https:\/\/theplayoffs.news\/fr\/wp-content\/uploads\/2025\/03\/USATSI_25497558-1.jpg\",\"width\":1920,\"height\":1280,\"caption\":\"Feb 23, 2025; San Francisco, California, USA; Dallas Mavericks forward Anthony Davis (3) warms up before the game against the Golden State Warriors at Chase Center. Mandatory Credit: John Hefti-Imagn Images\"},{\"@type\":\"BreadcrumbList\",\"@id\":\"https:\/\/theplayoffs.news\/fr\/actualite-nba\/anthony-davis-encore-absent-face-aux-kings\/#breadcrumb\",\"itemListElement\":[{\"@type\":\"ListItem\",\"position\":1,\"name\":\"Accueil\",\"item\":\"https:\/\/theplayoffs.news\/fr\/\"},{\"@type\":\"ListItem\",\"position\":2,\"name\":\"Anthony Davis encore absent face aux Kings\"}]},{\"@type\":\"WebSite\",\"@id\":\"https:\/\/theplayoffs.news\/fr\/#website\",\"url\":\"https:\/\/theplayoffs.news\/fr\/\",\"name\":\"The Playoffs FR\",\"description\":\"NBA-NFL-NHL-MLB\",\"potentialAction\":[{\"@type\":\"SearchAction\",\"target\":{\"@type\":\"EntryPoint\",\"urlTemplate\":\"https:\/\/theplayoffs.news\/fr\/?s={search_term_string}\"},\"query-input\":{\"@type\":\"PropertyValueSpecification\",\"valueRequired\":true,\"valueName\":\"search_term_string\"}}],\"inLanguage\":\"fr-FR\"},{\"@type\":\"Person\",\"@id\":\"https:\/\/theplayoffs.news\/fr\/#\/schema\/person\/bb40426f4e478f9bd8cdbfeb4f2f9784\",\"name\":\"La r\u00e9daction\",\"image\":{\"@type\":\"ImageObject\",\"inLanguage\":\"fr-FR\",\"@id\":\"https:\/\/theplayoffs.news\/fr\/#\/schema\/person\/image\/\",\"url\":\"https:\/\/secure.gravatar.com\/avatar\/7e69b41460ab2c17d61c8c364b6a0ee006f957a70191383ef42be1f4733d6515?s=96&d=mm&r=g\",\"contentUrl\":\"https:\/\/secure.gravatar.com\/avatar\/7e69b41460ab2c17d61c8c364b6a0ee006f957a70191383ef42be1f4733d6515?s=96&d=mm&r=g\",\"caption\":\"La r\u00e9daction\"},\"description\":\"On dit qu\\\\'il faut un village pour s\\\\'occuper d\\\\'un enfant. Et bien c\\\\'est exactement ce dont il s\\\\'agit ici pour The Playoffs. La r\u00e9daction, ce sont vos r\u00e9dacteurs pr\u00e9f\u00e9r\u00e9s qui collaborent sur ces articles que vous lisez au quotidien.\u00a0\",\"url\":\"https:\/\/theplayoffs.news\/fr\/author\/freeagentfr\/\"}]}<\/script>\n<!-- \/ Yoast SEO plugin. -->","yoast_head_json":{"title":"Anthony Davis encore absent face aux Kings - The Playoffs FR","robots":{"index":"index","follow":"follow","max-snippet":"max-snippet:-1","max-image-preview":"max-image-preview:large","max-video-preview":"max-video-preview:-1"},"canonical":"https:\/\/theplayoffs.news\/fr\/actualite-nba\/anthony-davis-encore-absent-face-aux-kings\/","og_locale":"fr_FR","og_type":"article","og_title":"Anthony Davis encore absent face aux Kings - The Playoffs FR","og_description":"Kyrie Irving et les Mavs devront encore faire sans Anthony Davis","og_url":"https:\/\/theplayoffs.news\/fr\/actualite-nba\/anthony-davis-encore-absent-face-aux-kings\/","og_site_name":"The Playoffs FR","article_publisher":"https:\/\/www.facebook.com\/TheFreeAgentFR\/","article_modified_time":"2025-03-03T13:38:17+00:00","og_image":[{"width":1920,"height":1280,"url":"https:\/\/theplayoffs.news\/fr\/wp-content\/uploads\/2025\/03\/USATSI_25497558-1.jpg","type":"image\/jpeg"}],"author":"La r\u00e9daction","twitter_card":"summary_large_image","twitter_creator":"@TheFreeAgentFR","twitter_site":"@TheFreeAgentFR","twitter_misc":{"\u00c9crit par":"La r\u00e9daction","Dur\u00e9e de lecture estim\u00e9e":"4 minutes"},"schema":{"@context":"https:\/\/schema.org","@graph":[{"@type":"WebPage","@id":"https:\/\/theplayoffs.news\/fr\/actualite-nba\/anthony-davis-encore-absent-face-aux-kings\/","url":"https:\/\/theplayoffs.news\/fr\/actualite-nba\/anthony-davis-encore-absent-face-aux-kings\/","name":"Anthony Davis encore absent face aux Kings - The Playoffs FR","isPartOf":{"@id":"https:\/\/theplayoffs.news\/fr\/#website"},"primaryImageOfPage":{"@id":"https:\/\/theplayoffs.news\/fr\/actualite-nba\/anthony-davis-encore-absent-face-aux-kings\/#primaryimage"},"image":{"@id":"https:\/\/theplayoffs.news\/fr\/actualite-nba\/anthony-davis-encore-absent-face-aux-kings\/#primaryimage"},"thumbnailUrl":"https:\/\/theplayoffs.news\/fr\/wp-content\/uploads\/2025\/03\/USATSI_25497558-1.jpg","datePublished":"2025-03-03T13:38:09+00:00","dateModified":"2025-03-03T13:38:17+00:00","author":{"@id":"https:\/\/theplayoffs.news\/fr\/#\/schema\/person\/bb40426f4e478f9bd8cdbfeb4f2f9784"},"breadcrumb":{"@id":"https:\/\/theplayoffs.news\/fr\/actualite-nba\/anthony-davis-encore-absent-face-aux-kings\/#breadcrumb"},"inLanguage":"fr-FR","potentialAction":[{"@type":"ReadAction","target":["https:\/\/theplayoffs.news\/fr\/actualite-nba\/anthony-davis-encore-absent-face-aux-kings\/"]}]},{"@type":"ImageObject","inLanguage":"fr-FR","@id":"https:\/\/theplayoffs.news\/fr\/actualite-nba\/anthony-davis-encore-absent-face-aux-kings\/#primaryimage","url":"https:\/\/theplayoffs.news\/fr\/wp-content\/uploads\/2025\/03\/USATSI_25497558-1.jpg","contentUrl":"https:\/\/theplayoffs.news\/fr\/wp-content\/uploads\/2025\/03\/USATSI_25497558-1.jpg","width":1920,"height":1280,"caption":"Feb 23, 2025; San Francisco, California, USA; Dallas Mavericks forward Anthony Davis (3) warms up before the game against the Golden State Warriors at Chase Center. Mandatory Credit: John Hefti-Imagn Images"},{"@type":"BreadcrumbList","@id":"https:\/\/theplayoffs.news\/fr\/actualite-nba\/anthony-davis-encore-absent-face-aux-kings\/#breadcrumb","itemListElement":[{"@type":"ListItem","position":1,"name":"Accueil","item":"https:\/\/theplayoffs.news\/fr\/"},{"@type":"ListItem","position":2,"name":"Anthony Davis encore absent face aux Kings"}]},{"@type":"WebSite","@id":"https:\/\/theplayoffs.news\/fr\/#website","url":"https:\/\/theplayoffs.news\/fr\/","name":"The Playoffs FR","description":"NBA-NFL-NHL-MLB","potentialAction":[{"@type":"SearchAction","target":{"@type":"EntryPoint","urlTemplate":"https:\/\/theplayoffs.news\/fr\/?s={search_term_string}"},"query-input":{"@type":"PropertyValueSpecification","valueRequired":true,"valueName":"search_term_string"}}],"inLanguage":"fr-FR"},{"@type":"Person","@id":"https:\/\/theplayoffs.news\/fr\/#\/schema\/person\/bb40426f4e478f9bd8cdbfeb4f2f9784","name":"La r\u00e9daction","image":{"@type":"ImageObject","inLanguage":"fr-FR","@id":"https:\/\/theplayoffs.news\/fr\/#\/schema\/person\/image\/","url":"https:\/\/secure.gravatar.com\/avatar\/7e69b41460ab2c17d61c8c364b6a0ee006f957a70191383ef42be1f4733d6515?s=96&d=mm&r=g","contentUrl":"https:\/\/secure.gravatar.com\/avatar\/7e69b41460ab2c17d61c8c364b6a0ee006f957a70191383ef42be1f4733d6515?s=96&d=mm&r=g","caption":"La r\u00e9daction"},"description":"On dit qu\\'il faut un village pour s\\'occuper d\\'un enfant. Et bien c\\'est exactement ce dont il s\\'agit ici pour The Playoffs. La r\u00e9daction, ce sont vos r\u00e9dacteurs pr\u00e9f\u00e9r\u00e9s qui collaborent sur ces articles que vous lisez au quotidien.\u00a0","url":"https:\/\/theplayoffs.news\/fr\/author\/freeagentfr\/"}]}},"_links":{"self":[{"href":"https:\/\/theplayoffs.news\/fr\/wp-json\/wp\/v2\/posts\/1483140","targetHints":{"allow":["GET"]}}],"collection":[{"href":"https:\/\/theplayoffs.news\/fr\/wp-json\/wp\/v2\/posts"}],"about":[{"href":"https:\/\/theplayoffs.news\/fr\/wp-json\/wp\/v2\/types\/post"}],"author":[{"embeddable":true,"href":"https:\/\/theplayoffs.news\/fr\/wp-json\/wp\/v2\/users\/180309799"}],"replies":[{"embeddable":true,"href":"https:\/\/theplayoffs.news\/fr\/wp-json\/wp\/v2\/comments?post=1483140"}],"version-history":[{"count":1,"href":"https:\/\/theplayoffs.news\/fr\/wp-json\/wp\/v2\/posts\/1483140\/revisions"}],"predecessor-version":[{"id":1483143,"href":"https:\/\/theplayoffs.news\/fr\/wp-json\/wp\/v2\/posts\/1483140\/revisions\/1483143"}],"wp:featuredmedia":[{"embeddable":true,"href":"https:\/\/theplayoffs.news\/fr\/wp-json\/wp\/v2\/media\/1483141"}],"wp:attachment":[{"href":"https:\/\/theplayoffs.news\/fr\/wp-json\/wp\/v2\/media?parent=1483140"}],"wp:term":[{"taxonomy":"category","embeddable":true,"href":"https:\/\/theplayoffs.news\/fr\/wp-json\/wp\/v2\/categories?post=1483140"},{"taxonomy":"post_tag","embeddable":true,"href":"https:\/\/theplayoffs.news\/fr\/wp-json\/wp\/v2\/tags?post=1483140"},{"taxonomy":"sport","embeddable":true,"href":"https:\/\/theplayoffs.news\/fr\/wp-json\/wp\/v2\/sport?post=1483140"},{"taxonomy":"saison","embeddable":true,"href":"https:\/\/theplayoffs.news\/fr\/wp-json\/wp\/v2\/saison?post=1483140"}],"curies":[{"name":"wp","href":"https:\/\/api.w.org\/{rel}","templated":true}]}}