{"id":1483125,"date":"2025-03-03T11:39:13","date_gmt":"2025-03-03T10:39:13","guid":{"rendered":"https:\/\/theplayoffs.news\/fr\/uncategorized\/\/"},"modified":"2025-03-03T11:39:38","modified_gmt":"2025-03-03T10:39:38","slug":"les-lakers-en-pleine-ascension","status":"publish","type":"post","link":"https:\/\/theplayoffs.news\/fr\/actualite-nba\/les-lakers-en-pleine-ascension\/","title":{"rendered":"Les Lakers en pleine ascension"},"content":{"rendered":"<p><strong>Avec six victoires cons&eacute;cutives et 16 succ&egrave;s sur les 19 derniers matchs, Les Lakers affichent une forme &eacute;clatante.&nbsp;<\/strong><\/p><h2 class=\"wp-block-heading\"><strong>Luka Don&#269;i&#263; la mont&eacute;e en puissance&nbsp;<\/strong><\/h2><p>L&rsquo;arriv&eacute;e de<strong> Luka Don&#269;i&#263;<\/strong> n&rsquo;a en rien frein&eacute; la dynamique californienne, bien au contraire. Plus solide que jamais, la franchise a profit&eacute; de la d&eacute;faite de <strong>Denver<\/strong> face &agrave; <strong>Boston <\/strong>pour s&rsquo;emparer de la deuxi&egrave;me place de la Conf&eacute;rence Ouest avec un bilan de 38 victoires pour 21 d&eacute;faites.<\/p><p>Prestation XXL pour <strong>Luka Don&#269;i&#263; <\/strong>lors du derby face aux Clippers avec <strong>29 points, 6 rebonds et 9 passes d&eacute;cisives<\/strong>. Depuis son premier match perdu face au Jazz, le <strong>Slov&egrave;ne <\/strong>encha&icirc;ne les performances convaincantes et monte en puissance. Sur cette p&eacute;riode, l&rsquo;ancien <strong>Maverick<\/strong> tourne &agrave; 21 points, 8,6 rebonds et 6,4 passes de moyenne sous ses <strong>nouvelles couleurs<\/strong>.<\/p><blockquote class=\"twitter-tweet\"><p lang=\"en\" dir=\"ltr\">Luka Don&#269;i&#263; leads LAL to their 6th straight win!<br><br>&#11088;&#65039; 29 PTS (52.9 FG%)<br>&#11088;&#65039; 9 AST<br>&#11088;&#65039; 6 REB<br>&#11088;&#65039; 5 3PM<br><br>The <a href=\"https:\/\/twitter.com\/Lakers?ref_src=twsrc%5Etfw\" class=\"trk-cta-link\" data-cta-trk='{\"ctaType\":\"Link\",\"ctaSubType\":\"main\"}'>@Lakers<\/a> are now 2nd in the West &#128064; <a href=\"https:\/\/t.co\/saBDr9ahhW\" class=\"trk-cta-link\" data-cta-trk='{\"ctaType\":\"Link\",\"ctaSubType\":\"main\"}'>pic.twitter.com\/saBDr9ahhW<\/a><\/p>&mdash; NBA (@NBA) <a href=\"https:\/\/twitter.com\/NBA\/status\/1896428650603659556?ref_src=twsrc%5Etfw\" class=\"trk-cta-link\" data-cta-trk='{\"ctaType\":\"Link\",\"ctaSubType\":\"main\"}'>March 3, 2025<\/a><\/blockquote><script async src=\"https:\/\/platform.twitter.com\/widgets.js\" charset=\"utf-8\"><\/script><h2 class=\"wp-block-heading\"><strong>LeBron James, intemporel<\/strong><\/h2><p>L&rsquo;arriv&eacute;e de <strong>Don&#269;i&#263;<\/strong> a co&iuml;ncid&eacute; avec un<strong> LeBron James<\/strong> tout simplement monumental. Une d&eacute;monstration &agrave; <strong>40 points <\/strong>contre Portland, un r&eacute;cital &agrave; <strong>33 unit&eacute;s <\/strong>face aux Wolves&hellip; &Agrave;<strong> 40 ans<\/strong>, le quadruple MVP semble avoir retrouv&eacute; une <strong>seconde jeunesse<\/strong>. Son niveau actuel rivalise avec celui de ses meilleures ann&eacute;es. En<strong> 2013<\/strong>, son apog&eacute;e statistique affichait 26,8 points, 8,0 rebonds et 7,3 passes de moyenne par match. Douze ans plus tard, l&rsquo;inusable <strong>&laquo;&nbsp;King&nbsp;&raquo; <\/strong>produit encore <strong>24,9 points, 8,1 rebonds et 8,6 passes.<\/strong><\/p><blockquote class=\"twitter-tweet\"><p lang=\"lt\" dir=\"ltr\">LEBRON 2013 LEBRON 40 ANS<br><br>26.8 PPG 26.4 PPG<br>8.0 RPG 8.2 RPG<br>7.3 APG 8.3 APG <br>56\/41\/75% 55\/44\/76%<br><br>&#128081;&#128016; <a href=\"https:\/\/t.co\/JcLHVgV2qa\" class=\"trk-cta-link\" data-cta-trk='{\"ctaType\":\"Link\",\"ctaSubType\":\"main\"}'>pic.twitter.com\/JcLHVgV2qa<\/a><\/p>&mdash; LeBron James Fan &#127464;&#127477; (@LBJxGoat) <a href=\"https:\/\/twitter.com\/LBJxGoat\/status\/1895772242241581342?ref_src=twsrc%5Etfw\" class=\"trk-cta-link\" data-cta-trk='{\"ctaType\":\"Link\",\"ctaSubType\":\"main\"}'>March 1, 2025<\/a><\/blockquote><script async src=\"https:\/\/platform.twitter.com\/widgets.js\" charset=\"utf-8\"><\/script><p><strong>Lire aussi :&nbsp;<\/strong><\/p><p><a href=\"https:\/\/theplayoffs.news\/fr\/actualite-nba\/operation-de-jalen-suggs-quel-avenir-pour-le-magic\/\" class=\"trk-cta-link\" data-cta-trk='{\"ctaType\":\"Link\",\"ctaSubType\":\"main\"}'>Op&eacute;ration de Jalen Suggs : quel avenir pour le Magic ?<\/a><\/p><p><a href=\"https:\/\/theplayoffs.news\/fr\/actualite-nba\/resultats-nba-02-03-boston-surclasse-denver-anthony-edwards-ecrase-phoenix\/\" class=\"trk-cta-link\" data-cta-trk='{\"ctaType\":\"Link\",\"ctaSubType\":\"main\"}'>R&eacute;sultats NBA (02\/03) : Boston surclasse Denver !<\/a><\/p><h2 class=\"wp-block-heading\"><strong>J.J. Redick, maestro en chef<\/strong><\/h2><p>Pour une premi&egrave;re saison sur le banc d&rsquo;une <strong>franchise NBA, J.J. Redick<\/strong> impressionne. L&rsquo;ancien shooteur des <strong>Clippers<\/strong> orchestre une &eacute;quipe bien huil&eacute;e, malgr&eacute; un &eacute;norme bouleversement dans l&rsquo;effectif avec l&rsquo;&eacute;change <strong>Don&#269;i&#263;-Davis<\/strong>. Aucun signe de panique, aucune fausse note. Apr&egrave;s la victoire face &agrave; <strong>Denver<\/strong>, le <strong>coach rookie<\/strong> avouait avoir sacrifi&eacute; plusieurs nuits de sommeil pour pr&eacute;parer l&rsquo;affrontement face &agrave; <strong>Nikola Joki&#263;<\/strong>. Une implication totale portant ses fruits.<\/p><blockquote class=\"twitter-tweet\"><p lang=\"en\" dir=\"ltr\">JJ Redick says he didn&rsquo;t sleep for 2 days in order to prepare for the Nuggets game last night, per <a href=\"https:\/\/twitter.com\/jovanbuha?ref_src=twsrc%5Etfw\" class=\"trk-cta-link\" data-cta-trk='{\"ctaType\":\"Link\",\"ctaSubType\":\"main\"}'>@jovanbuha<\/a><br><br>The Lakers ended up beating Denver by 23 points&hellip; <a href=\"https:\/\/t.co\/mYDTqe92YI\" class=\"trk-cta-link\" data-cta-trk='{\"ctaType\":\"Link\",\"ctaSubType\":\"main\"}'>pic.twitter.com\/mYDTqe92YI<\/a><\/p>&mdash; Legion Hoops (@LegionHoops) <a href=\"https:\/\/twitter.com\/LegionHoops\/status\/1893706363953422605?ref_src=twsrc%5Etfw\" class=\"trk-cta-link\" data-cta-trk='{\"ctaType\":\"Link\",\"ctaSubType\":\"main\"}'>February 23, 2025<\/a><\/blockquote><script async src=\"https:\/\/platform.twitter.com\/widgets.js\" charset=\"utf-8\"><\/script><h2 class=\"wp-block-heading\"><strong>Prochaines &eacute;ch&eacute;ances<\/strong><\/h2><p>Les<strong> Lakers<\/strong> accueilleront les <strong>Pelicans<\/strong> avant de croiser le fer avec les Knicks pour ensuite s&rsquo;offrir un choc mythique face aux<strong> Celtics<\/strong> &agrave; Boston au TD Garden.<\/p><p><strong>Cr&eacute;dit photo :&nbsp;<\/strong>Jason Parkhurst-Imagn Images<\/p>\n","protected":false},"excerpt":{"rendered":"<p>Apr\u00e8s leur victoire dimanche soir face aux Clippers, les Lakers sont pass\u00e9s deuxi\u00e8mes de la Conf\u00e9rence Ouest.<\/p>\n","protected":false},"author":180310268,"featured_media":1483128,"comment_status":"closed","ping_status":"closed","sticky":false,"template":"","format":"standard","meta":{"inline_featured_image":false,"kia_subtitle":"Apr\u00e8s leur victoire dimanche soir face aux Clippers, les Lakers sont pass\u00e9s deuxi\u00e8mes de la Conf\u00e9rence Ouest.","_mux_skip_reasons":[],"proofreadBy":0,"footnotes":""},"categories":[110,10],"tags":[8127,2196,116,545,23],"sport":[2783],"saison":[],"class_list":["post-1483125","post","type-post","status-publish","format-standard","has-post-thumbnail","hentry","category-actualite-nba","category-nba","tag-j-j-redick-2","tag-la-lakers","tag-lebron-james","tag-luka-doncic","tag-nba-tag","sport-nba"],"acf":[],"yoast_head":"<!-- This site is optimized with the Yoast SEO plugin v24.2 - https:\/\/yoast.com\/wordpress\/plugins\/seo\/ -->\n<title>Les Lakers en pleine ascension<\/title>\n<meta name=\"description\" content=\"Apr&egrave;s leur victoire dimanche soir face aux Clippers, les Lakers sont pass&eacute;s deuxi&egrave;mes de la Conf&eacute;rence Ouest.\" \/>\n<meta name=\"robots\" content=\"index, follow, max-snippet:-1, max-image-preview:large, max-video-preview:-1\" \/>\n<link rel=\"canonical\" href=\"https:\/\/theplayoffs.news\/fr\/actualite-nba\/les-lakers-en-pleine-ascension\/\" \/>\n<meta property=\"og:locale\" content=\"fr_FR\" \/>\n<meta property=\"og:type\" content=\"article\" \/>\n<meta property=\"og:title\" content=\"Les Lakers en pleine ascension\" \/>\n<meta property=\"og:description\" content=\"Apr&egrave;s leur victoire dimanche soir face aux Clippers, les Lakers sont pass&eacute;s deuxi&egrave;mes de la Conf&eacute;rence Ouest.\" \/>\n<meta property=\"og:url\" content=\"https:\/\/theplayoffs.news\/fr\/actualite-nba\/les-lakers-en-pleine-ascension\/\" \/>\n<meta property=\"og:site_name\" content=\"The Playoffs FR\" \/>\n<meta property=\"article:publisher\" content=\"https:\/\/www.facebook.com\/TheFreeAgentFR\/\" \/>\n<meta property=\"article:modified_time\" content=\"2025-03-03T11:39:38+01:00\" \/>\n<meta property=\"og:image\" content=\"https:\/\/theplayoffs.news\/fr\/wp-content\/uploads\/2025\/03\/USATSI_25566084.jpg\" \/>\n\t<meta property=\"og:image:width\" content=\"1920\" \/>\n\t<meta property=\"og:image:height\" content=\"1233\" \/>\n\t<meta property=\"og:image:type\" content=\"image\/jpeg\" \/>\n<meta name=\"author\" content=\"Elian Goethals\" \/>\n<meta name=\"twitter:card\" content=\"summary_large_image\" \/>\n<meta name=\"twitter:creator\" content=\"@x.com\/elidwight\" \/>\n<meta name=\"twitter:site\" content=\"@TheFreeAgentFR\" \/>\n<meta name=\"twitter:label1\" content=\"\u00c9crit par\" \/>\n\t<meta name=\"twitter:data1\" content=\"Elian Goethals\" \/>\n\t<meta name=\"twitter:label2\" content=\"Dur\u00e9e de lecture estim\u00e9e\" \/>\n\t<meta name=\"twitter:data2\" content=\"2 minutes\" \/>\n<script type=\"application\/ld+json\" class=\"yoast-schema-graph\">{\"@context\":\"https:\/\/schema.org\",\"@graph\":[{\"@type\":\"WebPage\",\"@id\":\"https:\/\/theplayoffs.news\/fr\/actualite-nba\/les-lakers-en-pleine-ascension\/\",\"url\":\"https:\/\/theplayoffs.news\/fr\/actualite-nba\/les-lakers-en-pleine-ascension\/\",\"name\":\"Les Lakers en pleine ascension\",\"isPartOf\":{\"@id\":\"https:\/\/theplayoffs.news\/fr\/#website\"},\"primaryImageOfPage\":{\"@id\":\"https:\/\/theplayoffs.news\/fr\/actualite-nba\/les-lakers-en-pleine-ascension\/#primaryimage\"},\"image\":{\"@id\":\"https:\/\/theplayoffs.news\/fr\/actualite-nba\/les-lakers-en-pleine-ascension\/#primaryimage\"},\"thumbnailUrl\":\"https:\/\/theplayoffs.news\/fr\/wp-content\/uploads\/2025\/03\/USATSI_25566084.jpg\",\"datePublished\":\"2025-03-03T10:39:13+00:00\",\"dateModified\":\"2025-03-03T10:39:38+00:00\",\"author\":{\"@id\":\"https:\/\/theplayoffs.news\/fr\/#\/schema\/person\/2bc470c6a49f4f6229a67af19c87a732\"},\"description\":\"Apr\u00e8s leur victoire dimanche soir face aux Clippers, les Lakers sont pass\u00e9s deuxi\u00e8mes de la Conf\u00e9rence Ouest.\",\"breadcrumb\":{\"@id\":\"https:\/\/theplayoffs.news\/fr\/actualite-nba\/les-lakers-en-pleine-ascension\/#breadcrumb\"},\"inLanguage\":\"fr-FR\",\"potentialAction\":[{\"@type\":\"ReadAction\",\"target\":[\"https:\/\/theplayoffs.news\/fr\/actualite-nba\/les-lakers-en-pleine-ascension\/\"]}]},{\"@type\":\"ImageObject\",\"inLanguage\":\"fr-FR\",\"@id\":\"https:\/\/theplayoffs.news\/fr\/actualite-nba\/les-lakers-en-pleine-ascension\/#primaryimage\",\"url\":\"https:\/\/theplayoffs.news\/fr\/wp-content\/uploads\/2025\/03\/USATSI_25566084.jpg\",\"contentUrl\":\"https:\/\/theplayoffs.news\/fr\/wp-content\/uploads\/2025\/03\/USATSI_25566084.jpg\",\"width\":1920,\"height\":1233,\"caption\":\"Mar 2, 2025; Los Angeles, California, USA; Los Angeles Lakers forward LeBron James (23) and guard Luka Doncic (77) react after a play during the first quarter against the LA Clippers at Crypto.com Arena. Mandatory Credit: Jason Parkhurst-Imagn Images\"},{\"@type\":\"BreadcrumbList\",\"@id\":\"https:\/\/theplayoffs.news\/fr\/actualite-nba\/les-lakers-en-pleine-ascension\/#breadcrumb\",\"itemListElement\":[{\"@type\":\"ListItem\",\"position\":1,\"name\":\"Accueil\",\"item\":\"https:\/\/theplayoffs.news\/fr\/\"},{\"@type\":\"ListItem\",\"position\":2,\"name\":\"Les Lakers en pleine ascension\"}]},{\"@type\":\"WebSite\",\"@id\":\"https:\/\/theplayoffs.news\/fr\/#website\",\"url\":\"https:\/\/theplayoffs.news\/fr\/\",\"name\":\"The Playoffs FR\",\"description\":\"NBA-NFL-NHL-MLB\",\"potentialAction\":[{\"@type\":\"SearchAction\",\"target\":{\"@type\":\"EntryPoint\",\"urlTemplate\":\"https:\/\/theplayoffs.news\/fr\/?s={search_term_string}\"},\"query-input\":{\"@type\":\"PropertyValueSpecification\",\"valueRequired\":true,\"valueName\":\"search_term_string\"}}],\"inLanguage\":\"fr-FR\"},{\"@type\":\"Person\",\"@id\":\"https:\/\/theplayoffs.news\/fr\/#\/schema\/person\/2bc470c6a49f4f6229a67af19c87a732\",\"name\":\"Elian Goethals\",\"image\":{\"@type\":\"ImageObject\",\"inLanguage\":\"fr-FR\",\"@id\":\"https:\/\/theplayoffs.news\/fr\/#\/schema\/person\/image\/\",\"url\":\"https:\/\/secure.gravatar.com\/avatar\/293e2e649a094756005b611f6122ac1a95e95d453dbfe74b9d434b39855927f6?s=96&d=mm&r=g\",\"contentUrl\":\"https:\/\/secure.gravatar.com\/avatar\/293e2e649a094756005b611f6122ac1a95e95d453dbfe74b9d434b39855927f6?s=96&d=mm&r=g\",\"caption\":\"Elian Goethals\"},\"description\":\"Je suis sp\u00e9cialis\u00e9 dans la r\u00e9daction d\\\\'articles NBA et je suis un grand fan de basket am\u00e9ricain depuis toujours. Cela fait 20 ans que je joue au basket, et mon exp\u00e9rience sur les terrains me permet d\\\\'avoir une analyse approfondie des matchs. J\u2019ai d\u2019abord fait partie d\u2019autres m\u00e9dias sportifs en tant que b\u00e9n\u00e9vole avant de rejoindre ThePlayoffs en janvier. Je termine \u00e9galement un master en \u00e9tudes internationales. Ce que je pr\u00e9f\u00e8re dans mon travail, c\u2019est de transformer ma passion en m\u00e9tier et de partager avec vous l\u2019information NBA. J\u2019essaie de produire un contenu de qualit\u00e9 en esp\u00e9rant qu\u2019il vous plaise !\",\"sameAs\":[\"https:\/\/www.linkedin.com\/in\/elian-goethals-729b71200\/\",\"https:\/\/x.com\/x.com\/elidwight\"],\"url\":\"https:\/\/theplayoffs.news\/fr\/author\/elian\/\"}]}<\/script>\n<!-- \/ Yoast SEO plugin. -->","yoast_head_json":{"title":"Les Lakers en pleine ascension","description":"Apr&egrave;s leur victoire dimanche soir face aux Clippers, les Lakers sont pass&eacute;s deuxi&egrave;mes de la Conf&eacute;rence Ouest.","robots":{"index":"index","follow":"follow","max-snippet":"max-snippet:-1","max-image-preview":"max-image-preview:large","max-video-preview":"max-video-preview:-1"},"canonical":"https:\/\/theplayoffs.news\/fr\/actualite-nba\/les-lakers-en-pleine-ascension\/","og_locale":"fr_FR","og_type":"article","og_title":"Les Lakers en pleine ascension","og_description":"Apr&egrave;s leur victoire dimanche soir face aux Clippers, les Lakers sont pass&eacute;s deuxi&egrave;mes de la Conf&eacute;rence Ouest.","og_url":"https:\/\/theplayoffs.news\/fr\/actualite-nba\/les-lakers-en-pleine-ascension\/","og_site_name":"The Playoffs FR","article_publisher":"https:\/\/www.facebook.com\/TheFreeAgentFR\/","article_modified_time":"2025-03-03T10:39:38+00:00","og_image":[{"width":1920,"height":1233,"url":"https:\/\/theplayoffs.news\/fr\/wp-content\/uploads\/2025\/03\/USATSI_25566084.jpg","type":"image\/jpeg"}],"author":"Elian Goethals","twitter_card":"summary_large_image","twitter_creator":"@x.com\/elidwight","twitter_site":"@TheFreeAgentFR","twitter_misc":{"\u00c9crit par":"Elian Goethals","Dur\u00e9e de lecture estim\u00e9e":"2 minutes"},"schema":{"@context":"https:\/\/schema.org","@graph":[{"@type":"WebPage","@id":"https:\/\/theplayoffs.news\/fr\/actualite-nba\/les-lakers-en-pleine-ascension\/","url":"https:\/\/theplayoffs.news\/fr\/actualite-nba\/les-lakers-en-pleine-ascension\/","name":"Les Lakers en pleine ascension","isPartOf":{"@id":"https:\/\/theplayoffs.news\/fr\/#website"},"primaryImageOfPage":{"@id":"https:\/\/theplayoffs.news\/fr\/actualite-nba\/les-lakers-en-pleine-ascension\/#primaryimage"},"image":{"@id":"https:\/\/theplayoffs.news\/fr\/actualite-nba\/les-lakers-en-pleine-ascension\/#primaryimage"},"thumbnailUrl":"https:\/\/theplayoffs.news\/fr\/wp-content\/uploads\/2025\/03\/USATSI_25566084.jpg","datePublished":"2025-03-03T10:39:13+00:00","dateModified":"2025-03-03T10:39:38+00:00","author":{"@id":"https:\/\/theplayoffs.news\/fr\/#\/schema\/person\/2bc470c6a49f4f6229a67af19c87a732"},"description":"Apr\u00e8s leur victoire dimanche soir face aux Clippers, les Lakers sont pass\u00e9s deuxi\u00e8mes de la Conf\u00e9rence Ouest.","breadcrumb":{"@id":"https:\/\/theplayoffs.news\/fr\/actualite-nba\/les-lakers-en-pleine-ascension\/#breadcrumb"},"inLanguage":"fr-FR","potentialAction":[{"@type":"ReadAction","target":["https:\/\/theplayoffs.news\/fr\/actualite-nba\/les-lakers-en-pleine-ascension\/"]}]},{"@type":"ImageObject","inLanguage":"fr-FR","@id":"https:\/\/theplayoffs.news\/fr\/actualite-nba\/les-lakers-en-pleine-ascension\/#primaryimage","url":"https:\/\/theplayoffs.news\/fr\/wp-content\/uploads\/2025\/03\/USATSI_25566084.jpg","contentUrl":"https:\/\/theplayoffs.news\/fr\/wp-content\/uploads\/2025\/03\/USATSI_25566084.jpg","width":1920,"height":1233,"caption":"Mar 2, 2025; Los Angeles, California, USA; Los Angeles Lakers forward LeBron James (23) and guard Luka Doncic (77) react after a play during the first quarter against the LA Clippers at Crypto.com Arena. Mandatory Credit: Jason Parkhurst-Imagn Images"},{"@type":"BreadcrumbList","@id":"https:\/\/theplayoffs.news\/fr\/actualite-nba\/les-lakers-en-pleine-ascension\/#breadcrumb","itemListElement":[{"@type":"ListItem","position":1,"name":"Accueil","item":"https:\/\/theplayoffs.news\/fr\/"},{"@type":"ListItem","position":2,"name":"Les Lakers en pleine ascension"}]},{"@type":"WebSite","@id":"https:\/\/theplayoffs.news\/fr\/#website","url":"https:\/\/theplayoffs.news\/fr\/","name":"The Playoffs FR","description":"NBA-NFL-NHL-MLB","potentialAction":[{"@type":"SearchAction","target":{"@type":"EntryPoint","urlTemplate":"https:\/\/theplayoffs.news\/fr\/?s={search_term_string}"},"query-input":{"@type":"PropertyValueSpecification","valueRequired":true,"valueName":"search_term_string"}}],"inLanguage":"fr-FR"},{"@type":"Person","@id":"https:\/\/theplayoffs.news\/fr\/#\/schema\/person\/2bc470c6a49f4f6229a67af19c87a732","name":"Elian Goethals","image":{"@type":"ImageObject","inLanguage":"fr-FR","@id":"https:\/\/theplayoffs.news\/fr\/#\/schema\/person\/image\/","url":"https:\/\/secure.gravatar.com\/avatar\/293e2e649a094756005b611f6122ac1a95e95d453dbfe74b9d434b39855927f6?s=96&d=mm&r=g","contentUrl":"https:\/\/secure.gravatar.com\/avatar\/293e2e649a094756005b611f6122ac1a95e95d453dbfe74b9d434b39855927f6?s=96&d=mm&r=g","caption":"Elian Goethals"},"description":"Je suis sp\u00e9cialis\u00e9 dans la r\u00e9daction d\\'articles NBA et je suis un grand fan de basket am\u00e9ricain depuis toujours. Cela fait 20 ans que je joue au basket, et mon exp\u00e9rience sur les terrains me permet d\\'avoir une analyse approfondie des matchs. J\u2019ai d\u2019abord fait partie d\u2019autres m\u00e9dias sportifs en tant que b\u00e9n\u00e9vole avant de rejoindre ThePlayoffs en janvier. Je termine \u00e9galement un master en \u00e9tudes internationales. Ce que je pr\u00e9f\u00e8re dans mon travail, c\u2019est de transformer ma passion en m\u00e9tier et de partager avec vous l\u2019information NBA. J\u2019essaie de produire un contenu de qualit\u00e9 en esp\u00e9rant qu\u2019il vous plaise !","sameAs":["https:\/\/www.linkedin.com\/in\/elian-goethals-729b71200\/","https:\/\/x.com\/x.com\/elidwight"],"url":"https:\/\/theplayoffs.news\/fr\/author\/elian\/"}]}},"_links":{"self":[{"href":"https:\/\/theplayoffs.news\/fr\/wp-json\/wp\/v2\/posts\/1483125","targetHints":{"allow":["GET"]}}],"collection":[{"href":"https:\/\/theplayoffs.news\/fr\/wp-json\/wp\/v2\/posts"}],"about":[{"href":"https:\/\/theplayoffs.news\/fr\/wp-json\/wp\/v2\/types\/post"}],"author":[{"embeddable":true,"href":"https:\/\/theplayoffs.news\/fr\/wp-json\/wp\/v2\/users\/180310268"}],"replies":[{"embeddable":true,"href":"https:\/\/theplayoffs.news\/fr\/wp-json\/wp\/v2\/comments?post=1483125"}],"version-history":[{"count":2,"href":"https:\/\/theplayoffs.news\/fr\/wp-json\/wp\/v2\/posts\/1483125\/revisions"}],"predecessor-version":[{"id":1483131,"href":"https:\/\/theplayoffs.news\/fr\/wp-json\/wp\/v2\/posts\/1483125\/revisions\/1483131"}],"wp:featuredmedia":[{"embeddable":true,"href":"https:\/\/theplayoffs.news\/fr\/wp-json\/wp\/v2\/media\/1483128"}],"wp:attachment":[{"href":"https:\/\/theplayoffs.news\/fr\/wp-json\/wp\/v2\/media?parent=1483125"}],"wp:term":[{"taxonomy":"category","embeddable":true,"href":"https:\/\/theplayoffs.news\/fr\/wp-json\/wp\/v2\/categories?post=1483125"},{"taxonomy":"post_tag","embeddable":true,"href":"https:\/\/theplayoffs.news\/fr\/wp-json\/wp\/v2\/tags?post=1483125"},{"taxonomy":"sport","embeddable":true,"href":"https:\/\/theplayoffs.news\/fr\/wp-json\/wp\/v2\/sport?post=1483125"},{"taxonomy":"saison","embeddable":true,"href":"https:\/\/theplayoffs.news\/fr\/wp-json\/wp\/v2\/saison?post=1483125"}],"curies":[{"name":"wp","href":"https:\/\/api.w.org\/{rel}","templated":true}]}}