{"id":1483113,"date":"2025-03-03T10:37:00","date_gmt":"2025-03-03T09:37:00","guid":{"rendered":"https:\/\/theplayoffs.news\/fr\/uncategorized\/\/"},"modified":"2025-03-03T10:38:17","modified_gmt":"2025-03-03T09:38:17","slug":"operation-de-jalen-suggs-quel-avenir-pour-le-magic","status":"publish","type":"post","link":"https:\/\/theplayoffs.news\/fr\/actualite-nba\/operation-de-jalen-suggs-quel-avenir-pour-le-magic\/","title":{"rendered":"Op\u00e9ration de Jalen Suggs : quel avenir pour le Magic ?"},"content":{"rendered":"<p><strong>Cette saison, le Magic n&rsquo;a pas &eacute;t&eacute; &eacute;pargn&eacute; par les blessures, et la situation ne s&rsquo;am&eacute;liore pas. Jalen Suggs devra subir une chirurgie arthroscopique pour retirer des fragments de cartilage de son genou gauche et sera absent de mani&egrave;re ind&eacute;finie.<\/strong><\/p><p>Apr&egrave;s une nouvelle d&eacute;faite dimanche soir face aux <strong>Raptors<\/strong>, <strong>Orlando <\/strong>occupe la 8e place de la conf&eacute;rence Est avec un bilan de 29 victoires pour 33 d&eacute;faites. <strong>Jalen Suggs<\/strong> fait partie des &eacute;l&eacute;ments cl&eacute;s de la <strong>franchise floridienne<\/strong>. Sur les 25 matchs manqu&eacute;s par le <strong>5e choix de la draft 2021<\/strong>, <strong>Orlando <\/strong>affiche un bilan de<strong> 7 victoires pour 18 d&eacute;faites<\/strong>. Le retour de <strong>Suggs<\/strong> sur les parquets reste incertain et d&eacute;pendra de sa r&eacute;action &agrave; l&rsquo;op&eacute;ration. En attendant, le <strong>Magic<\/strong> doit lutter pour conserver une place en playoffs. Cette saison, <strong>l&rsquo;ancien de Gonzaga <\/strong>tourne &agrave; 16,2 points, 4,0 rebonds et 3,7 passes d&eacute;cisives en 35 matchs disput&eacute;s. Une<strong> belle progression<\/strong> par rapport &agrave; la saison derni&egrave;re, o&ugrave; le natif de Saint Paul dans le <strong>Minnesota<\/strong> avait enregistr&eacute; 12,6 points, 3,1 rebonds et 2,7 passes d&eacute;cisives.<\/p><blockquote class=\"twitter-tweet\"><p lang=\"en\" dir=\"ltr\">Orlando Magic guard Jalen Suggs will undergo arthroscopic surgery to remove a cartilage fragment in his left knee and is out indefinitely, sources tell ESPN. His return will be based on rehab and he is expected to make a full recovery. <a href=\"https:\/\/t.co\/kVRWUDfDNP\" class=\"trk-cta-link\" data-cta-trk='{\"ctaType\":\"Link\",\"ctaSubType\":\"main\"}'>pic.twitter.com\/kVRWUDfDNP<\/a><\/p>&mdash; Shams Charania (@ShamsCharania) <a href=\"https:\/\/twitter.com\/ShamsCharania\/status\/1896262352833790068?ref_src=twsrc%5Etfw\" class=\"trk-cta-link\" data-cta-trk='{\"ctaType\":\"Link\",\"ctaSubType\":\"main\"}'>March 2, 2025<\/a><\/blockquote><script async src=\"https:\/\/platform.twitter.com\/widgets.js\" charset=\"utf-8\"><\/script><p><strong>Lire aussi :<\/strong><\/p><p><a href=\"https:\/\/theplayoffs.news\/fr\/actualite-nba\/resultats-nba-02-03-boston-surclasse-denver-anthony-edwards-ecrase-phoenix\/\" class=\"trk-cta-link\" data-cta-trk='{\"ctaType\":\"Link\",\"ctaSubType\":\"main\"}'>R&eacute;sultats NBA (02\/03) : Boston surclasse Denver !<\/a><\/p><p><a href=\"https:\/\/theplayoffs.news\/fr\/actualite-nba\/les-warriors-surpris-par-les-76ers\/\" class=\"trk-cta-link\" data-cta-trk='{\"ctaType\":\"Link\",\"ctaSubType\":\"main\"}'>Les Warriors surpris par les 76ers &ndash; The Playoffs<\/a><\/p><h2 class=\"wp-block-heading\">Quelle suite pour Orlando ? <\/h2><p>L&rsquo;&eacute;quipe de <strong>Jamahl Mosley<\/strong> pourra n&eacute;anmoins compter sur ses deux stars, <strong>Franz Wagner <\/strong>et<strong> Paolo Banchero<\/strong>, respectivement auteurs de 25 et 23 points lors de la d&eacute;faite contre les<strong> Raptors<\/strong>. Apr&egrave;s une 5e place au terme de la saison pr&eacute;c&eacute;dente et une &eacute;limination d&egrave;s le premier tour des <strong>playoffs<\/strong> face aux <strong>Cavs<\/strong> apr&egrave;s une s&eacute;rie en<strong> 7 matchs<\/strong>, <strong>Orlando <\/strong>esp&eacute;rait mieux cette ann&eacute;e. Cependant, les blessures &agrave; r&eacute;p&eacute;tition des<strong> cadres <\/strong>ont perturb&eacute; le rythme de l&rsquo;&eacute;quipe. Apr&egrave;s trois revers cons&eacute;cutifs, la <strong>6e place<\/strong>, synonyme de qualification directe en <strong>playoffs<\/strong>, semble de plus en plus <strong>inaccessible<\/strong>.<\/p><p>Prochaine &eacute;tape pour le <strong>Magic<\/strong> : la r&eacute;ception de <strong>Toronto<\/strong> en guise de revanche, avant d&rsquo;affronter les <strong>Bulls<\/strong>.<\/p><p><strong>Cr&eacute;dit photo :&nbsp;<\/strong>Mike Watters-Imagn Images<\/p>\n","protected":false},"excerpt":{"rendered":"<p>Le joueur du Orlando Magic, Jalen Suggs, va subir une op\u00e9ration, le rendant incertain pour le reste de la saison NBA.<\/p>\n","protected":false},"author":180310268,"featured_media":1483115,"comment_status":"closed","ping_status":"closed","sticky":false,"template":"","format":"standard","meta":{"inline_featured_image":false,"kia_subtitle":"Le joueur du Orlando Magic, Jalen Suggs, va subir une op\u00e9ration, le rendant incertain pour le reste de la saison NBA.","_mux_skip_reasons":[],"proofreadBy":0,"footnotes":""},"categories":[110,10],"tags":[2749,2501,23,775,4265],"sport":[2783],"saison":[],"class_list":["post-1483113","post","type-post","status-publish","format-standard","has-post-thumbnail","hentry","category-actualite-nba","category-nba","tag-franz-wagner","tag-jalen-suggs","tag-nba-tag","tag-orlando-magic","tag-paolo-banchero","sport-nba"],"acf":[],"yoast_head":"<!-- This site is optimized with the Yoast SEO plugin v24.2 - https:\/\/yoast.com\/wordpress\/plugins\/seo\/ -->\n<title>Op&eacute;ration de Jalen Suggs : quel avenir pour le Magic ?<\/title>\n<meta name=\"description\" content=\"Le joueur du Orlando Magic, Jalen Suggs, va subir une op&eacute;ration, le rendant incertain pour le reste de la saison NBA.\" \/>\n<meta name=\"robots\" content=\"index, follow, max-snippet:-1, max-image-preview:large, max-video-preview:-1\" \/>\n<link rel=\"canonical\" href=\"https:\/\/theplayoffs.news\/fr\/actualite-nba\/operation-de-jalen-suggs-quel-avenir-pour-le-magic\/\" \/>\n<meta property=\"og:locale\" content=\"fr_FR\" \/>\n<meta property=\"og:type\" content=\"article\" \/>\n<meta property=\"og:title\" content=\"Op&eacute;ration de Jalen Suggs : quel avenir pour le Magic ?\" \/>\n<meta property=\"og:description\" content=\"Le joueur du Orlando Magic, Jalen Suggs, va subir une op&eacute;ration, le rendant incertain pour le reste de la saison NBA.\" \/>\n<meta property=\"og:url\" content=\"https:\/\/theplayoffs.news\/fr\/actualite-nba\/operation-de-jalen-suggs-quel-avenir-pour-le-magic\/\" \/>\n<meta property=\"og:site_name\" content=\"The Playoffs FR\" \/>\n<meta property=\"article:publisher\" content=\"https:\/\/www.facebook.com\/TheFreeAgentFR\/\" \/>\n<meta property=\"article:modified_time\" content=\"2025-03-03T10:38:17+01:00\" \/>\n<meta property=\"og:image\" content=\"https:\/\/theplayoffs.news\/fr\/wp-content\/uploads\/2025\/03\/USATSI_25267781.jpg\" \/>\n\t<meta property=\"og:image:width\" content=\"1920\" \/>\n\t<meta property=\"og:image:height\" content=\"1280\" \/>\n\t<meta property=\"og:image:type\" content=\"image\/jpeg\" \/>\n<meta name=\"author\" content=\"Elian Goethals\" \/>\n<meta name=\"twitter:card\" content=\"summary_large_image\" \/>\n<meta name=\"twitter:creator\" content=\"@x.com\/elidwight\" \/>\n<meta name=\"twitter:site\" content=\"@TheFreeAgentFR\" \/>\n<meta name=\"twitter:label1\" content=\"\u00c9crit par\" \/>\n\t<meta name=\"twitter:data1\" content=\"Elian Goethals\" \/>\n\t<meta name=\"twitter:label2\" content=\"Dur\u00e9e de lecture estim\u00e9e\" \/>\n\t<meta name=\"twitter:data2\" content=\"2 minutes\" \/>\n<script type=\"application\/ld+json\" class=\"yoast-schema-graph\">{\"@context\":\"https:\/\/schema.org\",\"@graph\":[{\"@type\":\"WebPage\",\"@id\":\"https:\/\/theplayoffs.news\/fr\/actualite-nba\/operation-de-jalen-suggs-quel-avenir-pour-le-magic\/\",\"url\":\"https:\/\/theplayoffs.news\/fr\/actualite-nba\/operation-de-jalen-suggs-quel-avenir-pour-le-magic\/\",\"name\":\"Op\u00e9ration de Jalen Suggs : quel avenir pour le Magic ?\",\"isPartOf\":{\"@id\":\"https:\/\/theplayoffs.news\/fr\/#website\"},\"primaryImageOfPage\":{\"@id\":\"https:\/\/theplayoffs.news\/fr\/actualite-nba\/operation-de-jalen-suggs-quel-avenir-pour-le-magic\/#primaryimage\"},\"image\":{\"@id\":\"https:\/\/theplayoffs.news\/fr\/actualite-nba\/operation-de-jalen-suggs-quel-avenir-pour-le-magic\/#primaryimage\"},\"thumbnailUrl\":\"https:\/\/theplayoffs.news\/fr\/wp-content\/uploads\/2025\/03\/USATSI_25267781.jpg\",\"datePublished\":\"2025-03-03T09:37:00+00:00\",\"dateModified\":\"2025-03-03T09:38:17+00:00\",\"author\":{\"@id\":\"https:\/\/theplayoffs.news\/fr\/#\/schema\/person\/2bc470c6a49f4f6229a67af19c87a732\"},\"description\":\"Le joueur du Orlando Magic, Jalen Suggs, va subir une op\u00e9ration, le rendant incertain pour le reste de la saison NBA.\",\"breadcrumb\":{\"@id\":\"https:\/\/theplayoffs.news\/fr\/actualite-nba\/operation-de-jalen-suggs-quel-avenir-pour-le-magic\/#breadcrumb\"},\"inLanguage\":\"fr-FR\",\"potentialAction\":[{\"@type\":\"ReadAction\",\"target\":[\"https:\/\/theplayoffs.news\/fr\/actualite-nba\/operation-de-jalen-suggs-quel-avenir-pour-le-magic\/\"]}]},{\"@type\":\"ImageObject\",\"inLanguage\":\"fr-FR\",\"@id\":\"https:\/\/theplayoffs.news\/fr\/actualite-nba\/operation-de-jalen-suggs-quel-avenir-pour-le-magic\/#primaryimage\",\"url\":\"https:\/\/theplayoffs.news\/fr\/wp-content\/uploads\/2025\/03\/USATSI_25267781.jpg\",\"contentUrl\":\"https:\/\/theplayoffs.news\/fr\/wp-content\/uploads\/2025\/03\/USATSI_25267781.jpg\",\"width\":1920,\"height\":1280,\"caption\":\"Jan 25, 2025; Orlando, Florida, USA; Orlando Magic guard Jalen Suggs (4) warms up before the game against the Detroit Pistons at Kia Center. Mandatory Credit: Mike Watters-Imagn Images\"},{\"@type\":\"BreadcrumbList\",\"@id\":\"https:\/\/theplayoffs.news\/fr\/actualite-nba\/operation-de-jalen-suggs-quel-avenir-pour-le-magic\/#breadcrumb\",\"itemListElement\":[{\"@type\":\"ListItem\",\"position\":1,\"name\":\"Accueil\",\"item\":\"https:\/\/theplayoffs.news\/fr\/\"},{\"@type\":\"ListItem\",\"position\":2,\"name\":\"Op\u00e9ration de Jalen Suggs : quel avenir pour le Magic ?\"}]},{\"@type\":\"WebSite\",\"@id\":\"https:\/\/theplayoffs.news\/fr\/#website\",\"url\":\"https:\/\/theplayoffs.news\/fr\/\",\"name\":\"The Playoffs FR\",\"description\":\"NBA-NFL-NHL-MLB\",\"potentialAction\":[{\"@type\":\"SearchAction\",\"target\":{\"@type\":\"EntryPoint\",\"urlTemplate\":\"https:\/\/theplayoffs.news\/fr\/?s={search_term_string}\"},\"query-input\":{\"@type\":\"PropertyValueSpecification\",\"valueRequired\":true,\"valueName\":\"search_term_string\"}}],\"inLanguage\":\"fr-FR\"},{\"@type\":\"Person\",\"@id\":\"https:\/\/theplayoffs.news\/fr\/#\/schema\/person\/2bc470c6a49f4f6229a67af19c87a732\",\"name\":\"Elian Goethals\",\"image\":{\"@type\":\"ImageObject\",\"inLanguage\":\"fr-FR\",\"@id\":\"https:\/\/theplayoffs.news\/fr\/#\/schema\/person\/image\/\",\"url\":\"https:\/\/secure.gravatar.com\/avatar\/293e2e649a094756005b611f6122ac1a95e95d453dbfe74b9d434b39855927f6?s=96&d=mm&r=g\",\"contentUrl\":\"https:\/\/secure.gravatar.com\/avatar\/293e2e649a094756005b611f6122ac1a95e95d453dbfe74b9d434b39855927f6?s=96&d=mm&r=g\",\"caption\":\"Elian Goethals\"},\"description\":\"Je suis sp\u00e9cialis\u00e9 dans la r\u00e9daction d\\\\'articles NBA et je suis un grand fan de basket am\u00e9ricain depuis toujours. Cela fait 20 ans que je joue au basket, et mon exp\u00e9rience sur les terrains me permet d\\\\'avoir une analyse approfondie des matchs. J\u2019ai d\u2019abord fait partie d\u2019autres m\u00e9dias sportifs en tant que b\u00e9n\u00e9vole avant de rejoindre ThePlayoffs en janvier. Je termine \u00e9galement un master en \u00e9tudes internationales. Ce que je pr\u00e9f\u00e8re dans mon travail, c\u2019est de transformer ma passion en m\u00e9tier et de partager avec vous l\u2019information NBA. J\u2019essaie de produire un contenu de qualit\u00e9 en esp\u00e9rant qu\u2019il vous plaise !\",\"sameAs\":[\"https:\/\/www.linkedin.com\/in\/elian-goethals-729b71200\/\",\"https:\/\/x.com\/x.com\/elidwight\"],\"url\":\"https:\/\/theplayoffs.news\/fr\/author\/elian\/\"}]}<\/script>\n<!-- \/ Yoast SEO plugin. -->","yoast_head_json":{"title":"Op&eacute;ration de Jalen Suggs : quel avenir pour le Magic ?","description":"Le joueur du Orlando Magic, Jalen Suggs, va subir une op&eacute;ration, le rendant incertain pour le reste de la saison NBA.","robots":{"index":"index","follow":"follow","max-snippet":"max-snippet:-1","max-image-preview":"max-image-preview:large","max-video-preview":"max-video-preview:-1"},"canonical":"https:\/\/theplayoffs.news\/fr\/actualite-nba\/operation-de-jalen-suggs-quel-avenir-pour-le-magic\/","og_locale":"fr_FR","og_type":"article","og_title":"Op&eacute;ration de Jalen Suggs : quel avenir pour le Magic ?","og_description":"Le joueur du Orlando Magic, Jalen Suggs, va subir une op&eacute;ration, le rendant incertain pour le reste de la saison NBA.","og_url":"https:\/\/theplayoffs.news\/fr\/actualite-nba\/operation-de-jalen-suggs-quel-avenir-pour-le-magic\/","og_site_name":"The Playoffs FR","article_publisher":"https:\/\/www.facebook.com\/TheFreeAgentFR\/","article_modified_time":"2025-03-03T09:38:17+00:00","og_image":[{"width":1920,"height":1280,"url":"https:\/\/theplayoffs.news\/fr\/wp-content\/uploads\/2025\/03\/USATSI_25267781.jpg","type":"image\/jpeg"}],"author":"Elian Goethals","twitter_card":"summary_large_image","twitter_creator":"@x.com\/elidwight","twitter_site":"@TheFreeAgentFR","twitter_misc":{"\u00c9crit par":"Elian Goethals","Dur\u00e9e de lecture estim\u00e9e":"2 minutes"},"schema":{"@context":"https:\/\/schema.org","@graph":[{"@type":"WebPage","@id":"https:\/\/theplayoffs.news\/fr\/actualite-nba\/operation-de-jalen-suggs-quel-avenir-pour-le-magic\/","url":"https:\/\/theplayoffs.news\/fr\/actualite-nba\/operation-de-jalen-suggs-quel-avenir-pour-le-magic\/","name":"Op\u00e9ration de Jalen Suggs : quel avenir pour le Magic ?","isPartOf":{"@id":"https:\/\/theplayoffs.news\/fr\/#website"},"primaryImageOfPage":{"@id":"https:\/\/theplayoffs.news\/fr\/actualite-nba\/operation-de-jalen-suggs-quel-avenir-pour-le-magic\/#primaryimage"},"image":{"@id":"https:\/\/theplayoffs.news\/fr\/actualite-nba\/operation-de-jalen-suggs-quel-avenir-pour-le-magic\/#primaryimage"},"thumbnailUrl":"https:\/\/theplayoffs.news\/fr\/wp-content\/uploads\/2025\/03\/USATSI_25267781.jpg","datePublished":"2025-03-03T09:37:00+00:00","dateModified":"2025-03-03T09:38:17+00:00","author":{"@id":"https:\/\/theplayoffs.news\/fr\/#\/schema\/person\/2bc470c6a49f4f6229a67af19c87a732"},"description":"Le joueur du Orlando Magic, Jalen Suggs, va subir une op\u00e9ration, le rendant incertain pour le reste de la saison NBA.","breadcrumb":{"@id":"https:\/\/theplayoffs.news\/fr\/actualite-nba\/operation-de-jalen-suggs-quel-avenir-pour-le-magic\/#breadcrumb"},"inLanguage":"fr-FR","potentialAction":[{"@type":"ReadAction","target":["https:\/\/theplayoffs.news\/fr\/actualite-nba\/operation-de-jalen-suggs-quel-avenir-pour-le-magic\/"]}]},{"@type":"ImageObject","inLanguage":"fr-FR","@id":"https:\/\/theplayoffs.news\/fr\/actualite-nba\/operation-de-jalen-suggs-quel-avenir-pour-le-magic\/#primaryimage","url":"https:\/\/theplayoffs.news\/fr\/wp-content\/uploads\/2025\/03\/USATSI_25267781.jpg","contentUrl":"https:\/\/theplayoffs.news\/fr\/wp-content\/uploads\/2025\/03\/USATSI_25267781.jpg","width":1920,"height":1280,"caption":"Jan 25, 2025; Orlando, Florida, USA; Orlando Magic guard Jalen Suggs (4) warms up before the game against the Detroit Pistons at Kia Center. Mandatory Credit: Mike Watters-Imagn Images"},{"@type":"BreadcrumbList","@id":"https:\/\/theplayoffs.news\/fr\/actualite-nba\/operation-de-jalen-suggs-quel-avenir-pour-le-magic\/#breadcrumb","itemListElement":[{"@type":"ListItem","position":1,"name":"Accueil","item":"https:\/\/theplayoffs.news\/fr\/"},{"@type":"ListItem","position":2,"name":"Op\u00e9ration de Jalen Suggs : quel avenir pour le Magic ?"}]},{"@type":"WebSite","@id":"https:\/\/theplayoffs.news\/fr\/#website","url":"https:\/\/theplayoffs.news\/fr\/","name":"The Playoffs FR","description":"NBA-NFL-NHL-MLB","potentialAction":[{"@type":"SearchAction","target":{"@type":"EntryPoint","urlTemplate":"https:\/\/theplayoffs.news\/fr\/?s={search_term_string}"},"query-input":{"@type":"PropertyValueSpecification","valueRequired":true,"valueName":"search_term_string"}}],"inLanguage":"fr-FR"},{"@type":"Person","@id":"https:\/\/theplayoffs.news\/fr\/#\/schema\/person\/2bc470c6a49f4f6229a67af19c87a732","name":"Elian Goethals","image":{"@type":"ImageObject","inLanguage":"fr-FR","@id":"https:\/\/theplayoffs.news\/fr\/#\/schema\/person\/image\/","url":"https:\/\/secure.gravatar.com\/avatar\/293e2e649a094756005b611f6122ac1a95e95d453dbfe74b9d434b39855927f6?s=96&d=mm&r=g","contentUrl":"https:\/\/secure.gravatar.com\/avatar\/293e2e649a094756005b611f6122ac1a95e95d453dbfe74b9d434b39855927f6?s=96&d=mm&r=g","caption":"Elian Goethals"},"description":"Je suis sp\u00e9cialis\u00e9 dans la r\u00e9daction d\\'articles NBA et je suis un grand fan de basket am\u00e9ricain depuis toujours. Cela fait 20 ans que je joue au basket, et mon exp\u00e9rience sur les terrains me permet d\\'avoir une analyse approfondie des matchs. J\u2019ai d\u2019abord fait partie d\u2019autres m\u00e9dias sportifs en tant que b\u00e9n\u00e9vole avant de rejoindre ThePlayoffs en janvier. Je termine \u00e9galement un master en \u00e9tudes internationales. Ce que je pr\u00e9f\u00e8re dans mon travail, c\u2019est de transformer ma passion en m\u00e9tier et de partager avec vous l\u2019information NBA. J\u2019essaie de produire un contenu de qualit\u00e9 en esp\u00e9rant qu\u2019il vous plaise !","sameAs":["https:\/\/www.linkedin.com\/in\/elian-goethals-729b71200\/","https:\/\/x.com\/x.com\/elidwight"],"url":"https:\/\/theplayoffs.news\/fr\/author\/elian\/"}]}},"_links":{"self":[{"href":"https:\/\/theplayoffs.news\/fr\/wp-json\/wp\/v2\/posts\/1483113","targetHints":{"allow":["GET"]}}],"collection":[{"href":"https:\/\/theplayoffs.news\/fr\/wp-json\/wp\/v2\/posts"}],"about":[{"href":"https:\/\/theplayoffs.news\/fr\/wp-json\/wp\/v2\/types\/post"}],"author":[{"embeddable":true,"href":"https:\/\/theplayoffs.news\/fr\/wp-json\/wp\/v2\/users\/180310268"}],"replies":[{"embeddable":true,"href":"https:\/\/theplayoffs.news\/fr\/wp-json\/wp\/v2\/comments?post=1483113"}],"version-history":[{"count":2,"href":"https:\/\/theplayoffs.news\/fr\/wp-json\/wp\/v2\/posts\/1483113\/revisions"}],"predecessor-version":[{"id":1483117,"href":"https:\/\/theplayoffs.news\/fr\/wp-json\/wp\/v2\/posts\/1483113\/revisions\/1483117"}],"wp:featuredmedia":[{"embeddable":true,"href":"https:\/\/theplayoffs.news\/fr\/wp-json\/wp\/v2\/media\/1483115"}],"wp:attachment":[{"href":"https:\/\/theplayoffs.news\/fr\/wp-json\/wp\/v2\/media?parent=1483113"}],"wp:term":[{"taxonomy":"category","embeddable":true,"href":"https:\/\/theplayoffs.news\/fr\/wp-json\/wp\/v2\/categories?post=1483113"},{"taxonomy":"post_tag","embeddable":true,"href":"https:\/\/theplayoffs.news\/fr\/wp-json\/wp\/v2\/tags?post=1483113"},{"taxonomy":"sport","embeddable":true,"href":"https:\/\/theplayoffs.news\/fr\/wp-json\/wp\/v2\/sport?post=1483113"},{"taxonomy":"saison","embeddable":true,"href":"https:\/\/theplayoffs.news\/fr\/wp-json\/wp\/v2\/saison?post=1483113"}],"curies":[{"name":"wp","href":"https:\/\/api.w.org\/{rel}","templated":true}]}}