{"id":1483090,"date":"2025-03-03T10:30:00","date_gmt":"2025-03-03T09:30:00","guid":{"rendered":"https:\/\/theplayoffs.news\/fr\/uncategorized\/\/"},"modified":"2025-03-03T10:58:23","modified_gmt":"2025-03-03T09:58:23","slug":"doncic-bete-noire-des-clippers","status":"publish","type":"post","link":"https:\/\/theplayoffs.news\/fr\/actualite-nba\/doncic-bete-noire-des-clippers\/","title":{"rendered":"Doncic, b\u00eate noire des Clippers"},"content":{"rendered":"<p>Luka Doncic et les Los Angeles Lakers affrontaient les Clippers, l&rsquo;autre franchise de LA, &agrave; la Crypto.com Arena de Los Angeles, dans la nuit de vendredi &agrave; samedi. Un match serr&eacute;, mais ce sont les Lakers qui l&rsquo;ont emport&eacute;, notamment gr&acirc;ce &agrave; un second quart-temps o&ugrave; ils ont su creuser un &eacute;cart de 6 points (29-35). <\/p><p><a href=\"https:\/\/theplayoffs.news\/fr\/actualite-nba\/luka-doncic-et-kyrie-irving-des-retrouvailles-chargees-en-emotion\/\" class=\"trk-cta-link\" data-cta-trk='{\"ctaType\":\"Link\",\"ctaSubType\":\"main\"}'>Luka Doncic<\/a> a termin&eacute; meilleur marqueur du match avec 31 points. Le num&eacute;ro 77 a &eacute;galement d&eacute;livr&eacute; cinq passes, r&eacute;alis&eacute; trois interceptions et pris deux rebonds. Victoire 102-106 des Lakers.&nbsp;<\/p><p>Le second acte s&rsquo;est d&eacute;roul&eacute; dans la m&ecirc;me salle, dans la nuit de dimanche &agrave; lundi, et a connu une tournure similaire. Des quart-temps moins serr&eacute;s (&agrave; l&rsquo;exception du troisi&egrave;me), &agrave; l&rsquo;avantage de chacune des deux &eacute;quipes, mais une victoire finale de nouveau attribu&eacute;e aux Lakers. <\/p><p>Luka Doncic s&rsquo;est encore montr&eacute; d&eacute;vastateur : 29 points (9 sur 17 aux tirs), 9 passes, 6 rebonds et 2 interceptions pour une victoire 102-108 des Lakers. &laquo; Lors du dernier match, il n&rsquo;y avait qu&rsquo;un type de d&eacute;fense sur moi&hellip; <\/p><p>Mais comme je l&rsquo;ai toujours dit, c&rsquo;est comme jouer aux &eacute;checs, il faut lire la d&eacute;fense et prendre ce qu&rsquo;on vous donne &raquo;, a d&eacute;clar&eacute; Doncic apr&egrave;s le match. Sixi&egrave;me victoire d&rsquo;affil&eacute;e pour Doncic et ses co&eacute;quipiers, qui confirment ainsi leur excellente forme du moment.&nbsp;<\/p><figure class=\"wp-block-embed is-type-rich is-provider-twitter wp-block-embed-twitter\"><div class=\"wp-block-embed__wrapper\">\n<blockquote class=\"twitter-tweet\" data-width=\"500\" data-dnt=\"true\"><p lang=\"en\" dir=\"ltr\">Luka Doncic on his battles with the Clippers over the years:<br><br>&ldquo;I remember last game there was only one coverage with me. But like I always say, it&rsquo;s like playing chess a little bit. You gotta read the defense and take what the defense gives you.&rdquo;<br><br>Is there something extra there&hellip; <a href=\"https:\/\/t.co\/9CWTakiH7C\" class=\"trk-cta-link\" data-cta-trk='{\"ctaType\":\"Link\",\"ctaSubType\":\"main\"}'>pic.twitter.com\/9CWTakiH7C<\/a><\/p>&mdash; Joey Linn (@joeylinn_) <a href=\"https:\/\/twitter.com\/joeylinn_\/status\/1896437882388435420?ref_src=twsrc%5Etfw\" class=\"trk-cta-link\" data-cta-trk='{\"ctaType\":\"Link\",\"ctaSubType\":\"main\"}'>March 3, 2025<\/a><\/blockquote><script async src=\"https:\/\/platform.twitter.com\/widgets.js\" charset=\"utf-8\"><\/script>\n<\/div><\/figure><h2 class=\"wp-block-heading\"><strong>Doncic aime battre les Clippers<\/strong>&nbsp;<\/h2><p>Deux matchs en trois jours face aux Los Angeles Clippers pour Luka Doncic, chacun conclu par une victoire. Une habitude pour le meneur slov&egrave;ne, v&eacute;ritable bourreau de la franchise californienne. Depuis son premier match face aux Clippers, le 20 d&eacute;cembre 2018, le Slov&egrave;ne affiche des moyennes impressionnantes : 32,3 points, 7,9 rebonds et 7,4 passes, pour neuf victoires en onze matchs.&nbsp;<\/p><p>Pour son coach aux Lakers, JJ Redick, la raison de cette r&eacute;ussite est toute trouv&eacute;e. &laquo; Vu le style de jeu de Luka, si vous d&eacute;fendez en &lsquo;drop coverage&rsquo;, vous allez mourir&hellip; Donc les &eacute;quipes montent &agrave; deux sur lui. C&rsquo;est &agrave; nous de mieux r&eacute;agir et de trouver des solutions. C&rsquo;est plus facile lorsqu&rsquo;on a un cinq avec des shooteurs, donc je ne suis pas inquiet. &raquo;&nbsp;<\/p><figure class=\"wp-block-embed is-type-rich is-provider-twitter wp-block-embed-twitter\"><div class=\"wp-block-embed__wrapper\">\n<blockquote class=\"twitter-tweet\" data-width=\"500\" data-dnt=\"true\"><p lang=\"en\" dir=\"ltr\">JJ spitting facts in his postgame presser &#129315;<br><br>\"The nature of playing with Luka Doncic is if you play drop coverage against him, you're going to die.&rdquo;<br><br>(via <a href=\"https:\/\/twitter.com\/ohnohedidnt24?ref_src=twsrc%5Etfw\" class=\"trk-cta-link\" data-cta-trk='{\"ctaType\":\"Link\",\"ctaSubType\":\"main\"}'>@ohnohedidnt24<\/a>)<br><br> <a href=\"https:\/\/t.co\/eXyIkyy7Re\" class=\"trk-cta-link\" data-cta-trk='{\"ctaType\":\"Link\",\"ctaSubType\":\"main\"}'>pic.twitter.com\/eXyIkyy7Re<\/a><\/p>&mdash; Lakers All Day Everyday (@LADEig) <a href=\"https:\/\/twitter.com\/LADEig\/status\/1896432466635927616?ref_src=twsrc%5Etfw\" class=\"trk-cta-link\" data-cta-trk='{\"ctaType\":\"Link\",\"ctaSubType\":\"main\"}'>March 3, 2025<\/a><\/blockquote><script async src=\"https:\/\/platform.twitter.com\/widgets.js\" charset=\"utf-8\"><\/script>\n<\/div><\/figure><p>Avec ces deux victoires, les Los Angeles Lakers pointent &agrave; la deuxi&egrave;me place de la Conf&eacute;rence Ouest, derri&egrave;re l&rsquo;Oklahoma City Thunder. Les Clippers, eux, occupent la sixi&egrave;me place de cette m&ecirc;me conf&eacute;rence.&nbsp;<\/p>\n","protected":false},"excerpt":{"rendered":"<p>Luka Doncic aime jouer face aux Clippers, et il l\u2019a encore prouv\u00e9 ce week-end \u00e0 deux reprises sur le parquet de la Crypto.com Arena \u00e0 Los Angeles. Deux victoires en deux oppositions avec les Lakers, une habitude depuis son arriv\u00e9e dans la ligue avec les Dallas Mavericks.<\/p>\n","protected":false},"author":180310250,"featured_media":1483112,"comment_status":"closed","ping_status":"closed","sticky":false,"template":"","format":"standard","meta":{"inline_featured_image":false,"kia_subtitle":"Luka Doncic aime jouer face aux Clippers, et il l\u2019a encore prouv\u00e9 ce week-end \u00e0 deux reprises sur le parquet de la Crypto.com Arena \u00e0 Los Angeles. Deux victoires en deux oppositions avec les Lakers, une habitude depuis son arriv\u00e9e dans la ligue avec les Dallas Mavericks.","_mux_skip_reasons":[],"proofreadBy":0,"footnotes":""},"categories":[110,10],"tags":[610,117,545],"sport":[2783],"saison":[7475],"class_list":["post-1483090","post","type-post","status-publish","format-standard","has-post-thumbnail","hentry","category-actualite-nba","category-nba","tag-los-angeles-clippers","tag-los-angeles-lakers","tag-luka-doncic","sport-nba","saison-7475"],"acf":[],"yoast_head":"<!-- This site is optimized with the Yoast SEO plugin v24.2 - https:\/\/yoast.com\/wordpress\/plugins\/seo\/ -->\n<title>Doncic, b&ecirc;te noire des Clippers - The Playoffs FR<\/title>\n<meta name=\"description\" content=\"Luka Doncic et les Los Angeles Lakers affrontaient les Clippers, l&rsquo;autre franchise de LA, &agrave; la Crypto.com Arena de Los Angeles,...\" \/>\n<meta name=\"robots\" content=\"index, follow, max-snippet:-1, max-image-preview:large, max-video-preview:-1\" \/>\n<link rel=\"canonical\" href=\"https:\/\/theplayoffs.news\/fr\/actualite-nba\/doncic-bete-noire-des-clippers\/\" \/>\n<meta property=\"og:locale\" content=\"fr_FR\" \/>\n<meta property=\"og:type\" content=\"article\" \/>\n<meta property=\"og:title\" content=\"Doncic, b&ecirc;te noire des Clippers - The Playoffs FR\" \/>\n<meta property=\"og:description\" content=\"Luka Doncic et les Los Angeles Lakers affrontaient les Clippers, l&rsquo;autre franchise de LA, &agrave; la Crypto.com Arena de Los Angeles,...\" \/>\n<meta property=\"og:url\" content=\"https:\/\/theplayoffs.news\/fr\/actualite-nba\/doncic-bete-noire-des-clippers\/\" \/>\n<meta property=\"og:site_name\" content=\"The Playoffs FR\" \/>\n<meta property=\"article:publisher\" content=\"https:\/\/www.facebook.com\/TheFreeAgentFR\/\" \/>\n<meta property=\"article:modified_time\" content=\"2025-03-03T10:58:23+01:00\" \/>\n<meta property=\"og:image\" content=\"https:\/\/theplayoffs.news\/fr\/wp-content\/uploads\/2025\/03\/USATSI_25567054.jpg\" \/>\n\t<meta property=\"og:image:width\" content=\"1920\" \/>\n\t<meta property=\"og:image:height\" content=\"1205\" \/>\n\t<meta property=\"og:image:type\" content=\"image\/jpeg\" \/>\n<meta name=\"author\" content=\"Jean Fabre-Jevanoff\" \/>\n<meta name=\"twitter:card\" content=\"summary_large_image\" \/>\n<meta name=\"twitter:creator\" content=\"@the_jfj_42\" \/>\n<meta name=\"twitter:site\" content=\"@TheFreeAgentFR\" \/>\n<meta name=\"twitter:label1\" content=\"\u00c9crit par\" \/>\n\t<meta name=\"twitter:data1\" content=\"Jean Fabre-Jevanoff\" \/>\n\t<meta name=\"twitter:label2\" content=\"Dur\u00e9e de lecture estim\u00e9e\" \/>\n\t<meta name=\"twitter:data2\" content=\"3 minutes\" \/>\n<script type=\"application\/ld+json\" class=\"yoast-schema-graph\">{\"@context\":\"https:\/\/schema.org\",\"@graph\":[{\"@type\":\"WebPage\",\"@id\":\"https:\/\/theplayoffs.news\/fr\/actualite-nba\/doncic-bete-noire-des-clippers\/\",\"url\":\"https:\/\/theplayoffs.news\/fr\/actualite-nba\/doncic-bete-noire-des-clippers\/\",\"name\":\"Doncic, b\u00eate noire des Clippers - The Playoffs FR\",\"isPartOf\":{\"@id\":\"https:\/\/theplayoffs.news\/fr\/#website\"},\"primaryImageOfPage\":{\"@id\":\"https:\/\/theplayoffs.news\/fr\/actualite-nba\/doncic-bete-noire-des-clippers\/#primaryimage\"},\"image\":{\"@id\":\"https:\/\/theplayoffs.news\/fr\/actualite-nba\/doncic-bete-noire-des-clippers\/#primaryimage\"},\"thumbnailUrl\":\"https:\/\/theplayoffs.news\/fr\/wp-content\/uploads\/2025\/03\/USATSI_25567054.jpg\",\"datePublished\":\"2025-03-03T09:30:00+00:00\",\"dateModified\":\"2025-03-03T09:58:23+00:00\",\"author\":{\"@id\":\"https:\/\/theplayoffs.news\/fr\/#\/schema\/person\/1ea25b88e79fe4fabd657430b0013d3d\"},\"description\":\"Luka Doncic et les Los Angeles Lakers affrontaient les Clippers, l\u2019autre franchise de LA, \u00e0 la Crypto.com Arena de Los Angeles,...\",\"breadcrumb\":{\"@id\":\"https:\/\/theplayoffs.news\/fr\/actualite-nba\/doncic-bete-noire-des-clippers\/#breadcrumb\"},\"inLanguage\":\"fr-FR\",\"potentialAction\":[{\"@type\":\"ReadAction\",\"target\":[\"https:\/\/theplayoffs.news\/fr\/actualite-nba\/doncic-bete-noire-des-clippers\/\"]}]},{\"@type\":\"ImageObject\",\"inLanguage\":\"fr-FR\",\"@id\":\"https:\/\/theplayoffs.news\/fr\/actualite-nba\/doncic-bete-noire-des-clippers\/#primaryimage\",\"url\":\"https:\/\/theplayoffs.news\/fr\/wp-content\/uploads\/2025\/03\/USATSI_25567054.jpg\",\"contentUrl\":\"https:\/\/theplayoffs.news\/fr\/wp-content\/uploads\/2025\/03\/USATSI_25567054.jpg\",\"width\":1920,\"height\":1205,\"caption\":\"Mar 2, 2025; Los Angeles, California, USA; Los Angeles Lakers guard Luka Doncic (77) reacts to a play during the third quarter against the LA Clippers at Crypto.com Arena. Mandatory Credit: Jason Parkhurst-Imagn Images\"},{\"@type\":\"BreadcrumbList\",\"@id\":\"https:\/\/theplayoffs.news\/fr\/actualite-nba\/doncic-bete-noire-des-clippers\/#breadcrumb\",\"itemListElement\":[{\"@type\":\"ListItem\",\"position\":1,\"name\":\"Accueil\",\"item\":\"https:\/\/theplayoffs.news\/fr\/\"},{\"@type\":\"ListItem\",\"position\":2,\"name\":\"Doncic, b\u00eate noire des Clippers\"}]},{\"@type\":\"WebSite\",\"@id\":\"https:\/\/theplayoffs.news\/fr\/#website\",\"url\":\"https:\/\/theplayoffs.news\/fr\/\",\"name\":\"The Playoffs FR\",\"description\":\"NBA-NFL-NHL-MLB\",\"potentialAction\":[{\"@type\":\"SearchAction\",\"target\":{\"@type\":\"EntryPoint\",\"urlTemplate\":\"https:\/\/theplayoffs.news\/fr\/?s={search_term_string}\"},\"query-input\":{\"@type\":\"PropertyValueSpecification\",\"valueRequired\":true,\"valueName\":\"search_term_string\"}}],\"inLanguage\":\"fr-FR\"},{\"@type\":\"Person\",\"@id\":\"https:\/\/theplayoffs.news\/fr\/#\/schema\/person\/1ea25b88e79fe4fabd657430b0013d3d\",\"name\":\"Jean Fabre-Jevanoff\",\"image\":{\"@type\":\"ImageObject\",\"inLanguage\":\"fr-FR\",\"@id\":\"https:\/\/theplayoffs.news\/fr\/#\/schema\/person\/image\/\",\"url\":\"https:\/\/secure.gravatar.com\/avatar\/18b28dab1159eebc6a17b9787eb8cbbe3242c3d0e8b53b89332f6dc1133aa361?s=96&d=mm&r=g\",\"contentUrl\":\"https:\/\/secure.gravatar.com\/avatar\/18b28dab1159eebc6a17b9787eb8cbbe3242c3d0e8b53b89332f6dc1133aa361?s=96&d=mm&r=g\",\"caption\":\"Jean Fabre-Jevanoff\"},\"description\":\"Journaliste polyvalent sur le football am\u00e9ricain, j\u2019\u00e9cris aussi des articles sur le basket. Commentateur sur Twitch et sur YouTube. Pass\u00e9 par Eurosport notamment. Un mix d\u2019Eminem et de OBJ, fan inconditionnel de Patrick Mahomes et Lebron James\",\"sameAs\":[\"https:\/\/www.instagram.com\/_juaniitooo_\",\"https:\/\/www.linkedin.com\/in\/jean-fabre-jevanoff-84bb9b1a9\/\",\"https:\/\/x.com\/the_jfj_42\"],\"url\":\"https:\/\/theplayoffs.news\/fr\/author\/jeanfj42gmail-com\/\"}]}<\/script>\n<!-- \/ Yoast SEO plugin. -->","yoast_head_json":{"title":"Doncic, b&ecirc;te noire des Clippers - The Playoffs FR","description":"Luka Doncic et les Los Angeles Lakers affrontaient les Clippers, l&rsquo;autre franchise de LA, &agrave; la Crypto.com Arena de Los Angeles,...","robots":{"index":"index","follow":"follow","max-snippet":"max-snippet:-1","max-image-preview":"max-image-preview:large","max-video-preview":"max-video-preview:-1"},"canonical":"https:\/\/theplayoffs.news\/fr\/actualite-nba\/doncic-bete-noire-des-clippers\/","og_locale":"fr_FR","og_type":"article","og_title":"Doncic, b&ecirc;te noire des Clippers - The Playoffs FR","og_description":"Luka Doncic et les Los Angeles Lakers affrontaient les Clippers, l&rsquo;autre franchise de LA, &agrave; la Crypto.com Arena de Los Angeles,...","og_url":"https:\/\/theplayoffs.news\/fr\/actualite-nba\/doncic-bete-noire-des-clippers\/","og_site_name":"The Playoffs FR","article_publisher":"https:\/\/www.facebook.com\/TheFreeAgentFR\/","article_modified_time":"2025-03-03T09:58:23+00:00","og_image":[{"width":1920,"height":1205,"url":"https:\/\/theplayoffs.news\/fr\/wp-content\/uploads\/2025\/03\/USATSI_25567054.jpg","type":"image\/jpeg"}],"author":"Jean Fabre-Jevanoff","twitter_card":"summary_large_image","twitter_creator":"@the_jfj_42","twitter_site":"@TheFreeAgentFR","twitter_misc":{"\u00c9crit par":"Jean Fabre-Jevanoff","Dur\u00e9e de lecture estim\u00e9e":"3 minutes"},"schema":{"@context":"https:\/\/schema.org","@graph":[{"@type":"WebPage","@id":"https:\/\/theplayoffs.news\/fr\/actualite-nba\/doncic-bete-noire-des-clippers\/","url":"https:\/\/theplayoffs.news\/fr\/actualite-nba\/doncic-bete-noire-des-clippers\/","name":"Doncic, b\u00eate noire des Clippers - The Playoffs FR","isPartOf":{"@id":"https:\/\/theplayoffs.news\/fr\/#website"},"primaryImageOfPage":{"@id":"https:\/\/theplayoffs.news\/fr\/actualite-nba\/doncic-bete-noire-des-clippers\/#primaryimage"},"image":{"@id":"https:\/\/theplayoffs.news\/fr\/actualite-nba\/doncic-bete-noire-des-clippers\/#primaryimage"},"thumbnailUrl":"https:\/\/theplayoffs.news\/fr\/wp-content\/uploads\/2025\/03\/USATSI_25567054.jpg","datePublished":"2025-03-03T09:30:00+00:00","dateModified":"2025-03-03T09:58:23+00:00","author":{"@id":"https:\/\/theplayoffs.news\/fr\/#\/schema\/person\/1ea25b88e79fe4fabd657430b0013d3d"},"description":"Luka Doncic et les Los Angeles Lakers affrontaient les Clippers, l\u2019autre franchise de LA, \u00e0 la Crypto.com Arena de Los Angeles,...","breadcrumb":{"@id":"https:\/\/theplayoffs.news\/fr\/actualite-nba\/doncic-bete-noire-des-clippers\/#breadcrumb"},"inLanguage":"fr-FR","potentialAction":[{"@type":"ReadAction","target":["https:\/\/theplayoffs.news\/fr\/actualite-nba\/doncic-bete-noire-des-clippers\/"]}]},{"@type":"ImageObject","inLanguage":"fr-FR","@id":"https:\/\/theplayoffs.news\/fr\/actualite-nba\/doncic-bete-noire-des-clippers\/#primaryimage","url":"https:\/\/theplayoffs.news\/fr\/wp-content\/uploads\/2025\/03\/USATSI_25567054.jpg","contentUrl":"https:\/\/theplayoffs.news\/fr\/wp-content\/uploads\/2025\/03\/USATSI_25567054.jpg","width":1920,"height":1205,"caption":"Mar 2, 2025; Los Angeles, California, USA; Los Angeles Lakers guard Luka Doncic (77) reacts to a play during the third quarter against the LA Clippers at Crypto.com Arena. Mandatory Credit: Jason Parkhurst-Imagn Images"},{"@type":"BreadcrumbList","@id":"https:\/\/theplayoffs.news\/fr\/actualite-nba\/doncic-bete-noire-des-clippers\/#breadcrumb","itemListElement":[{"@type":"ListItem","position":1,"name":"Accueil","item":"https:\/\/theplayoffs.news\/fr\/"},{"@type":"ListItem","position":2,"name":"Doncic, b\u00eate noire des Clippers"}]},{"@type":"WebSite","@id":"https:\/\/theplayoffs.news\/fr\/#website","url":"https:\/\/theplayoffs.news\/fr\/","name":"The Playoffs FR","description":"NBA-NFL-NHL-MLB","potentialAction":[{"@type":"SearchAction","target":{"@type":"EntryPoint","urlTemplate":"https:\/\/theplayoffs.news\/fr\/?s={search_term_string}"},"query-input":{"@type":"PropertyValueSpecification","valueRequired":true,"valueName":"search_term_string"}}],"inLanguage":"fr-FR"},{"@type":"Person","@id":"https:\/\/theplayoffs.news\/fr\/#\/schema\/person\/1ea25b88e79fe4fabd657430b0013d3d","name":"Jean Fabre-Jevanoff","image":{"@type":"ImageObject","inLanguage":"fr-FR","@id":"https:\/\/theplayoffs.news\/fr\/#\/schema\/person\/image\/","url":"https:\/\/secure.gravatar.com\/avatar\/18b28dab1159eebc6a17b9787eb8cbbe3242c3d0e8b53b89332f6dc1133aa361?s=96&d=mm&r=g","contentUrl":"https:\/\/secure.gravatar.com\/avatar\/18b28dab1159eebc6a17b9787eb8cbbe3242c3d0e8b53b89332f6dc1133aa361?s=96&d=mm&r=g","caption":"Jean Fabre-Jevanoff"},"description":"Journaliste polyvalent sur le football am\u00e9ricain, j\u2019\u00e9cris aussi des articles sur le basket. Commentateur sur Twitch et sur YouTube. Pass\u00e9 par Eurosport notamment. Un mix d\u2019Eminem et de OBJ, fan inconditionnel de Patrick Mahomes et Lebron James","sameAs":["https:\/\/www.instagram.com\/_juaniitooo_","https:\/\/www.linkedin.com\/in\/jean-fabre-jevanoff-84bb9b1a9\/","https:\/\/x.com\/the_jfj_42"],"url":"https:\/\/theplayoffs.news\/fr\/author\/jeanfj42gmail-com\/"}]}},"_links":{"self":[{"href":"https:\/\/theplayoffs.news\/fr\/wp-json\/wp\/v2\/posts\/1483090","targetHints":{"allow":["GET"]}}],"collection":[{"href":"https:\/\/theplayoffs.news\/fr\/wp-json\/wp\/v2\/posts"}],"about":[{"href":"https:\/\/theplayoffs.news\/fr\/wp-json\/wp\/v2\/types\/post"}],"author":[{"embeddable":true,"href":"https:\/\/theplayoffs.news\/fr\/wp-json\/wp\/v2\/users\/180310250"}],"replies":[{"embeddable":true,"href":"https:\/\/theplayoffs.news\/fr\/wp-json\/wp\/v2\/comments?post=1483090"}],"version-history":[{"count":3,"href":"https:\/\/theplayoffs.news\/fr\/wp-json\/wp\/v2\/posts\/1483090\/revisions"}],"predecessor-version":[{"id":1483121,"href":"https:\/\/theplayoffs.news\/fr\/wp-json\/wp\/v2\/posts\/1483090\/revisions\/1483121"}],"wp:featuredmedia":[{"embeddable":true,"href":"https:\/\/theplayoffs.news\/fr\/wp-json\/wp\/v2\/media\/1483112"}],"wp:attachment":[{"href":"https:\/\/theplayoffs.news\/fr\/wp-json\/wp\/v2\/media?parent=1483090"}],"wp:term":[{"taxonomy":"category","embeddable":true,"href":"https:\/\/theplayoffs.news\/fr\/wp-json\/wp\/v2\/categories?post=1483090"},{"taxonomy":"post_tag","embeddable":true,"href":"https:\/\/theplayoffs.news\/fr\/wp-json\/wp\/v2\/tags?post=1483090"},{"taxonomy":"sport","embeddable":true,"href":"https:\/\/theplayoffs.news\/fr\/wp-json\/wp\/v2\/sport?post=1483090"},{"taxonomy":"saison","embeddable":true,"href":"https:\/\/theplayoffs.news\/fr\/wp-json\/wp\/v2\/saison?post=1483090"}],"curies":[{"name":"wp","href":"https:\/\/api.w.org\/{rel}","templated":true}]}}