{"id":1482936,"date":"2025-03-01T13:16:05","date_gmt":"2025-03-01T12:16:05","guid":{"rendered":"https:\/\/theplayoffs.news\/fr\/uncategorized\/\/"},"modified":"2025-03-01T13:16:13","modified_gmt":"2025-03-01T12:16:13","slug":"carlos-sainz-estime-quil-ny-a-pas-assez-dessais-en-f1","status":"publish","type":"post","link":"https:\/\/theplayoffs.news\/fr\/formule-1\/carlos-sainz-estime-quil-ny-a-pas-assez-dessais-en-f1\/","title":{"rendered":"Carlos Sainz estime qu&rsquo;il n&rsquo;y a pas assez d&rsquo;essais en F1"},"content":{"rendered":"<p>Carlos Sainz, <a href=\"https:\/\/theplayoffs.news\/fr\/f1\/carlos-sainz-devient-directeur-du-gpda\/\" class=\"trk-cta-link\" data-cta-trk='{\"ctaType\":\"Link\",\"ctaSubType\":\"main\"}'>nouveau directeur du GPDA<\/a>, a effectu&eacute;, comme les 19 autres pilotes, plusieurs s&eacute;ances de roulage &agrave; Bahre&iuml;n. Le pilote espagnol entame un tout nouveau challenge, celui de s&rsquo;adapter &agrave; la Williams, &eacute;curie de midfield voire en dessous.<\/p><p>Avec une seule session de trois jours, Carlos Sainz n&rsquo;a pu rouler qu&rsquo;une journ&eacute;e et demie. En effet, avec trois journ&eacute;es par &eacute;curie, celles-ci doivent les r&eacute;partir de mani&egrave;re &eacute;gale entre chaque pilote. L&rsquo;espagnol a aussi vu son temps de roulage impact&eacute; par des conditions m&eacute;t&eacute;orologiques non favorables au roulage, vu qu&rsquo;en deuxi&egrave;me journ&eacute;e, il a plu. Les &eacute;curies tentent d&rsquo;abord d&rsquo;en apprendre le plus possible sur le sec.<\/p><blockquote class=\"wp-block-quote is-layout-flow wp-block-quote-is-layout-flow\">\n<p>&laquo;&nbsp;Comme je ne pilotais pas vendredi, j&rsquo;ai d&ucirc; tout condenser en une seule journ&eacute;e, jeudi&nbsp;&raquo;, a <a href=\"https:\/\/fr.motorsport.com\/f1\/news\/sainz-pas-assez-essais-deteste-williams\/10699297\/\" class=\"trk-cta-link\" data-cta-trk='{\"ctaType\":\"Link\",\"ctaSubType\":\"main\"}'>expliqu&eacute; Sainz<\/a>. &laquo;&nbsp;J&rsquo;ai &eacute;galement r&eacute;alis&eacute; de nombreux longs relais, mais malheureusement, nous n&rsquo;avons pas pu les prolonger autant que souhait&eacute; en raison des contraintes de temps et des &eacute;l&eacute;ments que nous devions tester. J&rsquo;ai tout de m&ecirc;me pu me faire une id&eacute;e des sensations de la voiture et de la d&eacute;gradation des pneus. J&rsquo;ai d&ucirc; assimiler toutes ces informations dans des conditions difficiles, avec la pluie et un vent changeant. Au final, je pense que nous avons tir&eacute; le meilleur parti d&rsquo;une journ&eacute;e aussi compliqu&eacute;e qu&rsquo;hier.&nbsp;&raquo;<\/p>\n<\/blockquote><p>Le bilan reste tout de m&ecirc;me positif avec la FW47 mais le manque de roulage impacte &eacute;norm&eacute;ment la pr&eacute;paration de chacun pour la saison. Les rookies sont ceux qui sont le plus impact&eacute;s. Ils ne sont pas habitu&eacute;s aux monoplaces par leur manque d&rsquo;exp&eacute;rience et s&rsquo;adapter &agrave; une monoplace avec une journ&eacute;e et demie de roulage rel&egrave;ve de l&rsquo;impossible pour les sortants de la Formule 2.<\/p><blockquote class=\"wp-block-quote is-layout-flow wp-block-quote-is-layout-flow\">\n<p>&laquo;&nbsp;La r&eacute;alit&eacute;, c&rsquo;est qu&rsquo;en attaquant, je ne savais pas o&ugrave; aller chercher les deux derniers dixi&egrave;mes&nbsp;&raquo;, a-t-il admis. &laquo;&nbsp;J&rsquo;entamerai les premi&egrave;res courses sans vraiment savoir o&ugrave; se cache la performance suppl&eacute;mentaire de la voiture. J&rsquo;&eacute;tais un peu perdu, h&eacute;sitant sur l&rsquo;approche &agrave; adopter : fallait-il attaquer davantage &agrave; l&rsquo;entr&eacute;e des virages ou non, je dois surtout me concentrer sur les sorties.&nbsp;&raquo;<\/p>\n<\/blockquote><p>Le challenge est &eacute;galement de taille pour des pilotes rejoignant des nouvelles &eacute;quipes durant la tr&ecirc;ve hivernale. Sainz fait partie de ceux-ci et ses performances en Australie ne seront pas les m&ecirc;mes qu&rsquo;en Belgique, par exemple. Le pilote de 30 ans prendra quelques week-ends pour s&rsquo;habituer &agrave; sa monoplace et la conna&icirc;tre par c&oelig;ur. C&rsquo;est apr&egrave;s qu&rsquo;il pourra en extraire le maximum.<\/p><blockquote class=\"wp-block-quote is-layout-flow wp-block-quote-is-layout-flow\">\n<p>&laquo;&nbsp;La v&eacute;rit&eacute;, c&rsquo;est qu&rsquo;avec le format actuel des essais en F1, tout ce que je vous dis ici&hellip; Il n&rsquo;y a quasiment pas de v&eacute;ritables tests. Il n&rsquo;y en a pas assez, et je d&eacute;teste &ccedil;a, car je suis convaincu que c&rsquo;est pr&eacute;cis&eacute;ment gr&acirc;ce aux essais qu&rsquo;une &eacute;quipe peut am&eacute;liorer sa voiture et qu&rsquo;un pilote peut jouer un r&ocirc;le cl&eacute; dans son d&eacute;veloppement. Mais aujourd&rsquo;hui, les essais ont pratiquement disparu.&nbsp;&raquo;<\/p>\n<\/blockquote><p>La Formule 1 a pr&eacute;vu de donner beaucoup plus de temps la saison prochaine aux &eacute;curies et pilote. Le format des <a href=\"https:\/\/theplayoffs.news\/fr\/f1\/la-f1-prevoit-des-essais-a-barcelone-pour-janvier-2026\/\" class=\"trk-cta-link\" data-cta-trk='{\"ctaType\":\"Link\",\"ctaSubType\":\"main\"}'>essais a &eacute;t&eacute; revisit&eacute;<\/a> en raison des nouvelles r&eacute;glementations, mais rien ne dit que la F1 ne reviendra pas au format actuel en 2027.<\/p><p>Rendez-vous donc dans deux semaines, &agrave; Melbourne, pour le Grand Prix d&rsquo;Australie qui sera la premi&egrave;re &eacute;tape pour r&eacute;pondre &agrave; grand nombre de questions apr&egrave;s ces essais de pr&eacute;saison.<\/p>\n","protected":false},"excerpt":{"rendered":"<p>Carlos Sainz a termin\u00e9 ses essais de pr\u00e9saison avec sa nouvelle \u00e9curie Williams.<\/p>\n","protected":false},"author":180310178,"featured_media":1482938,"comment_status":"closed","ping_status":"closed","sticky":false,"template":"","format":"standard","meta":{"inline_featured_image":false,"kia_subtitle":"Carlos Sainz a termin\u00e9 ses essais de pr\u00e9saison avec sa nouvelle \u00e9curie Williams.","_mux_skip_reasons":[],"proofreadBy":0,"footnotes":""},"categories":[8091],"tags":[8098,8093,8123],"sport":[],"saison":[7475],"class_list":["post-1482936","post","type-post","status-publish","format-standard","has-post-thumbnail","hentry","category-formule-1","tag-carlos-sainz","tag-f1","tag-williams-racing","saison-7475"],"acf":[],"yoast_head":"<!-- This site is optimized with the Yoast SEO plugin v24.2 - https:\/\/yoast.com\/wordpress\/plugins\/seo\/ -->\n<title>Carlos Sainz estime qu&#039;il n&#039;y a pas assez d&#039;essais en F1 - The Playoffs FR<\/title>\n<meta name=\"robots\" content=\"index, follow, max-snippet:-1, max-image-preview:large, max-video-preview:-1\" \/>\n<link rel=\"canonical\" href=\"https:\/\/theplayoffs.news\/fr\/formule-1\/carlos-sainz-estime-quil-ny-a-pas-assez-dessais-en-f1\/\" \/>\n<meta property=\"og:locale\" content=\"fr_FR\" \/>\n<meta property=\"og:type\" content=\"article\" \/>\n<meta property=\"og:title\" content=\"Carlos Sainz estime qu&#039;il n&#039;y a pas assez d&#039;essais en F1 - The Playoffs FR\" \/>\n<meta property=\"og:description\" content=\"Carlos Sainz a termin&eacute; ses essais de pr&eacute;saison avec sa nouvelle &eacute;curie Williams.\" \/>\n<meta property=\"og:url\" content=\"https:\/\/theplayoffs.news\/fr\/formule-1\/carlos-sainz-estime-quil-ny-a-pas-assez-dessais-en-f1\/\" \/>\n<meta property=\"og:site_name\" content=\"The Playoffs FR\" \/>\n<meta property=\"article:publisher\" content=\"https:\/\/www.facebook.com\/TheFreeAgentFR\/\" \/>\n<meta property=\"article:modified_time\" content=\"2025-03-01T13:16:13+01:00\" \/>\n<meta property=\"og:image\" content=\"https:\/\/theplayoffs.news\/fr\/wp-content\/uploads\/2025\/03\/Capture-decran-2025-03-01-131046.jpg\" \/>\n\t<meta property=\"og:image:width\" content=\"1847\" \/>\n\t<meta property=\"og:image:height\" content=\"860\" \/>\n\t<meta property=\"og:image:type\" content=\"image\/jpeg\" \/>\n<meta name=\"author\" content=\"Arthur Berlemont\" \/>\n<meta name=\"twitter:card\" content=\"summary_large_image\" \/>\n<meta name=\"twitter:creator\" content=\"@TheFreeAgentFR\" \/>\n<meta name=\"twitter:site\" content=\"@TheFreeAgentFR\" \/>\n<meta name=\"twitter:label1\" content=\"\u00c9crit par\" \/>\n\t<meta name=\"twitter:data1\" content=\"Arthur Berlemont\" \/>\n\t<meta name=\"twitter:label2\" content=\"Dur\u00e9e de lecture estim\u00e9e\" \/>\n\t<meta name=\"twitter:data2\" content=\"2 minutes\" \/>\n<script type=\"application\/ld+json\" class=\"yoast-schema-graph\">{\"@context\":\"https:\/\/schema.org\",\"@graph\":[{\"@type\":\"WebPage\",\"@id\":\"https:\/\/theplayoffs.news\/fr\/formule-1\/carlos-sainz-estime-quil-ny-a-pas-assez-dessais-en-f1\/\",\"url\":\"https:\/\/theplayoffs.news\/fr\/formule-1\/carlos-sainz-estime-quil-ny-a-pas-assez-dessais-en-f1\/\",\"name\":\"Carlos Sainz estime qu\\\\'il n\\\\'y a pas assez d\\\\'essais en F1 - The Playoffs FR\",\"isPartOf\":{\"@id\":\"https:\/\/theplayoffs.news\/fr\/#website\"},\"primaryImageOfPage\":{\"@id\":\"https:\/\/theplayoffs.news\/fr\/formule-1\/carlos-sainz-estime-quil-ny-a-pas-assez-dessais-en-f1\/#primaryimage\"},\"image\":{\"@id\":\"https:\/\/theplayoffs.news\/fr\/formule-1\/carlos-sainz-estime-quil-ny-a-pas-assez-dessais-en-f1\/#primaryimage\"},\"thumbnailUrl\":\"https:\/\/theplayoffs.news\/fr\/wp-content\/uploads\/2025\/03\/Capture-decran-2025-03-01-131046.jpg\",\"datePublished\":\"2025-03-01T12:16:05+00:00\",\"dateModified\":\"2025-03-01T12:16:13+00:00\",\"author\":{\"@id\":\"https:\/\/theplayoffs.news\/fr\/#\/schema\/person\/b6b04a451dab03a5ab75cec8912e8942\"},\"breadcrumb\":{\"@id\":\"https:\/\/theplayoffs.news\/fr\/formule-1\/carlos-sainz-estime-quil-ny-a-pas-assez-dessais-en-f1\/#breadcrumb\"},\"inLanguage\":\"fr-FR\",\"potentialAction\":[{\"@type\":\"ReadAction\",\"target\":[\"https:\/\/theplayoffs.news\/fr\/formule-1\/carlos-sainz-estime-quil-ny-a-pas-assez-dessais-en-f1\/\"]}]},{\"@type\":\"ImageObject\",\"inLanguage\":\"fr-FR\",\"@id\":\"https:\/\/theplayoffs.news\/fr\/formule-1\/carlos-sainz-estime-quil-ny-a-pas-assez-dessais-en-f1\/#primaryimage\",\"url\":\"https:\/\/theplayoffs.news\/fr\/wp-content\/uploads\/2025\/03\/Capture-decran-2025-03-01-131046.jpg\",\"contentUrl\":\"https:\/\/theplayoffs.news\/fr\/wp-content\/uploads\/2025\/03\/Capture-decran-2025-03-01-131046.jpg\",\"width\":1847,\"height\":860,\"caption\":\"Carlos Sainz\"},{\"@type\":\"BreadcrumbList\",\"@id\":\"https:\/\/theplayoffs.news\/fr\/formule-1\/carlos-sainz-estime-quil-ny-a-pas-assez-dessais-en-f1\/#breadcrumb\",\"itemListElement\":[{\"@type\":\"ListItem\",\"position\":1,\"name\":\"Accueil\",\"item\":\"https:\/\/theplayoffs.news\/fr\/\"},{\"@type\":\"ListItem\",\"position\":2,\"name\":\"Carlos Sainz estime qu&rsquo;il n&rsquo;y a pas assez d&rsquo;essais en F1\"}]},{\"@type\":\"WebSite\",\"@id\":\"https:\/\/theplayoffs.news\/fr\/#website\",\"url\":\"https:\/\/theplayoffs.news\/fr\/\",\"name\":\"The Playoffs FR\",\"description\":\"NBA-NFL-NHL-MLB\",\"potentialAction\":[{\"@type\":\"SearchAction\",\"target\":{\"@type\":\"EntryPoint\",\"urlTemplate\":\"https:\/\/theplayoffs.news\/fr\/?s={search_term_string}\"},\"query-input\":{\"@type\":\"PropertyValueSpecification\",\"valueRequired\":true,\"valueName\":\"search_term_string\"}}],\"inLanguage\":\"fr-FR\"},{\"@type\":\"Person\",\"@id\":\"https:\/\/theplayoffs.news\/fr\/#\/schema\/person\/b6b04a451dab03a5ab75cec8912e8942\",\"name\":\"Arthur Berlemont\",\"image\":{\"@type\":\"ImageObject\",\"inLanguage\":\"fr-FR\",\"@id\":\"https:\/\/theplayoffs.news\/fr\/#\/schema\/person\/image\/\",\"url\":\"https:\/\/secure.gravatar.com\/avatar\/19ddab1d62ab0a19b186b86cee130432b120dd6f085625a6a6757dd1aa90a5f3?s=96&d=mm&r=g\",\"contentUrl\":\"https:\/\/secure.gravatar.com\/avatar\/19ddab1d62ab0a19b186b86cee130432b120dd6f085625a6a6757dd1aa90a5f3?s=96&d=mm&r=g\",\"caption\":\"Arthur Berlemont\"},\"description\":\"Etudiant passionn\u00e9 de sport, avant tout m\u00e9caniques, j\\\\'ai d\u00e9couvert les sports US il y a quelques ann\u00e9es. J\\\\'ai tout de suite accroch\u00e9 pour la ville de Cincinnati et ses franchises de NFL et MLB. Aujourd\\\\'hui, je suis l\u00e0 par passion dans la r\u00e9daction d\\\\'articles sur divers sports que j\\\\'affectionne.\",\"url\":\"https:\/\/theplayoffs.news\/fr\/author\/arthur-berlemontgmail-com\/\"}]}<\/script>\n<!-- \/ Yoast SEO plugin. -->","yoast_head_json":{"title":"Carlos Sainz estime qu&#039;il n&#039;y a pas assez d&#039;essais en F1 - The Playoffs FR","robots":{"index":"index","follow":"follow","max-snippet":"max-snippet:-1","max-image-preview":"max-image-preview:large","max-video-preview":"max-video-preview:-1"},"canonical":"https:\/\/theplayoffs.news\/fr\/formule-1\/carlos-sainz-estime-quil-ny-a-pas-assez-dessais-en-f1\/","og_locale":"fr_FR","og_type":"article","og_title":"Carlos Sainz estime qu&#039;il n&#039;y a pas assez d&#039;essais en F1 - The Playoffs FR","og_description":"Carlos Sainz a termin&eacute; ses essais de pr&eacute;saison avec sa nouvelle &eacute;curie Williams.","og_url":"https:\/\/theplayoffs.news\/fr\/formule-1\/carlos-sainz-estime-quil-ny-a-pas-assez-dessais-en-f1\/","og_site_name":"The Playoffs FR","article_publisher":"https:\/\/www.facebook.com\/TheFreeAgentFR\/","article_modified_time":"2025-03-01T12:16:13+00:00","og_image":[{"width":1847,"height":860,"url":"https:\/\/theplayoffs.news\/fr\/wp-content\/uploads\/2025\/03\/Capture-decran-2025-03-01-131046.jpg","type":"image\/jpeg"}],"author":"Arthur Berlemont","twitter_card":"summary_large_image","twitter_creator":"@TheFreeAgentFR","twitter_site":"@TheFreeAgentFR","twitter_misc":{"\u00c9crit par":"Arthur Berlemont","Dur\u00e9e de lecture estim\u00e9e":"2 minutes"},"schema":{"@context":"https:\/\/schema.org","@graph":[{"@type":"WebPage","@id":"https:\/\/theplayoffs.news\/fr\/formule-1\/carlos-sainz-estime-quil-ny-a-pas-assez-dessais-en-f1\/","url":"https:\/\/theplayoffs.news\/fr\/formule-1\/carlos-sainz-estime-quil-ny-a-pas-assez-dessais-en-f1\/","name":"Carlos Sainz estime qu\\'il n\\'y a pas assez d\\'essais en F1 - The Playoffs FR","isPartOf":{"@id":"https:\/\/theplayoffs.news\/fr\/#website"},"primaryImageOfPage":{"@id":"https:\/\/theplayoffs.news\/fr\/formule-1\/carlos-sainz-estime-quil-ny-a-pas-assez-dessais-en-f1\/#primaryimage"},"image":{"@id":"https:\/\/theplayoffs.news\/fr\/formule-1\/carlos-sainz-estime-quil-ny-a-pas-assez-dessais-en-f1\/#primaryimage"},"thumbnailUrl":"https:\/\/theplayoffs.news\/fr\/wp-content\/uploads\/2025\/03\/Capture-decran-2025-03-01-131046.jpg","datePublished":"2025-03-01T12:16:05+00:00","dateModified":"2025-03-01T12:16:13+00:00","author":{"@id":"https:\/\/theplayoffs.news\/fr\/#\/schema\/person\/b6b04a451dab03a5ab75cec8912e8942"},"breadcrumb":{"@id":"https:\/\/theplayoffs.news\/fr\/formule-1\/carlos-sainz-estime-quil-ny-a-pas-assez-dessais-en-f1\/#breadcrumb"},"inLanguage":"fr-FR","potentialAction":[{"@type":"ReadAction","target":["https:\/\/theplayoffs.news\/fr\/formule-1\/carlos-sainz-estime-quil-ny-a-pas-assez-dessais-en-f1\/"]}]},{"@type":"ImageObject","inLanguage":"fr-FR","@id":"https:\/\/theplayoffs.news\/fr\/formule-1\/carlos-sainz-estime-quil-ny-a-pas-assez-dessais-en-f1\/#primaryimage","url":"https:\/\/theplayoffs.news\/fr\/wp-content\/uploads\/2025\/03\/Capture-decran-2025-03-01-131046.jpg","contentUrl":"https:\/\/theplayoffs.news\/fr\/wp-content\/uploads\/2025\/03\/Capture-decran-2025-03-01-131046.jpg","width":1847,"height":860,"caption":"Carlos Sainz"},{"@type":"BreadcrumbList","@id":"https:\/\/theplayoffs.news\/fr\/formule-1\/carlos-sainz-estime-quil-ny-a-pas-assez-dessais-en-f1\/#breadcrumb","itemListElement":[{"@type":"ListItem","position":1,"name":"Accueil","item":"https:\/\/theplayoffs.news\/fr\/"},{"@type":"ListItem","position":2,"name":"Carlos Sainz estime qu&rsquo;il n&rsquo;y a pas assez d&rsquo;essais en F1"}]},{"@type":"WebSite","@id":"https:\/\/theplayoffs.news\/fr\/#website","url":"https:\/\/theplayoffs.news\/fr\/","name":"The Playoffs FR","description":"NBA-NFL-NHL-MLB","potentialAction":[{"@type":"SearchAction","target":{"@type":"EntryPoint","urlTemplate":"https:\/\/theplayoffs.news\/fr\/?s={search_term_string}"},"query-input":{"@type":"PropertyValueSpecification","valueRequired":true,"valueName":"search_term_string"}}],"inLanguage":"fr-FR"},{"@type":"Person","@id":"https:\/\/theplayoffs.news\/fr\/#\/schema\/person\/b6b04a451dab03a5ab75cec8912e8942","name":"Arthur Berlemont","image":{"@type":"ImageObject","inLanguage":"fr-FR","@id":"https:\/\/theplayoffs.news\/fr\/#\/schema\/person\/image\/","url":"https:\/\/secure.gravatar.com\/avatar\/19ddab1d62ab0a19b186b86cee130432b120dd6f085625a6a6757dd1aa90a5f3?s=96&d=mm&r=g","contentUrl":"https:\/\/secure.gravatar.com\/avatar\/19ddab1d62ab0a19b186b86cee130432b120dd6f085625a6a6757dd1aa90a5f3?s=96&d=mm&r=g","caption":"Arthur Berlemont"},"description":"Etudiant passionn\u00e9 de sport, avant tout m\u00e9caniques, j\\'ai d\u00e9couvert les sports US il y a quelques ann\u00e9es. J\\'ai tout de suite accroch\u00e9 pour la ville de Cincinnati et ses franchises de NFL et MLB. Aujourd\\'hui, je suis l\u00e0 par passion dans la r\u00e9daction d\\'articles sur divers sports que j\\'affectionne.","url":"https:\/\/theplayoffs.news\/fr\/author\/arthur-berlemontgmail-com\/"}]}},"_links":{"self":[{"href":"https:\/\/theplayoffs.news\/fr\/wp-json\/wp\/v2\/posts\/1482936","targetHints":{"allow":["GET"]}}],"collection":[{"href":"https:\/\/theplayoffs.news\/fr\/wp-json\/wp\/v2\/posts"}],"about":[{"href":"https:\/\/theplayoffs.news\/fr\/wp-json\/wp\/v2\/types\/post"}],"author":[{"embeddable":true,"href":"https:\/\/theplayoffs.news\/fr\/wp-json\/wp\/v2\/users\/180310178"}],"replies":[{"embeddable":true,"href":"https:\/\/theplayoffs.news\/fr\/wp-json\/wp\/v2\/comments?post=1482936"}],"version-history":[{"count":2,"href":"https:\/\/theplayoffs.news\/fr\/wp-json\/wp\/v2\/posts\/1482936\/revisions"}],"predecessor-version":[{"id":1482939,"href":"https:\/\/theplayoffs.news\/fr\/wp-json\/wp\/v2\/posts\/1482936\/revisions\/1482939"}],"wp:featuredmedia":[{"embeddable":true,"href":"https:\/\/theplayoffs.news\/fr\/wp-json\/wp\/v2\/media\/1482938"}],"wp:attachment":[{"href":"https:\/\/theplayoffs.news\/fr\/wp-json\/wp\/v2\/media?parent=1482936"}],"wp:term":[{"taxonomy":"category","embeddable":true,"href":"https:\/\/theplayoffs.news\/fr\/wp-json\/wp\/v2\/categories?post=1482936"},{"taxonomy":"post_tag","embeddable":true,"href":"https:\/\/theplayoffs.news\/fr\/wp-json\/wp\/v2\/tags?post=1482936"},{"taxonomy":"sport","embeddable":true,"href":"https:\/\/theplayoffs.news\/fr\/wp-json\/wp\/v2\/sport?post=1482936"},{"taxonomy":"saison","embeddable":true,"href":"https:\/\/theplayoffs.news\/fr\/wp-json\/wp\/v2\/saison?post=1482936"}],"curies":[{"name":"wp","href":"https:\/\/api.w.org\/{rel}","templated":true}]}}