{"id":1482402,"date":"2025-02-25T15:32:16","date_gmt":"2025-02-25T14:32:16","guid":{"rendered":"https:\/\/theplayoffs.news\/fr\/uncategorized\/\/"},"modified":"2025-02-25T15:32:23","modified_gmt":"2025-02-25T14:32:23","slug":"jonathan-allen-autorise-a-quitter-les-commanders","status":"publish","type":"post","link":"https:\/\/theplayoffs.news\/fr\/actualite-nfl\/jonathan-allen-autorise-a-quitter-les-commanders\/","title":{"rendered":"Jonathan Allen autoris\u00e9 \u00e0 quitter les Commanders"},"content":{"rendered":"<p>Le joueur de ligne d&eacute;fensive, Jonathan Allen a &eacute;t&eacute; autoris&eacute; par les Commanders de Washington &agrave; quitter la franchise avant le d&eacute;but officiel de la saison 2025. <\/p><figure class=\"wp-block-embed is-type-rich is-provider-twitter wp-block-embed-twitter\"><div class=\"wp-block-embed__wrapper\">\n<blockquote class=\"twitter-tweet\" data-width=\"500\" data-dnt=\"true\"><p lang=\"fr\" dir=\"ltr\">Les Commanders ont donn&eacute; l'autorisation &agrave; Jonathan Allen de partir. La franchise va aider le joueur et son agent &agrave; trouver sa prochaine &eacute;quipe. <br><br>Allen avait une ann&eacute;e non garantie sur son contrat &agrave; 15 millions de dollars. <a href=\"https:\/\/t.co\/eO0Om4G0JB\" class=\"trk-cta-link\" data-cta-trk='{\"ctaType\":\"Link\",\"ctaSubType\":\"main\"}'>pic.twitter.com\/eO0Om4G0JB<\/a><\/p>&mdash; The Playoffs FR (@ThePlayoffsFR) <a href=\"https:\/\/twitter.com\/ThePlayoffsFR\/status\/1894392118656856437?ref_src=twsrc%5Etfw\" class=\"trk-cta-link\" data-cta-trk='{\"ctaType\":\"Link\",\"ctaSubType\":\"main\"}'>February 25, 2025<\/a><\/blockquote><script async src=\"https:\/\/platform.twitter.com\/widgets.js\" charset=\"utf-8\"><\/script>\n<\/div><\/figure><p>Allen allait entrer dans la denri&egrave;re ann&eacute;e de son contrat et devait toucher 15 millions de dollars, non-garantis. Les Commanders ont indiqu&eacute; vouloir aider le joueur et son agent &agrave; trouver une nouvelle &eacute;quipe que ce soit par le biais d&rsquo;un &eacute;change ou via l&rsquo;agence libre comme le pr&eacute;cise <a href=\"https:\/\/x.com\/RapSheet\/status\/1894390254523543713\" target=\"_blank\" rel=\"noreferrer noopener nofollow\" class=\"trk-cta-link\" data-cta-trk='{\"ctaType\":\"Link\",\"ctaSubType\":\"main\"}'>Ian Rapoport<\/a>. <\/p><p>Draft&eacute; en <strong>17e position en 2017<\/strong>, Allen s&rsquo;est impos&eacute; comme un &eacute;l&eacute;ment cl&eacute; de la d&eacute;fense de Washington. En <strong>huit saisons<\/strong>, il a accumul&eacute; <strong>42 sacks, 401 plaquages<\/strong> et obtenu <strong>deux s&eacute;lections au Pro Bowl (2021, 2022)<\/strong>. <\/p><p>Cependant, la situation contractuelle d&rsquo;Allen a conduit les Commanders &agrave; envisager un d&eacute;part. Son contrat actuel repr&eacute;sente une charge de <a href=\"https:\/\/www.spotrac.com\/nfl\/player\/_\/id\/21758\/jonathan-allen\" class=\"trk-cta-link\" data-cta-trk='{\"ctaType\":\"Link\",\"ctaSubType\":\"main\"}'><strong>22,47 millions de dollars<\/strong> pour la saison 2025<\/a>, sans argent garanti restant. Un &eacute;change ou une lib&eacute;ration entra&icirc;nerait <strong>6 millions de dollars en &ldquo;dead money&rdquo;<\/strong>, mais permettrait aussi &agrave; Washington d&rsquo;&eacute;conomiser une somme importante pour renforcer d&rsquo;autres postes.<\/p><h2 class=\"wp-block-heading\"><strong>Un changement strat&eacute;gique pour Washington<\/strong><\/h2><p>L&rsquo;&eacute;mergence de <strong>Johnny Newton<\/strong>, s&eacute;lectionn&eacute; en <strong>36e position lors de la Draft 2024<\/strong>, pourrait &eacute;galement jouer un r&ocirc;le dans cette d&eacute;cision. Avec un jeune talent pr&ecirc;t &agrave; prendre plus de responsabilit&eacute;s, les Commanders semblent vouloir renouveler leur effectif d&eacute;fensif et miser sur un avenir plus flexible financi&egrave;rement.<\/p><p>Credit Photo : Mark J. Rebilas-Imagn Images<\/p>\n","protected":false},"excerpt":{"rendered":"<p>Un pilier de la ligne d\u00e9fensive des Commanders s&rsquo;ne va<\/p>\n","protected":false},"author":13,"featured_media":1482403,"comment_status":"closed","ping_status":"closed","sticky":false,"template":"","format":"standard","meta":{"inline_featured_image":false,"kia_subtitle":"Un pilier de la ligne d\u00e9fensive des Commanders s'ne va","_mux_skip_reasons":[],"proofreadBy":0,"footnotes":""},"categories":[118,40],"tags":[8108,3285],"sport":[],"saison":[],"class_list":["post-1482402","post","type-post","status-publish","format-standard","has-post-thumbnail","hentry","category-actualite-nfl","category-nfl","tag-jonathan-allen","tag-washington-commanders"],"acf":[],"yoast_head":"<!-- This site is optimized with the Yoast SEO plugin v24.2 - https:\/\/yoast.com\/wordpress\/plugins\/seo\/ -->\n<title>Jonathan Allen autoris&eacute; &agrave; quitter les Commanders - The Playoffs FR<\/title>\n<meta name=\"robots\" content=\"index, follow, max-snippet:-1, max-image-preview:large, max-video-preview:-1\" \/>\n<link rel=\"canonical\" href=\"https:\/\/theplayoffs.news\/fr\/actualite-nfl\/jonathan-allen-autorise-a-quitter-les-commanders\/\" \/>\n<meta property=\"og:locale\" content=\"fr_FR\" \/>\n<meta property=\"og:type\" content=\"article\" \/>\n<meta property=\"og:title\" content=\"Jonathan Allen autoris&eacute; &agrave; quitter les Commanders - The Playoffs FR\" \/>\n<meta property=\"og:description\" content=\"Un pilier de la ligne d&eacute;fensive des Commanders s&#039;ne va\" \/>\n<meta property=\"og:url\" content=\"https:\/\/theplayoffs.news\/fr\/actualite-nfl\/jonathan-allen-autorise-a-quitter-les-commanders\/\" \/>\n<meta property=\"og:site_name\" content=\"The Playoffs FR\" \/>\n<meta property=\"article:publisher\" content=\"https:\/\/www.facebook.com\/TheFreeAgentFR\/\" \/>\n<meta property=\"article:modified_time\" content=\"2025-02-25T15:32:23+01:00\" \/>\n<meta property=\"og:image\" content=\"https:\/\/theplayoffs.news\/fr\/wp-content\/uploads\/2025\/02\/USATSI_24379416.jpg\" \/>\n\t<meta property=\"og:image:width\" content=\"1920\" \/>\n\t<meta property=\"og:image:height\" content=\"1328\" \/>\n\t<meta property=\"og:image:type\" content=\"image\/jpeg\" \/>\n<meta name=\"author\" content=\"Charles Taudin\" \/>\n<meta name=\"twitter:card\" content=\"summary_large_image\" \/>\n<meta name=\"twitter:creator\" content=\"@TheFreeAgentFR\" \/>\n<meta name=\"twitter:site\" content=\"@TheFreeAgentFR\" \/>\n<meta name=\"twitter:label1\" content=\"\u00c9crit par\" \/>\n\t<meta name=\"twitter:data1\" content=\"Charles Taudin\" \/>\n\t<meta name=\"twitter:label2\" content=\"Dur\u00e9e de lecture estim\u00e9e\" \/>\n\t<meta name=\"twitter:data2\" content=\"2 minutes\" \/>\n<script type=\"application\/ld+json\" class=\"yoast-schema-graph\">{\"@context\":\"https:\/\/schema.org\",\"@graph\":[{\"@type\":\"WebPage\",\"@id\":\"https:\/\/theplayoffs.news\/fr\/actualite-nfl\/jonathan-allen-autorise-a-quitter-les-commanders\/\",\"url\":\"https:\/\/theplayoffs.news\/fr\/actualite-nfl\/jonathan-allen-autorise-a-quitter-les-commanders\/\",\"name\":\"Jonathan Allen autoris\u00e9 \u00e0 quitter les Commanders - The Playoffs FR\",\"isPartOf\":{\"@id\":\"https:\/\/theplayoffs.news\/fr\/#website\"},\"primaryImageOfPage\":{\"@id\":\"https:\/\/theplayoffs.news\/fr\/actualite-nfl\/jonathan-allen-autorise-a-quitter-les-commanders\/#primaryimage\"},\"image\":{\"@id\":\"https:\/\/theplayoffs.news\/fr\/actualite-nfl\/jonathan-allen-autorise-a-quitter-les-commanders\/#primaryimage\"},\"thumbnailUrl\":\"https:\/\/theplayoffs.news\/fr\/wp-content\/uploads\/2025\/02\/USATSI_24379416.jpg\",\"datePublished\":\"2025-02-25T14:32:16+00:00\",\"dateModified\":\"2025-02-25T14:32:23+00:00\",\"author\":{\"@id\":\"https:\/\/theplayoffs.news\/fr\/#\/schema\/person\/eee5b69ad5d3c51cabe881c839dbe133\"},\"breadcrumb\":{\"@id\":\"https:\/\/theplayoffs.news\/fr\/actualite-nfl\/jonathan-allen-autorise-a-quitter-les-commanders\/#breadcrumb\"},\"inLanguage\":\"fr-FR\",\"potentialAction\":[{\"@type\":\"ReadAction\",\"target\":[\"https:\/\/theplayoffs.news\/fr\/actualite-nfl\/jonathan-allen-autorise-a-quitter-les-commanders\/\"]}]},{\"@type\":\"ImageObject\",\"inLanguage\":\"fr-FR\",\"@id\":\"https:\/\/theplayoffs.news\/fr\/actualite-nfl\/jonathan-allen-autorise-a-quitter-les-commanders\/#primaryimage\",\"url\":\"https:\/\/theplayoffs.news\/fr\/wp-content\/uploads\/2025\/02\/USATSI_24379416.jpg\",\"contentUrl\":\"https:\/\/theplayoffs.news\/fr\/wp-content\/uploads\/2025\/02\/USATSI_24379416.jpg\",\"width\":1920,\"height\":1328,\"caption\":\"Sep 29, 2024; Glendale, Arizona, USA; Washington Commanders defensive tackle Jonathan Allen (93) against the Arizona Cardinals at State Farm Stadium. Mandatory Credit: Mark J. Rebilas-Imagn Images\"},{\"@type\":\"BreadcrumbList\",\"@id\":\"https:\/\/theplayoffs.news\/fr\/actualite-nfl\/jonathan-allen-autorise-a-quitter-les-commanders\/#breadcrumb\",\"itemListElement\":[{\"@type\":\"ListItem\",\"position\":1,\"name\":\"Accueil\",\"item\":\"https:\/\/theplayoffs.news\/fr\/\"},{\"@type\":\"ListItem\",\"position\":2,\"name\":\"Jonathan Allen autoris\u00e9 \u00e0 quitter les Commanders\"}]},{\"@type\":\"WebSite\",\"@id\":\"https:\/\/theplayoffs.news\/fr\/#website\",\"url\":\"https:\/\/theplayoffs.news\/fr\/\",\"name\":\"The Playoffs FR\",\"description\":\"NBA-NFL-NHL-MLB\",\"potentialAction\":[{\"@type\":\"SearchAction\",\"target\":{\"@type\":\"EntryPoint\",\"urlTemplate\":\"https:\/\/theplayoffs.news\/fr\/?s={search_term_string}\"},\"query-input\":{\"@type\":\"PropertyValueSpecification\",\"valueRequired\":true,\"valueName\":\"search_term_string\"}}],\"inLanguage\":\"fr-FR\"},{\"@type\":\"Person\",\"@id\":\"https:\/\/theplayoffs.news\/fr\/#\/schema\/person\/eee5b69ad5d3c51cabe881c839dbe133\",\"name\":\"Charles Taudin\",\"image\":{\"@type\":\"ImageObject\",\"inLanguage\":\"fr-FR\",\"@id\":\"https:\/\/theplayoffs.news\/fr\/#\/schema\/person\/image\/\",\"url\":\"https:\/\/secure.gravatar.com\/avatar\/59a1e772205ce9fd255edfcafc93013736822e20261f294c5753b20c41ede9f2?s=96&d=mm&r=g\",\"contentUrl\":\"https:\/\/secure.gravatar.com\/avatar\/59a1e772205ce9fd255edfcafc93013736822e20261f294c5753b20c41ede9f2?s=96&d=mm&r=g\",\"caption\":\"Charles Taudin\"},\"description\":\"R\u00e9dacteur en chef global de The Playoffs, j\u2019ai cr\u00e9\u00e9 The Free Agent, devenu The Playoffs FR, en 2020 durant la pand\u00e9mie. Amoureux depuis des ann\u00e9es des 4 sports majeurs am\u00e9ricains, j\u2019organise maintenant la strat\u00e9gie \u00e9ditoriale et les r\u00e9seaux sociaux de l\u2019ensemble des versions de The Playoffs. Il m\u2019arrive encore d\u2019\u00e9crire sur certains sports que j\u2019affectionne particuli\u00e8rement comme la NFL ou la MLB. Si vous devez retenir qu\u2019une chose : Eli Manning est le vrai GOAT pour avoir battu deux fois Tom Brady.\",\"sameAs\":[\"https:\/\/www.instagram.com\/ctaudin_\/\"],\"url\":\"https:\/\/theplayoffs.news\/fr\/author\/charles-taudin\/\"}]}<\/script>\n<!-- \/ Yoast SEO plugin. -->","yoast_head_json":{"title":"Jonathan Allen autoris&eacute; &agrave; quitter les Commanders - The Playoffs FR","robots":{"index":"index","follow":"follow","max-snippet":"max-snippet:-1","max-image-preview":"max-image-preview:large","max-video-preview":"max-video-preview:-1"},"canonical":"https:\/\/theplayoffs.news\/fr\/actualite-nfl\/jonathan-allen-autorise-a-quitter-les-commanders\/","og_locale":"fr_FR","og_type":"article","og_title":"Jonathan Allen autoris&eacute; &agrave; quitter les Commanders - The Playoffs FR","og_description":"Un pilier de la ligne d&eacute;fensive des Commanders s&#039;ne va","og_url":"https:\/\/theplayoffs.news\/fr\/actualite-nfl\/jonathan-allen-autorise-a-quitter-les-commanders\/","og_site_name":"The Playoffs FR","article_publisher":"https:\/\/www.facebook.com\/TheFreeAgentFR\/","article_modified_time":"2025-02-25T14:32:23+00:00","og_image":[{"width":1920,"height":1328,"url":"https:\/\/theplayoffs.news\/fr\/wp-content\/uploads\/2025\/02\/USATSI_24379416.jpg","type":"image\/jpeg"}],"author":"Charles Taudin","twitter_card":"summary_large_image","twitter_creator":"@TheFreeAgentFR","twitter_site":"@TheFreeAgentFR","twitter_misc":{"\u00c9crit par":"Charles Taudin","Dur\u00e9e de lecture estim\u00e9e":"2 minutes"},"schema":{"@context":"https:\/\/schema.org","@graph":[{"@type":"WebPage","@id":"https:\/\/theplayoffs.news\/fr\/actualite-nfl\/jonathan-allen-autorise-a-quitter-les-commanders\/","url":"https:\/\/theplayoffs.news\/fr\/actualite-nfl\/jonathan-allen-autorise-a-quitter-les-commanders\/","name":"Jonathan Allen autoris\u00e9 \u00e0 quitter les Commanders - The Playoffs FR","isPartOf":{"@id":"https:\/\/theplayoffs.news\/fr\/#website"},"primaryImageOfPage":{"@id":"https:\/\/theplayoffs.news\/fr\/actualite-nfl\/jonathan-allen-autorise-a-quitter-les-commanders\/#primaryimage"},"image":{"@id":"https:\/\/theplayoffs.news\/fr\/actualite-nfl\/jonathan-allen-autorise-a-quitter-les-commanders\/#primaryimage"},"thumbnailUrl":"https:\/\/theplayoffs.news\/fr\/wp-content\/uploads\/2025\/02\/USATSI_24379416.jpg","datePublished":"2025-02-25T14:32:16+00:00","dateModified":"2025-02-25T14:32:23+00:00","author":{"@id":"https:\/\/theplayoffs.news\/fr\/#\/schema\/person\/eee5b69ad5d3c51cabe881c839dbe133"},"breadcrumb":{"@id":"https:\/\/theplayoffs.news\/fr\/actualite-nfl\/jonathan-allen-autorise-a-quitter-les-commanders\/#breadcrumb"},"inLanguage":"fr-FR","potentialAction":[{"@type":"ReadAction","target":["https:\/\/theplayoffs.news\/fr\/actualite-nfl\/jonathan-allen-autorise-a-quitter-les-commanders\/"]}]},{"@type":"ImageObject","inLanguage":"fr-FR","@id":"https:\/\/theplayoffs.news\/fr\/actualite-nfl\/jonathan-allen-autorise-a-quitter-les-commanders\/#primaryimage","url":"https:\/\/theplayoffs.news\/fr\/wp-content\/uploads\/2025\/02\/USATSI_24379416.jpg","contentUrl":"https:\/\/theplayoffs.news\/fr\/wp-content\/uploads\/2025\/02\/USATSI_24379416.jpg","width":1920,"height":1328,"caption":"Sep 29, 2024; Glendale, Arizona, USA; Washington Commanders defensive tackle Jonathan Allen (93) against the Arizona Cardinals at State Farm Stadium. Mandatory Credit: Mark J. Rebilas-Imagn Images"},{"@type":"BreadcrumbList","@id":"https:\/\/theplayoffs.news\/fr\/actualite-nfl\/jonathan-allen-autorise-a-quitter-les-commanders\/#breadcrumb","itemListElement":[{"@type":"ListItem","position":1,"name":"Accueil","item":"https:\/\/theplayoffs.news\/fr\/"},{"@type":"ListItem","position":2,"name":"Jonathan Allen autoris\u00e9 \u00e0 quitter les Commanders"}]},{"@type":"WebSite","@id":"https:\/\/theplayoffs.news\/fr\/#website","url":"https:\/\/theplayoffs.news\/fr\/","name":"The Playoffs FR","description":"NBA-NFL-NHL-MLB","potentialAction":[{"@type":"SearchAction","target":{"@type":"EntryPoint","urlTemplate":"https:\/\/theplayoffs.news\/fr\/?s={search_term_string}"},"query-input":{"@type":"PropertyValueSpecification","valueRequired":true,"valueName":"search_term_string"}}],"inLanguage":"fr-FR"},{"@type":"Person","@id":"https:\/\/theplayoffs.news\/fr\/#\/schema\/person\/eee5b69ad5d3c51cabe881c839dbe133","name":"Charles Taudin","image":{"@type":"ImageObject","inLanguage":"fr-FR","@id":"https:\/\/theplayoffs.news\/fr\/#\/schema\/person\/image\/","url":"https:\/\/secure.gravatar.com\/avatar\/59a1e772205ce9fd255edfcafc93013736822e20261f294c5753b20c41ede9f2?s=96&d=mm&r=g","contentUrl":"https:\/\/secure.gravatar.com\/avatar\/59a1e772205ce9fd255edfcafc93013736822e20261f294c5753b20c41ede9f2?s=96&d=mm&r=g","caption":"Charles Taudin"},"description":"R\u00e9dacteur en chef global de The Playoffs, j\u2019ai cr\u00e9\u00e9 The Free Agent, devenu The Playoffs FR, en 2020 durant la pand\u00e9mie. Amoureux depuis des ann\u00e9es des 4 sports majeurs am\u00e9ricains, j\u2019organise maintenant la strat\u00e9gie \u00e9ditoriale et les r\u00e9seaux sociaux de l\u2019ensemble des versions de The Playoffs. Il m\u2019arrive encore d\u2019\u00e9crire sur certains sports que j\u2019affectionne particuli\u00e8rement comme la NFL ou la MLB. Si vous devez retenir qu\u2019une chose : Eli Manning est le vrai GOAT pour avoir battu deux fois Tom Brady.","sameAs":["https:\/\/www.instagram.com\/ctaudin_\/"],"url":"https:\/\/theplayoffs.news\/fr\/author\/charles-taudin\/"}]}},"_links":{"self":[{"href":"https:\/\/theplayoffs.news\/fr\/wp-json\/wp\/v2\/posts\/1482402","targetHints":{"allow":["GET"]}}],"collection":[{"href":"https:\/\/theplayoffs.news\/fr\/wp-json\/wp\/v2\/posts"}],"about":[{"href":"https:\/\/theplayoffs.news\/fr\/wp-json\/wp\/v2\/types\/post"}],"author":[{"embeddable":true,"href":"https:\/\/theplayoffs.news\/fr\/wp-json\/wp\/v2\/users\/13"}],"replies":[{"embeddable":true,"href":"https:\/\/theplayoffs.news\/fr\/wp-json\/wp\/v2\/comments?post=1482402"}],"version-history":[{"count":1,"href":"https:\/\/theplayoffs.news\/fr\/wp-json\/wp\/v2\/posts\/1482402\/revisions"}],"predecessor-version":[{"id":1482405,"href":"https:\/\/theplayoffs.news\/fr\/wp-json\/wp\/v2\/posts\/1482402\/revisions\/1482405"}],"wp:featuredmedia":[{"embeddable":true,"href":"https:\/\/theplayoffs.news\/fr\/wp-json\/wp\/v2\/media\/1482403"}],"wp:attachment":[{"href":"https:\/\/theplayoffs.news\/fr\/wp-json\/wp\/v2\/media?parent=1482402"}],"wp:term":[{"taxonomy":"category","embeddable":true,"href":"https:\/\/theplayoffs.news\/fr\/wp-json\/wp\/v2\/categories?post=1482402"},{"taxonomy":"post_tag","embeddable":true,"href":"https:\/\/theplayoffs.news\/fr\/wp-json\/wp\/v2\/tags?post=1482402"},{"taxonomy":"sport","embeddable":true,"href":"https:\/\/theplayoffs.news\/fr\/wp-json\/wp\/v2\/sport?post=1482402"},{"taxonomy":"saison","embeddable":true,"href":"https:\/\/theplayoffs.news\/fr\/wp-json\/wp\/v2\/saison?post=1482402"}],"curies":[{"name":"wp","href":"https:\/\/api.w.org\/{rel}","templated":true}]}}