{"id":1481825,"date":"2025-02-23T11:58:29","date_gmt":"2025-02-23T10:58:29","guid":{"rendered":"https:\/\/theplayoffs.news\/fr\/uncategorized\/\/"},"modified":"2025-02-23T11:58:36","modified_gmt":"2025-02-23T10:58:36","slug":"elly-de-la-cruz-frappe-2hr-en-spring-training","status":"publish","type":"post","link":"https:\/\/theplayoffs.news\/fr\/actualite-mlb\/elly-de-la-cruz-frappe-2hr-en-spring-training\/","title":{"rendered":"Elly De La Cruz frappe 2HR en Spring Training"},"content":{"rendered":"<p>Le dominicain Elly De La Cruz a effectu&eacute; d&rsquo;&eacute;normes d&eacute;buts lors de ces Spring Trainings 2025, o&ugrave; il a frapp&eacute; deux home runs des deux c&ocirc;t&eacute;s du marbre. <\/p><p>Lors de son premier home run, les Cincinnati Reds &eacute;taient men&eacute;s 2-0, avec deux joueurs &eacute;limin&eacute;s, lors de la fin de la premi&egrave;re manche. Elly De La Cruz a ensuite frapp&eacute; du c&ocirc;t&eacute; gauche pour un home run de 450 pieds au centre droit, permettant aux Reds d&rsquo;&eacute;galiser.<\/p><p>Le deuxi&egrave;me est intervenu lors de la fin de la quatri&egrave;me manche, o&ugrave;, cette fois-ci, De La Cruz a frapp&eacute; du c&ocirc;t&eacute; droit pour enregistrer son deuxi&egrave;me home run du match, d&rsquo;une distance de 409 pieds.<\/p><figure class=\"wp-block-embed is-type-rich is-provider-twitter wp-block-embed-twitter\"><div class=\"wp-block-embed__wrapper\">\n<blockquote class=\"twitter-tweet\" data-width=\"500\" data-dnt=\"true\"><p lang=\"en\" dir=\"ltr\">Elly De La Cruz has homered from both sides of the plate today! <a href=\"https:\/\/twitter.com\/hashtag\/SpringTraining?src=hash&amp;ref_src=twsrc%5Etfw\" class=\"trk-cta-link\" data-cta-trk='{\"ctaType\":\"Link\",\"ctaSubType\":\"main\"}'>#SpringTraining<\/a> <a href=\"https:\/\/t.co\/JY6XQM9RMJ\" class=\"trk-cta-link\" data-cta-trk='{\"ctaType\":\"Link\",\"ctaSubType\":\"main\"}'>pic.twitter.com\/JY6XQM9RMJ<\/a><\/p>&mdash; MLB (@MLB) <a href=\"https:\/\/twitter.com\/MLB\/status\/1893406350832546078?ref_src=twsrc%5Etfw\" class=\"trk-cta-link\" data-cta-trk='{\"ctaType\":\"Link\",\"ctaSubType\":\"main\"}'>February 22, 2025<\/a><\/blockquote><script async src=\"https:\/\/platform.twitter.com\/widgets.js\" charset=\"utf-8\"><\/script>\n<\/div><\/figure><blockquote class=\"wp-block-quote is-layout-flow wp-block-quote-is-layout-flow\">\n<p>&laquo; Nous sommes pr&ecirc;ts &agrave; y aller &raquo;, a <a href=\"https:\/\/www.mlb.com\/news\/elly-de-la-cruz-hits-two-home-runs-in-spring-training-debut\" class=\"trk-cta-link\" data-cta-trk='{\"ctaType\":\"Link\",\"ctaSubType\":\"main\"}'>d&eacute;clar&eacute; De La Cruz<\/a>. &laquo; C&ocirc;t&eacute; gauche, c&ocirc;t&eacute; droit, c&rsquo;est toujours agr&eacute;able [de frapper un home run]&raquo;.<\/p>\n<\/blockquote><p>La star des Reds, en couverture de <a href=\"https:\/\/theplayoffs.news\/fr\/gaming\/mlb-the-show-25-la-presentation-de-road-to-the-show\/\" class=\"trk-cta-link\" data-cta-trk='{\"ctaType\":\"Link\",\"ctaSubType\":\"main\"}'>MLB The Show 25<\/a>, avait totalis&eacute; deux home runs lors de ses 17 matchs de Spring Training en 2024. Autant dire que que le dominicain de 23 ans est bien parti pour faire mieux que la saison derni&egrave;re, m&ecirc;me si ce n&rsquo;est que la pr&eacute;saison de MLB. <\/p><blockquote class=\"wp-block-quote is-layout-flow wp-block-quote-is-layout-flow\">\n<p>&laquo; Je pense qu&rsquo;il comprend ce qu&rsquo;il essaie de faire maintenant &raquo;, a d&eacute;clar&eacute; Freddie Benavides, entra&icirc;neur de banc des Reds. &laquo; L&rsquo;ann&eacute;e derni&egrave;re, il essayait juste de survivre et de g&eacute;rer les choses qui allaient vite pour lui. Je pense que c&rsquo;est un peu plus lent. C&rsquo;est sa troisi&egrave;me ann&eacute;e et il commence &agrave; comprendre ce qu&rsquo;il faut faire, quelles sont les routines et ce qu&rsquo;il va faire pour s&rsquo;am&eacute;liorer, parce qu&rsquo;il y a encore beaucoup de progr&egrave;s &agrave; faire &raquo;.<\/p>\n<\/blockquote><p>La saison derni&egrave;re, Elly De La Cruz avait totalis&eacute; 25 home runs pour 67 bases vol&eacute;es.<\/p><p>Cr&eacute;dit photo : Frank Bowen IV &ndash; USA Today<\/p>\n","protected":false},"excerpt":{"rendered":"<p>La star des Reds Elly De La Cruz a frapp\u00e9 deux home run pour les d\u00e9buts de son \u00e9quipe en Spring Training.<\/p>\n","protected":false},"author":180310178,"featured_media":1481826,"comment_status":"closed","ping_status":"closed","sticky":false,"template":"","format":"standard","meta":{"inline_featured_image":false,"kia_subtitle":"La star des Reds Elly De La Cruz a frapp\u00e9 deux home run pour les d\u00e9buts de son \u00e9quipe en Spring Training.","_mux_skip_reasons":[],"proofreadBy":0,"footnotes":""},"categories":[188,9],"tags":[452,5926,29],"sport":[2786],"saison":[7475],"class_list":["post-1481825","post","type-post","status-publish","format-standard","has-post-thumbnail","hentry","category-actualite-mlb","category-mlb","tag-cincinnati-reds","tag-elly-de-la-cruz","tag-mlb","sport-mlb","saison-7475"],"acf":[],"yoast_head":"<!-- This site is optimized with the Yoast SEO plugin v24.2 - https:\/\/yoast.com\/wordpress\/plugins\/seo\/ -->\n<title>Elly De La Cruz frappe 2HR en Spring Training - The Playoffs FR<\/title>\n<meta name=\"robots\" content=\"index, follow, max-snippet:-1, max-image-preview:large, max-video-preview:-1\" \/>\n<link rel=\"canonical\" href=\"https:\/\/theplayoffs.news\/fr\/actualite-mlb\/elly-de-la-cruz-frappe-2hr-en-spring-training\/\" \/>\n<meta property=\"og:locale\" content=\"fr_FR\" \/>\n<meta property=\"og:type\" content=\"article\" \/>\n<meta property=\"og:title\" content=\"Elly De La Cruz frappe 2HR en Spring Training - The Playoffs FR\" \/>\n<meta property=\"og:description\" content=\"La star des Reds Elly De La Cruz a frapp&eacute; deux home run pour les d&eacute;buts de son &eacute;quipe en Spring Training.\" \/>\n<meta property=\"og:url\" content=\"https:\/\/theplayoffs.news\/fr\/actualite-mlb\/elly-de-la-cruz-frappe-2hr-en-spring-training\/\" \/>\n<meta property=\"og:site_name\" content=\"The Playoffs FR\" \/>\n<meta property=\"article:publisher\" content=\"https:\/\/www.facebook.com\/TheFreeAgentFR\/\" \/>\n<meta property=\"article:modified_time\" content=\"2025-02-23T11:58:36+01:00\" \/>\n<meta property=\"og:image\" content=\"https:\/\/theplayoffs.news\/fr\/wp-content\/uploads\/2025\/02\/USATSI_25483683.jpg\" \/>\n\t<meta property=\"og:image:width\" content=\"1920\" \/>\n\t<meta property=\"og:image:height\" content=\"1280\" \/>\n\t<meta property=\"og:image:type\" content=\"image\/jpeg\" \/>\n<meta name=\"author\" content=\"Arthur Berlemont\" \/>\n<meta name=\"twitter:card\" content=\"summary_large_image\" \/>\n<meta name=\"twitter:creator\" content=\"@TheFreeAgentFR\" \/>\n<meta name=\"twitter:site\" content=\"@TheFreeAgentFR\" \/>\n<meta name=\"twitter:label1\" content=\"\u00c9crit par\" \/>\n\t<meta name=\"twitter:data1\" content=\"Arthur Berlemont\" \/>\n\t<meta name=\"twitter:label2\" content=\"Dur\u00e9e de lecture estim\u00e9e\" \/>\n\t<meta name=\"twitter:data2\" content=\"2 minutes\" \/>\n<script type=\"application\/ld+json\" class=\"yoast-schema-graph\">{\"@context\":\"https:\/\/schema.org\",\"@graph\":[{\"@type\":\"WebPage\",\"@id\":\"https:\/\/theplayoffs.news\/fr\/actualite-mlb\/elly-de-la-cruz-frappe-2hr-en-spring-training\/\",\"url\":\"https:\/\/theplayoffs.news\/fr\/actualite-mlb\/elly-de-la-cruz-frappe-2hr-en-spring-training\/\",\"name\":\"Elly De La Cruz frappe 2HR en Spring Training - The Playoffs FR\",\"isPartOf\":{\"@id\":\"https:\/\/theplayoffs.news\/fr\/#website\"},\"primaryImageOfPage\":{\"@id\":\"https:\/\/theplayoffs.news\/fr\/actualite-mlb\/elly-de-la-cruz-frappe-2hr-en-spring-training\/#primaryimage\"},\"image\":{\"@id\":\"https:\/\/theplayoffs.news\/fr\/actualite-mlb\/elly-de-la-cruz-frappe-2hr-en-spring-training\/#primaryimage\"},\"thumbnailUrl\":\"https:\/\/theplayoffs.news\/fr\/wp-content\/uploads\/2025\/02\/USATSI_25483683.jpg\",\"datePublished\":\"2025-02-23T10:58:29+00:00\",\"dateModified\":\"2025-02-23T10:58:36+00:00\",\"author\":{\"@id\":\"https:\/\/theplayoffs.news\/fr\/#\/schema\/person\/b6b04a451dab03a5ab75cec8912e8942\"},\"breadcrumb\":{\"@id\":\"https:\/\/theplayoffs.news\/fr\/actualite-mlb\/elly-de-la-cruz-frappe-2hr-en-spring-training\/#breadcrumb\"},\"inLanguage\":\"fr-FR\",\"potentialAction\":[{\"@type\":\"ReadAction\",\"target\":[\"https:\/\/theplayoffs.news\/fr\/actualite-mlb\/elly-de-la-cruz-frappe-2hr-en-spring-training\/\"]}]},{\"@type\":\"ImageObject\",\"inLanguage\":\"fr-FR\",\"@id\":\"https:\/\/theplayoffs.news\/fr\/actualite-mlb\/elly-de-la-cruz-frappe-2hr-en-spring-training\/#primaryimage\",\"url\":\"https:\/\/theplayoffs.news\/fr\/wp-content\/uploads\/2025\/02\/USATSI_25483683.jpg\",\"contentUrl\":\"https:\/\/theplayoffs.news\/fr\/wp-content\/uploads\/2025\/02\/USATSI_25483683.jpg\",\"width\":1920,\"height\":1280,\"caption\":\"Cincinnati Reds shortstop Elly De La Cruz (44) runs the field after a home run in the first inning of a Cactus League game between the Cincinnati Reds and Cleveland Guardians, Saturday, Feb. 22, 2025, at the Goodyear Ballpark in Goodyear, Ariz.\"},{\"@type\":\"BreadcrumbList\",\"@id\":\"https:\/\/theplayoffs.news\/fr\/actualite-mlb\/elly-de-la-cruz-frappe-2hr-en-spring-training\/#breadcrumb\",\"itemListElement\":[{\"@type\":\"ListItem\",\"position\":1,\"name\":\"Accueil\",\"item\":\"https:\/\/theplayoffs.news\/fr\/\"},{\"@type\":\"ListItem\",\"position\":2,\"name\":\"Elly De La Cruz frappe 2HR en Spring Training\"}]},{\"@type\":\"WebSite\",\"@id\":\"https:\/\/theplayoffs.news\/fr\/#website\",\"url\":\"https:\/\/theplayoffs.news\/fr\/\",\"name\":\"The Playoffs FR\",\"description\":\"NBA-NFL-NHL-MLB\",\"potentialAction\":[{\"@type\":\"SearchAction\",\"target\":{\"@type\":\"EntryPoint\",\"urlTemplate\":\"https:\/\/theplayoffs.news\/fr\/?s={search_term_string}\"},\"query-input\":{\"@type\":\"PropertyValueSpecification\",\"valueRequired\":true,\"valueName\":\"search_term_string\"}}],\"inLanguage\":\"fr-FR\"},{\"@type\":\"Person\",\"@id\":\"https:\/\/theplayoffs.news\/fr\/#\/schema\/person\/b6b04a451dab03a5ab75cec8912e8942\",\"name\":\"Arthur Berlemont\",\"image\":{\"@type\":\"ImageObject\",\"inLanguage\":\"fr-FR\",\"@id\":\"https:\/\/theplayoffs.news\/fr\/#\/schema\/person\/image\/\",\"url\":\"https:\/\/secure.gravatar.com\/avatar\/19ddab1d62ab0a19b186b86cee130432b120dd6f085625a6a6757dd1aa90a5f3?s=96&d=mm&r=g\",\"contentUrl\":\"https:\/\/secure.gravatar.com\/avatar\/19ddab1d62ab0a19b186b86cee130432b120dd6f085625a6a6757dd1aa90a5f3?s=96&d=mm&r=g\",\"caption\":\"Arthur Berlemont\"},\"description\":\"Etudiant passionn\u00e9 de sport, avant tout m\u00e9caniques, j\\\\'ai d\u00e9couvert les sports US il y a quelques ann\u00e9es. J\\\\'ai tout de suite accroch\u00e9 pour la ville de Cincinnati et ses franchises de NFL et MLB. Aujourd\\\\'hui, je suis l\u00e0 par passion dans la r\u00e9daction d\\\\'articles sur divers sports que j\\\\'affectionne.\",\"url\":\"https:\/\/theplayoffs.news\/fr\/author\/arthur-berlemontgmail-com\/\"}]}<\/script>\n<!-- \/ Yoast SEO plugin. -->","yoast_head_json":{"title":"Elly De La Cruz frappe 2HR en Spring Training - The Playoffs FR","robots":{"index":"index","follow":"follow","max-snippet":"max-snippet:-1","max-image-preview":"max-image-preview:large","max-video-preview":"max-video-preview:-1"},"canonical":"https:\/\/theplayoffs.news\/fr\/actualite-mlb\/elly-de-la-cruz-frappe-2hr-en-spring-training\/","og_locale":"fr_FR","og_type":"article","og_title":"Elly De La Cruz frappe 2HR en Spring Training - The Playoffs FR","og_description":"La star des Reds Elly De La Cruz a frapp&eacute; deux home run pour les d&eacute;buts de son &eacute;quipe en Spring Training.","og_url":"https:\/\/theplayoffs.news\/fr\/actualite-mlb\/elly-de-la-cruz-frappe-2hr-en-spring-training\/","og_site_name":"The Playoffs FR","article_publisher":"https:\/\/www.facebook.com\/TheFreeAgentFR\/","article_modified_time":"2025-02-23T10:58:36+00:00","og_image":[{"width":1920,"height":1280,"url":"https:\/\/theplayoffs.news\/fr\/wp-content\/uploads\/2025\/02\/USATSI_25483683.jpg","type":"image\/jpeg"}],"author":"Arthur Berlemont","twitter_card":"summary_large_image","twitter_creator":"@TheFreeAgentFR","twitter_site":"@TheFreeAgentFR","twitter_misc":{"\u00c9crit par":"Arthur Berlemont","Dur\u00e9e de lecture estim\u00e9e":"2 minutes"},"schema":{"@context":"https:\/\/schema.org","@graph":[{"@type":"WebPage","@id":"https:\/\/theplayoffs.news\/fr\/actualite-mlb\/elly-de-la-cruz-frappe-2hr-en-spring-training\/","url":"https:\/\/theplayoffs.news\/fr\/actualite-mlb\/elly-de-la-cruz-frappe-2hr-en-spring-training\/","name":"Elly De La Cruz frappe 2HR en Spring Training - The Playoffs FR","isPartOf":{"@id":"https:\/\/theplayoffs.news\/fr\/#website"},"primaryImageOfPage":{"@id":"https:\/\/theplayoffs.news\/fr\/actualite-mlb\/elly-de-la-cruz-frappe-2hr-en-spring-training\/#primaryimage"},"image":{"@id":"https:\/\/theplayoffs.news\/fr\/actualite-mlb\/elly-de-la-cruz-frappe-2hr-en-spring-training\/#primaryimage"},"thumbnailUrl":"https:\/\/theplayoffs.news\/fr\/wp-content\/uploads\/2025\/02\/USATSI_25483683.jpg","datePublished":"2025-02-23T10:58:29+00:00","dateModified":"2025-02-23T10:58:36+00:00","author":{"@id":"https:\/\/theplayoffs.news\/fr\/#\/schema\/person\/b6b04a451dab03a5ab75cec8912e8942"},"breadcrumb":{"@id":"https:\/\/theplayoffs.news\/fr\/actualite-mlb\/elly-de-la-cruz-frappe-2hr-en-spring-training\/#breadcrumb"},"inLanguage":"fr-FR","potentialAction":[{"@type":"ReadAction","target":["https:\/\/theplayoffs.news\/fr\/actualite-mlb\/elly-de-la-cruz-frappe-2hr-en-spring-training\/"]}]},{"@type":"ImageObject","inLanguage":"fr-FR","@id":"https:\/\/theplayoffs.news\/fr\/actualite-mlb\/elly-de-la-cruz-frappe-2hr-en-spring-training\/#primaryimage","url":"https:\/\/theplayoffs.news\/fr\/wp-content\/uploads\/2025\/02\/USATSI_25483683.jpg","contentUrl":"https:\/\/theplayoffs.news\/fr\/wp-content\/uploads\/2025\/02\/USATSI_25483683.jpg","width":1920,"height":1280,"caption":"Cincinnati Reds shortstop Elly De La Cruz (44) runs the field after a home run in the first inning of a Cactus League game between the Cincinnati Reds and Cleveland Guardians, Saturday, Feb. 22, 2025, at the Goodyear Ballpark in Goodyear, Ariz."},{"@type":"BreadcrumbList","@id":"https:\/\/theplayoffs.news\/fr\/actualite-mlb\/elly-de-la-cruz-frappe-2hr-en-spring-training\/#breadcrumb","itemListElement":[{"@type":"ListItem","position":1,"name":"Accueil","item":"https:\/\/theplayoffs.news\/fr\/"},{"@type":"ListItem","position":2,"name":"Elly De La Cruz frappe 2HR en Spring Training"}]},{"@type":"WebSite","@id":"https:\/\/theplayoffs.news\/fr\/#website","url":"https:\/\/theplayoffs.news\/fr\/","name":"The Playoffs FR","description":"NBA-NFL-NHL-MLB","potentialAction":[{"@type":"SearchAction","target":{"@type":"EntryPoint","urlTemplate":"https:\/\/theplayoffs.news\/fr\/?s={search_term_string}"},"query-input":{"@type":"PropertyValueSpecification","valueRequired":true,"valueName":"search_term_string"}}],"inLanguage":"fr-FR"},{"@type":"Person","@id":"https:\/\/theplayoffs.news\/fr\/#\/schema\/person\/b6b04a451dab03a5ab75cec8912e8942","name":"Arthur Berlemont","image":{"@type":"ImageObject","inLanguage":"fr-FR","@id":"https:\/\/theplayoffs.news\/fr\/#\/schema\/person\/image\/","url":"https:\/\/secure.gravatar.com\/avatar\/19ddab1d62ab0a19b186b86cee130432b120dd6f085625a6a6757dd1aa90a5f3?s=96&d=mm&r=g","contentUrl":"https:\/\/secure.gravatar.com\/avatar\/19ddab1d62ab0a19b186b86cee130432b120dd6f085625a6a6757dd1aa90a5f3?s=96&d=mm&r=g","caption":"Arthur Berlemont"},"description":"Etudiant passionn\u00e9 de sport, avant tout m\u00e9caniques, j\\'ai d\u00e9couvert les sports US il y a quelques ann\u00e9es. J\\'ai tout de suite accroch\u00e9 pour la ville de Cincinnati et ses franchises de NFL et MLB. Aujourd\\'hui, je suis l\u00e0 par passion dans la r\u00e9daction d\\'articles sur divers sports que j\\'affectionne.","url":"https:\/\/theplayoffs.news\/fr\/author\/arthur-berlemontgmail-com\/"}]}},"_links":{"self":[{"href":"https:\/\/theplayoffs.news\/fr\/wp-json\/wp\/v2\/posts\/1481825","targetHints":{"allow":["GET"]}}],"collection":[{"href":"https:\/\/theplayoffs.news\/fr\/wp-json\/wp\/v2\/posts"}],"about":[{"href":"https:\/\/theplayoffs.news\/fr\/wp-json\/wp\/v2\/types\/post"}],"author":[{"embeddable":true,"href":"https:\/\/theplayoffs.news\/fr\/wp-json\/wp\/v2\/users\/180310178"}],"replies":[{"embeddable":true,"href":"https:\/\/theplayoffs.news\/fr\/wp-json\/wp\/v2\/comments?post=1481825"}],"version-history":[{"count":1,"href":"https:\/\/theplayoffs.news\/fr\/wp-json\/wp\/v2\/posts\/1481825\/revisions"}],"predecessor-version":[{"id":1481827,"href":"https:\/\/theplayoffs.news\/fr\/wp-json\/wp\/v2\/posts\/1481825\/revisions\/1481827"}],"wp:featuredmedia":[{"embeddable":true,"href":"https:\/\/theplayoffs.news\/fr\/wp-json\/wp\/v2\/media\/1481826"}],"wp:attachment":[{"href":"https:\/\/theplayoffs.news\/fr\/wp-json\/wp\/v2\/media?parent=1481825"}],"wp:term":[{"taxonomy":"category","embeddable":true,"href":"https:\/\/theplayoffs.news\/fr\/wp-json\/wp\/v2\/categories?post=1481825"},{"taxonomy":"post_tag","embeddable":true,"href":"https:\/\/theplayoffs.news\/fr\/wp-json\/wp\/v2\/tags?post=1481825"},{"taxonomy":"sport","embeddable":true,"href":"https:\/\/theplayoffs.news\/fr\/wp-json\/wp\/v2\/sport?post=1481825"},{"taxonomy":"saison","embeddable":true,"href":"https:\/\/theplayoffs.news\/fr\/wp-json\/wp\/v2\/saison?post=1481825"}],"curies":[{"name":"wp","href":"https:\/\/api.w.org\/{rel}","templated":true}]}}