{"id":1481598,"date":"2025-02-21T22:52:48","date_gmt":"2025-02-21T21:52:48","guid":{"rendered":"https:\/\/theplayoffs.news\/fr\/uncategorized\/\/"},"modified":"2025-02-21T22:52:54","modified_gmt":"2025-02-21T21:52:54","slug":"les-jaguars-recrutent-james-gladstone-en-tant-que-manager-general","status":"publish","type":"post","link":"https:\/\/theplayoffs.news\/fr\/actualite-nfl\/les-jaguars-recrutent-james-gladstone-en-tant-que-manager-general\/","title":{"rendered":"Les Jaguars recrutent James Gladstone en tant que manager g\u00e9n\u00e9ral"},"content":{"rendered":"<p>Les Jacksonville Jaguars ont annonc&eacute; que James Gladstone allait &ecirc;tre leur nouveau manager g&eacute;n&eacute;ral. Cette signature intervient apr&egrave;s que la franchise de Floride se soit s&eacute;par&eacute;e de <a href=\"https:\/\/theplayoffs.news\/fr\/actualite-nfl\/trent-baalke-et-les-jacksonville-jaguars-se-separent\/\" class=\"trk-cta-link\" data-cta-trk='{\"ctaType\":\"Link\",\"ctaSubType\":\"main\"}'>Trent Baalke<\/a> en janvier dernier. <\/p><blockquote class=\"wp-block-quote is-layout-flow wp-block-quote-is-layout-flow\">\n<p>&laquo;&nbsp;Ce sera amusant de voir James travailler avec notre &eacute;quipe de direction du football, compos&eacute;e de Liam Coen, Tony Boselli et Tony Khan, mais ce sera surtout gratifiant. J&rsquo;en suis convaincu&nbsp;&raquo;, a <a href=\"https:\/\/www.nbcsports.com\/nfl\/profootballtalk\/rumor-mill\/news\/jaguars-hire-james-gladstone-as-general-manager\" class=\"trk-cta-link\" data-cta-trk='{\"ctaType\":\"Link\",\"ctaSubType\":\"main\"}'>d&eacute;clar&eacute; Shad Khan<\/a>, propri&eacute;taire des Jaguars. <\/p>\n<\/blockquote><p>A l&rsquo;origine, Baalke s&rsquo;est fait licenci&eacute; des Jaguars apr&egrave;s que Liam Coen se soit retir&eacute; de la course pour devenir head coach de la franchise. Finalement, Coen a accept&eacute; ce poste plus tard dans la semaine o&ugrave; Baalke a quitt&eacute; Jacksonville.<\/p><p>James Gladstone a pass&eacute; son enti&egrave;ret&eacute; de sa carri&egrave;re en NFL chez les Los Angeles Rams, et ce d&egrave;s 2016. Il a notamment &eacute;t&eacute;, au cours des trois derni&egrave;res ann&eacute;es, &agrave; la t&ecirc;te du d&eacute;partement de scouting des Rams. Aujourd&rsquo;hui, il retrouve Liam Coen &agrave; Jacksonville, avec qui il avait travaill&eacute; dans son temps &agrave; Los Angeles. <\/p><p>Cr&eacute;dit photo : Kirby Lee &ndash; USA Today<\/p>\n","protected":false},"excerpt":{"rendered":"<p>Les Jacksonville Jaguars ont embauch\u00e9 un nouveau manager g\u00e9n\u00e9ral pour la saison 2025 de NFL.<\/p>\n","protected":false},"author":180310178,"featured_media":1481602,"comment_status":"closed","ping_status":"closed","sticky":false,"template":"","format":"standard","meta":{"inline_featured_image":false,"kia_subtitle":"Les Jacksonville Jaguars ont embauch\u00e9 un nouveau manager g\u00e9n\u00e9ral pour la saison 2025 de NFL.","_mux_skip_reasons":[],"proofreadBy":0,"footnotes":""},"categories":[118,40],"tags":[5289,8095,79],"sport":[2785],"saison":[7475],"class_list":["post-1481598","post","type-post","status-publish","format-standard","has-post-thumbnail","hentry","category-actualite-nfl","category-nfl","tag-jacksonville-jagars","tag-james-gladstone","tag-nfl","sport-nfl","saison-7475"],"acf":[],"yoast_head":"<!-- This site is optimized with the Yoast SEO plugin v24.2 - https:\/\/yoast.com\/wordpress\/plugins\/seo\/ -->\n<title>Les Jaguars recrutent James Gladstone en tant que manager g&eacute;n&eacute;ral - The Playoffs FR<\/title>\n<meta name=\"robots\" content=\"index, follow, max-snippet:-1, max-image-preview:large, max-video-preview:-1\" \/>\n<link rel=\"canonical\" href=\"https:\/\/theplayoffs.news\/fr\/actualite-nfl\/les-jaguars-recrutent-james-gladstone-en-tant-que-manager-general\/\" \/>\n<meta property=\"og:locale\" content=\"fr_FR\" \/>\n<meta property=\"og:type\" content=\"article\" \/>\n<meta property=\"og:title\" content=\"Les Jaguars recrutent James Gladstone en tant que manager g&eacute;n&eacute;ral - The Playoffs FR\" \/>\n<meta property=\"og:description\" content=\"Les Jacksonville Jaguars ont embauch&eacute; un nouveau manager g&eacute;n&eacute;ral pour la saison 2025 de NFL.\" \/>\n<meta property=\"og:url\" content=\"https:\/\/theplayoffs.news\/fr\/actualite-nfl\/les-jaguars-recrutent-james-gladstone-en-tant-que-manager-general\/\" \/>\n<meta property=\"og:site_name\" content=\"The Playoffs FR\" \/>\n<meta property=\"article:publisher\" content=\"https:\/\/www.facebook.com\/TheFreeAgentFR\/\" \/>\n<meta property=\"article:modified_time\" content=\"2025-02-21T22:52:54+01:00\" \/>\n<meta property=\"og:image\" content=\"https:\/\/theplayoffs.news\/fr\/wp-content\/uploads\/2025\/02\/USATSI_24542296.jpg\" \/>\n\t<meta property=\"og:image:width\" content=\"1920\" \/>\n\t<meta property=\"og:image:height\" content=\"1280\" \/>\n\t<meta property=\"og:image:type\" content=\"image\/jpeg\" \/>\n<meta name=\"author\" content=\"Arthur Berlemont\" \/>\n<meta name=\"twitter:card\" content=\"summary_large_image\" \/>\n<meta name=\"twitter:creator\" content=\"@TheFreeAgentFR\" \/>\n<meta name=\"twitter:site\" content=\"@TheFreeAgentFR\" \/>\n<meta name=\"twitter:label1\" content=\"\u00c9crit par\" \/>\n\t<meta name=\"twitter:data1\" content=\"Arthur Berlemont\" \/>\n\t<meta name=\"twitter:label2\" content=\"Dur\u00e9e de lecture estim\u00e9e\" \/>\n\t<meta name=\"twitter:data2\" content=\"1 minute\" \/>\n<script type=\"application\/ld+json\" class=\"yoast-schema-graph\">{\"@context\":\"https:\/\/schema.org\",\"@graph\":[{\"@type\":\"WebPage\",\"@id\":\"https:\/\/theplayoffs.news\/fr\/actualite-nfl\/les-jaguars-recrutent-james-gladstone-en-tant-que-manager-general\/\",\"url\":\"https:\/\/theplayoffs.news\/fr\/actualite-nfl\/les-jaguars-recrutent-james-gladstone-en-tant-que-manager-general\/\",\"name\":\"Les Jaguars recrutent James Gladstone en tant que manager g\u00e9n\u00e9ral - The Playoffs FR\",\"isPartOf\":{\"@id\":\"https:\/\/theplayoffs.news\/fr\/#website\"},\"primaryImageOfPage\":{\"@id\":\"https:\/\/theplayoffs.news\/fr\/actualite-nfl\/les-jaguars-recrutent-james-gladstone-en-tant-que-manager-general\/#primaryimage\"},\"image\":{\"@id\":\"https:\/\/theplayoffs.news\/fr\/actualite-nfl\/les-jaguars-recrutent-james-gladstone-en-tant-que-manager-general\/#primaryimage\"},\"thumbnailUrl\":\"https:\/\/theplayoffs.news\/fr\/wp-content\/uploads\/2025\/02\/USATSI_24542296.jpg\",\"datePublished\":\"2025-02-21T21:52:48+00:00\",\"dateModified\":\"2025-02-21T21:52:54+00:00\",\"author\":{\"@id\":\"https:\/\/theplayoffs.news\/fr\/#\/schema\/person\/b6b04a451dab03a5ab75cec8912e8942\"},\"breadcrumb\":{\"@id\":\"https:\/\/theplayoffs.news\/fr\/actualite-nfl\/les-jaguars-recrutent-james-gladstone-en-tant-que-manager-general\/#breadcrumb\"},\"inLanguage\":\"fr-FR\",\"potentialAction\":[{\"@type\":\"ReadAction\",\"target\":[\"https:\/\/theplayoffs.news\/fr\/actualite-nfl\/les-jaguars-recrutent-james-gladstone-en-tant-que-manager-general\/\"]}]},{\"@type\":\"ImageObject\",\"inLanguage\":\"fr-FR\",\"@id\":\"https:\/\/theplayoffs.news\/fr\/actualite-nfl\/les-jaguars-recrutent-james-gladstone-en-tant-que-manager-general\/#primaryimage\",\"url\":\"https:\/\/theplayoffs.news\/fr\/wp-content\/uploads\/2025\/02\/USATSI_24542296.jpg\",\"contentUrl\":\"https:\/\/theplayoffs.news\/fr\/wp-content\/uploads\/2025\/02\/USATSI_24542296.jpg\",\"width\":1920,\"height\":1280,\"caption\":\"Oct 20, 2024; London, United Kingdom; The Jacksonville Jaguars logo at midfield during an NFL International Series game at Wembley Stadium. Mandatory Credit: Kirby Lee-Imagn Images\"},{\"@type\":\"BreadcrumbList\",\"@id\":\"https:\/\/theplayoffs.news\/fr\/actualite-nfl\/les-jaguars-recrutent-james-gladstone-en-tant-que-manager-general\/#breadcrumb\",\"itemListElement\":[{\"@type\":\"ListItem\",\"position\":1,\"name\":\"Accueil\",\"item\":\"https:\/\/theplayoffs.news\/fr\/\"},{\"@type\":\"ListItem\",\"position\":2,\"name\":\"Les Jaguars recrutent James Gladstone en tant que manager g\u00e9n\u00e9ral\"}]},{\"@type\":\"WebSite\",\"@id\":\"https:\/\/theplayoffs.news\/fr\/#website\",\"url\":\"https:\/\/theplayoffs.news\/fr\/\",\"name\":\"The Playoffs FR\",\"description\":\"NBA-NFL-NHL-MLB\",\"potentialAction\":[{\"@type\":\"SearchAction\",\"target\":{\"@type\":\"EntryPoint\",\"urlTemplate\":\"https:\/\/theplayoffs.news\/fr\/?s={search_term_string}\"},\"query-input\":{\"@type\":\"PropertyValueSpecification\",\"valueRequired\":true,\"valueName\":\"search_term_string\"}}],\"inLanguage\":\"fr-FR\"},{\"@type\":\"Person\",\"@id\":\"https:\/\/theplayoffs.news\/fr\/#\/schema\/person\/b6b04a451dab03a5ab75cec8912e8942\",\"name\":\"Arthur Berlemont\",\"image\":{\"@type\":\"ImageObject\",\"inLanguage\":\"fr-FR\",\"@id\":\"https:\/\/theplayoffs.news\/fr\/#\/schema\/person\/image\/\",\"url\":\"https:\/\/secure.gravatar.com\/avatar\/19ddab1d62ab0a19b186b86cee130432b120dd6f085625a6a6757dd1aa90a5f3?s=96&d=mm&r=g\",\"contentUrl\":\"https:\/\/secure.gravatar.com\/avatar\/19ddab1d62ab0a19b186b86cee130432b120dd6f085625a6a6757dd1aa90a5f3?s=96&d=mm&r=g\",\"caption\":\"Arthur Berlemont\"},\"description\":\"Etudiant passionn\u00e9 de sport, avant tout m\u00e9caniques, j\\\\'ai d\u00e9couvert les sports US il y a quelques ann\u00e9es. J\\\\'ai tout de suite accroch\u00e9 pour la ville de Cincinnati et ses franchises de NFL et MLB. Aujourd\\\\'hui, je suis l\u00e0 par passion dans la r\u00e9daction d\\\\'articles sur divers sports que j\\\\'affectionne.\",\"url\":\"https:\/\/theplayoffs.news\/fr\/author\/arthur-berlemontgmail-com\/\"}]}<\/script>\n<!-- \/ Yoast SEO plugin. -->","yoast_head_json":{"title":"Les Jaguars recrutent James Gladstone en tant que manager g&eacute;n&eacute;ral - The Playoffs FR","robots":{"index":"index","follow":"follow","max-snippet":"max-snippet:-1","max-image-preview":"max-image-preview:large","max-video-preview":"max-video-preview:-1"},"canonical":"https:\/\/theplayoffs.news\/fr\/actualite-nfl\/les-jaguars-recrutent-james-gladstone-en-tant-que-manager-general\/","og_locale":"fr_FR","og_type":"article","og_title":"Les Jaguars recrutent James Gladstone en tant que manager g&eacute;n&eacute;ral - The Playoffs FR","og_description":"Les Jacksonville Jaguars ont embauch&eacute; un nouveau manager g&eacute;n&eacute;ral pour la saison 2025 de NFL.","og_url":"https:\/\/theplayoffs.news\/fr\/actualite-nfl\/les-jaguars-recrutent-james-gladstone-en-tant-que-manager-general\/","og_site_name":"The Playoffs FR","article_publisher":"https:\/\/www.facebook.com\/TheFreeAgentFR\/","article_modified_time":"2025-02-21T21:52:54+00:00","og_image":[{"width":1920,"height":1280,"url":"https:\/\/theplayoffs.news\/fr\/wp-content\/uploads\/2025\/02\/USATSI_24542296.jpg","type":"image\/jpeg"}],"author":"Arthur Berlemont","twitter_card":"summary_large_image","twitter_creator":"@TheFreeAgentFR","twitter_site":"@TheFreeAgentFR","twitter_misc":{"\u00c9crit par":"Arthur Berlemont","Dur\u00e9e de lecture estim\u00e9e":"1 minute"},"schema":{"@context":"https:\/\/schema.org","@graph":[{"@type":"WebPage","@id":"https:\/\/theplayoffs.news\/fr\/actualite-nfl\/les-jaguars-recrutent-james-gladstone-en-tant-que-manager-general\/","url":"https:\/\/theplayoffs.news\/fr\/actualite-nfl\/les-jaguars-recrutent-james-gladstone-en-tant-que-manager-general\/","name":"Les Jaguars recrutent James Gladstone en tant que manager g\u00e9n\u00e9ral - The Playoffs FR","isPartOf":{"@id":"https:\/\/theplayoffs.news\/fr\/#website"},"primaryImageOfPage":{"@id":"https:\/\/theplayoffs.news\/fr\/actualite-nfl\/les-jaguars-recrutent-james-gladstone-en-tant-que-manager-general\/#primaryimage"},"image":{"@id":"https:\/\/theplayoffs.news\/fr\/actualite-nfl\/les-jaguars-recrutent-james-gladstone-en-tant-que-manager-general\/#primaryimage"},"thumbnailUrl":"https:\/\/theplayoffs.news\/fr\/wp-content\/uploads\/2025\/02\/USATSI_24542296.jpg","datePublished":"2025-02-21T21:52:48+00:00","dateModified":"2025-02-21T21:52:54+00:00","author":{"@id":"https:\/\/theplayoffs.news\/fr\/#\/schema\/person\/b6b04a451dab03a5ab75cec8912e8942"},"breadcrumb":{"@id":"https:\/\/theplayoffs.news\/fr\/actualite-nfl\/les-jaguars-recrutent-james-gladstone-en-tant-que-manager-general\/#breadcrumb"},"inLanguage":"fr-FR","potentialAction":[{"@type":"ReadAction","target":["https:\/\/theplayoffs.news\/fr\/actualite-nfl\/les-jaguars-recrutent-james-gladstone-en-tant-que-manager-general\/"]}]},{"@type":"ImageObject","inLanguage":"fr-FR","@id":"https:\/\/theplayoffs.news\/fr\/actualite-nfl\/les-jaguars-recrutent-james-gladstone-en-tant-que-manager-general\/#primaryimage","url":"https:\/\/theplayoffs.news\/fr\/wp-content\/uploads\/2025\/02\/USATSI_24542296.jpg","contentUrl":"https:\/\/theplayoffs.news\/fr\/wp-content\/uploads\/2025\/02\/USATSI_24542296.jpg","width":1920,"height":1280,"caption":"Oct 20, 2024; London, United Kingdom; The Jacksonville Jaguars logo at midfield during an NFL International Series game at Wembley Stadium. Mandatory Credit: Kirby Lee-Imagn Images"},{"@type":"BreadcrumbList","@id":"https:\/\/theplayoffs.news\/fr\/actualite-nfl\/les-jaguars-recrutent-james-gladstone-en-tant-que-manager-general\/#breadcrumb","itemListElement":[{"@type":"ListItem","position":1,"name":"Accueil","item":"https:\/\/theplayoffs.news\/fr\/"},{"@type":"ListItem","position":2,"name":"Les Jaguars recrutent James Gladstone en tant que manager g\u00e9n\u00e9ral"}]},{"@type":"WebSite","@id":"https:\/\/theplayoffs.news\/fr\/#website","url":"https:\/\/theplayoffs.news\/fr\/","name":"The Playoffs FR","description":"NBA-NFL-NHL-MLB","potentialAction":[{"@type":"SearchAction","target":{"@type":"EntryPoint","urlTemplate":"https:\/\/theplayoffs.news\/fr\/?s={search_term_string}"},"query-input":{"@type":"PropertyValueSpecification","valueRequired":true,"valueName":"search_term_string"}}],"inLanguage":"fr-FR"},{"@type":"Person","@id":"https:\/\/theplayoffs.news\/fr\/#\/schema\/person\/b6b04a451dab03a5ab75cec8912e8942","name":"Arthur Berlemont","image":{"@type":"ImageObject","inLanguage":"fr-FR","@id":"https:\/\/theplayoffs.news\/fr\/#\/schema\/person\/image\/","url":"https:\/\/secure.gravatar.com\/avatar\/19ddab1d62ab0a19b186b86cee130432b120dd6f085625a6a6757dd1aa90a5f3?s=96&d=mm&r=g","contentUrl":"https:\/\/secure.gravatar.com\/avatar\/19ddab1d62ab0a19b186b86cee130432b120dd6f085625a6a6757dd1aa90a5f3?s=96&d=mm&r=g","caption":"Arthur Berlemont"},"description":"Etudiant passionn\u00e9 de sport, avant tout m\u00e9caniques, j\\'ai d\u00e9couvert les sports US il y a quelques ann\u00e9es. J\\'ai tout de suite accroch\u00e9 pour la ville de Cincinnati et ses franchises de NFL et MLB. Aujourd\\'hui, je suis l\u00e0 par passion dans la r\u00e9daction d\\'articles sur divers sports que j\\'affectionne.","url":"https:\/\/theplayoffs.news\/fr\/author\/arthur-berlemontgmail-com\/"}]}},"_links":{"self":[{"href":"https:\/\/theplayoffs.news\/fr\/wp-json\/wp\/v2\/posts\/1481598","targetHints":{"allow":["GET"]}}],"collection":[{"href":"https:\/\/theplayoffs.news\/fr\/wp-json\/wp\/v2\/posts"}],"about":[{"href":"https:\/\/theplayoffs.news\/fr\/wp-json\/wp\/v2\/types\/post"}],"author":[{"embeddable":true,"href":"https:\/\/theplayoffs.news\/fr\/wp-json\/wp\/v2\/users\/180310178"}],"replies":[{"embeddable":true,"href":"https:\/\/theplayoffs.news\/fr\/wp-json\/wp\/v2\/comments?post=1481598"}],"version-history":[{"count":1,"href":"https:\/\/theplayoffs.news\/fr\/wp-json\/wp\/v2\/posts\/1481598\/revisions"}],"predecessor-version":[{"id":1481603,"href":"https:\/\/theplayoffs.news\/fr\/wp-json\/wp\/v2\/posts\/1481598\/revisions\/1481603"}],"wp:featuredmedia":[{"embeddable":true,"href":"https:\/\/theplayoffs.news\/fr\/wp-json\/wp\/v2\/media\/1481602"}],"wp:attachment":[{"href":"https:\/\/theplayoffs.news\/fr\/wp-json\/wp\/v2\/media?parent=1481598"}],"wp:term":[{"taxonomy":"category","embeddable":true,"href":"https:\/\/theplayoffs.news\/fr\/wp-json\/wp\/v2\/categories?post=1481598"},{"taxonomy":"post_tag","embeddable":true,"href":"https:\/\/theplayoffs.news\/fr\/wp-json\/wp\/v2\/tags?post=1481598"},{"taxonomy":"sport","embeddable":true,"href":"https:\/\/theplayoffs.news\/fr\/wp-json\/wp\/v2\/sport?post=1481598"},{"taxonomy":"saison","embeddable":true,"href":"https:\/\/theplayoffs.news\/fr\/wp-json\/wp\/v2\/saison?post=1481598"}],"curies":[{"name":"wp","href":"https:\/\/api.w.org\/{rel}","templated":true}]}}