{"id":1481577,"date":"2025-02-21T19:28:00","date_gmt":"2025-02-21T18:28:00","guid":{"rendered":"https:\/\/theplayoffs.news\/fr\/uncategorized\/\/"},"modified":"2025-02-21T19:12:46","modified_gmt":"2025-02-21T18:12:46","slug":"les-canucks-de-vancouver-securisent-kevin-lankinen-avec-une-prolongation-de-cinq-ans","status":"publish","type":"post","link":"https:\/\/theplayoffs.news\/fr\/actualite-nhl\/les-canucks-de-vancouver-securisent-kevin-lankinen-avec-une-prolongation-de-cinq-ans\/","title":{"rendered":"Les Canucks de Vancouver s\u00e9curisent Kevin Lankinen avec une prolongation de cinq ans"},"content":{"rendered":"<p>Les Canucks de Vancouver ont s&eacute;curis&eacute; leur gardien Kevin Lankinen en lui offrant une prolongation de contrat de cinq ans d&rsquo;une valeur de 22,5 millions de dollars, le maintenant avec l&rsquo;&eacute;quipe jusqu&rsquo;&agrave; la saison 2029-30. <\/p><p>L&rsquo;accord inclut une charge salariale de 4,5 millions de dollars par an, dont 8,5 millions seront vers&eacute;s sous forme de primes &agrave; la signature. Lankinen, qui f&ecirc;tera ses 30 ans en avril, devait devenir agent libre cet &eacute;t&eacute;, mais ses performances solides cette saison en ont fait une priorit&eacute; pour les Canucks.<\/p><p>Kevin Lankinen avait rejoint Vancouver l&rsquo;&eacute;t&eacute; dernier avec un contrat d&rsquo;un an &agrave; 875 000 $, apr&egrave;s avoir eu du mal &agrave; d&eacute;crocher un accord. Cependant, il a rapidement prouv&eacute; sa valeur en prenant un r&ocirc;le cl&eacute; alors que le gardien titulaire, Thatcher Demko, &eacute;tait bless&eacute;. <\/p><p>Jusqu&rsquo;&agrave; pr&eacute;sent cette saison, il a d&eacute;but&eacute; 32 des 55 matchs de l&rsquo;&eacute;quipe, affichant un pourcentage d&rsquo;arr&ecirc;ts de .905 et une moyenne de buts allou&eacute;s de 2,53. Ses performances r&eacute;guli&egrave;res ont aid&eacute; Vancouver &agrave; rester en lice pour les s&eacute;ries &eacute;liminatoires.<\/p><figure class=\"wp-block-embed is-type-rich is-provider-twitter wp-block-embed-twitter\"><div class=\"wp-block-embed__wrapper\">\n<blockquote class=\"twitter-tweet\" data-width=\"500\" data-dnt=\"true\"><p lang=\"en\" dir=\"ltr\">Kevin Lankinen locks in 5 more years with the Canucks &#128274; <a href=\"https:\/\/t.co\/xaRS7tErbN\" class=\"trk-cta-link\" data-cta-trk='{\"ctaType\":\"Link\",\"ctaSubType\":\"main\"}'>pic.twitter.com\/xaRS7tErbN<\/a><\/p>&mdash; Spittin' Chiclets (@spittinchiclets) <a href=\"https:\/\/twitter.com\/spittinchiclets\/status\/1892973792558760172?ref_src=twsrc%5Etfw\" class=\"trk-cta-link\" data-cta-trk='{\"ctaType\":\"Link\",\"ctaSubType\":\"main\"}'>February 21, 2025<\/a><\/blockquote><script async src=\"https:\/\/platform.twitter.com\/widgets.js\" charset=\"utf-8\"><\/script>\n<\/div><\/figure><p>Avant de rejoindre les Canucks, Lankinen a &eacute;t&eacute; un solide gardien suppl&eacute;ant pour Juuse Saros &agrave; Nashville et a connu une p&eacute;riode en dents de scie avec les Blackhawks de Chicago. <\/p><p>Bien qu&rsquo;il n&rsquo;ait jamais &eacute;t&eacute; consid&eacute;r&eacute; comme un gardien d&rsquo;&eacute;lite, il a d&eacute;montr&eacute; qu&rsquo;il pouvait g&eacute;rer une charge de travail plus importante lorsque n&eacute;cessaire. Avec l&rsquo;augmentation du plafond salarial de la <a href=\"https:\/\/theplayoffs.news\/fr\/category\/nhl\/\" target=\"_blank\" rel=\"noreferrer noopener\" class=\"trk-cta-link\" data-cta-trk='{\"ctaType\":\"Link\",\"ctaSubType\":\"main\"}'>LNH<\/a>, son nouveau contrat pourrait mieux vieillir que des accords similaires sign&eacute;s par le pass&eacute;. <\/p><p>Toutefois, certains pourraient &ecirc;tre surpris par l&rsquo;engagement de cinq ans et la protection contre les &eacute;changes, compte tenu de son parcours.<\/p><p>Cette signature offre &eacute;galement une assurance aux Canucks en cas de nouvelles blessures de Demko. Ce dernier, qui avait &eacute;t&eacute; s&eacute;lectionn&eacute; au Match des &eacute;toiles la saison derni&egrave;re, a manqu&eacute; beaucoup de matchs cette ann&eacute;e en raison de diverses blessures. <\/p><p>Ses statistiques en ont p&acirc;ti et les Canucks ne disposent d&rsquo;aucun jeune gardien prometteur pr&ecirc;t &agrave; prendre la rel&egrave;ve. Leur troisi&egrave;me option, Arturs Silovs, a &eacute;prouv&eacute; des difficult&eacute;s lorsqu&rsquo;il a eu sa chance, rendant la prolongation de Kevin Lankinen essentielle pour la profondeur du poste de gardien &agrave; Vancouver.<\/p><p>Lankinen aura 35 ans &agrave; la fin de ce contrat, ce qui en fait l&rsquo;accord le plus important de sa carri&egrave;re. Lorsqu&rsquo;il expirera en 2030, il aura une nouvelle opportunit&eacute; de tester le march&eacute; des agents libres, mais pour l&rsquo;instant, il a s&eacute;curis&eacute; son avenir avec les Canucks.<\/p><p><\/p><p>Credit Photo : David Kirouac-Imagn Images<\/p>\n","protected":false},"excerpt":{"rendered":"<p>Vancouver verrouille l\u2019avenir du gardien Kevin Lankinen<\/p>\n","protected":false},"author":180309799,"featured_media":1481578,"comment_status":"closed","ping_status":"closed","sticky":false,"template":"","format":"standard","meta":{"inline_featured_image":false,"kia_subtitle":"Vancouver verrouille l\u2019avenir du gardien Kevin Lankinen","_mux_skip_reasons":[],"proofreadBy":0,"footnotes":""},"categories":[187,26],"tags":[],"sport":[],"saison":[],"class_list":["post-1481577","post","type-post","status-publish","format-standard","has-post-thumbnail","hentry","category-actualite-nhl","category-nhl"],"acf":[],"yoast_head":"<!-- This site is optimized with the Yoast SEO plugin v24.2 - https:\/\/yoast.com\/wordpress\/plugins\/seo\/ -->\n<title>Les Canucks de Vancouver s&eacute;curisent Kevin Lankinen avec une prolongation de cinq ans - The Playoffs FR<\/title>\n<meta name=\"robots\" content=\"index, follow, max-snippet:-1, max-image-preview:large, max-video-preview:-1\" \/>\n<link rel=\"canonical\" href=\"https:\/\/theplayoffs.news\/fr\/actualite-nhl\/les-canucks-de-vancouver-securisent-kevin-lankinen-avec-une-prolongation-de-cinq-ans\/\" \/>\n<meta property=\"og:locale\" content=\"fr_FR\" \/>\n<meta property=\"og:type\" content=\"article\" \/>\n<meta property=\"og:title\" content=\"Les Canucks de Vancouver s&eacute;curisent Kevin Lankinen avec une prolongation de cinq ans - The Playoffs FR\" \/>\n<meta property=\"og:description\" content=\"Vancouver verrouille l&rsquo;avenir du gardien Kevin Lankinen\" \/>\n<meta property=\"og:url\" content=\"https:\/\/theplayoffs.news\/fr\/actualite-nhl\/les-canucks-de-vancouver-securisent-kevin-lankinen-avec-une-prolongation-de-cinq-ans\/\" \/>\n<meta property=\"og:site_name\" content=\"The Playoffs FR\" \/>\n<meta property=\"article:publisher\" content=\"https:\/\/www.facebook.com\/TheFreeAgentFR\/\" \/>\n<meta property=\"article:modified_time\" content=\"2025-02-21T19:28:00+01:00\" \/>\n<meta property=\"og:image\" content=\"https:\/\/theplayoffs.news\/fr\/wp-content\/uploads\/2025\/02\/USATSI_25447441.jpg\" \/>\n\t<meta property=\"og:image:width\" content=\"1920\" \/>\n\t<meta property=\"og:image:height\" content=\"1280\" \/>\n\t<meta property=\"og:image:type\" content=\"image\/jpeg\" \/>\n<meta name=\"author\" content=\"La r\u00e9daction\" \/>\n<meta name=\"twitter:card\" content=\"summary_large_image\" \/>\n<meta name=\"twitter:creator\" content=\"@TheFreeAgentFR\" \/>\n<meta name=\"twitter:site\" content=\"@TheFreeAgentFR\" \/>\n<meta name=\"twitter:label1\" content=\"\u00c9crit par\" \/>\n\t<meta name=\"twitter:data1\" content=\"La r\u00e9daction\" \/>\n\t<meta name=\"twitter:label2\" content=\"Dur\u00e9e de lecture estim\u00e9e\" \/>\n\t<meta name=\"twitter:data2\" content=\"3 minutes\" \/>\n<script type=\"application\/ld+json\" class=\"yoast-schema-graph\">{\"@context\":\"https:\/\/schema.org\",\"@graph\":[{\"@type\":\"WebPage\",\"@id\":\"https:\/\/theplayoffs.news\/fr\/actualite-nhl\/les-canucks-de-vancouver-securisent-kevin-lankinen-avec-une-prolongation-de-cinq-ans\/\",\"url\":\"https:\/\/theplayoffs.news\/fr\/actualite-nhl\/les-canucks-de-vancouver-securisent-kevin-lankinen-avec-une-prolongation-de-cinq-ans\/\",\"name\":\"Les Canucks de Vancouver s\u00e9curisent Kevin Lankinen avec une prolongation de cinq ans - The Playoffs FR\",\"isPartOf\":{\"@id\":\"https:\/\/theplayoffs.news\/fr\/#website\"},\"primaryImageOfPage\":{\"@id\":\"https:\/\/theplayoffs.news\/fr\/actualite-nhl\/les-canucks-de-vancouver-securisent-kevin-lankinen-avec-une-prolongation-de-cinq-ans\/#primaryimage\"},\"image\":{\"@id\":\"https:\/\/theplayoffs.news\/fr\/actualite-nhl\/les-canucks-de-vancouver-securisent-kevin-lankinen-avec-une-prolongation-de-cinq-ans\/#primaryimage\"},\"thumbnailUrl\":\"https:\/\/theplayoffs.news\/fr\/wp-content\/uploads\/2025\/02\/USATSI_25447441.jpg\",\"datePublished\":\"2025-02-21T18:28:00+00:00\",\"dateModified\":\"2025-02-21T19:28:00+01:00\",\"author\":{\"@id\":\"https:\/\/theplayoffs.news\/fr\/#\/schema\/person\/bb40426f4e478f9bd8cdbfeb4f2f9784\"},\"breadcrumb\":{\"@id\":\"https:\/\/theplayoffs.news\/fr\/actualite-nhl\/les-canucks-de-vancouver-securisent-kevin-lankinen-avec-une-prolongation-de-cinq-ans\/#breadcrumb\"},\"inLanguage\":\"fr-FR\",\"potentialAction\":[{\"@type\":\"ReadAction\",\"target\":[\"https:\/\/theplayoffs.news\/fr\/actualite-nhl\/les-canucks-de-vancouver-securisent-kevin-lankinen-avec-une-prolongation-de-cinq-ans\/\"]}]},{\"@type\":\"ImageObject\",\"inLanguage\":\"fr-FR\",\"@id\":\"https:\/\/theplayoffs.news\/fr\/actualite-nhl\/les-canucks-de-vancouver-securisent-kevin-lankinen-avec-une-prolongation-de-cinq-ans\/#primaryimage\",\"url\":\"https:\/\/theplayoffs.news\/fr\/wp-content\/uploads\/2025\/02\/USATSI_25447441.jpg\",\"contentUrl\":\"https:\/\/theplayoffs.news\/fr\/wp-content\/uploads\/2025\/02\/USATSI_25447441.jpg\",\"width\":1920,\"height\":1280,\"caption\":\"Feb 13, 2025; Montreal, Quebec, CAN; [Imagn Images direct customers only] Team Finland goalie Kevin Lankinen (32) looks on in warm-up before the game against Team USA during a 4 Nations Face-Off ice hockey game at Bell Centre. Mandatory Credit: David Kirouac-Imagn Images\"},{\"@type\":\"BreadcrumbList\",\"@id\":\"https:\/\/theplayoffs.news\/fr\/actualite-nhl\/les-canucks-de-vancouver-securisent-kevin-lankinen-avec-une-prolongation-de-cinq-ans\/#breadcrumb\",\"itemListElement\":[{\"@type\":\"ListItem\",\"position\":1,\"name\":\"Accueil\",\"item\":\"https:\/\/theplayoffs.news\/fr\/\"},{\"@type\":\"ListItem\",\"position\":2,\"name\":\"Les Canucks de Vancouver s\u00e9curisent Kevin Lankinen avec une prolongation de cinq ans\"}]},{\"@type\":\"WebSite\",\"@id\":\"https:\/\/theplayoffs.news\/fr\/#website\",\"url\":\"https:\/\/theplayoffs.news\/fr\/\",\"name\":\"The Playoffs FR\",\"description\":\"NBA-NFL-NHL-MLB\",\"potentialAction\":[{\"@type\":\"SearchAction\",\"target\":{\"@type\":\"EntryPoint\",\"urlTemplate\":\"https:\/\/theplayoffs.news\/fr\/?s={search_term_string}\"},\"query-input\":{\"@type\":\"PropertyValueSpecification\",\"valueRequired\":true,\"valueName\":\"search_term_string\"}}],\"inLanguage\":\"fr-FR\"},{\"@type\":\"Person\",\"@id\":\"https:\/\/theplayoffs.news\/fr\/#\/schema\/person\/bb40426f4e478f9bd8cdbfeb4f2f9784\",\"name\":\"La r\u00e9daction\",\"image\":{\"@type\":\"ImageObject\",\"inLanguage\":\"fr-FR\",\"@id\":\"https:\/\/theplayoffs.news\/fr\/#\/schema\/person\/image\/\",\"url\":\"https:\/\/secure.gravatar.com\/avatar\/7e69b41460ab2c17d61c8c364b6a0ee006f957a70191383ef42be1f4733d6515?s=96&d=mm&r=g\",\"contentUrl\":\"https:\/\/secure.gravatar.com\/avatar\/7e69b41460ab2c17d61c8c364b6a0ee006f957a70191383ef42be1f4733d6515?s=96&d=mm&r=g\",\"caption\":\"La r\u00e9daction\"},\"description\":\"On dit qu\\\\'il faut un village pour s\\\\'occuper d\\\\'un enfant. Et bien c\\\\'est exactement ce dont il s\\\\'agit ici pour The Playoffs. La r\u00e9daction, ce sont vos r\u00e9dacteurs pr\u00e9f\u00e9r\u00e9s qui collaborent sur ces articles que vous lisez au quotidien.\u00a0\",\"url\":\"https:\/\/theplayoffs.news\/fr\/author\/freeagentfr\/\"}]}<\/script>\n<!-- \/ Yoast SEO plugin. -->","yoast_head_json":{"title":"Les Canucks de Vancouver s&eacute;curisent Kevin Lankinen avec une prolongation de cinq ans - The Playoffs FR","robots":{"index":"index","follow":"follow","max-snippet":"max-snippet:-1","max-image-preview":"max-image-preview:large","max-video-preview":"max-video-preview:-1"},"canonical":"https:\/\/theplayoffs.news\/fr\/actualite-nhl\/les-canucks-de-vancouver-securisent-kevin-lankinen-avec-une-prolongation-de-cinq-ans\/","og_locale":"fr_FR","og_type":"article","og_title":"Les Canucks de Vancouver s&eacute;curisent Kevin Lankinen avec une prolongation de cinq ans - The Playoffs FR","og_description":"Vancouver verrouille l&rsquo;avenir du gardien Kevin Lankinen","og_url":"https:\/\/theplayoffs.news\/fr\/actualite-nhl\/les-canucks-de-vancouver-securisent-kevin-lankinen-avec-une-prolongation-de-cinq-ans\/","og_site_name":"The Playoffs FR","article_publisher":"https:\/\/www.facebook.com\/TheFreeAgentFR\/","article_modified_time":"2025-02-21T18:12:46+00:00","og_image":[{"width":1920,"height":1280,"url":"https:\/\/theplayoffs.news\/fr\/wp-content\/uploads\/2025\/02\/USATSI_25447441.jpg","type":"image\/jpeg"}],"author":"La r\u00e9daction","twitter_card":"summary_large_image","twitter_creator":"@TheFreeAgentFR","twitter_site":"@TheFreeAgentFR","twitter_misc":{"\u00c9crit par":"La r\u00e9daction","Dur\u00e9e de lecture estim\u00e9e":"3 minutes"},"schema":{"@context":"https:\/\/schema.org","@graph":[{"@type":"WebPage","@id":"https:\/\/theplayoffs.news\/fr\/actualite-nhl\/les-canucks-de-vancouver-securisent-kevin-lankinen-avec-une-prolongation-de-cinq-ans\/","url":"https:\/\/theplayoffs.news\/fr\/actualite-nhl\/les-canucks-de-vancouver-securisent-kevin-lankinen-avec-une-prolongation-de-cinq-ans\/","name":"Les Canucks de Vancouver s\u00e9curisent Kevin Lankinen avec une prolongation de cinq ans - The Playoffs FR","isPartOf":{"@id":"https:\/\/theplayoffs.news\/fr\/#website"},"primaryImageOfPage":{"@id":"https:\/\/theplayoffs.news\/fr\/actualite-nhl\/les-canucks-de-vancouver-securisent-kevin-lankinen-avec-une-prolongation-de-cinq-ans\/#primaryimage"},"image":{"@id":"https:\/\/theplayoffs.news\/fr\/actualite-nhl\/les-canucks-de-vancouver-securisent-kevin-lankinen-avec-une-prolongation-de-cinq-ans\/#primaryimage"},"thumbnailUrl":"https:\/\/theplayoffs.news\/fr\/wp-content\/uploads\/2025\/02\/USATSI_25447441.jpg","datePublished":"2025-02-21T18:28:00+00:00","dateModified":"2025-02-21T19:28:00+01:00","author":{"@id":"https:\/\/theplayoffs.news\/fr\/#\/schema\/person\/bb40426f4e478f9bd8cdbfeb4f2f9784"},"breadcrumb":{"@id":"https:\/\/theplayoffs.news\/fr\/actualite-nhl\/les-canucks-de-vancouver-securisent-kevin-lankinen-avec-une-prolongation-de-cinq-ans\/#breadcrumb"},"inLanguage":"fr-FR","potentialAction":[{"@type":"ReadAction","target":["https:\/\/theplayoffs.news\/fr\/actualite-nhl\/les-canucks-de-vancouver-securisent-kevin-lankinen-avec-une-prolongation-de-cinq-ans\/"]}]},{"@type":"ImageObject","inLanguage":"fr-FR","@id":"https:\/\/theplayoffs.news\/fr\/actualite-nhl\/les-canucks-de-vancouver-securisent-kevin-lankinen-avec-une-prolongation-de-cinq-ans\/#primaryimage","url":"https:\/\/theplayoffs.news\/fr\/wp-content\/uploads\/2025\/02\/USATSI_25447441.jpg","contentUrl":"https:\/\/theplayoffs.news\/fr\/wp-content\/uploads\/2025\/02\/USATSI_25447441.jpg","width":1920,"height":1280,"caption":"Feb 13, 2025; Montreal, Quebec, CAN; [Imagn Images direct customers only] Team Finland goalie Kevin Lankinen (32) looks on in warm-up before the game against Team USA during a 4 Nations Face-Off ice hockey game at Bell Centre. Mandatory Credit: David Kirouac-Imagn Images"},{"@type":"BreadcrumbList","@id":"https:\/\/theplayoffs.news\/fr\/actualite-nhl\/les-canucks-de-vancouver-securisent-kevin-lankinen-avec-une-prolongation-de-cinq-ans\/#breadcrumb","itemListElement":[{"@type":"ListItem","position":1,"name":"Accueil","item":"https:\/\/theplayoffs.news\/fr\/"},{"@type":"ListItem","position":2,"name":"Les Canucks de Vancouver s\u00e9curisent Kevin Lankinen avec une prolongation de cinq ans"}]},{"@type":"WebSite","@id":"https:\/\/theplayoffs.news\/fr\/#website","url":"https:\/\/theplayoffs.news\/fr\/","name":"The Playoffs FR","description":"NBA-NFL-NHL-MLB","potentialAction":[{"@type":"SearchAction","target":{"@type":"EntryPoint","urlTemplate":"https:\/\/theplayoffs.news\/fr\/?s={search_term_string}"},"query-input":{"@type":"PropertyValueSpecification","valueRequired":true,"valueName":"search_term_string"}}],"inLanguage":"fr-FR"},{"@type":"Person","@id":"https:\/\/theplayoffs.news\/fr\/#\/schema\/person\/bb40426f4e478f9bd8cdbfeb4f2f9784","name":"La r\u00e9daction","image":{"@type":"ImageObject","inLanguage":"fr-FR","@id":"https:\/\/theplayoffs.news\/fr\/#\/schema\/person\/image\/","url":"https:\/\/secure.gravatar.com\/avatar\/7e69b41460ab2c17d61c8c364b6a0ee006f957a70191383ef42be1f4733d6515?s=96&d=mm&r=g","contentUrl":"https:\/\/secure.gravatar.com\/avatar\/7e69b41460ab2c17d61c8c364b6a0ee006f957a70191383ef42be1f4733d6515?s=96&d=mm&r=g","caption":"La r\u00e9daction"},"description":"On dit qu\\'il faut un village pour s\\'occuper d\\'un enfant. Et bien c\\'est exactement ce dont il s\\'agit ici pour The Playoffs. La r\u00e9daction, ce sont vos r\u00e9dacteurs pr\u00e9f\u00e9r\u00e9s qui collaborent sur ces articles que vous lisez au quotidien.\u00a0","url":"https:\/\/theplayoffs.news\/fr\/author\/freeagentfr\/"}]}},"_links":{"self":[{"href":"https:\/\/theplayoffs.news\/fr\/wp-json\/wp\/v2\/posts\/1481577","targetHints":{"allow":["GET"]}}],"collection":[{"href":"https:\/\/theplayoffs.news\/fr\/wp-json\/wp\/v2\/posts"}],"about":[{"href":"https:\/\/theplayoffs.news\/fr\/wp-json\/wp\/v2\/types\/post"}],"author":[{"embeddable":true,"href":"https:\/\/theplayoffs.news\/fr\/wp-json\/wp\/v2\/users\/180309799"}],"replies":[{"embeddable":true,"href":"https:\/\/theplayoffs.news\/fr\/wp-json\/wp\/v2\/comments?post=1481577"}],"version-history":[{"count":1,"href":"https:\/\/theplayoffs.news\/fr\/wp-json\/wp\/v2\/posts\/1481577\/revisions"}],"predecessor-version":[{"id":1481579,"href":"https:\/\/theplayoffs.news\/fr\/wp-json\/wp\/v2\/posts\/1481577\/revisions\/1481579"}],"wp:featuredmedia":[{"embeddable":true,"href":"https:\/\/theplayoffs.news\/fr\/wp-json\/wp\/v2\/media\/1481578"}],"wp:attachment":[{"href":"https:\/\/theplayoffs.news\/fr\/wp-json\/wp\/v2\/media?parent=1481577"}],"wp:term":[{"taxonomy":"category","embeddable":true,"href":"https:\/\/theplayoffs.news\/fr\/wp-json\/wp\/v2\/categories?post=1481577"},{"taxonomy":"post_tag","embeddable":true,"href":"https:\/\/theplayoffs.news\/fr\/wp-json\/wp\/v2\/tags?post=1481577"},{"taxonomy":"sport","embeddable":true,"href":"https:\/\/theplayoffs.news\/fr\/wp-json\/wp\/v2\/sport?post=1481577"},{"taxonomy":"saison","embeddable":true,"href":"https:\/\/theplayoffs.news\/fr\/wp-json\/wp\/v2\/saison?post=1481577"}],"curies":[{"name":"wp","href":"https:\/\/api.w.org\/{rel}","templated":true}]}}