{"id":1481375,"date":"2025-02-21T09:04:17","date_gmt":"2025-02-21T08:04:17","guid":{"rendered":"https:\/\/theplayoffs.news\/fr\/uncategorized\/\/"},"modified":"2025-02-21T09:04:25","modified_gmt":"2025-02-21T08:04:25","slug":"wembanyama-absent-un-mal-pour-un-bien-pour-les-spurs","status":"publish","type":"post","link":"https:\/\/theplayoffs.news\/fr\/actualite-nba\/wembanyama-absent-un-mal-pour-un-bien-pour-les-spurs\/","title":{"rendered":"Wembanyama absent : un mal pour un bien pour les Spurs ?"},"content":{"rendered":"<p class=\"has-text-align-left\"><a href=\"https:\/\/theplayoffs.news\/fr\/actualite-nba\/victor-wembanyama-forfait-pour-le-reste-de-la-saison\/\" class=\"trk-cta-link\" data-cta-trk='{\"ctaType\":\"Link\",\"ctaSubType\":\"main\"}'>Victor Wembanyama<\/a> vient &agrave; peine d&rsquo;honorer sa premi&egrave;re s&eacute;lection All-Star, et il vit d&eacute;j&agrave;, un des moments les plus compliqu&eacute;s de sa carri&egrave;re. Un caillot de sang a &eacute;t&eacute; rep&eacute;r&eacute; dans son &eacute;paule, ce qui va l&rsquo;emp&ecirc;cher de disputer le reste des matchs de la saison. <\/p><p class=\"has-text-align-left\">Un &eacute;norme coup dur pour les Spurs qui &eacute;taient d&eacute;j&agrave; en retard dans la course au Play-in. Ils avaient besoin d&rsquo;un grand Wemby afin d&rsquo;accomplir leur objectif de la saison : d&eacute;couvrir les Playoffs.<\/p><p class=\"has-text-align-left\">Actuellement <a href=\"https:\/\/www.nba.com\/standings\" class=\"trk-cta-link\" data-cta-trk='{\"ctaType\":\"Link\",\"ctaSubType\":\"main\"}'>12e de l&rsquo;ouest<\/a>, San Antonio s&rsquo;est renforc&eacute; lors de la trade deadline avec l&rsquo;arriv&eacute;e du meneur All-Star <a href=\"https:\/\/theplayoffs.news\/fr\/actualite-nba\/avec-victor-wembanyama-deaaron-fox-veut-faire-des-spurs-une-grande-equipe-defensive\/\" class=\"trk-cta-link\" data-cta-trk='{\"ctaType\":\"Link\",\"ctaSubType\":\"main\"}'>De&rsquo;Aaron Fox<\/a> au poste de meneur. Un ajout qui devait permettre aux Spurs de rivaliser face &agrave; leurs concurrents directs. <\/p><p class=\"has-text-align-left\">Malheureusement pour eux, le coach Mich Johnson a du mal &agrave; trouver une hi&eacute;rarchie claire, et le jeu semble d&eacute;sorganis&eacute;. La qualification en post-season semble s&rsquo;&eacute;loigner de plus en plus. Certains fans esp&egrave;rent m&ecirc;me que les Spurs profitent de l&rsquo;&eacute;norme qualit&eacute; de la future draft pour r&eacute;cup&eacute;rer le plus haut pick possible.<\/p><figure class=\"wp-block-embed is-type-rich is-provider-twitter wp-block-embed-twitter\"><div class=\"wp-block-embed__wrapper\">\n<blockquote class=\"twitter-tweet\" data-width=\"500\" data-dnt=\"true\"><p lang=\"en\" dir=\"ltr\">NBA STANDINGS UPDATE &#8252;&#65039;<br><br>&#9642;&#65039; CHA wins in 1st game out of the break<br><br>Download the NBA App for more: <a href=\"https:\/\/t.co\/WAQ7n00ju1\" class=\"trk-cta-link\" data-cta-trk='{\"ctaType\":\"Link\",\"ctaSubType\":\"main\"}'>https:\/\/t.co\/WAQ7n00ju1<\/a> <a href=\"https:\/\/t.co\/S3sSpSRqrh\" class=\"trk-cta-link\" data-cta-trk='{\"ctaType\":\"Link\",\"ctaSubType\":\"main\"}'>pic.twitter.com\/S3sSpSRqrh<\/a><\/p>&mdash; NBA (@NBA) <a href=\"https:\/\/twitter.com\/NBA\/status\/1892457827936940404?ref_src=twsrc%5Etfw\" class=\"trk-cta-link\" data-cta-trk='{\"ctaType\":\"Link\",\"ctaSubType\":\"main\"}'>February 20, 2025<\/a><\/blockquote><script async src=\"https:\/\/platform.twitter.com\/widgets.js\" charset=\"utf-8\"><\/script>\n<\/div><\/figure><h2 class=\"wp-block-heading\">Objectif draft !<\/h2><p>Petit rappel historique : lors de la saison 96-97, David Robinson s&rsquo;&eacute;tait bless&eacute;, et les Spurs avaient donc choisi de tanker. Un choix qui s&rsquo;est finalement av&eacute;r&eacute; payant puisqu&rsquo;ils avaient draft&eacute; un certain&hellip; Tim Duncan. Il n&rsquo;en fallait pas plus pour que les fans prient pour que l&rsquo;histoire se r&eacute;p&egrave;te, et que le 1st pick 2025 tombe dans le Texas. <\/p><figure class=\"wp-block-embed is-type-rich is-provider-twitter wp-block-embed-twitter\"><div class=\"wp-block-embed__wrapper\">\n<blockquote class=\"twitter-tweet\" data-width=\"500\" data-dnt=\"true\"><p lang=\"en\" dir=\"ltr\">Remember when David Robinson got injured, and the Spurs drafted Tim Duncan that off-season &#129300;<br><br>The Cooper Flagg tank begins &#128064; <a href=\"https:\/\/t.co\/T0rcgNdOV4\" class=\"trk-cta-link\" data-cta-trk='{\"ctaType\":\"Link\",\"ctaSubType\":\"main\"}'>pic.twitter.com\/T0rcgNdOV4<\/a><\/p>&mdash; Basketball Forever (@bballforever_) <a href=\"https:\/\/twitter.com\/bballforever_\/status\/1892686668723060766?ref_src=twsrc%5Etfw\" class=\"trk-cta-link\" data-cta-trk='{\"ctaType\":\"Link\",\"ctaSubType\":\"main\"}'>February 20, 2025<\/a><\/blockquote><script async src=\"https:\/\/platform.twitter.com\/widgets.js\" charset=\"utf-8\"><\/script>\n<\/div><\/figure><p>Avec l&rsquo;absence de Wembanyama, la situation semble d&eacute;sormais claire. Le play-in est trop compliqu&eacute; &agrave; aller chercher. La franchise texane doit donc activer le tank, et essayer de perdre le plus de match possible afin d&rsquo;avoir le plus de chance de r&eacute;cup&eacute;rer un pick dans le top 10. <\/p><p>La chance pourrait &eacute;galement sourire aux Spurs puisqu&rsquo;ils poss&egrave;dent le pick des Hawks d&rsquo;Atlanta. Auteur d&rsquo;une saison loin des attentes, ils pourraient donner &agrave; SA un 2e pick dans la loterie. Le fans les plus optimistes imaginent d&eacute;j&agrave; r&eacute;cup&eacute;rer le 1st pick. Les fantasmes d&rsquo;un quatuor Wembanyama, Flagg, Fox, Castle sont d&eacute;j&agrave; tr&egrave;s nombreux sur X.<\/p><figure class=\"wp-block-embed is-type-rich is-provider-twitter wp-block-embed-twitter\"><div class=\"wp-block-embed__wrapper\">\n<blockquote class=\"twitter-tweet\" data-width=\"500\" data-dnt=\"true\"><p lang=\"zxx\" dir=\"ltr\"><a href=\"https:\/\/t.co\/5YD4uxufXY\" class=\"trk-cta-link\" data-cta-trk='{\"ctaType\":\"Link\",\"ctaSubType\":\"main\"}'>pic.twitter.com\/5YD4uxufXY<\/a><\/p>&mdash; &#127788;&#65039; (@spursback) <a href=\"https:\/\/twitter.com\/spursback\/status\/1892644850794725413?ref_src=twsrc%5Etfw\" class=\"trk-cta-link\" data-cta-trk='{\"ctaType\":\"Link\",\"ctaSubType\":\"main\"}'>February 20, 2025<\/a><\/blockquote><script async src=\"https:\/\/platform.twitter.com\/widgets.js\" charset=\"utf-8\"><\/script>\n<\/div><\/figure><p>Voir arriver Cooper Flagg &agrave; San Antonio fait r&ecirc;ver. Mais il faudrait tout de m&ecirc;me compter sur un &eacute;norme coup du destin pour que cela se produise. Au-del&agrave; de l&rsquo;ailier de Duke, la cuv&eacute;e 2025 s&rsquo;annonce particuli&egrave;rement charg&eacute;e en termes de talent. <\/p><p>2 choix dans le top 10 devraient permettre aux Spurs de pouvoir compl&eacute;ter leur effectif avec une pi&egrave;ce majeure qui pourrait permettre &agrave; l&rsquo;&eacute;quipe de continuer sa progression. Mais si les Texans veulent am&eacute;liorer l&rsquo;&eacute;quipe dans l&rsquo;imm&eacute;diat, ils pourront &eacute;galement trade ces picks. En effet, ils devraient avoir beaucoup de valeur, ce qui pourrait permettre de convaincre une &eacute;quipe de l&acirc;cher un de leur meilleur joueur.<\/p><h2 class=\"wp-block-heading\">Une saison 25-26 passionnante<\/h2><p>D&rsquo;un point de vue hype, la fin de saison de SA sera forc&eacute;ment moins passionnante que si l&rsquo;&eacute;quipe allait se battre pour le Play-in. Mais cela permet au front-office d&rsquo;adopter une strat&eacute;gie claire, et de ne pas h&eacute;siter entre le fait de tenter de titiller le top 10, ou de tanker en vue de la draft, et de tout miser sur la saison prochaine. <\/p><p>Cher fans des Spurs, il ne vous reste plus qu&rsquo;&agrave; esp&eacute;rer que les dieux de la NBA soient avec vous le soir de la loterie, et que Wembanyama revienne &agrave; 100% la saison prochaine. Une chose est s&ucirc;re la saison est loin d&rsquo;&ecirc;tre finie.<\/p>\n","protected":false},"excerpt":{"rendered":"<p>Victor Wembanyama manquera le reste de la saison. C&rsquo;est un v\u00e9ritable coup de tonnerre pour les Spurs. Mais si cette blessure pouvait, en fait, \u00eatre b\u00e9n\u00e9fique \u00e0 long terme.<\/p>\n","protected":false},"author":180310258,"featured_media":1481376,"comment_status":"closed","ping_status":"closed","sticky":false,"template":"","format":"standard","meta":{"inline_featured_image":false,"kia_subtitle":"Victor Wembanyama manquera le reste de la saison. C'est un v\u00e9ritable coup de tonnerre pour les Spurs. Mais si cette blessure pouvait, en fait, \u00eatre b\u00e9n\u00e9fique \u00e0 long terme.","_mux_skip_reasons":[],"proofreadBy":0,"footnotes":""},"categories":[110,10],"tags":[23,131,4260],"sport":[2783],"saison":[7475],"class_list":["post-1481375","post","type-post","status-publish","format-standard","has-post-thumbnail","hentry","category-actualite-nba","category-nba","tag-nba-tag","tag-san-antonio-spurs","tag-wembanyama","sport-nba","saison-7475"],"acf":[],"yoast_head":"<!-- This site is optimized with the Yoast SEO plugin v24.2 - https:\/\/yoast.com\/wordpress\/plugins\/seo\/ -->\n<title>Wembanyama absent : un mal pour un bien pour les Spurs ? - The Playoffs FR<\/title>\n<meta name=\"robots\" content=\"index, follow, max-snippet:-1, max-image-preview:large, max-video-preview:-1\" \/>\n<link rel=\"canonical\" href=\"https:\/\/theplayoffs.news\/fr\/actualite-nba\/wembanyama-absent-un-mal-pour-un-bien-pour-les-spurs\/\" \/>\n<meta property=\"og:locale\" content=\"fr_FR\" \/>\n<meta property=\"og:type\" content=\"article\" \/>\n<meta property=\"og:title\" content=\"Wembanyama absent : un mal pour un bien pour les Spurs ? - The Playoffs FR\" \/>\n<meta property=\"og:description\" content=\"Victor Wembanyama manquera le reste de la saison. C&#039;est un v&eacute;ritable coup de tonnerre pour les Spurs. Mais si cette blessure pouvait, en fait, &ecirc;tre b&eacute;n&eacute;fique &agrave; long terme.\" \/>\n<meta property=\"og:url\" content=\"https:\/\/theplayoffs.news\/fr\/actualite-nba\/wembanyama-absent-un-mal-pour-un-bien-pour-les-spurs\/\" \/>\n<meta property=\"og:site_name\" content=\"The Playoffs FR\" \/>\n<meta property=\"article:publisher\" content=\"https:\/\/www.facebook.com\/TheFreeAgentFR\/\" \/>\n<meta property=\"article:modified_time\" content=\"2025-02-21T09:04:25+01:00\" \/>\n<meta property=\"og:image\" content=\"https:\/\/theplayoffs.news\/fr\/wp-content\/uploads\/2025\/02\/USATSI_25385545.jpg\" \/>\n\t<meta property=\"og:image:width\" content=\"1920\" \/>\n\t<meta property=\"og:image:height\" content=\"1280\" \/>\n\t<meta property=\"og:image:type\" content=\"image\/jpeg\" \/>\n<meta name=\"author\" content=\"Raphael Pascal\" \/>\n<meta name=\"twitter:card\" content=\"summary_large_image\" \/>\n<meta name=\"twitter:creator\" content=\"@raph_psc\" \/>\n<meta name=\"twitter:site\" content=\"@TheFreeAgentFR\" \/>\n<meta name=\"twitter:label1\" content=\"\u00c9crit par\" \/>\n\t<meta name=\"twitter:data1\" content=\"Raphael Pascal\" \/>\n\t<meta name=\"twitter:label2\" content=\"Dur\u00e9e de lecture estim\u00e9e\" \/>\n\t<meta name=\"twitter:data2\" content=\"4 minutes\" \/>\n<script type=\"application\/ld+json\" class=\"yoast-schema-graph\">{\"@context\":\"https:\/\/schema.org\",\"@graph\":[{\"@type\":\"WebPage\",\"@id\":\"https:\/\/theplayoffs.news\/fr\/actualite-nba\/wembanyama-absent-un-mal-pour-un-bien-pour-les-spurs\/\",\"url\":\"https:\/\/theplayoffs.news\/fr\/actualite-nba\/wembanyama-absent-un-mal-pour-un-bien-pour-les-spurs\/\",\"name\":\"Wembanyama absent : un mal pour un bien pour les Spurs ? - The Playoffs FR\",\"isPartOf\":{\"@id\":\"https:\/\/theplayoffs.news\/fr\/#website\"},\"primaryImageOfPage\":{\"@id\":\"https:\/\/theplayoffs.news\/fr\/actualite-nba\/wembanyama-absent-un-mal-pour-un-bien-pour-les-spurs\/#primaryimage\"},\"image\":{\"@id\":\"https:\/\/theplayoffs.news\/fr\/actualite-nba\/wembanyama-absent-un-mal-pour-un-bien-pour-les-spurs\/#primaryimage\"},\"thumbnailUrl\":\"https:\/\/theplayoffs.news\/fr\/wp-content\/uploads\/2025\/02\/USATSI_25385545.jpg\",\"datePublished\":\"2025-02-21T08:04:17+00:00\",\"dateModified\":\"2025-02-21T08:04:25+00:00\",\"author\":{\"@id\":\"https:\/\/theplayoffs.news\/fr\/#\/schema\/person\/485c897926bddfb30c4c48ac6ef84900\"},\"breadcrumb\":{\"@id\":\"https:\/\/theplayoffs.news\/fr\/actualite-nba\/wembanyama-absent-un-mal-pour-un-bien-pour-les-spurs\/#breadcrumb\"},\"inLanguage\":\"fr-FR\",\"potentialAction\":[{\"@type\":\"ReadAction\",\"target\":[\"https:\/\/theplayoffs.news\/fr\/actualite-nba\/wembanyama-absent-un-mal-pour-un-bien-pour-les-spurs\/\"]}]},{\"@type\":\"ImageObject\",\"inLanguage\":\"fr-FR\",\"@id\":\"https:\/\/theplayoffs.news\/fr\/actualite-nba\/wembanyama-absent-un-mal-pour-un-bien-pour-les-spurs\/#primaryimage\",\"url\":\"https:\/\/theplayoffs.news\/fr\/wp-content\/uploads\/2025\/02\/USATSI_25385545.jpg\",\"contentUrl\":\"https:\/\/theplayoffs.news\/fr\/wp-content\/uploads\/2025\/02\/USATSI_25385545.jpg\",\"width\":1920,\"height\":1280,\"caption\":\"Feb 10, 2025; Washington, District of Columbia, USA; San Antonio Spurs center Victor Wembanyama (1) reacts after making a three point field goal during the first quarter against the Washington Wizards at Capital One Arena. Mandatory Credit: Reggie Hildred-Imagn Images\"},{\"@type\":\"BreadcrumbList\",\"@id\":\"https:\/\/theplayoffs.news\/fr\/actualite-nba\/wembanyama-absent-un-mal-pour-un-bien-pour-les-spurs\/#breadcrumb\",\"itemListElement\":[{\"@type\":\"ListItem\",\"position\":1,\"name\":\"Accueil\",\"item\":\"https:\/\/theplayoffs.news\/fr\/\"},{\"@type\":\"ListItem\",\"position\":2,\"name\":\"Wembanyama absent : un mal pour un bien pour les Spurs ?\"}]},{\"@type\":\"WebSite\",\"@id\":\"https:\/\/theplayoffs.news\/fr\/#website\",\"url\":\"https:\/\/theplayoffs.news\/fr\/\",\"name\":\"The Playoffs FR\",\"description\":\"NBA-NFL-NHL-MLB\",\"potentialAction\":[{\"@type\":\"SearchAction\",\"target\":{\"@type\":\"EntryPoint\",\"urlTemplate\":\"https:\/\/theplayoffs.news\/fr\/?s={search_term_string}\"},\"query-input\":{\"@type\":\"PropertyValueSpecification\",\"valueRequired\":true,\"valueName\":\"search_term_string\"}}],\"inLanguage\":\"fr-FR\"},{\"@type\":\"Person\",\"@id\":\"https:\/\/theplayoffs.news\/fr\/#\/schema\/person\/485c897926bddfb30c4c48ac6ef84900\",\"name\":\"Raphael Pascal\",\"image\":{\"@type\":\"ImageObject\",\"inLanguage\":\"fr-FR\",\"@id\":\"https:\/\/theplayoffs.news\/fr\/#\/schema\/person\/image\/\",\"url\":\"https:\/\/secure.gravatar.com\/avatar\/121ff11187bbf8567a6a8b88a345550217899606196c19205b2337f770b1af55?s=96&d=mm&r=g\",\"contentUrl\":\"https:\/\/secure.gravatar.com\/avatar\/121ff11187bbf8567a6a8b88a345550217899606196c19205b2337f770b1af55?s=96&d=mm&r=g\",\"caption\":\"Raphael Pascal\"},\"description\":\"Podcasteur, commentateur et r\u00e9dacteur NBA et NFL. Depuis toujours fan de sport, j\\\\'ai d\u00e9couvert la NBA et la NFL a 18 ans et \u00e7a a \u00e9t\u00e9 un coup de c\u0153ur. Les Bucks et les Spurs m\\\\'ont fait d\u00e9couvrir la NBA et m\\\\'ont donn\u00e9 cet amour pour ce sport. Et pour la NFL, c\\\\'est le Superbowl perdu par les Chiefs face \u00e0 Tempa Bay qui m\\\\'a fait d\u00e9couvrir ce sport. Depuis, je suis fan de KC. Ce que j\\\\'aime le plus c\\\\'est les \u00e9missions \/ podcadts, car c\\\\'est un moment convivial o\u00f9 l\\\\'on peut donner des informations, mais cela permet aussi de pouvoir \u00e9changer et d\u00e9battre et c\\\\'est toujours passionnant. Rejoignez nous les jeudis \u00e0 19h chaque semaine pour une \u00e9mission NBA en direct sur Twitch, on sera ravi de pouvoir partager ces moments avec vous, et pouvoir r\u00e9pondre \u00e0 vos questions.\",\"sameAs\":[\"https:\/\/www.instagram.com\/raph_psc\/\",\"https:\/\/x.com\/raph_psc\"],\"url\":\"https:\/\/theplayoffs.news\/fr\/author\/rpascal-newsgmail-com\/\"}]}<\/script>\n<!-- \/ Yoast SEO plugin. -->","yoast_head_json":{"title":"Wembanyama absent : un mal pour un bien pour les Spurs ? - The Playoffs FR","robots":{"index":"index","follow":"follow","max-snippet":"max-snippet:-1","max-image-preview":"max-image-preview:large","max-video-preview":"max-video-preview:-1"},"canonical":"https:\/\/theplayoffs.news\/fr\/actualite-nba\/wembanyama-absent-un-mal-pour-un-bien-pour-les-spurs\/","og_locale":"fr_FR","og_type":"article","og_title":"Wembanyama absent : un mal pour un bien pour les Spurs ? - The Playoffs FR","og_description":"Victor Wembanyama manquera le reste de la saison. C&#039;est un v&eacute;ritable coup de tonnerre pour les Spurs. Mais si cette blessure pouvait, en fait, &ecirc;tre b&eacute;n&eacute;fique &agrave; long terme.","og_url":"https:\/\/theplayoffs.news\/fr\/actualite-nba\/wembanyama-absent-un-mal-pour-un-bien-pour-les-spurs\/","og_site_name":"The Playoffs FR","article_publisher":"https:\/\/www.facebook.com\/TheFreeAgentFR\/","article_modified_time":"2025-02-21T08:04:25+00:00","og_image":[{"width":1920,"height":1280,"url":"https:\/\/theplayoffs.news\/fr\/wp-content\/uploads\/2025\/02\/USATSI_25385545.jpg","type":"image\/jpeg"}],"author":"Raphael Pascal","twitter_card":"summary_large_image","twitter_creator":"@raph_psc","twitter_site":"@TheFreeAgentFR","twitter_misc":{"\u00c9crit par":"Raphael Pascal","Dur\u00e9e de lecture estim\u00e9e":"4 minutes"},"schema":{"@context":"https:\/\/schema.org","@graph":[{"@type":"WebPage","@id":"https:\/\/theplayoffs.news\/fr\/actualite-nba\/wembanyama-absent-un-mal-pour-un-bien-pour-les-spurs\/","url":"https:\/\/theplayoffs.news\/fr\/actualite-nba\/wembanyama-absent-un-mal-pour-un-bien-pour-les-spurs\/","name":"Wembanyama absent : un mal pour un bien pour les Spurs ? - The Playoffs FR","isPartOf":{"@id":"https:\/\/theplayoffs.news\/fr\/#website"},"primaryImageOfPage":{"@id":"https:\/\/theplayoffs.news\/fr\/actualite-nba\/wembanyama-absent-un-mal-pour-un-bien-pour-les-spurs\/#primaryimage"},"image":{"@id":"https:\/\/theplayoffs.news\/fr\/actualite-nba\/wembanyama-absent-un-mal-pour-un-bien-pour-les-spurs\/#primaryimage"},"thumbnailUrl":"https:\/\/theplayoffs.news\/fr\/wp-content\/uploads\/2025\/02\/USATSI_25385545.jpg","datePublished":"2025-02-21T08:04:17+00:00","dateModified":"2025-02-21T08:04:25+00:00","author":{"@id":"https:\/\/theplayoffs.news\/fr\/#\/schema\/person\/485c897926bddfb30c4c48ac6ef84900"},"breadcrumb":{"@id":"https:\/\/theplayoffs.news\/fr\/actualite-nba\/wembanyama-absent-un-mal-pour-un-bien-pour-les-spurs\/#breadcrumb"},"inLanguage":"fr-FR","potentialAction":[{"@type":"ReadAction","target":["https:\/\/theplayoffs.news\/fr\/actualite-nba\/wembanyama-absent-un-mal-pour-un-bien-pour-les-spurs\/"]}]},{"@type":"ImageObject","inLanguage":"fr-FR","@id":"https:\/\/theplayoffs.news\/fr\/actualite-nba\/wembanyama-absent-un-mal-pour-un-bien-pour-les-spurs\/#primaryimage","url":"https:\/\/theplayoffs.news\/fr\/wp-content\/uploads\/2025\/02\/USATSI_25385545.jpg","contentUrl":"https:\/\/theplayoffs.news\/fr\/wp-content\/uploads\/2025\/02\/USATSI_25385545.jpg","width":1920,"height":1280,"caption":"Feb 10, 2025; Washington, District of Columbia, USA; San Antonio Spurs center Victor Wembanyama (1) reacts after making a three point field goal during the first quarter against the Washington Wizards at Capital One Arena. Mandatory Credit: Reggie Hildred-Imagn Images"},{"@type":"BreadcrumbList","@id":"https:\/\/theplayoffs.news\/fr\/actualite-nba\/wembanyama-absent-un-mal-pour-un-bien-pour-les-spurs\/#breadcrumb","itemListElement":[{"@type":"ListItem","position":1,"name":"Accueil","item":"https:\/\/theplayoffs.news\/fr\/"},{"@type":"ListItem","position":2,"name":"Wembanyama absent : un mal pour un bien pour les Spurs ?"}]},{"@type":"WebSite","@id":"https:\/\/theplayoffs.news\/fr\/#website","url":"https:\/\/theplayoffs.news\/fr\/","name":"The Playoffs FR","description":"NBA-NFL-NHL-MLB","potentialAction":[{"@type":"SearchAction","target":{"@type":"EntryPoint","urlTemplate":"https:\/\/theplayoffs.news\/fr\/?s={search_term_string}"},"query-input":{"@type":"PropertyValueSpecification","valueRequired":true,"valueName":"search_term_string"}}],"inLanguage":"fr-FR"},{"@type":"Person","@id":"https:\/\/theplayoffs.news\/fr\/#\/schema\/person\/485c897926bddfb30c4c48ac6ef84900","name":"Raphael Pascal","image":{"@type":"ImageObject","inLanguage":"fr-FR","@id":"https:\/\/theplayoffs.news\/fr\/#\/schema\/person\/image\/","url":"https:\/\/secure.gravatar.com\/avatar\/121ff11187bbf8567a6a8b88a345550217899606196c19205b2337f770b1af55?s=96&d=mm&r=g","contentUrl":"https:\/\/secure.gravatar.com\/avatar\/121ff11187bbf8567a6a8b88a345550217899606196c19205b2337f770b1af55?s=96&d=mm&r=g","caption":"Raphael Pascal"},"description":"Podcasteur, commentateur et r\u00e9dacteur NBA et NFL. Depuis toujours fan de sport, j\\'ai d\u00e9couvert la NBA et la NFL a 18 ans et \u00e7a a \u00e9t\u00e9 un coup de c\u0153ur. Les Bucks et les Spurs m\\'ont fait d\u00e9couvrir la NBA et m\\'ont donn\u00e9 cet amour pour ce sport. Et pour la NFL, c\\'est le Superbowl perdu par les Chiefs face \u00e0 Tempa Bay qui m\\'a fait d\u00e9couvrir ce sport. Depuis, je suis fan de KC. Ce que j\\'aime le plus c\\'est les \u00e9missions \/ podcadts, car c\\'est un moment convivial o\u00f9 l\\'on peut donner des informations, mais cela permet aussi de pouvoir \u00e9changer et d\u00e9battre et c\\'est toujours passionnant. Rejoignez nous les jeudis \u00e0 19h chaque semaine pour une \u00e9mission NBA en direct sur Twitch, on sera ravi de pouvoir partager ces moments avec vous, et pouvoir r\u00e9pondre \u00e0 vos questions.","sameAs":["https:\/\/www.instagram.com\/raph_psc\/","https:\/\/x.com\/raph_psc"],"url":"https:\/\/theplayoffs.news\/fr\/author\/rpascal-newsgmail-com\/"}]}},"_links":{"self":[{"href":"https:\/\/theplayoffs.news\/fr\/wp-json\/wp\/v2\/posts\/1481375","targetHints":{"allow":["GET"]}}],"collection":[{"href":"https:\/\/theplayoffs.news\/fr\/wp-json\/wp\/v2\/posts"}],"about":[{"href":"https:\/\/theplayoffs.news\/fr\/wp-json\/wp\/v2\/types\/post"}],"author":[{"embeddable":true,"href":"https:\/\/theplayoffs.news\/fr\/wp-json\/wp\/v2\/users\/180310258"}],"replies":[{"embeddable":true,"href":"https:\/\/theplayoffs.news\/fr\/wp-json\/wp\/v2\/comments?post=1481375"}],"version-history":[{"count":3,"href":"https:\/\/theplayoffs.news\/fr\/wp-json\/wp\/v2\/posts\/1481375\/revisions"}],"predecessor-version":[{"id":1481426,"href":"https:\/\/theplayoffs.news\/fr\/wp-json\/wp\/v2\/posts\/1481375\/revisions\/1481426"}],"wp:featuredmedia":[{"embeddable":true,"href":"https:\/\/theplayoffs.news\/fr\/wp-json\/wp\/v2\/media\/1481376"}],"wp:attachment":[{"href":"https:\/\/theplayoffs.news\/fr\/wp-json\/wp\/v2\/media?parent=1481375"}],"wp:term":[{"taxonomy":"category","embeddable":true,"href":"https:\/\/theplayoffs.news\/fr\/wp-json\/wp\/v2\/categories?post=1481375"},{"taxonomy":"post_tag","embeddable":true,"href":"https:\/\/theplayoffs.news\/fr\/wp-json\/wp\/v2\/tags?post=1481375"},{"taxonomy":"sport","embeddable":true,"href":"https:\/\/theplayoffs.news\/fr\/wp-json\/wp\/v2\/sport?post=1481375"},{"taxonomy":"saison","embeddable":true,"href":"https:\/\/theplayoffs.news\/fr\/wp-json\/wp\/v2\/saison?post=1481375"}],"curies":[{"name":"wp","href":"https:\/\/api.w.org\/{rel}","templated":true}]}}