{"id":1480766,"date":"2025-02-19T20:36:06","date_gmt":"2025-02-19T19:36:06","guid":{"rendered":"https:\/\/theplayoffs.news\/fr\/uncategorized\/\/"},"modified":"2025-02-20T08:13:39","modified_gmt":"2025-02-20T07:13:39","slug":"eagles-kevin-patullo-nomme-coordinateur-offensif","status":"publish","type":"post","link":"https:\/\/theplayoffs.news\/fr\/actualite-nfl\/eagles-kevin-patullo-nomme-coordinateur-offensif\/","title":{"rendered":"Eagles : Kevin Patullo nomm\u00e9 coordinateur offensif"},"content":{"rendered":"<p>Une dizaine de jours apr&egrave;s le <a href=\"https:\/\/theplayoffs.news\/fr\/actualite-nfl\/podcast-nfl-les-eagles-remportent-le-super-bowl-lix\/\" class=\"trk-cta-link\" data-cta-trk='{\"ctaType\":\"Link\",\"ctaSubType\":\"main\"}'>Super Bowl LIX<\/a>, les Eagles annoncent que Kevin Patullo va <a href=\"https:\/\/www.nbcsports.com\/nfl\/profootballtalk\/rumor-mill\/news\/eagles-to-promote-kevin-patullo-to-offensive-coordinator\" class=\"trk-cta-link\" data-cta-trk='{\"ctaType\":\"Link\",\"ctaSubType\":\"main\"}'>succ&eacute;der<\/a> &agrave; Kellen Moore pour le r&ocirc;le de coordinateur offensif de la franchise de Philadelphie. <\/p><p>Kevin Patullo est d&eacute;j&agrave; connu des Eagles, &eacute;tant donn&eacute; qu&rsquo;il est pr&eacute;sent avec la franchise depuis maintenant quatre saisons. Celui-ci &eacute;tait notamment le coordinateur du jeu de passe mais &eacute;galement head coach associ&eacute; en 2023. Cette promotion intervient apr&egrave;s le d&eacute;part de Kellen Moore, ancien coordinateur offensif, ayant remport&eacute; le Super Bowl avec Philadelphie, du c&ocirc;t&eacute; des Saints de New Orleans o&ugrave; il sera head coach.<\/p><p>Kevin Patullo a d&rsquo;ailleurs failli rejoindre Moore du c&ocirc;t&eacute; de la Louisiane en tant que coordinateur offensif, mais il s&rsquo;av&egrave;re que Kellen Moore appellera les jeux offensifs c&ocirc;t&eacute; Saints, tandis que Patullo aura cette responsabilit&eacute; &agrave; Philadelphie. <\/p><p>Le nouveau coordinateur offensif des Eagles va reprendre l&rsquo;une des meilleures attaques de la ligue en termes de statistiques, avec de puissantes armes telles que Saquon Barkley et Jalen Hurts, le tout pour d&eacute;fendre le titre acquis en Nouvelle Orl&eacute;ans quelques jours auparavant. <\/p><p>Cr&eacute;dit photo : Vincent Carchietta &ndash; USA Today<\/p>\n","protected":false},"excerpt":{"rendered":"<p>Les Eagles de Philadelphie ont trouv\u00e9 leur nouveau coordinateur offensif pour la saison 2025.<\/p>\n","protected":false},"author":180310178,"featured_media":1480770,"comment_status":"closed","ping_status":"closed","sticky":false,"template":"","format":"standard","meta":{"inline_featured_image":false,"kia_subtitle":"Les Eagles de Philadelphie ont trouv\u00e9 leur nouveau coordinateur offensif pour la saison 2025.","_mux_skip_reasons":[],"proofreadBy":0,"footnotes":""},"categories":[118,40],"tags":[],"sport":[],"saison":[],"class_list":["post-1480766","post","type-post","status-publish","format-standard","has-post-thumbnail","hentry","category-actualite-nfl","category-nfl"],"acf":[],"yoast_head":"<!-- This site is optimized with the Yoast SEO plugin v24.2 - https:\/\/yoast.com\/wordpress\/plugins\/seo\/ -->\n<title>Eagles : Kevin Patullo nomm&eacute; coordinateur offensif - The Playoffs FR<\/title>\n<meta name=\"robots\" content=\"index, follow, max-snippet:-1, max-image-preview:large, max-video-preview:-1\" \/>\n<link rel=\"canonical\" href=\"https:\/\/theplayoffs.news\/fr\/actualite-nfl\/eagles-kevin-patullo-nomme-coordinateur-offensif\/\" \/>\n<meta property=\"og:locale\" content=\"fr_FR\" \/>\n<meta property=\"og:type\" content=\"article\" \/>\n<meta property=\"og:title\" content=\"Eagles : Kevin Patullo nomm&eacute; coordinateur offensif - The Playoffs FR\" \/>\n<meta property=\"og:description\" content=\"Les Eagles de Philadelphie ont trouv&eacute; leur nouveau coordinateur offensif pour la saison 2025.\" \/>\n<meta property=\"og:url\" content=\"https:\/\/theplayoffs.news\/fr\/actualite-nfl\/eagles-kevin-patullo-nomme-coordinateur-offensif\/\" \/>\n<meta property=\"og:site_name\" content=\"The Playoffs FR\" \/>\n<meta property=\"article:publisher\" content=\"https:\/\/www.facebook.com\/TheFreeAgentFR\/\" \/>\n<meta property=\"article:modified_time\" content=\"2025-02-20T08:13:39+01:00\" \/>\n<meta property=\"og:image\" content=\"https:\/\/theplayoffs.news\/fr\/wp-content\/uploads\/2025\/02\/USATSI_19607567.jpg\" \/>\n\t<meta property=\"og:image:width\" content=\"1920\" \/>\n\t<meta property=\"og:image:height\" content=\"1280\" \/>\n\t<meta property=\"og:image:type\" content=\"image\/jpeg\" \/>\n<meta name=\"author\" content=\"Arthur Berlemont\" \/>\n<meta name=\"twitter:card\" content=\"summary_large_image\" \/>\n<meta name=\"twitter:creator\" content=\"@TheFreeAgentFR\" \/>\n<meta name=\"twitter:site\" content=\"@TheFreeAgentFR\" \/>\n<meta name=\"twitter:label1\" content=\"\u00c9crit par\" \/>\n\t<meta name=\"twitter:data1\" content=\"Arthur Berlemont\" \/>\n\t<meta name=\"twitter:label2\" content=\"Dur\u00e9e de lecture estim\u00e9e\" \/>\n\t<meta name=\"twitter:data2\" content=\"2 minutes\" \/>\n<script type=\"application\/ld+json\" class=\"yoast-schema-graph\">{\"@context\":\"https:\/\/schema.org\",\"@graph\":[{\"@type\":\"WebPage\",\"@id\":\"https:\/\/theplayoffs.news\/fr\/actualite-nfl\/eagles-kevin-patullo-nomme-coordinateur-offensif\/\",\"url\":\"https:\/\/theplayoffs.news\/fr\/actualite-nfl\/eagles-kevin-patullo-nomme-coordinateur-offensif\/\",\"name\":\"Eagles : Kevin Patullo nomm\u00e9 coordinateur offensif - The Playoffs FR\",\"isPartOf\":{\"@id\":\"https:\/\/theplayoffs.news\/fr\/#website\"},\"primaryImageOfPage\":{\"@id\":\"https:\/\/theplayoffs.news\/fr\/actualite-nfl\/eagles-kevin-patullo-nomme-coordinateur-offensif\/#primaryimage\"},\"image\":{\"@id\":\"https:\/\/theplayoffs.news\/fr\/actualite-nfl\/eagles-kevin-patullo-nomme-coordinateur-offensif\/#primaryimage\"},\"thumbnailUrl\":\"https:\/\/theplayoffs.news\/fr\/wp-content\/uploads\/2025\/02\/USATSI_19607567.jpg\",\"datePublished\":\"2025-02-19T19:36:06+00:00\",\"dateModified\":\"2025-02-20T07:13:39+00:00\",\"author\":{\"@id\":\"https:\/\/theplayoffs.news\/fr\/#\/schema\/person\/b6b04a451dab03a5ab75cec8912e8942\"},\"breadcrumb\":{\"@id\":\"https:\/\/theplayoffs.news\/fr\/actualite-nfl\/eagles-kevin-patullo-nomme-coordinateur-offensif\/#breadcrumb\"},\"inLanguage\":\"fr-FR\",\"potentialAction\":[{\"@type\":\"ReadAction\",\"target\":[\"https:\/\/theplayoffs.news\/fr\/actualite-nfl\/eagles-kevin-patullo-nomme-coordinateur-offensif\/\"]}]},{\"@type\":\"ImageObject\",\"inLanguage\":\"fr-FR\",\"@id\":\"https:\/\/theplayoffs.news\/fr\/actualite-nfl\/eagles-kevin-patullo-nomme-coordinateur-offensif\/#primaryimage\",\"url\":\"https:\/\/theplayoffs.news\/fr\/wp-content\/uploads\/2025\/02\/USATSI_19607567.jpg\",\"contentUrl\":\"https:\/\/theplayoffs.news\/fr\/wp-content\/uploads\/2025\/02\/USATSI_19607567.jpg\",\"width\":1920,\"height\":1280,\"caption\":\"Dec 11, 2022; East Rutherford, New Jersey, USA; Philadelphia Eagles assistant coach Kevin Patullo celebrates with quarterback Jalen Hurts (1) after a touchdown during the second half against the New York Giants at MetLife Stadium. Mandatory Credit: Vincent Carchietta-USA TODAY Sports\"},{\"@type\":\"BreadcrumbList\",\"@id\":\"https:\/\/theplayoffs.news\/fr\/actualite-nfl\/eagles-kevin-patullo-nomme-coordinateur-offensif\/#breadcrumb\",\"itemListElement\":[{\"@type\":\"ListItem\",\"position\":1,\"name\":\"Accueil\",\"item\":\"https:\/\/theplayoffs.news\/fr\/\"},{\"@type\":\"ListItem\",\"position\":2,\"name\":\"Eagles : Kevin Patullo nomm\u00e9 coordinateur offensif\"}]},{\"@type\":\"WebSite\",\"@id\":\"https:\/\/theplayoffs.news\/fr\/#website\",\"url\":\"https:\/\/theplayoffs.news\/fr\/\",\"name\":\"The Playoffs FR\",\"description\":\"NBA-NFL-NHL-MLB\",\"potentialAction\":[{\"@type\":\"SearchAction\",\"target\":{\"@type\":\"EntryPoint\",\"urlTemplate\":\"https:\/\/theplayoffs.news\/fr\/?s={search_term_string}\"},\"query-input\":{\"@type\":\"PropertyValueSpecification\",\"valueRequired\":true,\"valueName\":\"search_term_string\"}}],\"inLanguage\":\"fr-FR\"},{\"@type\":\"Person\",\"@id\":\"https:\/\/theplayoffs.news\/fr\/#\/schema\/person\/b6b04a451dab03a5ab75cec8912e8942\",\"name\":\"Arthur Berlemont\",\"image\":{\"@type\":\"ImageObject\",\"inLanguage\":\"fr-FR\",\"@id\":\"https:\/\/theplayoffs.news\/fr\/#\/schema\/person\/image\/\",\"url\":\"https:\/\/secure.gravatar.com\/avatar\/19ddab1d62ab0a19b186b86cee130432b120dd6f085625a6a6757dd1aa90a5f3?s=96&d=mm&r=g\",\"contentUrl\":\"https:\/\/secure.gravatar.com\/avatar\/19ddab1d62ab0a19b186b86cee130432b120dd6f085625a6a6757dd1aa90a5f3?s=96&d=mm&r=g\",\"caption\":\"Arthur Berlemont\"},\"description\":\"Etudiant passionn\u00e9 de sport, avant tout m\u00e9caniques, j\\\\'ai d\u00e9couvert les sports US il y a quelques ann\u00e9es. J\\\\'ai tout de suite accroch\u00e9 pour la ville de Cincinnati et ses franchises de NFL et MLB. Aujourd\\\\'hui, je suis l\u00e0 par passion dans la r\u00e9daction d\\\\'articles sur divers sports que j\\\\'affectionne.\",\"url\":\"https:\/\/theplayoffs.news\/fr\/author\/arthur-berlemontgmail-com\/\"}]}<\/script>\n<!-- \/ Yoast SEO plugin. -->","yoast_head_json":{"title":"Eagles : Kevin Patullo nomm&eacute; coordinateur offensif - The Playoffs FR","robots":{"index":"index","follow":"follow","max-snippet":"max-snippet:-1","max-image-preview":"max-image-preview:large","max-video-preview":"max-video-preview:-1"},"canonical":"https:\/\/theplayoffs.news\/fr\/actualite-nfl\/eagles-kevin-patullo-nomme-coordinateur-offensif\/","og_locale":"fr_FR","og_type":"article","og_title":"Eagles : Kevin Patullo nomm&eacute; coordinateur offensif - The Playoffs FR","og_description":"Les Eagles de Philadelphie ont trouv&eacute; leur nouveau coordinateur offensif pour la saison 2025.","og_url":"https:\/\/theplayoffs.news\/fr\/actualite-nfl\/eagles-kevin-patullo-nomme-coordinateur-offensif\/","og_site_name":"The Playoffs FR","article_publisher":"https:\/\/www.facebook.com\/TheFreeAgentFR\/","article_modified_time":"2025-02-20T07:13:39+00:00","og_image":[{"width":1920,"height":1280,"url":"https:\/\/theplayoffs.news\/fr\/wp-content\/uploads\/2025\/02\/USATSI_19607567.jpg","type":"image\/jpeg"}],"author":"Arthur Berlemont","twitter_card":"summary_large_image","twitter_creator":"@TheFreeAgentFR","twitter_site":"@TheFreeAgentFR","twitter_misc":{"\u00c9crit par":"Arthur Berlemont","Dur\u00e9e de lecture estim\u00e9e":"2 minutes"},"schema":{"@context":"https:\/\/schema.org","@graph":[{"@type":"WebPage","@id":"https:\/\/theplayoffs.news\/fr\/actualite-nfl\/eagles-kevin-patullo-nomme-coordinateur-offensif\/","url":"https:\/\/theplayoffs.news\/fr\/actualite-nfl\/eagles-kevin-patullo-nomme-coordinateur-offensif\/","name":"Eagles : Kevin Patullo nomm\u00e9 coordinateur offensif - The Playoffs FR","isPartOf":{"@id":"https:\/\/theplayoffs.news\/fr\/#website"},"primaryImageOfPage":{"@id":"https:\/\/theplayoffs.news\/fr\/actualite-nfl\/eagles-kevin-patullo-nomme-coordinateur-offensif\/#primaryimage"},"image":{"@id":"https:\/\/theplayoffs.news\/fr\/actualite-nfl\/eagles-kevin-patullo-nomme-coordinateur-offensif\/#primaryimage"},"thumbnailUrl":"https:\/\/theplayoffs.news\/fr\/wp-content\/uploads\/2025\/02\/USATSI_19607567.jpg","datePublished":"2025-02-19T19:36:06+00:00","dateModified":"2025-02-20T07:13:39+00:00","author":{"@id":"https:\/\/theplayoffs.news\/fr\/#\/schema\/person\/b6b04a451dab03a5ab75cec8912e8942"},"breadcrumb":{"@id":"https:\/\/theplayoffs.news\/fr\/actualite-nfl\/eagles-kevin-patullo-nomme-coordinateur-offensif\/#breadcrumb"},"inLanguage":"fr-FR","potentialAction":[{"@type":"ReadAction","target":["https:\/\/theplayoffs.news\/fr\/actualite-nfl\/eagles-kevin-patullo-nomme-coordinateur-offensif\/"]}]},{"@type":"ImageObject","inLanguage":"fr-FR","@id":"https:\/\/theplayoffs.news\/fr\/actualite-nfl\/eagles-kevin-patullo-nomme-coordinateur-offensif\/#primaryimage","url":"https:\/\/theplayoffs.news\/fr\/wp-content\/uploads\/2025\/02\/USATSI_19607567.jpg","contentUrl":"https:\/\/theplayoffs.news\/fr\/wp-content\/uploads\/2025\/02\/USATSI_19607567.jpg","width":1920,"height":1280,"caption":"Dec 11, 2022; East Rutherford, New Jersey, USA; Philadelphia Eagles assistant coach Kevin Patullo celebrates with quarterback Jalen Hurts (1) after a touchdown during the second half against the New York Giants at MetLife Stadium. Mandatory Credit: Vincent Carchietta-USA TODAY Sports"},{"@type":"BreadcrumbList","@id":"https:\/\/theplayoffs.news\/fr\/actualite-nfl\/eagles-kevin-patullo-nomme-coordinateur-offensif\/#breadcrumb","itemListElement":[{"@type":"ListItem","position":1,"name":"Accueil","item":"https:\/\/theplayoffs.news\/fr\/"},{"@type":"ListItem","position":2,"name":"Eagles : Kevin Patullo nomm\u00e9 coordinateur offensif"}]},{"@type":"WebSite","@id":"https:\/\/theplayoffs.news\/fr\/#website","url":"https:\/\/theplayoffs.news\/fr\/","name":"The Playoffs FR","description":"NBA-NFL-NHL-MLB","potentialAction":[{"@type":"SearchAction","target":{"@type":"EntryPoint","urlTemplate":"https:\/\/theplayoffs.news\/fr\/?s={search_term_string}"},"query-input":{"@type":"PropertyValueSpecification","valueRequired":true,"valueName":"search_term_string"}}],"inLanguage":"fr-FR"},{"@type":"Person","@id":"https:\/\/theplayoffs.news\/fr\/#\/schema\/person\/b6b04a451dab03a5ab75cec8912e8942","name":"Arthur Berlemont","image":{"@type":"ImageObject","inLanguage":"fr-FR","@id":"https:\/\/theplayoffs.news\/fr\/#\/schema\/person\/image\/","url":"https:\/\/secure.gravatar.com\/avatar\/19ddab1d62ab0a19b186b86cee130432b120dd6f085625a6a6757dd1aa90a5f3?s=96&d=mm&r=g","contentUrl":"https:\/\/secure.gravatar.com\/avatar\/19ddab1d62ab0a19b186b86cee130432b120dd6f085625a6a6757dd1aa90a5f3?s=96&d=mm&r=g","caption":"Arthur Berlemont"},"description":"Etudiant passionn\u00e9 de sport, avant tout m\u00e9caniques, j\\'ai d\u00e9couvert les sports US il y a quelques ann\u00e9es. J\\'ai tout de suite accroch\u00e9 pour la ville de Cincinnati et ses franchises de NFL et MLB. Aujourd\\'hui, je suis l\u00e0 par passion dans la r\u00e9daction d\\'articles sur divers sports que j\\'affectionne.","url":"https:\/\/theplayoffs.news\/fr\/author\/arthur-berlemontgmail-com\/"}]}},"_links":{"self":[{"href":"https:\/\/theplayoffs.news\/fr\/wp-json\/wp\/v2\/posts\/1480766","targetHints":{"allow":["GET"]}}],"collection":[{"href":"https:\/\/theplayoffs.news\/fr\/wp-json\/wp\/v2\/posts"}],"about":[{"href":"https:\/\/theplayoffs.news\/fr\/wp-json\/wp\/v2\/types\/post"}],"author":[{"embeddable":true,"href":"https:\/\/theplayoffs.news\/fr\/wp-json\/wp\/v2\/users\/180310178"}],"replies":[{"embeddable":true,"href":"https:\/\/theplayoffs.news\/fr\/wp-json\/wp\/v2\/comments?post=1480766"}],"version-history":[{"count":1,"href":"https:\/\/theplayoffs.news\/fr\/wp-json\/wp\/v2\/posts\/1480766\/revisions"}],"predecessor-version":[{"id":1480771,"href":"https:\/\/theplayoffs.news\/fr\/wp-json\/wp\/v2\/posts\/1480766\/revisions\/1480771"}],"wp:featuredmedia":[{"embeddable":true,"href":"https:\/\/theplayoffs.news\/fr\/wp-json\/wp\/v2\/media\/1480770"}],"wp:attachment":[{"href":"https:\/\/theplayoffs.news\/fr\/wp-json\/wp\/v2\/media?parent=1480766"}],"wp:term":[{"taxonomy":"category","embeddable":true,"href":"https:\/\/theplayoffs.news\/fr\/wp-json\/wp\/v2\/categories?post=1480766"},{"taxonomy":"post_tag","embeddable":true,"href":"https:\/\/theplayoffs.news\/fr\/wp-json\/wp\/v2\/tags?post=1480766"},{"taxonomy":"sport","embeddable":true,"href":"https:\/\/theplayoffs.news\/fr\/wp-json\/wp\/v2\/sport?post=1480766"},{"taxonomy":"saison","embeddable":true,"href":"https:\/\/theplayoffs.news\/fr\/wp-json\/wp\/v2\/saison?post=1480766"}],"curies":[{"name":"wp","href":"https:\/\/api.w.org\/{rel}","templated":true}]}}