{"id":1480720,"date":"2025-02-19T19:30:00","date_gmt":"2025-02-19T18:30:00","guid":{"rendered":"https:\/\/theplayoffs.news\/fr\/uncategorized\/\/"},"modified":"2025-02-19T19:06:49","modified_gmt":"2025-02-19T18:06:49","slug":"chiefs-pas-de-tag-prevu-sur-trey-smith","status":"publish","type":"post","link":"https:\/\/theplayoffs.news\/fr\/actualite-nfl\/chiefs-pas-de-tag-prevu-sur-trey-smith\/","title":{"rendered":"Chiefs : pas de tag pr\u00e9vu sur Trey Smith"},"content":{"rendered":"<p>En cet apr&egrave;s Super Bowl, les yeux sont tourn&eacute;s vers les franchise tags des &eacute;quipes. Les Chiefs de Kansas City voient le contrat de Trey Smith se terminer d&rsquo;ici peu, ce qui veut dire qu&rsquo;il sera libre de tout contrat au moment de la free agency. Le franchise tag, qui sert &agrave; garder le joueur concern&eacute; sous contrat une saison, ne vas &agrave; priori <a href=\"https:\/\/www.nbcsports.com\/nfl\/profootballtalk\/rumor-mill\/news\/report-chiefs-are-not-expected-to-franchise-or-transition-tag-trey-smith\" class=\"trk-cta-link\" data-cta-trk='{\"ctaType\":\"Link\",\"ctaSubType\":\"main\"}'>pas &ecirc;tre appliqu&eacute;<\/a> sur le guard Trey Smith.<\/p><p>Il est bon de rappeler que Trey Smith a d&eacute;but&eacute; dans la totalit&eacute; des rencontres dans lesquelles celui-ci a jou&eacute; pour les Chiefs depuis la draft en 2021, soit un total de 80. Alors que les Chiefs semblent &ecirc;tre dans le besoin de se renforcer au post de tackle gauche, la perte d&rsquo;un guard serait un v&eacute;ritable coup dur pour la protection de Patrick Mahomes, comme vu lors du Super Bowl LIX. <\/p><h2 class=\"wp-block-heading\">Le garder, mais &agrave; quel prix ?<\/h2><p>Cependant, ne pas mettre le tag sur Smith ne veut pas dire qu&rsquo;il ne reviendra pas sous le maillot des Chiefs. En effet, Kansas City dispose encore de quelques semaines avant le d&eacute;but de la free agency, p&eacute;riode durant laquelle Trey Smith sera officiellement libre de tout contrat. <\/p><p>De plus, mettre le tag sur un guard est une chose que les franchises pr&eacute;f&egrave;rent &eacute;viter, car pour d&eacute;terminer la valeur du tag, c&rsquo;est toute la ligne offensive qui est prise en compte, comprenant donc les tackles qui font augmenter massivement la moyenne et donc alourdi la valeur du tag.<\/p><p>Rappelons &eacute;galement que Kansas City ne dispose pas d&rsquo;un cap salarial tr&egrave;s maniable, avec une marge de man&oelig;uvre tr&egrave;s limit&eacute;e. La <a href=\"https:\/\/theplayoffs.news\/fr\/actualite-nfl\/les-chiefs-attendent-une-reponse-de-travis-kelce-pour-le-14-mars\/\" class=\"trk-cta-link\" data-cta-trk='{\"ctaType\":\"Link\",\"ctaSubType\":\"main\"}'>d&eacute;cision du futur de Travis Kelce<\/a> d&eacute;terminera la free agency des Chiefs, au vu du contrat du tight end star du Missouri.<\/p><p>Affaire &agrave; suivre durant les prochaines semaines du c&ocirc;t&eacute; de Kansas City.<\/p><p>Cr&eacute;dit photo : Mark J. Rebilas &ndash; USA Today<\/p><p><\/p>\n","protected":false},"excerpt":{"rendered":"<p>Les Chiefs n&rsquo;ont pas pr\u00e9vu de placer leur franchise tag sur leur joueur Trey Smith.<\/p>\n","protected":false},"author":180310178,"featured_media":1480733,"comment_status":"closed","ping_status":"closed","sticky":false,"template":"","format":"standard","meta":{"inline_featured_image":false,"kia_subtitle":"Les Chiefs n'ont pas pr\u00e9vu de placer leur franchise tag sur leur joueur Trey Smith.","_mux_skip_reasons":[],"proofreadBy":0,"footnotes":""},"categories":[118,40],"tags":[487,79],"sport":[2785],"saison":[7475],"class_list":["post-1480720","post","type-post","status-publish","format-standard","has-post-thumbnail","hentry","category-actualite-nfl","category-nfl","tag-kansas-city-chiefs","tag-nfl","sport-nfl","saison-7475"],"acf":[],"yoast_head":"<!-- This site is optimized with the Yoast SEO plugin v24.2 - https:\/\/yoast.com\/wordpress\/plugins\/seo\/ -->\n<title>Chiefs : pas de tag pr&eacute;vu sur Trey Smith - The Playoffs FR<\/title>\n<meta name=\"robots\" content=\"index, follow, max-snippet:-1, max-image-preview:large, max-video-preview:-1\" \/>\n<link rel=\"canonical\" href=\"https:\/\/theplayoffs.news\/fr\/actualite-nfl\/chiefs-pas-de-tag-prevu-sur-trey-smith\/\" \/>\n<meta property=\"og:locale\" content=\"fr_FR\" \/>\n<meta property=\"og:type\" content=\"article\" \/>\n<meta property=\"og:title\" content=\"Chiefs : pas de tag pr&eacute;vu sur Trey Smith - The Playoffs FR\" \/>\n<meta property=\"og:description\" content=\"Les Chiefs n&#039;ont pas pr&eacute;vu de placer leur franchise tag sur leur joueur Trey Smith.\" \/>\n<meta property=\"og:url\" content=\"https:\/\/theplayoffs.news\/fr\/actualite-nfl\/chiefs-pas-de-tag-prevu-sur-trey-smith\/\" \/>\n<meta property=\"og:site_name\" content=\"The Playoffs FR\" \/>\n<meta property=\"article:publisher\" content=\"https:\/\/www.facebook.com\/TheFreeAgentFR\/\" \/>\n<meta property=\"article:modified_time\" content=\"2025-02-19T19:30:00+01:00\" \/>\n<meta property=\"og:image\" content=\"https:\/\/theplayoffs.news\/fr\/wp-content\/uploads\/2025\/02\/USATSI_25286680.jpg\" \/>\n\t<meta property=\"og:image:width\" content=\"1920\" \/>\n\t<meta property=\"og:image:height\" content=\"1353\" \/>\n\t<meta property=\"og:image:type\" content=\"image\/jpeg\" \/>\n<meta name=\"author\" content=\"Arthur Berlemont\" \/>\n<meta name=\"twitter:card\" content=\"summary_large_image\" \/>\n<meta name=\"twitter:creator\" content=\"@TheFreeAgentFR\" \/>\n<meta name=\"twitter:site\" content=\"@TheFreeAgentFR\" \/>\n<meta name=\"twitter:label1\" content=\"\u00c9crit par\" \/>\n\t<meta name=\"twitter:data1\" content=\"Arthur Berlemont\" \/>\n\t<meta name=\"twitter:label2\" content=\"Dur\u00e9e de lecture estim\u00e9e\" \/>\n\t<meta name=\"twitter:data2\" content=\"2 minutes\" \/>\n<script type=\"application\/ld+json\" class=\"yoast-schema-graph\">{\"@context\":\"https:\/\/schema.org\",\"@graph\":[{\"@type\":\"WebPage\",\"@id\":\"https:\/\/theplayoffs.news\/fr\/actualite-nfl\/chiefs-pas-de-tag-prevu-sur-trey-smith\/\",\"url\":\"https:\/\/theplayoffs.news\/fr\/actualite-nfl\/chiefs-pas-de-tag-prevu-sur-trey-smith\/\",\"name\":\"Chiefs : pas de tag pr\u00e9vu sur Trey Smith - The Playoffs FR\",\"isPartOf\":{\"@id\":\"https:\/\/theplayoffs.news\/fr\/#website\"},\"primaryImageOfPage\":{\"@id\":\"https:\/\/theplayoffs.news\/fr\/actualite-nfl\/chiefs-pas-de-tag-prevu-sur-trey-smith\/#primaryimage\"},\"image\":{\"@id\":\"https:\/\/theplayoffs.news\/fr\/actualite-nfl\/chiefs-pas-de-tag-prevu-sur-trey-smith\/#primaryimage\"},\"thumbnailUrl\":\"https:\/\/theplayoffs.news\/fr\/wp-content\/uploads\/2025\/02\/USATSI_25286680.jpg\",\"datePublished\":\"2025-02-19T18:30:00+00:00\",\"dateModified\":\"2025-02-19T19:30:00+01:00\",\"author\":{\"@id\":\"https:\/\/theplayoffs.news\/fr\/#\/schema\/person\/b6b04a451dab03a5ab75cec8912e8942\"},\"breadcrumb\":{\"@id\":\"https:\/\/theplayoffs.news\/fr\/actualite-nfl\/chiefs-pas-de-tag-prevu-sur-trey-smith\/#breadcrumb\"},\"inLanguage\":\"fr-FR\",\"potentialAction\":[{\"@type\":\"ReadAction\",\"target\":[\"https:\/\/theplayoffs.news\/fr\/actualite-nfl\/chiefs-pas-de-tag-prevu-sur-trey-smith\/\"]}]},{\"@type\":\"ImageObject\",\"inLanguage\":\"fr-FR\",\"@id\":\"https:\/\/theplayoffs.news\/fr\/actualite-nfl\/chiefs-pas-de-tag-prevu-sur-trey-smith\/#primaryimage\",\"url\":\"https:\/\/theplayoffs.news\/fr\/wp-content\/uploads\/2025\/02\/USATSI_25286680.jpg\",\"contentUrl\":\"https:\/\/theplayoffs.news\/fr\/wp-content\/uploads\/2025\/02\/USATSI_25286680.jpg\",\"width\":1920,\"height\":1353,\"caption\":\"Jan 26, 2025; Kansas City, MO, USA; Kansas City Chiefs guard Trey Smith (65) against the Buffalo Bills in the AFC Championship game at GEHA Field at Arrowhead Stadium. Mandatory Credit: Mark J. Rebilas-Imagn Images\"},{\"@type\":\"BreadcrumbList\",\"@id\":\"https:\/\/theplayoffs.news\/fr\/actualite-nfl\/chiefs-pas-de-tag-prevu-sur-trey-smith\/#breadcrumb\",\"itemListElement\":[{\"@type\":\"ListItem\",\"position\":1,\"name\":\"Accueil\",\"item\":\"https:\/\/theplayoffs.news\/fr\/\"},{\"@type\":\"ListItem\",\"position\":2,\"name\":\"Chiefs : pas de tag pr\u00e9vu sur Trey Smith\"}]},{\"@type\":\"WebSite\",\"@id\":\"https:\/\/theplayoffs.news\/fr\/#website\",\"url\":\"https:\/\/theplayoffs.news\/fr\/\",\"name\":\"The Playoffs FR\",\"description\":\"NBA-NFL-NHL-MLB\",\"potentialAction\":[{\"@type\":\"SearchAction\",\"target\":{\"@type\":\"EntryPoint\",\"urlTemplate\":\"https:\/\/theplayoffs.news\/fr\/?s={search_term_string}\"},\"query-input\":{\"@type\":\"PropertyValueSpecification\",\"valueRequired\":true,\"valueName\":\"search_term_string\"}}],\"inLanguage\":\"fr-FR\"},{\"@type\":\"Person\",\"@id\":\"https:\/\/theplayoffs.news\/fr\/#\/schema\/person\/b6b04a451dab03a5ab75cec8912e8942\",\"name\":\"Arthur Berlemont\",\"image\":{\"@type\":\"ImageObject\",\"inLanguage\":\"fr-FR\",\"@id\":\"https:\/\/theplayoffs.news\/fr\/#\/schema\/person\/image\/\",\"url\":\"https:\/\/secure.gravatar.com\/avatar\/19ddab1d62ab0a19b186b86cee130432b120dd6f085625a6a6757dd1aa90a5f3?s=96&d=mm&r=g\",\"contentUrl\":\"https:\/\/secure.gravatar.com\/avatar\/19ddab1d62ab0a19b186b86cee130432b120dd6f085625a6a6757dd1aa90a5f3?s=96&d=mm&r=g\",\"caption\":\"Arthur Berlemont\"},\"description\":\"Etudiant passionn\u00e9 de sport, avant tout m\u00e9caniques, j\\\\'ai d\u00e9couvert les sports US il y a quelques ann\u00e9es. J\\\\'ai tout de suite accroch\u00e9 pour la ville de Cincinnati et ses franchises de NFL et MLB. Aujourd\\\\'hui, je suis l\u00e0 par passion dans la r\u00e9daction d\\\\'articles sur divers sports que j\\\\'affectionne.\",\"url\":\"https:\/\/theplayoffs.news\/fr\/author\/arthur-berlemontgmail-com\/\"}]}<\/script>\n<!-- \/ Yoast SEO plugin. -->","yoast_head_json":{"title":"Chiefs : pas de tag pr&eacute;vu sur Trey Smith - The Playoffs FR","robots":{"index":"index","follow":"follow","max-snippet":"max-snippet:-1","max-image-preview":"max-image-preview:large","max-video-preview":"max-video-preview:-1"},"canonical":"https:\/\/theplayoffs.news\/fr\/actualite-nfl\/chiefs-pas-de-tag-prevu-sur-trey-smith\/","og_locale":"fr_FR","og_type":"article","og_title":"Chiefs : pas de tag pr&eacute;vu sur Trey Smith - The Playoffs FR","og_description":"Les Chiefs n&#039;ont pas pr&eacute;vu de placer leur franchise tag sur leur joueur Trey Smith.","og_url":"https:\/\/theplayoffs.news\/fr\/actualite-nfl\/chiefs-pas-de-tag-prevu-sur-trey-smith\/","og_site_name":"The Playoffs FR","article_publisher":"https:\/\/www.facebook.com\/TheFreeAgentFR\/","article_modified_time":"2025-02-19T18:06:49+00:00","og_image":[{"width":1920,"height":1353,"url":"https:\/\/theplayoffs.news\/fr\/wp-content\/uploads\/2025\/02\/USATSI_25286680.jpg","type":"image\/jpeg"}],"author":"Arthur Berlemont","twitter_card":"summary_large_image","twitter_creator":"@TheFreeAgentFR","twitter_site":"@TheFreeAgentFR","twitter_misc":{"\u00c9crit par":"Arthur Berlemont","Dur\u00e9e de lecture estim\u00e9e":"2 minutes"},"schema":{"@context":"https:\/\/schema.org","@graph":[{"@type":"WebPage","@id":"https:\/\/theplayoffs.news\/fr\/actualite-nfl\/chiefs-pas-de-tag-prevu-sur-trey-smith\/","url":"https:\/\/theplayoffs.news\/fr\/actualite-nfl\/chiefs-pas-de-tag-prevu-sur-trey-smith\/","name":"Chiefs : pas de tag pr\u00e9vu sur Trey Smith - The Playoffs FR","isPartOf":{"@id":"https:\/\/theplayoffs.news\/fr\/#website"},"primaryImageOfPage":{"@id":"https:\/\/theplayoffs.news\/fr\/actualite-nfl\/chiefs-pas-de-tag-prevu-sur-trey-smith\/#primaryimage"},"image":{"@id":"https:\/\/theplayoffs.news\/fr\/actualite-nfl\/chiefs-pas-de-tag-prevu-sur-trey-smith\/#primaryimage"},"thumbnailUrl":"https:\/\/theplayoffs.news\/fr\/wp-content\/uploads\/2025\/02\/USATSI_25286680.jpg","datePublished":"2025-02-19T18:30:00+00:00","dateModified":"2025-02-19T19:30:00+01:00","author":{"@id":"https:\/\/theplayoffs.news\/fr\/#\/schema\/person\/b6b04a451dab03a5ab75cec8912e8942"},"breadcrumb":{"@id":"https:\/\/theplayoffs.news\/fr\/actualite-nfl\/chiefs-pas-de-tag-prevu-sur-trey-smith\/#breadcrumb"},"inLanguage":"fr-FR","potentialAction":[{"@type":"ReadAction","target":["https:\/\/theplayoffs.news\/fr\/actualite-nfl\/chiefs-pas-de-tag-prevu-sur-trey-smith\/"]}]},{"@type":"ImageObject","inLanguage":"fr-FR","@id":"https:\/\/theplayoffs.news\/fr\/actualite-nfl\/chiefs-pas-de-tag-prevu-sur-trey-smith\/#primaryimage","url":"https:\/\/theplayoffs.news\/fr\/wp-content\/uploads\/2025\/02\/USATSI_25286680.jpg","contentUrl":"https:\/\/theplayoffs.news\/fr\/wp-content\/uploads\/2025\/02\/USATSI_25286680.jpg","width":1920,"height":1353,"caption":"Jan 26, 2025; Kansas City, MO, USA; Kansas City Chiefs guard Trey Smith (65) against the Buffalo Bills in the AFC Championship game at GEHA Field at Arrowhead Stadium. Mandatory Credit: Mark J. Rebilas-Imagn Images"},{"@type":"BreadcrumbList","@id":"https:\/\/theplayoffs.news\/fr\/actualite-nfl\/chiefs-pas-de-tag-prevu-sur-trey-smith\/#breadcrumb","itemListElement":[{"@type":"ListItem","position":1,"name":"Accueil","item":"https:\/\/theplayoffs.news\/fr\/"},{"@type":"ListItem","position":2,"name":"Chiefs : pas de tag pr\u00e9vu sur Trey Smith"}]},{"@type":"WebSite","@id":"https:\/\/theplayoffs.news\/fr\/#website","url":"https:\/\/theplayoffs.news\/fr\/","name":"The Playoffs FR","description":"NBA-NFL-NHL-MLB","potentialAction":[{"@type":"SearchAction","target":{"@type":"EntryPoint","urlTemplate":"https:\/\/theplayoffs.news\/fr\/?s={search_term_string}"},"query-input":{"@type":"PropertyValueSpecification","valueRequired":true,"valueName":"search_term_string"}}],"inLanguage":"fr-FR"},{"@type":"Person","@id":"https:\/\/theplayoffs.news\/fr\/#\/schema\/person\/b6b04a451dab03a5ab75cec8912e8942","name":"Arthur Berlemont","image":{"@type":"ImageObject","inLanguage":"fr-FR","@id":"https:\/\/theplayoffs.news\/fr\/#\/schema\/person\/image\/","url":"https:\/\/secure.gravatar.com\/avatar\/19ddab1d62ab0a19b186b86cee130432b120dd6f085625a6a6757dd1aa90a5f3?s=96&d=mm&r=g","contentUrl":"https:\/\/secure.gravatar.com\/avatar\/19ddab1d62ab0a19b186b86cee130432b120dd6f085625a6a6757dd1aa90a5f3?s=96&d=mm&r=g","caption":"Arthur Berlemont"},"description":"Etudiant passionn\u00e9 de sport, avant tout m\u00e9caniques, j\\'ai d\u00e9couvert les sports US il y a quelques ann\u00e9es. J\\'ai tout de suite accroch\u00e9 pour la ville de Cincinnati et ses franchises de NFL et MLB. Aujourd\\'hui, je suis l\u00e0 par passion dans la r\u00e9daction d\\'articles sur divers sports que j\\'affectionne.","url":"https:\/\/theplayoffs.news\/fr\/author\/arthur-berlemontgmail-com\/"}]}},"_links":{"self":[{"href":"https:\/\/theplayoffs.news\/fr\/wp-json\/wp\/v2\/posts\/1480720","targetHints":{"allow":["GET"]}}],"collection":[{"href":"https:\/\/theplayoffs.news\/fr\/wp-json\/wp\/v2\/posts"}],"about":[{"href":"https:\/\/theplayoffs.news\/fr\/wp-json\/wp\/v2\/types\/post"}],"author":[{"embeddable":true,"href":"https:\/\/theplayoffs.news\/fr\/wp-json\/wp\/v2\/users\/180310178"}],"replies":[{"embeddable":true,"href":"https:\/\/theplayoffs.news\/fr\/wp-json\/wp\/v2\/comments?post=1480720"}],"version-history":[{"count":1,"href":"https:\/\/theplayoffs.news\/fr\/wp-json\/wp\/v2\/posts\/1480720\/revisions"}],"predecessor-version":[{"id":1480738,"href":"https:\/\/theplayoffs.news\/fr\/wp-json\/wp\/v2\/posts\/1480720\/revisions\/1480738"}],"wp:featuredmedia":[{"embeddable":true,"href":"https:\/\/theplayoffs.news\/fr\/wp-json\/wp\/v2\/media\/1480733"}],"wp:attachment":[{"href":"https:\/\/theplayoffs.news\/fr\/wp-json\/wp\/v2\/media?parent=1480720"}],"wp:term":[{"taxonomy":"category","embeddable":true,"href":"https:\/\/theplayoffs.news\/fr\/wp-json\/wp\/v2\/categories?post=1480720"},{"taxonomy":"post_tag","embeddable":true,"href":"https:\/\/theplayoffs.news\/fr\/wp-json\/wp\/v2\/tags?post=1480720"},{"taxonomy":"sport","embeddable":true,"href":"https:\/\/theplayoffs.news\/fr\/wp-json\/wp\/v2\/sport?post=1480720"},{"taxonomy":"saison","embeddable":true,"href":"https:\/\/theplayoffs.news\/fr\/wp-json\/wp\/v2\/saison?post=1480720"}],"curies":[{"name":"wp","href":"https:\/\/api.w.org\/{rel}","templated":true}]}}