{"id":1480576,"date":"2025-02-19T09:54:42","date_gmt":"2025-02-19T08:54:42","guid":{"rendered":"https:\/\/theplayoffs.news\/fr\/uncategorized\/\/"},"modified":"2025-02-19T09:54:55","modified_gmt":"2025-02-19T08:54:55","slug":"luka-doncic-fin-de-la-restriction-de-minutes","status":"publish","type":"post","link":"https:\/\/theplayoffs.news\/fr\/actualite-nba\/luka-doncic-fin-de-la-restriction-de-minutes\/","title":{"rendered":"Luka Doncic : fin de la restriction de minutes !"},"content":{"rendered":"<p><strong>Les Lakers seront la premi&egrave;re &eacute;quipe &agrave; reprendre le championnat dans la nuit de mercredi &agrave; jeudi face aux Hornets, &agrave; la suite de la pause du All-Star Game <a href=\"https:\/\/theplayoffs.news\/fr\/category\/nba\/\" target=\"_blank\" rel=\"noreferrer noopener\" class=\"trk-cta-link\" data-cta-trk='{\"ctaType\":\"Link\",\"ctaSubType\":\"main\"}'>NBA<\/a>. De son c&ocirc;t&eacute;, Luka Doncic pourrait voir sa limitation de temps de jeu (maximum 25 minutes par match) lev&eacute;e, sa condition physique s&rsquo;&eacute;tant nettement am&eacute;lior&eacute;e.<\/strong><\/p><p>J.J. Redick, coach des<strong> Los Angeles Lakers<\/strong>, s&rsquo;est montr&eacute; tr&egrave;s optimiste au micro de Mark Medina (Fox Sports) : <em>&laquo; Il sera op&eacute;rationnel, ces six jours de pause lui ont fait beaucoup de bien. Son temps de jeu augmentera d&egrave;s le match contre Charlotte, et je ne pense pas qu&rsquo;une restriction de minutes soit encore n&eacute;cessaire pour la suite de la saison. &raquo;<\/em><\/p><blockquote class=\"twitter-tweet\"><p lang=\"en\" dir=\"ltr\">Lakers coach JJ Redick said that he expects Luka Doncic won&rsquo;t have a minutes restriction moving forward.<\/p>&mdash; Mark Medina (@MarkG_Medina) <a href=\"https:\/\/twitter.com\/MarkG_Medina\/status\/1892016509658255390?ref_src=twsrc%5Etfw\" class=\"trk-cta-link\" data-cta-trk='{\"ctaType\":\"Link\",\"ctaSubType\":\"main\"}'>February 19, 2025<\/a><\/blockquote><script async src=\"https:\/\/platform.twitter.com\/widgets.js\" charset=\"utf-8\"><\/script><p>Une excellente nouvelle pour <strong>Los Angeles<\/strong>, qui esp&egrave;re r&eacute;cup&eacute;rer le troisi&egrave;me choix de la<strong> Draft 2018 <\/strong>&agrave; son meilleur niveau. Lors de ses deux premi&egrave;res apparitions sous le maillot des Lakers, <strong>le Slov&egrave;ne<\/strong> a compil&eacute; <strong>15,0 points, 4,0 passes d&eacute;cisives et 4,5 rebonds<\/strong> en 23,5 minutes de moyenne. Avant sa blessure &agrave; No&euml;l, ses statistiques avec les <strong>Dallas Mavericks <\/strong>affichaient <strong>27,0 points, 8,0 rebonds et 7,5 passes d&eacute;cisives <\/strong>par match. Un retour &agrave; ce niveau serait un atout majeur pour la franchise californienne. Malgr&eacute; les d&eacute;clarations du<strong> coach des Lakers<\/strong>, aucun risque ne sera pris avec la nouvelle star de la Cit&eacute; des Anges.<\/p><p><strong>Lire aussi :<\/strong><\/p><p><a href=\"https:\/\/theplayoffs.news\/fr\/actualite-nba\/ja-morant-pourrait-etre-transfere-par-memphis-cet-ete\/\" class=\"trk-cta-link\" data-cta-trk='{\"ctaType\":\"Link\",\"ctaSubType\":\"main\"}'>Ja Morant pourrait &ecirc;tre transf&eacute;r&eacute; par Memphis cet &eacute;t&eacute; !&nbsp;<\/a><\/p><p><a href=\"https:\/\/theplayoffs.news\/fr\/actualite-nba\/evan-mobley-cavaliers-confiant-pour-le-titre-nba-cest-definitivement-notre-annee\/\" class=\"trk-cta-link\" data-cta-trk='{\"ctaType\":\"Link\",\"ctaSubType\":\"main\"}'>Mobley sur le titre NBA : &ldquo;C&rsquo;est d&eacute;finitivement notre ann&eacute;e&rdquo;<\/a><\/p><p><a href=\"https:\/\/theplayoffs.news\/fr\/actualite-nba\/5-equipes-a-suivre-sur-la-fin-de-saison-nba\/\" class=\"trk-cta-link\" data-cta-trk='{\"ctaType\":\"Link\",\"ctaSubType\":\"main\"}'>NBA : 5 &eacute;quipes &agrave; suivre sur la fin de saison !&nbsp;<\/a><\/p><p><a href=\"https:\/\/theplayoffs.news\/fr\/actualite-nba\/kevin-durant-seduit-par-leuroligue-deux-clubs-en-tete\/\" class=\"trk-cta-link\" data-cta-trk='{\"ctaType\":\"Link\",\"ctaSubType\":\"main\"}'>Kevin Durant s&eacute;duit par l&rsquo;Euroligue : deux clubs en t&ecirc;te !<\/a><\/p><p>Ce match face aux Hornets aura une saveur particuli&egrave;re pour <strong>Los Angeles<\/strong>, notamment pour <strong>Cam Reddish et Dalton Knecht.<\/strong> Les deux joueurs auraient d&ucirc; &eacute;voluer sous les couleurs de<strong> Charlotte <\/strong>cette nuit, si le transfert impliquant <strong>Mark Williams<\/strong> n&rsquo;avait pas &eacute;chou&eacute;. <\/p><p><strong>Cr&eacute;dit photo :<\/strong>&nbsp;Chris Nicoll-Imagn Images<\/p>\n","protected":false},"excerpt":{"rendered":"<p>Luka Doncic pourrait b\u00e9n\u00e9ficier d\u2019un temps de jeu accru d\u00e8s le match face aux Charlotte Hornets, selon le coach des Lakers, J.J. Redick.<\/p>\n","protected":false},"author":180310268,"featured_media":1480577,"comment_status":"closed","ping_status":"closed","sticky":false,"template":"","format":"standard","meta":{"inline_featured_image":false,"kia_subtitle":"Luka Doncic pourrait b\u00e9n\u00e9ficier d\u2019un temps de jeu accru d\u00e8s le match face aux Charlotte Hornets, selon le coach des Lakers, J.J. Redick.","_mux_skip_reasons":[],"proofreadBy":0,"footnotes":""},"categories":[110,10],"tags":[3215,1389,7458,117,545,8034,23],"sport":[2783],"saison":[],"class_list":["post-1480576","post","type-post","status-publish","format-standard","has-post-thumbnail","hentry","category-actualite-nba","category-nba","tag-cam-reddish","tag-charlotte-hornets","tag-dalton-knecht","tag-los-angeles-lakers","tag-luka-doncic","tag-mark-williams","tag-nba-tag","sport-nba"],"acf":[],"yoast_head":"<!-- This site is optimized with the Yoast SEO plugin v24.2 - https:\/\/yoast.com\/wordpress\/plugins\/seo\/ -->\n<title>Luka Doncic : fin de la restriction de minutes !<\/title>\n<meta name=\"description\" content=\"Luka Doncic pourrait b&eacute;n&eacute;ficier d&rsquo;un temps de jeu accru d&egrave;s le match face aux Charlotte Hornets, selon le coach des Lakers, J.J. Redick.\" \/>\n<meta name=\"robots\" content=\"index, follow, max-snippet:-1, max-image-preview:large, max-video-preview:-1\" \/>\n<link rel=\"canonical\" href=\"https:\/\/theplayoffs.news\/fr\/actualite-nba\/luka-doncic-fin-de-la-restriction-de-minutes\/\" \/>\n<meta property=\"og:locale\" content=\"fr_FR\" \/>\n<meta property=\"og:type\" content=\"article\" \/>\n<meta property=\"og:title\" content=\"Luka Doncic : fin de la restriction de minutes !\" \/>\n<meta property=\"og:description\" content=\"Luka Doncic pourrait b&eacute;n&eacute;ficier d&rsquo;un temps de jeu accru d&egrave;s le match face aux Charlotte Hornets, selon le coach des Lakers, J.J. Redick.\" \/>\n<meta property=\"og:url\" content=\"https:\/\/theplayoffs.news\/fr\/actualite-nba\/luka-doncic-fin-de-la-restriction-de-minutes\/\" \/>\n<meta property=\"og:site_name\" content=\"The Playoffs FR\" \/>\n<meta property=\"article:publisher\" content=\"https:\/\/www.facebook.com\/TheFreeAgentFR\/\" \/>\n<meta property=\"article:modified_time\" content=\"2025-02-19T09:54:55+01:00\" \/>\n<meta property=\"og:image\" content=\"https:\/\/theplayoffs.news\/fr\/wp-content\/uploads\/2025\/02\/USATSI_25404435.jpg\" \/>\n\t<meta property=\"og:image:width\" content=\"1920\" \/>\n\t<meta property=\"og:image:height\" content=\"1280\" \/>\n\t<meta property=\"og:image:type\" content=\"image\/jpeg\" \/>\n<meta name=\"author\" content=\"Elian Goethals\" \/>\n<meta name=\"twitter:card\" content=\"summary_large_image\" \/>\n<meta name=\"twitter:creator\" content=\"@x.com\/elidwight\" \/>\n<meta name=\"twitter:site\" content=\"@TheFreeAgentFR\" \/>\n<meta name=\"twitter:label1\" content=\"\u00c9crit par\" \/>\n\t<meta name=\"twitter:data1\" content=\"Elian Goethals\" \/>\n\t<meta name=\"twitter:label2\" content=\"Dur\u00e9e de lecture estim\u00e9e\" \/>\n\t<meta name=\"twitter:data2\" content=\"2 minutes\" \/>\n<script type=\"application\/ld+json\" class=\"yoast-schema-graph\">{\"@context\":\"https:\/\/schema.org\",\"@graph\":[{\"@type\":\"WebPage\",\"@id\":\"https:\/\/theplayoffs.news\/fr\/actualite-nba\/luka-doncic-fin-de-la-restriction-de-minutes\/\",\"url\":\"https:\/\/theplayoffs.news\/fr\/actualite-nba\/luka-doncic-fin-de-la-restriction-de-minutes\/\",\"name\":\"Luka Doncic : fin de la restriction de minutes !\",\"isPartOf\":{\"@id\":\"https:\/\/theplayoffs.news\/fr\/#website\"},\"primaryImageOfPage\":{\"@id\":\"https:\/\/theplayoffs.news\/fr\/actualite-nba\/luka-doncic-fin-de-la-restriction-de-minutes\/#primaryimage\"},\"image\":{\"@id\":\"https:\/\/theplayoffs.news\/fr\/actualite-nba\/luka-doncic-fin-de-la-restriction-de-minutes\/#primaryimage\"},\"thumbnailUrl\":\"https:\/\/theplayoffs.news\/fr\/wp-content\/uploads\/2025\/02\/USATSI_25404435.jpg\",\"datePublished\":\"2025-02-19T08:54:42+00:00\",\"dateModified\":\"2025-02-19T08:54:55+00:00\",\"author\":{\"@id\":\"https:\/\/theplayoffs.news\/fr\/#\/schema\/person\/2bc470c6a49f4f6229a67af19c87a732\"},\"description\":\"Luka Doncic pourrait b\u00e9n\u00e9ficier d\u2019un temps de jeu accru d\u00e8s le match face aux Charlotte Hornets, selon le coach des Lakers, J.J. Redick.\",\"breadcrumb\":{\"@id\":\"https:\/\/theplayoffs.news\/fr\/actualite-nba\/luka-doncic-fin-de-la-restriction-de-minutes\/#breadcrumb\"},\"inLanguage\":\"fr-FR\",\"potentialAction\":[{\"@type\":\"ReadAction\",\"target\":[\"https:\/\/theplayoffs.news\/fr\/actualite-nba\/luka-doncic-fin-de-la-restriction-de-minutes\/\"]}]},{\"@type\":\"ImageObject\",\"inLanguage\":\"fr-FR\",\"@id\":\"https:\/\/theplayoffs.news\/fr\/actualite-nba\/luka-doncic-fin-de-la-restriction-de-minutes\/#primaryimage\",\"url\":\"https:\/\/theplayoffs.news\/fr\/wp-content\/uploads\/2025\/02\/USATSI_25404435.jpg\",\"contentUrl\":\"https:\/\/theplayoffs.news\/fr\/wp-content\/uploads\/2025\/02\/USATSI_25404435.jpg\",\"width\":1920,\"height\":1280,\"caption\":\"Feb 12, 2025; Salt Lake City, Utah, USA; Los Angeles Lakers guard Luka Doncic (77) dribbles against Utah Jazz guard Jordan Clarkson (00) during the second half at Delta Center. Mandatory Credit: Chris Nicoll-Imagn Images\"},{\"@type\":\"BreadcrumbList\",\"@id\":\"https:\/\/theplayoffs.news\/fr\/actualite-nba\/luka-doncic-fin-de-la-restriction-de-minutes\/#breadcrumb\",\"itemListElement\":[{\"@type\":\"ListItem\",\"position\":1,\"name\":\"Accueil\",\"item\":\"https:\/\/theplayoffs.news\/fr\/\"},{\"@type\":\"ListItem\",\"position\":2,\"name\":\"Luka Doncic : fin de la restriction de minutes !\"}]},{\"@type\":\"WebSite\",\"@id\":\"https:\/\/theplayoffs.news\/fr\/#website\",\"url\":\"https:\/\/theplayoffs.news\/fr\/\",\"name\":\"The Playoffs FR\",\"description\":\"NBA-NFL-NHL-MLB\",\"potentialAction\":[{\"@type\":\"SearchAction\",\"target\":{\"@type\":\"EntryPoint\",\"urlTemplate\":\"https:\/\/theplayoffs.news\/fr\/?s={search_term_string}\"},\"query-input\":{\"@type\":\"PropertyValueSpecification\",\"valueRequired\":true,\"valueName\":\"search_term_string\"}}],\"inLanguage\":\"fr-FR\"},{\"@type\":\"Person\",\"@id\":\"https:\/\/theplayoffs.news\/fr\/#\/schema\/person\/2bc470c6a49f4f6229a67af19c87a732\",\"name\":\"Elian Goethals\",\"image\":{\"@type\":\"ImageObject\",\"inLanguage\":\"fr-FR\",\"@id\":\"https:\/\/theplayoffs.news\/fr\/#\/schema\/person\/image\/\",\"url\":\"https:\/\/secure.gravatar.com\/avatar\/293e2e649a094756005b611f6122ac1a95e95d453dbfe74b9d434b39855927f6?s=96&d=mm&r=g\",\"contentUrl\":\"https:\/\/secure.gravatar.com\/avatar\/293e2e649a094756005b611f6122ac1a95e95d453dbfe74b9d434b39855927f6?s=96&d=mm&r=g\",\"caption\":\"Elian Goethals\"},\"description\":\"Je suis sp\u00e9cialis\u00e9 dans la r\u00e9daction d\\\\'articles NBA et je suis un grand fan de basket am\u00e9ricain depuis toujours. Cela fait 20 ans que je joue au basket, et mon exp\u00e9rience sur les terrains me permet d\\\\'avoir une analyse approfondie des matchs. J\u2019ai d\u2019abord fait partie d\u2019autres m\u00e9dias sportifs en tant que b\u00e9n\u00e9vole avant de rejoindre ThePlayoffs en janvier. Je termine \u00e9galement un master en \u00e9tudes internationales. Ce que je pr\u00e9f\u00e8re dans mon travail, c\u2019est de transformer ma passion en m\u00e9tier et de partager avec vous l\u2019information NBA. J\u2019essaie de produire un contenu de qualit\u00e9 en esp\u00e9rant qu\u2019il vous plaise !\",\"sameAs\":[\"https:\/\/www.linkedin.com\/in\/elian-goethals-729b71200\/\",\"https:\/\/x.com\/x.com\/elidwight\"],\"url\":\"https:\/\/theplayoffs.news\/fr\/author\/elian\/\"}]}<\/script>\n<!-- \/ Yoast SEO plugin. -->","yoast_head_json":{"title":"Luka Doncic : fin de la restriction de minutes !","description":"Luka Doncic pourrait b&eacute;n&eacute;ficier d&rsquo;un temps de jeu accru d&egrave;s le match face aux Charlotte Hornets, selon le coach des Lakers, J.J. Redick.","robots":{"index":"index","follow":"follow","max-snippet":"max-snippet:-1","max-image-preview":"max-image-preview:large","max-video-preview":"max-video-preview:-1"},"canonical":"https:\/\/theplayoffs.news\/fr\/actualite-nba\/luka-doncic-fin-de-la-restriction-de-minutes\/","og_locale":"fr_FR","og_type":"article","og_title":"Luka Doncic : fin de la restriction de minutes !","og_description":"Luka Doncic pourrait b&eacute;n&eacute;ficier d&rsquo;un temps de jeu accru d&egrave;s le match face aux Charlotte Hornets, selon le coach des Lakers, J.J. Redick.","og_url":"https:\/\/theplayoffs.news\/fr\/actualite-nba\/luka-doncic-fin-de-la-restriction-de-minutes\/","og_site_name":"The Playoffs FR","article_publisher":"https:\/\/www.facebook.com\/TheFreeAgentFR\/","article_modified_time":"2025-02-19T08:54:55+00:00","og_image":[{"width":1920,"height":1280,"url":"https:\/\/theplayoffs.news\/fr\/wp-content\/uploads\/2025\/02\/USATSI_25404435.jpg","type":"image\/jpeg"}],"author":"Elian Goethals","twitter_card":"summary_large_image","twitter_creator":"@x.com\/elidwight","twitter_site":"@TheFreeAgentFR","twitter_misc":{"\u00c9crit par":"Elian Goethals","Dur\u00e9e de lecture estim\u00e9e":"2 minutes"},"schema":{"@context":"https:\/\/schema.org","@graph":[{"@type":"WebPage","@id":"https:\/\/theplayoffs.news\/fr\/actualite-nba\/luka-doncic-fin-de-la-restriction-de-minutes\/","url":"https:\/\/theplayoffs.news\/fr\/actualite-nba\/luka-doncic-fin-de-la-restriction-de-minutes\/","name":"Luka Doncic : fin de la restriction de minutes !","isPartOf":{"@id":"https:\/\/theplayoffs.news\/fr\/#website"},"primaryImageOfPage":{"@id":"https:\/\/theplayoffs.news\/fr\/actualite-nba\/luka-doncic-fin-de-la-restriction-de-minutes\/#primaryimage"},"image":{"@id":"https:\/\/theplayoffs.news\/fr\/actualite-nba\/luka-doncic-fin-de-la-restriction-de-minutes\/#primaryimage"},"thumbnailUrl":"https:\/\/theplayoffs.news\/fr\/wp-content\/uploads\/2025\/02\/USATSI_25404435.jpg","datePublished":"2025-02-19T08:54:42+00:00","dateModified":"2025-02-19T08:54:55+00:00","author":{"@id":"https:\/\/theplayoffs.news\/fr\/#\/schema\/person\/2bc470c6a49f4f6229a67af19c87a732"},"description":"Luka Doncic pourrait b\u00e9n\u00e9ficier d\u2019un temps de jeu accru d\u00e8s le match face aux Charlotte Hornets, selon le coach des Lakers, J.J. Redick.","breadcrumb":{"@id":"https:\/\/theplayoffs.news\/fr\/actualite-nba\/luka-doncic-fin-de-la-restriction-de-minutes\/#breadcrumb"},"inLanguage":"fr-FR","potentialAction":[{"@type":"ReadAction","target":["https:\/\/theplayoffs.news\/fr\/actualite-nba\/luka-doncic-fin-de-la-restriction-de-minutes\/"]}]},{"@type":"ImageObject","inLanguage":"fr-FR","@id":"https:\/\/theplayoffs.news\/fr\/actualite-nba\/luka-doncic-fin-de-la-restriction-de-minutes\/#primaryimage","url":"https:\/\/theplayoffs.news\/fr\/wp-content\/uploads\/2025\/02\/USATSI_25404435.jpg","contentUrl":"https:\/\/theplayoffs.news\/fr\/wp-content\/uploads\/2025\/02\/USATSI_25404435.jpg","width":1920,"height":1280,"caption":"Feb 12, 2025; Salt Lake City, Utah, USA; Los Angeles Lakers guard Luka Doncic (77) dribbles against Utah Jazz guard Jordan Clarkson (00) during the second half at Delta Center. Mandatory Credit: Chris Nicoll-Imagn Images"},{"@type":"BreadcrumbList","@id":"https:\/\/theplayoffs.news\/fr\/actualite-nba\/luka-doncic-fin-de-la-restriction-de-minutes\/#breadcrumb","itemListElement":[{"@type":"ListItem","position":1,"name":"Accueil","item":"https:\/\/theplayoffs.news\/fr\/"},{"@type":"ListItem","position":2,"name":"Luka Doncic : fin de la restriction de minutes !"}]},{"@type":"WebSite","@id":"https:\/\/theplayoffs.news\/fr\/#website","url":"https:\/\/theplayoffs.news\/fr\/","name":"The Playoffs FR","description":"NBA-NFL-NHL-MLB","potentialAction":[{"@type":"SearchAction","target":{"@type":"EntryPoint","urlTemplate":"https:\/\/theplayoffs.news\/fr\/?s={search_term_string}"},"query-input":{"@type":"PropertyValueSpecification","valueRequired":true,"valueName":"search_term_string"}}],"inLanguage":"fr-FR"},{"@type":"Person","@id":"https:\/\/theplayoffs.news\/fr\/#\/schema\/person\/2bc470c6a49f4f6229a67af19c87a732","name":"Elian Goethals","image":{"@type":"ImageObject","inLanguage":"fr-FR","@id":"https:\/\/theplayoffs.news\/fr\/#\/schema\/person\/image\/","url":"https:\/\/secure.gravatar.com\/avatar\/293e2e649a094756005b611f6122ac1a95e95d453dbfe74b9d434b39855927f6?s=96&d=mm&r=g","contentUrl":"https:\/\/secure.gravatar.com\/avatar\/293e2e649a094756005b611f6122ac1a95e95d453dbfe74b9d434b39855927f6?s=96&d=mm&r=g","caption":"Elian Goethals"},"description":"Je suis sp\u00e9cialis\u00e9 dans la r\u00e9daction d\\'articles NBA et je suis un grand fan de basket am\u00e9ricain depuis toujours. Cela fait 20 ans que je joue au basket, et mon exp\u00e9rience sur les terrains me permet d\\'avoir une analyse approfondie des matchs. J\u2019ai d\u2019abord fait partie d\u2019autres m\u00e9dias sportifs en tant que b\u00e9n\u00e9vole avant de rejoindre ThePlayoffs en janvier. Je termine \u00e9galement un master en \u00e9tudes internationales. Ce que je pr\u00e9f\u00e8re dans mon travail, c\u2019est de transformer ma passion en m\u00e9tier et de partager avec vous l\u2019information NBA. J\u2019essaie de produire un contenu de qualit\u00e9 en esp\u00e9rant qu\u2019il vous plaise !","sameAs":["https:\/\/www.linkedin.com\/in\/elian-goethals-729b71200\/","https:\/\/x.com\/x.com\/elidwight"],"url":"https:\/\/theplayoffs.news\/fr\/author\/elian\/"}]}},"_links":{"self":[{"href":"https:\/\/theplayoffs.news\/fr\/wp-json\/wp\/v2\/posts\/1480576","targetHints":{"allow":["GET"]}}],"collection":[{"href":"https:\/\/theplayoffs.news\/fr\/wp-json\/wp\/v2\/posts"}],"about":[{"href":"https:\/\/theplayoffs.news\/fr\/wp-json\/wp\/v2\/types\/post"}],"author":[{"embeddable":true,"href":"https:\/\/theplayoffs.news\/fr\/wp-json\/wp\/v2\/users\/180310268"}],"replies":[{"embeddable":true,"href":"https:\/\/theplayoffs.news\/fr\/wp-json\/wp\/v2\/comments?post=1480576"}],"version-history":[{"count":1,"href":"https:\/\/theplayoffs.news\/fr\/wp-json\/wp\/v2\/posts\/1480576\/revisions"}],"predecessor-version":[{"id":1480580,"href":"https:\/\/theplayoffs.news\/fr\/wp-json\/wp\/v2\/posts\/1480576\/revisions\/1480580"}],"wp:featuredmedia":[{"embeddable":true,"href":"https:\/\/theplayoffs.news\/fr\/wp-json\/wp\/v2\/media\/1480577"}],"wp:attachment":[{"href":"https:\/\/theplayoffs.news\/fr\/wp-json\/wp\/v2\/media?parent=1480576"}],"wp:term":[{"taxonomy":"category","embeddable":true,"href":"https:\/\/theplayoffs.news\/fr\/wp-json\/wp\/v2\/categories?post=1480576"},{"taxonomy":"post_tag","embeddable":true,"href":"https:\/\/theplayoffs.news\/fr\/wp-json\/wp\/v2\/tags?post=1480576"},{"taxonomy":"sport","embeddable":true,"href":"https:\/\/theplayoffs.news\/fr\/wp-json\/wp\/v2\/sport?post=1480576"},{"taxonomy":"saison","embeddable":true,"href":"https:\/\/theplayoffs.news\/fr\/wp-json\/wp\/v2\/saison?post=1480576"}],"curies":[{"name":"wp","href":"https:\/\/api.w.org\/{rel}","templated":true}]}}