{"id":1480133,"date":"2025-02-19T07:15:00","date_gmt":"2025-02-19T06:15:00","guid":{"rendered":"https:\/\/theplayoffs.news\/fr\/uncategorized\/\/"},"modified":"2025-02-18T21:31:13","modified_gmt":"2025-02-18T20:31:13","slug":"destinations-potentielles-pour-vladimir-guerrero-jr-apres-lechec-de-son-extension-avec-les-blue-jays","status":"publish","type":"post","link":"https:\/\/theplayoffs.news\/fr\/actualite-mlb\/destinations-potentielles-pour-vladimir-guerrero-jr-apres-lechec-de-son-extension-avec-les-blue-jays\/","title":{"rendered":"Destinations potentielles pour Vladimir Guerrero Jr. apr\u00e8s l\u2019\u00e9chec de son extension avec les Blue Jays"},"content":{"rendered":"<p>Dans une intersaison o&ugrave; tout semble possible, cette nouvelle n&rsquo;a pas &eacute;t&eacute; un &eacute;norme choc. <\/p><p>Vladimir Guerrero Jr. a confirm&eacute; qu&rsquo;il n&rsquo;&eacute;tait pas parvenu &agrave; un accord avec les Toronto Blue Jays avant la date limite de lundi soir &agrave; 21 h (ET), ce qui signifie qu&rsquo;il se dirige officiellement vers l&rsquo;agence libre.<\/p><p>Vladimir Guerrero Jr. est sorti du clubhouse avec un grand sourire, mais d&egrave;s que les cam&eacute;ras se sont allum&eacute;es, son expression a chang&eacute;. L&rsquo;annonce &eacute;tait tomb&eacute;e.<\/p><p>Les deux parties n&rsquo;ont pas trouv&eacute; de terrain d&rsquo;entente, et &agrave; moins d&rsquo;un revirement majeur, la saison 2025 sera probablement sa derni&egrave;re &agrave; Toronto. C&rsquo;est la fin d&rsquo;une &eacute;poque &ndash; une qui a commenc&eacute; en 2015 et qui l&rsquo;a vu d&eacute;crocher quatre s&eacute;lections au All-Star Game, fr&ocirc;ler un titre de MVP et s&rsquo;imposer comme l&rsquo;un des plus grands noms du baseball.<\/p><blockquote class=\"wp-block-quote is-layout-flow wp-block-quote-is-layout-flow\">\n<p><em>&laquo; J&rsquo;aime cette ville. J&rsquo;aime les fans. C&rsquo;est difficile. &raquo;<\/em> a admis Guerrero. Mais il sait qu&rsquo;il ne faut pas laisser les &eacute;motions l&rsquo;emporter dans un monde des affaires o&ugrave; la sentimentalit&eacute; a peu de place.<\/p>\n<\/blockquote><blockquote class=\"wp-block-quote is-layout-flow wp-block-quote-is-layout-flow\">\n<p><em>&laquo; &Eacute;coutez, je veux &ecirc;tre ici. Je veux &ecirc;tre un Blue Jay pour le reste de ma carri&egrave;re. Mais c&rsquo;est l&rsquo;agence libre. C&rsquo;est un business. Je vais devoir &eacute;couter 29 autres &eacute;quipes, et elles vont devoir se battre pour moi. &raquo;<\/em><\/p>\n<\/blockquote><h2 class=\"wp-block-heading\"><strong>O&ugrave; pourrait atterrir Vladimir Guerrero Jr. en 2025 ?<\/strong><\/h2><p>D&rsquo;apr&egrave;s <strong><a href=\"https:\/\/x.com\/JonHeyman\/status\/1891837148946407923?ref_src=twsrc%5Etfw%7Ctwcamp%5Etweetembed%7Ctwterm%5E1891837148946407923%7Ctwgr%5Ef8d8c26482675b73dbd5762d9015a8f99f27fe0c%7Ctwcon%5Es1_c10&amp;ref_url=https%3A%2F%2Ftheplayoffs.news%2Fen%2Fpotential-new-homes-for-vladimir-guerrero-jr-after-blue-jays-extension-falls-through%2F\" class=\"trk-cta-link\" data-cta-trk='{\"ctaType\":\"Link\",\"ctaSubType\":\"main\"}'>Jon Heyman<\/a><\/strong>, les premi&egrave;res &eacute;quipes favorites pour recruter Guerrero sont <strong>les Red Sox, les Mets et les Yankees<\/strong>.<\/p><p>Ce n&rsquo;est pas une surprise. Vladimir Guerrero Jr., qui f&ecirc;tera ses 26 ans le mois prochain, est &agrave; peine plus jeune que <strong>Juan Soto<\/strong>, qui a sign&eacute; un contrat record de <strong>15 ans pour 765 millions de dollars<\/strong> avec les Mets cet hiver. <\/p><p>Il ne fait aucun doute que son march&eacute; sera &eacute;norme, avec de nombreuses &eacute;quipes de l&rsquo;AL East pr&ecirc;tes &agrave; tenter leur chance.<\/p><figure class=\"wp-block-embed is-type-rich is-provider-twitter wp-block-embed-twitter\"><div class=\"wp-block-embed__wrapper\">\n<blockquote class=\"twitter-tweet\" data-width=\"500\" data-dnt=\"true\"><p lang=\"en\" dir=\"ltr\">(Very) early favorites to land Vlad Jr. this winter: 1. Red Sox 2. Mets (assuming Pete opts out) 3. Yankees <a href=\"https:\/\/t.co\/VLWKZoD4o5\" class=\"trk-cta-link\" data-cta-trk='{\"ctaType\":\"Link\",\"ctaSubType\":\"main\"}'>https:\/\/t.co\/VLWKZoD4o5<\/a><\/p>&mdash; Jon Heyman (@JonHeyman) <a href=\"https:\/\/twitter.com\/JonHeyman\/status\/1891837148946407923?ref_src=twsrc%5Etfw\" class=\"trk-cta-link\" data-cta-trk='{\"ctaType\":\"Link\",\"ctaSubType\":\"main\"}'>February 18, 2025<\/a><\/blockquote><script async src=\"https:\/\/platform.twitter.com\/widgets.js\" charset=\"utf-8\"><\/script>\n<\/div><\/figure><p><strong>Boston Red Sox<\/strong><\/p><p>Apr&egrave;s plusieurs intersaisons calmes, <strong>Boston<\/strong> a repris ses d&eacute;penses en signant Alex Bregman sur un gros contrat. <strong>Bob Nightengale<\/strong> de <em>USA TODAY<\/em> a m&ecirc;me rapport&eacute; que Guerrero a confi&eacute; &agrave; des proches qu&rsquo;il aimerait jouer pour les Red Sox s&rsquo;il devenait agent libre.<\/p><p>Avec <strong><a href=\"https:\/\/theplayoffs.news\/fr\/actualite-mlb\/rafael-devers-rejette-toute-discussion-sur-un-changement-de-poste\/\" class=\"trk-cta-link\" data-cta-trk='{\"ctaType\":\"Link\",\"ctaSubType\":\"main\"}'>Rafael Devers<\/a><\/strong> r&eacute;ticent &agrave; passer en premi&egrave;re base, cela pourrait &ecirc;tre un ajustement parfait.<\/p><p><strong>New York Mets<\/strong><\/p><p>La situation contractuelle de <strong>Pete Alonso<\/strong> a &eacute;t&eacute; un feuilleton en soi, mais elle s&rsquo;est finalement r&eacute;gl&eacute;e avec un contrat de <strong>deux ans et 54 millions de dollars<\/strong>, incluant une clause de sortie apr&egrave;s 2025.<\/p><p>Cela signifie que les <strong>Mets<\/strong> pourraient avoir un poste vacant en premi&egrave;re base l&rsquo;hiver prochain. Et s&rsquo;ils sont pr&ecirc;ts &agrave; casser la tirelire une fois de plus (ce qui, historiquement, a souvent &eacute;t&eacute; le cas), <strong>Vladimir Guerrero Jr. pourrait &ecirc;tre leur prochaine grande acquisition offensive<\/strong>. Cette fois, il frapperait aux c&ocirc;t&eacute;s de <strong>Juan Soto<\/strong>.<\/p><p><strong>New York Yankees<\/strong><\/p><p>C&rsquo;est ici que &ccedil;a se complique. <strong>Vladimir Guerrero Jr. a &eacute;t&eacute; clair dans le pass&eacute; : il ne signera jamais avec les Yankees<\/strong>, allant m&ecirc;me jusqu&rsquo;&agrave; dire qu&rsquo;il ne le ferait <em>&laquo; m&ecirc;me pas s&rsquo;il &eacute;tait mort &raquo;<\/em>.<\/p><p>Mais l&rsquo;an dernier, il a l&eacute;g&egrave;rement mod&eacute;r&eacute; son discours, admettant que <em>&laquo; c&rsquo;est un business &raquo;<\/em>.<\/p><p>Les <strong>Yankees<\/strong> auront besoin d&rsquo;un premi&egrave;re base apr&egrave;s 2025, avec <strong>Paul Goldschmidt<\/strong> sous contrat pour un an et pr&eacute;vu pour partager son temps de jeu avec <strong>Ben Rice<\/strong>.<\/p><p>S&rsquo;ils sont pr&ecirc;ts &agrave; d&eacute;penser, leur puissance financi&egrave;re en fait un pr&eacute;tendant s&eacute;rieux. De plus, <strong>Guerrero pourrait rester sur la c&ocirc;te Est<\/strong>, une pr&eacute;f&eacute;rence qu&rsquo;ont souvent eue les joueurs dominicains dans le pass&eacute;.<\/p><h2 class=\"wp-block-heading\"><strong>Et les Dodgers et les Blue Jays ?<\/strong><\/h2><p>Les <strong>Dodgers<\/strong> sont toujours dans la conversation pour les superstars en agence libre, mais <strong>Guerrero ne semble pas &ecirc;tre le meilleur fit<\/strong>. Ils ont d&eacute;j&agrave; <strong>Freddie Freeman<\/strong> sous contrat jusqu&rsquo;en 2027 et <strong>Shohei Ohtani<\/strong> comme DH.<\/p><p>Sauf si <strong>Freeman passe au troisi&egrave;me but<\/strong> ou s&rsquo;ils trouvent un moyen de partager le temps de jeu, cette piste semble difficilement envisageable.<\/p><p>Quant aux <strong>Blue Jays<\/strong> ? <strong>Ne jamais dire jamais<\/strong>.<\/p><p>Guerrero a affirm&eacute; &agrave; plusieurs reprises qu&rsquo;il aimerait rester &agrave; Toronto, et la franchise a les moyens financiers de le garder. <strong>Mais &agrave; ce stade, les chances semblent minces.<\/strong><\/p><p><\/p><p>Credit Photo: Jonathan Dyer-Imagn Images<\/p>\n","protected":false},"excerpt":{"rendered":"<p>Mardi matin, l\u2019avenir des Blue Jays a pris une tournure incertaine\u2026<\/p>\n","protected":false},"author":13,"featured_media":1480142,"comment_status":"closed","ping_status":"closed","sticky":false,"template":"","format":"standard","meta":{"inline_featured_image":false,"kia_subtitle":"Mardi matin, l\u2019avenir des Blue Jays a pris une tournure incertaine\u2026","_mux_skip_reasons":[],"proofreadBy":0,"footnotes":""},"categories":[188,9],"tags":[],"sport":[],"saison":[],"class_list":["post-1480133","post","type-post","status-publish","format-standard","has-post-thumbnail","hentry","category-actualite-mlb","category-mlb"],"acf":[],"yoast_head":"<!-- This site is optimized with the Yoast SEO plugin v24.2 - https:\/\/yoast.com\/wordpress\/plugins\/seo\/ -->\n<title>Destinations potentielles pour Vladimir Guerrero Jr. apr&egrave;s l&rsquo;&eacute;chec de son extension avec les Blue Jays - The Playoffs FR<\/title>\n<meta name=\"robots\" content=\"index, follow, max-snippet:-1, max-image-preview:large, max-video-preview:-1\" \/>\n<link rel=\"canonical\" href=\"https:\/\/theplayoffs.news\/fr\/actualite-mlb\/destinations-potentielles-pour-vladimir-guerrero-jr-apres-lechec-de-son-extension-avec-les-blue-jays\/\" \/>\n<meta property=\"og:locale\" content=\"fr_FR\" \/>\n<meta property=\"og:type\" content=\"article\" \/>\n<meta property=\"og:title\" content=\"Destinations potentielles pour Vladimir Guerrero Jr. apr&egrave;s l&rsquo;&eacute;chec de son extension avec les Blue Jays - The Playoffs FR\" \/>\n<meta property=\"og:description\" content=\"Mardi matin, l&rsquo;avenir des Blue Jays a pris une tournure incertaine&hellip;\" \/>\n<meta property=\"og:url\" content=\"https:\/\/theplayoffs.news\/fr\/actualite-mlb\/destinations-potentielles-pour-vladimir-guerrero-jr-apres-lechec-de-son-extension-avec-les-blue-jays\/\" \/>\n<meta property=\"og:site_name\" content=\"The Playoffs FR\" \/>\n<meta property=\"article:publisher\" content=\"https:\/\/www.facebook.com\/TheFreeAgentFR\/\" \/>\n<meta property=\"article:modified_time\" content=\"2025-02-19T07:15:00+01:00\" \/>\n<meta property=\"og:image\" content=\"https:\/\/theplayoffs.news\/fr\/wp-content\/uploads\/2025\/02\/USATSI_25444555.jpg\" \/>\n\t<meta property=\"og:image:width\" content=\"1920\" \/>\n\t<meta property=\"og:image:height\" content=\"1280\" \/>\n\t<meta property=\"og:image:type\" content=\"image\/jpeg\" \/>\n<meta name=\"author\" content=\"Charles Taudin\" \/>\n<meta name=\"twitter:card\" content=\"summary_large_image\" \/>\n<meta name=\"twitter:creator\" content=\"@TheFreeAgentFR\" \/>\n<meta name=\"twitter:site\" content=\"@TheFreeAgentFR\" \/>\n<meta name=\"twitter:label1\" content=\"\u00c9crit par\" \/>\n\t<meta name=\"twitter:data1\" content=\"Charles Taudin\" \/>\n\t<meta name=\"twitter:label2\" content=\"Dur\u00e9e de lecture estim\u00e9e\" \/>\n\t<meta name=\"twitter:data2\" content=\"4 minutes\" \/>\n<script type=\"application\/ld+json\" class=\"yoast-schema-graph\">{\"@context\":\"https:\/\/schema.org\",\"@graph\":[{\"@type\":\"WebPage\",\"@id\":\"https:\/\/theplayoffs.news\/fr\/actualite-mlb\/destinations-potentielles-pour-vladimir-guerrero-jr-apres-lechec-de-son-extension-avec-les-blue-jays\/\",\"url\":\"https:\/\/theplayoffs.news\/fr\/actualite-mlb\/destinations-potentielles-pour-vladimir-guerrero-jr-apres-lechec-de-son-extension-avec-les-blue-jays\/\",\"name\":\"Destinations potentielles pour Vladimir Guerrero Jr. apr\u00e8s l\u2019\u00e9chec de son extension avec les Blue Jays - The Playoffs FR\",\"isPartOf\":{\"@id\":\"https:\/\/theplayoffs.news\/fr\/#website\"},\"primaryImageOfPage\":{\"@id\":\"https:\/\/theplayoffs.news\/fr\/actualite-mlb\/destinations-potentielles-pour-vladimir-guerrero-jr-apres-lechec-de-son-extension-avec-les-blue-jays\/#primaryimage\"},\"image\":{\"@id\":\"https:\/\/theplayoffs.news\/fr\/actualite-mlb\/destinations-potentielles-pour-vladimir-guerrero-jr-apres-lechec-de-son-extension-avec-les-blue-jays\/#primaryimage\"},\"thumbnailUrl\":\"https:\/\/theplayoffs.news\/fr\/wp-content\/uploads\/2025\/02\/USATSI_25444555.jpg\",\"datePublished\":\"2025-02-19T06:15:00+00:00\",\"dateModified\":\"2025-02-19T07:15:00+01:00\",\"author\":{\"@id\":\"https:\/\/theplayoffs.news\/fr\/#\/schema\/person\/eee5b69ad5d3c51cabe881c839dbe133\"},\"breadcrumb\":{\"@id\":\"https:\/\/theplayoffs.news\/fr\/actualite-mlb\/destinations-potentielles-pour-vladimir-guerrero-jr-apres-lechec-de-son-extension-avec-les-blue-jays\/#breadcrumb\"},\"inLanguage\":\"fr-FR\",\"potentialAction\":[{\"@type\":\"ReadAction\",\"target\":[\"https:\/\/theplayoffs.news\/fr\/actualite-mlb\/destinations-potentielles-pour-vladimir-guerrero-jr-apres-lechec-de-son-extension-avec-les-blue-jays\/\"]}]},{\"@type\":\"ImageObject\",\"inLanguage\":\"fr-FR\",\"@id\":\"https:\/\/theplayoffs.news\/fr\/actualite-mlb\/destinations-potentielles-pour-vladimir-guerrero-jr-apres-lechec-de-son-extension-avec-les-blue-jays\/#primaryimage\",\"url\":\"https:\/\/theplayoffs.news\/fr\/wp-content\/uploads\/2025\/02\/USATSI_25444555.jpg\",\"contentUrl\":\"https:\/\/theplayoffs.news\/fr\/wp-content\/uploads\/2025\/02\/USATSI_25444555.jpg\",\"width\":1920,\"height\":1280,\"caption\":\"Feb 17, 2025; Dunedin, FL, USA; Toronto Blue Jays infielder Vladimir Guerrero Jr. (27) prepares for a drill during spring training at Cecil B. Englebert Complex. Mandatory Credit: Jonathan Dyer-Imagn Images\"},{\"@type\":\"BreadcrumbList\",\"@id\":\"https:\/\/theplayoffs.news\/fr\/actualite-mlb\/destinations-potentielles-pour-vladimir-guerrero-jr-apres-lechec-de-son-extension-avec-les-blue-jays\/#breadcrumb\",\"itemListElement\":[{\"@type\":\"ListItem\",\"position\":1,\"name\":\"Accueil\",\"item\":\"https:\/\/theplayoffs.news\/fr\/\"},{\"@type\":\"ListItem\",\"position\":2,\"name\":\"Destinations potentielles pour Vladimir Guerrero Jr. apr\u00e8s l\u2019\u00e9chec de son extension avec les Blue Jays\"}]},{\"@type\":\"WebSite\",\"@id\":\"https:\/\/theplayoffs.news\/fr\/#website\",\"url\":\"https:\/\/theplayoffs.news\/fr\/\",\"name\":\"The Playoffs FR\",\"description\":\"NBA-NFL-NHL-MLB\",\"potentialAction\":[{\"@type\":\"SearchAction\",\"target\":{\"@type\":\"EntryPoint\",\"urlTemplate\":\"https:\/\/theplayoffs.news\/fr\/?s={search_term_string}\"},\"query-input\":{\"@type\":\"PropertyValueSpecification\",\"valueRequired\":true,\"valueName\":\"search_term_string\"}}],\"inLanguage\":\"fr-FR\"},{\"@type\":\"Person\",\"@id\":\"https:\/\/theplayoffs.news\/fr\/#\/schema\/person\/eee5b69ad5d3c51cabe881c839dbe133\",\"name\":\"Charles Taudin\",\"image\":{\"@type\":\"ImageObject\",\"inLanguage\":\"fr-FR\",\"@id\":\"https:\/\/theplayoffs.news\/fr\/#\/schema\/person\/image\/\",\"url\":\"https:\/\/secure.gravatar.com\/avatar\/59a1e772205ce9fd255edfcafc93013736822e20261f294c5753b20c41ede9f2?s=96&d=mm&r=g\",\"contentUrl\":\"https:\/\/secure.gravatar.com\/avatar\/59a1e772205ce9fd255edfcafc93013736822e20261f294c5753b20c41ede9f2?s=96&d=mm&r=g\",\"caption\":\"Charles Taudin\"},\"description\":\"R\u00e9dacteur en chef global de The Playoffs, j\u2019ai cr\u00e9\u00e9 The Free Agent, devenu The Playoffs FR, en 2020 durant la pand\u00e9mie. Amoureux depuis des ann\u00e9es des 4 sports majeurs am\u00e9ricains, j\u2019organise maintenant la strat\u00e9gie \u00e9ditoriale et les r\u00e9seaux sociaux de l\u2019ensemble des versions de The Playoffs. Il m\u2019arrive encore d\u2019\u00e9crire sur certains sports que j\u2019affectionne particuli\u00e8rement comme la NFL ou la MLB. Si vous devez retenir qu\u2019une chose : Eli Manning est le vrai GOAT pour avoir battu deux fois Tom Brady.\",\"sameAs\":[\"https:\/\/www.instagram.com\/ctaudin_\/\"],\"url\":\"https:\/\/theplayoffs.news\/fr\/author\/charles-taudin\/\"}]}<\/script>\n<!-- \/ Yoast SEO plugin. -->","yoast_head_json":{"title":"Destinations potentielles pour Vladimir Guerrero Jr. apr&egrave;s l&rsquo;&eacute;chec de son extension avec les Blue Jays - The Playoffs FR","robots":{"index":"index","follow":"follow","max-snippet":"max-snippet:-1","max-image-preview":"max-image-preview:large","max-video-preview":"max-video-preview:-1"},"canonical":"https:\/\/theplayoffs.news\/fr\/actualite-mlb\/destinations-potentielles-pour-vladimir-guerrero-jr-apres-lechec-de-son-extension-avec-les-blue-jays\/","og_locale":"fr_FR","og_type":"article","og_title":"Destinations potentielles pour Vladimir Guerrero Jr. apr&egrave;s l&rsquo;&eacute;chec de son extension avec les Blue Jays - The Playoffs FR","og_description":"Mardi matin, l&rsquo;avenir des Blue Jays a pris une tournure incertaine&hellip;","og_url":"https:\/\/theplayoffs.news\/fr\/actualite-mlb\/destinations-potentielles-pour-vladimir-guerrero-jr-apres-lechec-de-son-extension-avec-les-blue-jays\/","og_site_name":"The Playoffs FR","article_publisher":"https:\/\/www.facebook.com\/TheFreeAgentFR\/","article_modified_time":"2025-02-18T20:31:13+00:00","og_image":[{"width":1920,"height":1280,"url":"https:\/\/theplayoffs.news\/fr\/wp-content\/uploads\/2025\/02\/USATSI_25444555.jpg","type":"image\/jpeg"}],"author":"Charles Taudin","twitter_card":"summary_large_image","twitter_creator":"@TheFreeAgentFR","twitter_site":"@TheFreeAgentFR","twitter_misc":{"\u00c9crit par":"Charles Taudin","Dur\u00e9e de lecture estim\u00e9e":"4 minutes"},"schema":{"@context":"https:\/\/schema.org","@graph":[{"@type":"WebPage","@id":"https:\/\/theplayoffs.news\/fr\/actualite-mlb\/destinations-potentielles-pour-vladimir-guerrero-jr-apres-lechec-de-son-extension-avec-les-blue-jays\/","url":"https:\/\/theplayoffs.news\/fr\/actualite-mlb\/destinations-potentielles-pour-vladimir-guerrero-jr-apres-lechec-de-son-extension-avec-les-blue-jays\/","name":"Destinations potentielles pour Vladimir Guerrero Jr. apr\u00e8s l\u2019\u00e9chec de son extension avec les Blue Jays - The Playoffs FR","isPartOf":{"@id":"https:\/\/theplayoffs.news\/fr\/#website"},"primaryImageOfPage":{"@id":"https:\/\/theplayoffs.news\/fr\/actualite-mlb\/destinations-potentielles-pour-vladimir-guerrero-jr-apres-lechec-de-son-extension-avec-les-blue-jays\/#primaryimage"},"image":{"@id":"https:\/\/theplayoffs.news\/fr\/actualite-mlb\/destinations-potentielles-pour-vladimir-guerrero-jr-apres-lechec-de-son-extension-avec-les-blue-jays\/#primaryimage"},"thumbnailUrl":"https:\/\/theplayoffs.news\/fr\/wp-content\/uploads\/2025\/02\/USATSI_25444555.jpg","datePublished":"2025-02-19T06:15:00+00:00","dateModified":"2025-02-19T07:15:00+01:00","author":{"@id":"https:\/\/theplayoffs.news\/fr\/#\/schema\/person\/eee5b69ad5d3c51cabe881c839dbe133"},"breadcrumb":{"@id":"https:\/\/theplayoffs.news\/fr\/actualite-mlb\/destinations-potentielles-pour-vladimir-guerrero-jr-apres-lechec-de-son-extension-avec-les-blue-jays\/#breadcrumb"},"inLanguage":"fr-FR","potentialAction":[{"@type":"ReadAction","target":["https:\/\/theplayoffs.news\/fr\/actualite-mlb\/destinations-potentielles-pour-vladimir-guerrero-jr-apres-lechec-de-son-extension-avec-les-blue-jays\/"]}]},{"@type":"ImageObject","inLanguage":"fr-FR","@id":"https:\/\/theplayoffs.news\/fr\/actualite-mlb\/destinations-potentielles-pour-vladimir-guerrero-jr-apres-lechec-de-son-extension-avec-les-blue-jays\/#primaryimage","url":"https:\/\/theplayoffs.news\/fr\/wp-content\/uploads\/2025\/02\/USATSI_25444555.jpg","contentUrl":"https:\/\/theplayoffs.news\/fr\/wp-content\/uploads\/2025\/02\/USATSI_25444555.jpg","width":1920,"height":1280,"caption":"Feb 17, 2025; Dunedin, FL, USA; Toronto Blue Jays infielder Vladimir Guerrero Jr. (27) prepares for a drill during spring training at Cecil B. Englebert Complex. Mandatory Credit: Jonathan Dyer-Imagn Images"},{"@type":"BreadcrumbList","@id":"https:\/\/theplayoffs.news\/fr\/actualite-mlb\/destinations-potentielles-pour-vladimir-guerrero-jr-apres-lechec-de-son-extension-avec-les-blue-jays\/#breadcrumb","itemListElement":[{"@type":"ListItem","position":1,"name":"Accueil","item":"https:\/\/theplayoffs.news\/fr\/"},{"@type":"ListItem","position":2,"name":"Destinations potentielles pour Vladimir Guerrero Jr. apr\u00e8s l\u2019\u00e9chec de son extension avec les Blue Jays"}]},{"@type":"WebSite","@id":"https:\/\/theplayoffs.news\/fr\/#website","url":"https:\/\/theplayoffs.news\/fr\/","name":"The Playoffs FR","description":"NBA-NFL-NHL-MLB","potentialAction":[{"@type":"SearchAction","target":{"@type":"EntryPoint","urlTemplate":"https:\/\/theplayoffs.news\/fr\/?s={search_term_string}"},"query-input":{"@type":"PropertyValueSpecification","valueRequired":true,"valueName":"search_term_string"}}],"inLanguage":"fr-FR"},{"@type":"Person","@id":"https:\/\/theplayoffs.news\/fr\/#\/schema\/person\/eee5b69ad5d3c51cabe881c839dbe133","name":"Charles Taudin","image":{"@type":"ImageObject","inLanguage":"fr-FR","@id":"https:\/\/theplayoffs.news\/fr\/#\/schema\/person\/image\/","url":"https:\/\/secure.gravatar.com\/avatar\/59a1e772205ce9fd255edfcafc93013736822e20261f294c5753b20c41ede9f2?s=96&d=mm&r=g","contentUrl":"https:\/\/secure.gravatar.com\/avatar\/59a1e772205ce9fd255edfcafc93013736822e20261f294c5753b20c41ede9f2?s=96&d=mm&r=g","caption":"Charles Taudin"},"description":"R\u00e9dacteur en chef global de The Playoffs, j\u2019ai cr\u00e9\u00e9 The Free Agent, devenu The Playoffs FR, en 2020 durant la pand\u00e9mie. Amoureux depuis des ann\u00e9es des 4 sports majeurs am\u00e9ricains, j\u2019organise maintenant la strat\u00e9gie \u00e9ditoriale et les r\u00e9seaux sociaux de l\u2019ensemble des versions de The Playoffs. Il m\u2019arrive encore d\u2019\u00e9crire sur certains sports que j\u2019affectionne particuli\u00e8rement comme la NFL ou la MLB. Si vous devez retenir qu\u2019une chose : Eli Manning est le vrai GOAT pour avoir battu deux fois Tom Brady.","sameAs":["https:\/\/www.instagram.com\/ctaudin_\/"],"url":"https:\/\/theplayoffs.news\/fr\/author\/charles-taudin\/"}]}},"_links":{"self":[{"href":"https:\/\/theplayoffs.news\/fr\/wp-json\/wp\/v2\/posts\/1480133","targetHints":{"allow":["GET"]}}],"collection":[{"href":"https:\/\/theplayoffs.news\/fr\/wp-json\/wp\/v2\/posts"}],"about":[{"href":"https:\/\/theplayoffs.news\/fr\/wp-json\/wp\/v2\/types\/post"}],"author":[{"embeddable":true,"href":"https:\/\/theplayoffs.news\/fr\/wp-json\/wp\/v2\/users\/13"}],"replies":[{"embeddable":true,"href":"https:\/\/theplayoffs.news\/fr\/wp-json\/wp\/v2\/comments?post=1480133"}],"version-history":[{"count":1,"href":"https:\/\/theplayoffs.news\/fr\/wp-json\/wp\/v2\/posts\/1480133\/revisions"}],"predecessor-version":[{"id":1480144,"href":"https:\/\/theplayoffs.news\/fr\/wp-json\/wp\/v2\/posts\/1480133\/revisions\/1480144"}],"wp:featuredmedia":[{"embeddable":true,"href":"https:\/\/theplayoffs.news\/fr\/wp-json\/wp\/v2\/media\/1480142"}],"wp:attachment":[{"href":"https:\/\/theplayoffs.news\/fr\/wp-json\/wp\/v2\/media?parent=1480133"}],"wp:term":[{"taxonomy":"category","embeddable":true,"href":"https:\/\/theplayoffs.news\/fr\/wp-json\/wp\/v2\/categories?post=1480133"},{"taxonomy":"post_tag","embeddable":true,"href":"https:\/\/theplayoffs.news\/fr\/wp-json\/wp\/v2\/tags?post=1480133"},{"taxonomy":"sport","embeddable":true,"href":"https:\/\/theplayoffs.news\/fr\/wp-json\/wp\/v2\/sport?post=1480133"},{"taxonomy":"saison","embeddable":true,"href":"https:\/\/theplayoffs.news\/fr\/wp-json\/wp\/v2\/saison?post=1480133"}],"curies":[{"name":"wp","href":"https:\/\/api.w.org\/{rel}","templated":true}]}}