{"id":1480105,"date":"2025-02-18T21:08:51","date_gmt":"2025-02-18T20:08:51","guid":{"rendered":"https:\/\/theplayoffs.news\/fr\/uncategorized\/\/"},"modified":"2025-02-22T13:18:51","modified_gmt":"2025-02-22T12:18:51","slug":"pourquoi-les-mets-nont-toujours-pas-re-signe-jose-iglesias","status":"publish","type":"post","link":"https:\/\/theplayoffs.news\/fr\/actualite-mlb\/pourquoi-les-mets-nont-toujours-pas-re-signe-jose-iglesias\/","title":{"rendered":"Pourquoi les Mets n&rsquo;ont toujours pas re-sign\u00e9 Jos\u00e9 Iglesias ?"},"content":{"rendered":"<p><strong>Jose Iglesias<\/strong>, ce v&eacute;ritable catalyseur, a incarn&eacute; bien plus qu&rsquo;un simple joueur pour les Mets l&rsquo;an pass&eacute;.<\/p><p>Il a &eacute;t&eacute; le liant indispensable d&rsquo;une &eacute;quipe en qu&ecirc;te d&rsquo;&acirc;me et d&rsquo;unit&eacute;, ce qu&rsquo;a confirm&eacute; son co&eacute;quipier <strong>J.D. Martinez<\/strong> en interview. Dans un vestiaire souvent en proie aux tensions et aux doutes, I<strong>glesias<\/strong> a su insuffler une &eacute;nergie communicative, transformer l&rsquo;ambiance et faire na&icirc;tre une v&eacute;ritable <strong>&laquo;&nbsp;feel good story&nbsp;&raquo;<\/strong> sur le terrain.<br><\/p><figure class=\"wp-block-embed is-type-rich is-provider-twitter wp-block-embed-twitter\"><div class=\"wp-block-embed__wrapper\">\n<blockquote class=\"twitter-tweet\" data-width=\"500\" data-dnt=\"true\"><p lang=\"en\" dir=\"ltr\">JD Martinez, the original and biggest promoter of Candelita, shows us his OMG sign here. JD talks free agency, Cohen, pickleball and more on The Show. We talk mostly Pete <br><br>YouTube: <a href=\"https:\/\/t.co\/bv6ot9zaUj\" class=\"trk-cta-link\" data-cta-trk='{\"ctaType\":\"Link\",\"ctaSubType\":\"main\"}'>https:\/\/t.co\/bv6ot9zaUj<\/a><br>Apple: <a href=\"https:\/\/t.co\/LQ5SsBm2GM\" class=\"trk-cta-link\" data-cta-trk='{\"ctaType\":\"Link\",\"ctaSubType\":\"main\"}'>https:\/\/t.co\/LQ5SsBm2GM<\/a><br>Spotify: <a href=\"https:\/\/t.co\/u4EOhCYDE2\" class=\"trk-cta-link\" data-cta-trk='{\"ctaType\":\"Link\",\"ctaSubType\":\"main\"}'>https:\/\/t.co\/u4EOhCYDE2<\/a> <a href=\"https:\/\/t.co\/ISgL6k2VCU\" class=\"trk-cta-link\" data-cta-trk='{\"ctaType\":\"Link\",\"ctaSubType\":\"main\"}'>pic.twitter.com\/ISgL6k2VCU<\/a><\/p>&mdash; Jon Heyman (@JonHeyman) <a href=\"https:\/\/twitter.com\/JonHeyman\/status\/1888036086095692171?ref_src=twsrc%5Etfw\" class=\"trk-cta-link\" data-cta-trk='{\"ctaType\":\"Link\",\"ctaSubType\":\"main\"}'>February 8, 2025<\/a><\/blockquote><script async src=\"https:\/\/platform.twitter.com\/widgets.js\" charset=\"utf-8\"><\/script>\n<\/div><figcaption class=\"wp-element-caption\"><em>Interview de J.D. Martinez lors du podcast &laquo;&nbsp;The Show&nbsp;&raquo; de Jon Heyman pour le New York Post.<\/em><\/figcaption><\/figure><p>Au-del&agrave; de ses statistiques impressionnantes au b&acirc;ton (qui, certes, ne sauraient &agrave; elles seules justifier son importance), c&rsquo;est son r&ocirc;le de rassembleur qui a marqu&eacute; les esprits. Son gant formidable, sa capacit&eacute; &agrave; jouer chaque position avec aisance et surtout cette &eacute;nergie hors du commun, lui ont permis d&rsquo;&ecirc;tre l&rsquo;&eacute;tincelle qui rallumait la flamme lors des moments critiques comme dans cette s&eacute;rie accroch&eacute; face <a href=\"https:\/\/theplayoffs.news\/fr\/actualite-mlb\/wild-card-mlb-2024-games1\/\" class=\"trk-cta-link\" data-cta-trk='{\"ctaType\":\"Link\",\"ctaSubType\":\"main\"}'>aux <strong>Brewers<\/strong> en <strong>Wild Cards<\/strong><\/a>.<br><\/p><figure class=\"wp-block-embed is-type-rich is-provider-twitter wp-block-embed-twitter\"><div class=\"wp-block-embed__wrapper\">\n<blockquote class=\"twitter-tweet\" data-width=\"500\" data-dnt=\"true\"><p lang=\"en\" dir=\"ltr\">OMG!!! ALL OF IT!!! <a href=\"https:\/\/t.co\/8ofzjVCOBN\" class=\"trk-cta-link\" data-cta-trk='{\"ctaType\":\"Link\",\"ctaSubType\":\"main\"}'>pic.twitter.com\/8ofzjVCOBN<\/a><\/p>&mdash; New York Mets (@Mets) <a href=\"https:\/\/twitter.com\/Mets\/status\/1841252224774594981?ref_src=twsrc%5Etfw\" class=\"trk-cta-link\" data-cta-trk='{\"ctaType\":\"Link\",\"ctaSubType\":\"main\"}'>October 1, 2024<\/a><\/blockquote><script async src=\"https:\/\/platform.twitter.com\/widgets.js\" charset=\"utf-8\"><\/script>\n<\/div><\/figure><p>Il n&rsquo;&eacute;tait pas seulement un joueur, il &eacute;tait le moteur &eacute;motionnel de l&rsquo;&eacute;quipe. Celui qui, par sa pr&eacute;sence, reliait chaque maillon de cette &eacute;quipe.<\/p><p>Dans un contexte o&ugrave; les <strong>Mets<\/strong> cherchent &agrave; construire un avenir aussi prometteur que comp&eacute;titif, il est imp&eacute;ratif de trouver une solution pour resigner <strong>Jose Iglesias<\/strong>, bien au-del&agrave; de ses performances au b&acirc;ton. Son impact se mesure dans le c&oelig;ur des joueurs et des fans, et ce lien ind&eacute;fectible est ce qui a, en partie, conduit l&rsquo;&eacute;quipe vers le succ&egrave;s.<\/p><p>C&rsquo;est exactement ce genre d&rsquo;attitude, de leadership silencieux (ou non) mais d&eacute;terminant, qui transforme un collectif en une v&eacute;ritable famille et permet &agrave; une &eacute;quipe de surmonter tous les d&eacute;fis et d&eacute;jouer les pronostics.<\/p><figure class=\"wp-block-embed is-type-rich is-provider-twitter wp-block-embed-twitter\"><div class=\"wp-block-embed__wrapper\">\n<blockquote class=\"twitter-tweet\" data-width=\"500\" data-dnt=\"true\"><p lang=\"en\" dir=\"ltr\">Jos&eacute; Iglesias is performing OMG after the win!<br><br>(via <a href=\"https:\/\/twitter.com\/SNY_Mets?ref_src=twsrc%5Etfw\" class=\"trk-cta-link\" data-cta-trk='{\"ctaType\":\"Link\",\"ctaSubType\":\"main\"}'>@SNY_Mets<\/a>)<a href=\"https:\/\/t.co\/HcTBFUYWno\" class=\"trk-cta-link\" data-cta-trk='{\"ctaType\":\"Link\",\"ctaSubType\":\"main\"}'>pic.twitter.com\/HcTBFUYWno<\/a><\/p>&mdash; FOX Sports: MLB (@MLBONFOX) <a href=\"https:\/\/twitter.com\/MLBONFOX\/status\/1806879952114950494?ref_src=twsrc%5Etfw\" class=\"trk-cta-link\" data-cta-trk='{\"ctaType\":\"Link\",\"ctaSubType\":\"main\"}'>June 29, 2024<\/a><\/blockquote><script async src=\"https:\/\/platform.twitter.com\/widgets.js\" charset=\"utf-8\"><\/script>\n<\/div><\/figure><p>Les dirigeants des <strong>Mets <\/strong>auraient tout int&eacute;r&ecirc;t &agrave; repenser leur strat&eacute;gie et &agrave; envisager s&eacute;rieusement de conserver ce joyau humain. Car, au final, dans un sport aussi impr&eacute;visible et long que le baseball, l&rsquo;&eacute;quilibre se trouve souvent dans l&rsquo;alchimie entre performance individuelle et coh&eacute;sion collective. <strong>Jose Iglesias<\/strong> est cet &eacute;l&eacute;ment indispensable qui peut, sans aucun doute, faire pencher la balance en faveur d&rsquo;une nouvelle &egrave;re de succ&egrave;s pour les <strong>Mets<\/strong>.<\/p><p><\/p><p>Credit Photo: Brad Penner-Imagn Images<\/p>\n","protected":false},"excerpt":{"rendered":"","protected":false},"author":180310249,"featured_media":1480119,"comment_status":"closed","ping_status":"closed","sticky":false,"template":"","format":"standard","meta":{"inline_featured_image":false,"kia_subtitle":"","_mux_skip_reasons":[],"proofreadBy":0,"footnotes":""},"categories":[188,9],"tags":[8079],"sport":[2786],"saison":[7475],"class_list":["post-1480105","post","type-post","status-publish","format-standard","has-post-thumbnail","hentry","category-actualite-mlb","category-mlb","tag-jose-iglesias","sport-mlb","saison-7475"],"acf":[],"yoast_head":"<!-- This site is optimized with the Yoast SEO plugin v24.2 - https:\/\/yoast.com\/wordpress\/plugins\/seo\/ -->\n<title>Pourquoi les Mets n&#039;ont toujours pas re-sign&eacute; Jos&eacute; Iglesias ? - The Playoffs FR<\/title>\n<meta name=\"description\" content=\"L&#039;incompr&eacute;hension se fait sentir face &agrave; l&#039;absence de re-signature de Jos&eacute; Iglesias, malgr&eacute; son impact d&eacute;terminant pour les Mets en 2024.\" \/>\n<meta name=\"robots\" content=\"index, follow, max-snippet:-1, max-image-preview:large, max-video-preview:-1\" \/>\n<link rel=\"canonical\" href=\"https:\/\/theplayoffs.news\/fr\/actualite-mlb\/pourquoi-les-mets-nont-toujours-pas-re-signe-jose-iglesias\/\" \/>\n<meta property=\"og:locale\" content=\"fr_FR\" \/>\n<meta property=\"og:type\" content=\"article\" \/>\n<meta property=\"og:title\" content=\"Pourquoi les Mets n&#039;ont toujours pas re-sign&eacute; Jos&eacute; Iglesias ? - The Playoffs FR\" \/>\n<meta property=\"og:description\" content=\"L&#039;incompr&eacute;hension se fait sentir face &agrave; l&#039;absence de re-signature de Jos&eacute; Iglesias, malgr&eacute; son impact d&eacute;terminant pour les Mets en 2024.\" \/>\n<meta property=\"og:url\" content=\"https:\/\/theplayoffs.news\/fr\/actualite-mlb\/pourquoi-les-mets-nont-toujours-pas-re-signe-jose-iglesias\/\" \/>\n<meta property=\"og:site_name\" content=\"The Playoffs FR\" \/>\n<meta property=\"article:publisher\" content=\"https:\/\/www.facebook.com\/TheFreeAgentFR\/\" \/>\n<meta property=\"article:modified_time\" content=\"2025-02-22T13:18:51+01:00\" \/>\n<meta property=\"og:image\" content=\"https:\/\/theplayoffs.news\/fr\/wp-content\/uploads\/2025\/02\/USATSI_24507083.jpg\" \/>\n\t<meta property=\"og:image:width\" content=\"1920\" \/>\n\t<meta property=\"og:image:height\" content=\"1280\" \/>\n\t<meta property=\"og:image:type\" content=\"image\/jpeg\" \/>\n<meta name=\"author\" content=\"Julien Farsy\" \/>\n<meta name=\"twitter:card\" content=\"summary_large_image\" \/>\n<meta name=\"twitter:creator\" content=\"@thefrenchdugout\" \/>\n<meta name=\"twitter:site\" content=\"@TheFreeAgentFR\" \/>\n<meta name=\"twitter:label1\" content=\"\u00c9crit par\" \/>\n\t<meta name=\"twitter:data1\" content=\"Julien Farsy\" \/>\n\t<meta name=\"twitter:label2\" content=\"Dur\u00e9e de lecture estim\u00e9e\" \/>\n\t<meta name=\"twitter:data2\" content=\"3 minutes\" \/>\n<script type=\"application\/ld+json\" class=\"yoast-schema-graph\">{\"@context\":\"https:\/\/schema.org\",\"@graph\":[{\"@type\":\"WebPage\",\"@id\":\"https:\/\/theplayoffs.news\/fr\/actualite-mlb\/pourquoi-les-mets-nont-toujours-pas-re-signe-jose-iglesias\/\",\"url\":\"https:\/\/theplayoffs.news\/fr\/actualite-mlb\/pourquoi-les-mets-nont-toujours-pas-re-signe-jose-iglesias\/\",\"name\":\"Pourquoi les Mets n\\\\'ont toujours pas re-sign\u00e9 Jos\u00e9 Iglesias ? - The Playoffs FR\",\"isPartOf\":{\"@id\":\"https:\/\/theplayoffs.news\/fr\/#website\"},\"primaryImageOfPage\":{\"@id\":\"https:\/\/theplayoffs.news\/fr\/actualite-mlb\/pourquoi-les-mets-nont-toujours-pas-re-signe-jose-iglesias\/#primaryimage\"},\"image\":{\"@id\":\"https:\/\/theplayoffs.news\/fr\/actualite-mlb\/pourquoi-les-mets-nont-toujours-pas-re-signe-jose-iglesias\/#primaryimage\"},\"thumbnailUrl\":\"https:\/\/theplayoffs.news\/fr\/wp-content\/uploads\/2025\/02\/USATSI_24507083.jpg\",\"datePublished\":\"2025-02-18T20:08:51+00:00\",\"dateModified\":\"2025-02-22T12:18:51+00:00\",\"author\":{\"@id\":\"https:\/\/theplayoffs.news\/fr\/#\/schema\/person\/51111e94bd2107e63692a0742e68cc78\"},\"description\":\"L\\\\'incompr\u00e9hension se fait sentir face \u00e0 l\\\\'absence de re-signature de Jos\u00e9 Iglesias, malgr\u00e9 son impact d\u00e9terminant pour les Mets en 2024.\",\"breadcrumb\":{\"@id\":\"https:\/\/theplayoffs.news\/fr\/actualite-mlb\/pourquoi-les-mets-nont-toujours-pas-re-signe-jose-iglesias\/#breadcrumb\"},\"inLanguage\":\"fr-FR\",\"potentialAction\":[{\"@type\":\"ReadAction\",\"target\":[\"https:\/\/theplayoffs.news\/fr\/actualite-mlb\/pourquoi-les-mets-nont-toujours-pas-re-signe-jose-iglesias\/\"]}]},{\"@type\":\"ImageObject\",\"inLanguage\":\"fr-FR\",\"@id\":\"https:\/\/theplayoffs.news\/fr\/actualite-mlb\/pourquoi-les-mets-nont-toujours-pas-re-signe-jose-iglesias\/#primaryimage\",\"url\":\"https:\/\/theplayoffs.news\/fr\/wp-content\/uploads\/2025\/02\/USATSI_24507083.jpg\",\"contentUrl\":\"https:\/\/theplayoffs.news\/fr\/wp-content\/uploads\/2025\/02\/USATSI_24507083.jpg\",\"width\":1920,\"height\":1280,\"caption\":\"Oct 16, 2024; New York City, New York, USA; New York Mets second base Jose Iglesias (11) reacts during players introductions before game three of the NLCS for the 2024 MLB playoffs at Citi Field. Mandatory Credit: Brad Penner-Imagn Images\"},{\"@type\":\"BreadcrumbList\",\"@id\":\"https:\/\/theplayoffs.news\/fr\/actualite-mlb\/pourquoi-les-mets-nont-toujours-pas-re-signe-jose-iglesias\/#breadcrumb\",\"itemListElement\":[{\"@type\":\"ListItem\",\"position\":1,\"name\":\"Accueil\",\"item\":\"https:\/\/theplayoffs.news\/fr\/\"},{\"@type\":\"ListItem\",\"position\":2,\"name\":\"Pourquoi les Mets n&rsquo;ont toujours pas re-sign\u00e9 Jos\u00e9 Iglesias ?\"}]},{\"@type\":\"WebSite\",\"@id\":\"https:\/\/theplayoffs.news\/fr\/#website\",\"url\":\"https:\/\/theplayoffs.news\/fr\/\",\"name\":\"The Playoffs FR\",\"description\":\"NBA-NFL-NHL-MLB\",\"potentialAction\":[{\"@type\":\"SearchAction\",\"target\":{\"@type\":\"EntryPoint\",\"urlTemplate\":\"https:\/\/theplayoffs.news\/fr\/?s={search_term_string}\"},\"query-input\":{\"@type\":\"PropertyValueSpecification\",\"valueRequired\":true,\"valueName\":\"search_term_string\"}}],\"inLanguage\":\"fr-FR\"},{\"@type\":\"Person\",\"@id\":\"https:\/\/theplayoffs.news\/fr\/#\/schema\/person\/51111e94bd2107e63692a0742e68cc78\",\"name\":\"Julien Farsy\",\"image\":{\"@type\":\"ImageObject\",\"inLanguage\":\"fr-FR\",\"@id\":\"https:\/\/theplayoffs.news\/fr\/#\/schema\/person\/image\/\",\"url\":\"https:\/\/secure.gravatar.com\/avatar\/459de1b1e59a6aa6e6b85ed839ee05e1569259e61fffdb66f3dd7c975117592c?s=96&d=mm&r=g\",\"contentUrl\":\"https:\/\/secure.gravatar.com\/avatar\/459de1b1e59a6aa6e6b85ed839ee05e1569259e61fffdb66f3dd7c975117592c?s=96&d=mm&r=g\",\"caption\":\"Julien Farsy\"},\"description\":\"R\u00e9dacteur et podcast MLB principalement, un peu de NBA et un peu de NFL aussi. Kin\u00e9 de m\u00e9tier, ancien joueur de l\\\\'\u00e9quipe de France de Flag Football et de Football Americain. J\\\\'ai grandi berc\u00e9 par les sports US et la culture US. J\\\\'adore d\u00e9battre et analyser le sport. J\\\\'\u00e9tais un jour \\\\\\\"free agent\\\\\\\" et j\\\\'ai eu l\\\\'opportunit\u00e9 avec The Playoffs de partager mon analyse, je m\\\\'eclate.\",\"sameAs\":[\"https:\/\/www.instagram.com\/thefrenchdugout\/\",\"https:\/\/x.com\/thefrenchdugout\"],\"url\":\"https:\/\/theplayoffs.news\/fr\/author\/julien-farsyyahoo-fr\/\"}]}<\/script>\n<!-- \/ Yoast SEO plugin. -->","yoast_head_json":{"title":"Pourquoi les Mets n&#039;ont toujours pas re-sign&eacute; Jos&eacute; Iglesias ? - The Playoffs FR","description":"L&#039;incompr&eacute;hension se fait sentir face &agrave; l&#039;absence de re-signature de Jos&eacute; Iglesias, malgr&eacute; son impact d&eacute;terminant pour les Mets en 2024.","robots":{"index":"index","follow":"follow","max-snippet":"max-snippet:-1","max-image-preview":"max-image-preview:large","max-video-preview":"max-video-preview:-1"},"canonical":"https:\/\/theplayoffs.news\/fr\/actualite-mlb\/pourquoi-les-mets-nont-toujours-pas-re-signe-jose-iglesias\/","og_locale":"fr_FR","og_type":"article","og_title":"Pourquoi les Mets n&#039;ont toujours pas re-sign&eacute; Jos&eacute; Iglesias ? - The Playoffs FR","og_description":"L&#039;incompr&eacute;hension se fait sentir face &agrave; l&#039;absence de re-signature de Jos&eacute; Iglesias, malgr&eacute; son impact d&eacute;terminant pour les Mets en 2024.","og_url":"https:\/\/theplayoffs.news\/fr\/actualite-mlb\/pourquoi-les-mets-nont-toujours-pas-re-signe-jose-iglesias\/","og_site_name":"The Playoffs FR","article_publisher":"https:\/\/www.facebook.com\/TheFreeAgentFR\/","article_modified_time":"2025-02-22T12:18:51+00:00","og_image":[{"width":1920,"height":1280,"url":"https:\/\/theplayoffs.news\/fr\/wp-content\/uploads\/2025\/02\/USATSI_24507083.jpg","type":"image\/jpeg"}],"author":"Julien Farsy","twitter_card":"summary_large_image","twitter_creator":"@thefrenchdugout","twitter_site":"@TheFreeAgentFR","twitter_misc":{"\u00c9crit par":"Julien Farsy","Dur\u00e9e de lecture estim\u00e9e":"3 minutes"},"schema":{"@context":"https:\/\/schema.org","@graph":[{"@type":"WebPage","@id":"https:\/\/theplayoffs.news\/fr\/actualite-mlb\/pourquoi-les-mets-nont-toujours-pas-re-signe-jose-iglesias\/","url":"https:\/\/theplayoffs.news\/fr\/actualite-mlb\/pourquoi-les-mets-nont-toujours-pas-re-signe-jose-iglesias\/","name":"Pourquoi les Mets n\\'ont toujours pas re-sign\u00e9 Jos\u00e9 Iglesias ? - The Playoffs FR","isPartOf":{"@id":"https:\/\/theplayoffs.news\/fr\/#website"},"primaryImageOfPage":{"@id":"https:\/\/theplayoffs.news\/fr\/actualite-mlb\/pourquoi-les-mets-nont-toujours-pas-re-signe-jose-iglesias\/#primaryimage"},"image":{"@id":"https:\/\/theplayoffs.news\/fr\/actualite-mlb\/pourquoi-les-mets-nont-toujours-pas-re-signe-jose-iglesias\/#primaryimage"},"thumbnailUrl":"https:\/\/theplayoffs.news\/fr\/wp-content\/uploads\/2025\/02\/USATSI_24507083.jpg","datePublished":"2025-02-18T20:08:51+00:00","dateModified":"2025-02-22T12:18:51+00:00","author":{"@id":"https:\/\/theplayoffs.news\/fr\/#\/schema\/person\/51111e94bd2107e63692a0742e68cc78"},"description":"L\\'incompr\u00e9hension se fait sentir face \u00e0 l\\'absence de re-signature de Jos\u00e9 Iglesias, malgr\u00e9 son impact d\u00e9terminant pour les Mets en 2024.","breadcrumb":{"@id":"https:\/\/theplayoffs.news\/fr\/actualite-mlb\/pourquoi-les-mets-nont-toujours-pas-re-signe-jose-iglesias\/#breadcrumb"},"inLanguage":"fr-FR","potentialAction":[{"@type":"ReadAction","target":["https:\/\/theplayoffs.news\/fr\/actualite-mlb\/pourquoi-les-mets-nont-toujours-pas-re-signe-jose-iglesias\/"]}]},{"@type":"ImageObject","inLanguage":"fr-FR","@id":"https:\/\/theplayoffs.news\/fr\/actualite-mlb\/pourquoi-les-mets-nont-toujours-pas-re-signe-jose-iglesias\/#primaryimage","url":"https:\/\/theplayoffs.news\/fr\/wp-content\/uploads\/2025\/02\/USATSI_24507083.jpg","contentUrl":"https:\/\/theplayoffs.news\/fr\/wp-content\/uploads\/2025\/02\/USATSI_24507083.jpg","width":1920,"height":1280,"caption":"Oct 16, 2024; New York City, New York, USA; New York Mets second base Jose Iglesias (11) reacts during players introductions before game three of the NLCS for the 2024 MLB playoffs at Citi Field. Mandatory Credit: Brad Penner-Imagn Images"},{"@type":"BreadcrumbList","@id":"https:\/\/theplayoffs.news\/fr\/actualite-mlb\/pourquoi-les-mets-nont-toujours-pas-re-signe-jose-iglesias\/#breadcrumb","itemListElement":[{"@type":"ListItem","position":1,"name":"Accueil","item":"https:\/\/theplayoffs.news\/fr\/"},{"@type":"ListItem","position":2,"name":"Pourquoi les Mets n&rsquo;ont toujours pas re-sign\u00e9 Jos\u00e9 Iglesias ?"}]},{"@type":"WebSite","@id":"https:\/\/theplayoffs.news\/fr\/#website","url":"https:\/\/theplayoffs.news\/fr\/","name":"The Playoffs FR","description":"NBA-NFL-NHL-MLB","potentialAction":[{"@type":"SearchAction","target":{"@type":"EntryPoint","urlTemplate":"https:\/\/theplayoffs.news\/fr\/?s={search_term_string}"},"query-input":{"@type":"PropertyValueSpecification","valueRequired":true,"valueName":"search_term_string"}}],"inLanguage":"fr-FR"},{"@type":"Person","@id":"https:\/\/theplayoffs.news\/fr\/#\/schema\/person\/51111e94bd2107e63692a0742e68cc78","name":"Julien Farsy","image":{"@type":"ImageObject","inLanguage":"fr-FR","@id":"https:\/\/theplayoffs.news\/fr\/#\/schema\/person\/image\/","url":"https:\/\/secure.gravatar.com\/avatar\/459de1b1e59a6aa6e6b85ed839ee05e1569259e61fffdb66f3dd7c975117592c?s=96&d=mm&r=g","contentUrl":"https:\/\/secure.gravatar.com\/avatar\/459de1b1e59a6aa6e6b85ed839ee05e1569259e61fffdb66f3dd7c975117592c?s=96&d=mm&r=g","caption":"Julien Farsy"},"description":"R\u00e9dacteur et podcast MLB principalement, un peu de NBA et un peu de NFL aussi. Kin\u00e9 de m\u00e9tier, ancien joueur de l\\'\u00e9quipe de France de Flag Football et de Football Americain. J\\'ai grandi berc\u00e9 par les sports US et la culture US. J\\'adore d\u00e9battre et analyser le sport. J\\'\u00e9tais un jour \\\"free agent\\\" et j\\'ai eu l\\'opportunit\u00e9 avec The Playoffs de partager mon analyse, je m\\'eclate.","sameAs":["https:\/\/www.instagram.com\/thefrenchdugout\/","https:\/\/x.com\/thefrenchdugout"],"url":"https:\/\/theplayoffs.news\/fr\/author\/julien-farsyyahoo-fr\/"}]}},"_links":{"self":[{"href":"https:\/\/theplayoffs.news\/fr\/wp-json\/wp\/v2\/posts\/1480105","targetHints":{"allow":["GET"]}}],"collection":[{"href":"https:\/\/theplayoffs.news\/fr\/wp-json\/wp\/v2\/posts"}],"about":[{"href":"https:\/\/theplayoffs.news\/fr\/wp-json\/wp\/v2\/types\/post"}],"author":[{"embeddable":true,"href":"https:\/\/theplayoffs.news\/fr\/wp-json\/wp\/v2\/users\/180310249"}],"replies":[{"embeddable":true,"href":"https:\/\/theplayoffs.news\/fr\/wp-json\/wp\/v2\/comments?post=1480105"}],"version-history":[{"count":6,"href":"https:\/\/theplayoffs.news\/fr\/wp-json\/wp\/v2\/posts\/1480105\/revisions"}],"predecessor-version":[{"id":1480160,"href":"https:\/\/theplayoffs.news\/fr\/wp-json\/wp\/v2\/posts\/1480105\/revisions\/1480160"}],"wp:featuredmedia":[{"embeddable":true,"href":"https:\/\/theplayoffs.news\/fr\/wp-json\/wp\/v2\/media\/1480119"}],"wp:attachment":[{"href":"https:\/\/theplayoffs.news\/fr\/wp-json\/wp\/v2\/media?parent=1480105"}],"wp:term":[{"taxonomy":"category","embeddable":true,"href":"https:\/\/theplayoffs.news\/fr\/wp-json\/wp\/v2\/categories?post=1480105"},{"taxonomy":"post_tag","embeddable":true,"href":"https:\/\/theplayoffs.news\/fr\/wp-json\/wp\/v2\/tags?post=1480105"},{"taxonomy":"sport","embeddable":true,"href":"https:\/\/theplayoffs.news\/fr\/wp-json\/wp\/v2\/sport?post=1480105"},{"taxonomy":"saison","embeddable":true,"href":"https:\/\/theplayoffs.news\/fr\/wp-json\/wp\/v2\/saison?post=1480105"}],"curies":[{"name":"wp","href":"https:\/\/api.w.org\/{rel}","templated":true}]}}