{"id":1479888,"date":"2025-02-18T16:38:00","date_gmt":"2025-02-18T15:38:00","guid":{"rendered":"https:\/\/theplayoffs.news\/fr\/uncategorized\/\/"},"modified":"2025-02-18T16:38:09","modified_gmt":"2025-02-18T15:38:09","slug":"la-fin-de-jaire-alexander-avec-les-packers","status":"publish","type":"post","link":"https:\/\/theplayoffs.news\/fr\/actualite-nfl\/la-fin-de-jaire-alexander-avec-les-packers\/","title":{"rendered":"La fin de Jaire Alexander avec les Packers ?"},"content":{"rendered":"<p>Jaire Alexander, l&rsquo;un des cornerbacks stars de la ligue pourrait trouver un nouveau refuge durant l&rsquo;intersaison. Jaire Alexander, actuellement chez les Packers, dispose d&rsquo;un contrat allant jusqu&rsquo;&agrave; la fin de la saison 2025 avec Green Bay. Cependant, celui-ci ne semble pas se diriger vers un retour logique avec l&rsquo;&eacute;quipe l&rsquo;ayant draft&eacute; en 2018.<\/p><p>Selon <a href=\"https:\/\/www.nbcsports.com\/nfl\/profootballtalk\/rumor-mill\/news\/report-strong-indications-jaire-alexander-is-done-with-packers\" class=\"trk-cta-link\" data-cta-trk='{\"ctaType\":\"Link\",\"ctaSubType\":\"main\"}'>ESPN<\/a>, de &laquo;&nbsp;fortes indications&nbsp;&raquo; laisseraient entendre que le cornerback de 28 ans ait jou&eacute; son dernier snap avec la franchise mythique du Wisconsin. La raison principale de cette s&eacute;paration est l&rsquo;indisponibilit&eacute; du joueur qui se blesse trop souvent, lui qui est forc&eacute;ment un &eacute;l&eacute;ment crucial de cette d&eacute;fense des Packers.<\/p><p>Au cours des deux derni&egrave;res saisons, c&rsquo;est seulement 14 matchs qu&rsquo;a jou&eacute; Jaire Alexander sous le maillot de Green Bay, soit m&ecirc;me pas la moiti&eacute;. Une indisponibilit&eacute; aussi forte du joueur d&eacute;fensif de Green Bay a pouss&eacute; le manager g&eacute;n&eacute;ral, Brian Gutekunst, de passer &agrave; autre chose apr&egrave;s plusieurs saisons de frustration.<\/p><figure class=\"wp-block-image size-large\"><img loading=\"lazy\" decoding=\"async\" width=\"1200\" height=\"800\" src=\"https:\/\/theplayoffs.news\/fr\/wp-content\/uploads\/2025\/02\/USATSI_24500097-1200x800.jpg\" alt=\"\" class=\"wp-image-1479904\" srcset=\"https:\/\/theplayoffs.news\/fr\/wp-content\/uploads\/2025\/02\/USATSI_24500097-1200x800.jpg 1200w, https:\/\/theplayoffs.news\/fr\/wp-content\/uploads\/2025\/02\/USATSI_24500097-600x400.jpg 600w, https:\/\/theplayoffs.news\/fr\/wp-content\/uploads\/2025\/02\/USATSI_24500097-768x512.jpg 768w, https:\/\/theplayoffs.news\/fr\/wp-content\/uploads\/2025\/02\/USATSI_24500097-1536x1024.jpg 1536w, https:\/\/theplayoffs.news\/fr\/wp-content\/uploads\/2025\/02\/USATSI_24500097-1320x880.jpg 1320w, https:\/\/theplayoffs.news\/fr\/wp-content\/uploads\/2025\/02\/USATSI_24500097.jpg 1920w\" sizes=\"auto, (max-width: 1200px) 100vw, 1200px\" \/><figcaption class=\"wp-element-caption\">Cr&eacute;dit: Jeff Hanisch-Imagn Images<\/figcaption><\/figure><p>De plus, Jaire Alexander est gourmand quand au cap salarial, avec un contrat de presque 25 millions de dollars pour la saison 2025. Le front office des Packers pourrait faire un gros coup pour le cap salarial en lib&eacute;rant son joueur, vu qu&rsquo;on parle ici de plus de 6.8 millions de dollars, ainsi que de 17 millions apr&egrave;s le 1er juin, ce qui est loin d&rsquo;&ecirc;tre n&eacute;gligeable pour remplacer celui-ci et d&rsquo;entourer au mieux <a href=\"https:\/\/theplayoffs.news\/fr\/actualite-nfl\/jordan-love-devrait-debuter-face-aux-lions\/\" class=\"trk-cta-link\" data-cta-trk='{\"ctaType\":\"Link\",\"ctaSubType\":\"main\"}'>Jordan Love<\/a> la saison prochaine.  <\/p><p>Quoi qu&rsquo;il en soit, il est fort probable que le double pro bowler se retrouve sous de nouvelles couleurs la saison prochaine.<\/p><p><\/p><p>Cr&eacute;dit photo : Mark Hoffman &ndash; USA Today<\/p>\n","protected":false},"excerpt":{"rendered":"<p>Malgr\u00e9 un contrat avec Green Bay pour 2025, Jaire Alexander semble en avoir termin\u00e9 de son exp\u00e9rience avec les Packers.<\/p>\n","protected":false},"author":180310178,"featured_media":1479903,"comment_status":"closed","ping_status":"closed","sticky":false,"template":"","format":"standard","meta":{"inline_featured_image":false,"kia_subtitle":"Malgr\u00e9 un contrat avec Green Bay pour 2025, Jaire Alexander semble en avoir termin\u00e9 de son exp\u00e9rience avec les Packers.","_mux_skip_reasons":[],"proofreadBy":0,"footnotes":""},"categories":[118,40],"tags":[908,2883,79],"sport":[2785],"saison":[],"class_list":["post-1479888","post","type-post","status-publish","format-standard","has-post-thumbnail","hentry","category-actualite-nfl","category-nfl","tag-green-bay-packers","tag-jaire-alexander","tag-nfl","sport-nfl"],"acf":[],"yoast_head":"<!-- This site is optimized with the Yoast SEO plugin v24.2 - https:\/\/yoast.com\/wordpress\/plugins\/seo\/ -->\n<title>La fin de Jaire Alexander avec les Packers ? - The Playoffs FR<\/title>\n<meta name=\"robots\" content=\"index, follow, max-snippet:-1, max-image-preview:large, max-video-preview:-1\" \/>\n<link rel=\"canonical\" href=\"https:\/\/theplayoffs.news\/fr\/actualite-nfl\/la-fin-de-jaire-alexander-avec-les-packers\/\" \/>\n<meta property=\"og:locale\" content=\"fr_FR\" \/>\n<meta property=\"og:type\" content=\"article\" \/>\n<meta property=\"og:title\" content=\"La fin de Jaire Alexander avec les Packers ? - The Playoffs FR\" \/>\n<meta property=\"og:description\" content=\"Malgr&eacute; un contrat avec Green Bay pour 2025, Jaire Alexander semble en avoir termin&eacute; de son exp&eacute;rience avec les Packers.\" \/>\n<meta property=\"og:url\" content=\"https:\/\/theplayoffs.news\/fr\/actualite-nfl\/la-fin-de-jaire-alexander-avec-les-packers\/\" \/>\n<meta property=\"og:site_name\" content=\"The Playoffs FR\" \/>\n<meta property=\"article:publisher\" content=\"https:\/\/www.facebook.com\/TheFreeAgentFR\/\" \/>\n<meta property=\"article:modified_time\" content=\"2025-02-18T16:38:09+01:00\" \/>\n<meta property=\"og:image\" content=\"https:\/\/theplayoffs.news\/fr\/wp-content\/uploads\/2025\/02\/USATSI_25069531.jpg\" \/>\n\t<meta property=\"og:image:width\" content=\"1920\" \/>\n\t<meta property=\"og:image:height\" content=\"1280\" \/>\n\t<meta property=\"og:image:type\" content=\"image\/jpeg\" \/>\n<meta name=\"author\" content=\"Arthur Berlemont\" \/>\n<meta name=\"twitter:card\" content=\"summary_large_image\" \/>\n<meta name=\"twitter:creator\" content=\"@TheFreeAgentFR\" \/>\n<meta name=\"twitter:site\" content=\"@TheFreeAgentFR\" \/>\n<meta name=\"twitter:label1\" content=\"\u00c9crit par\" \/>\n\t<meta name=\"twitter:data1\" content=\"Arthur Berlemont\" \/>\n\t<meta name=\"twitter:label2\" content=\"Dur\u00e9e de lecture estim\u00e9e\" \/>\n\t<meta name=\"twitter:data2\" content=\"2 minutes\" \/>\n<script type=\"application\/ld+json\" class=\"yoast-schema-graph\">{\"@context\":\"https:\/\/schema.org\",\"@graph\":[{\"@type\":\"WebPage\",\"@id\":\"https:\/\/theplayoffs.news\/fr\/actualite-nfl\/la-fin-de-jaire-alexander-avec-les-packers\/\",\"url\":\"https:\/\/theplayoffs.news\/fr\/actualite-nfl\/la-fin-de-jaire-alexander-avec-les-packers\/\",\"name\":\"La fin de Jaire Alexander avec les Packers ? - The Playoffs FR\",\"isPartOf\":{\"@id\":\"https:\/\/theplayoffs.news\/fr\/#website\"},\"primaryImageOfPage\":{\"@id\":\"https:\/\/theplayoffs.news\/fr\/actualite-nfl\/la-fin-de-jaire-alexander-avec-les-packers\/#primaryimage\"},\"image\":{\"@id\":\"https:\/\/theplayoffs.news\/fr\/actualite-nfl\/la-fin-de-jaire-alexander-avec-les-packers\/#primaryimage\"},\"thumbnailUrl\":\"https:\/\/theplayoffs.news\/fr\/wp-content\/uploads\/2025\/02\/USATSI_25069531.jpg\",\"datePublished\":\"2025-02-18T15:38:00+00:00\",\"dateModified\":\"2025-02-18T15:38:09+00:00\",\"author\":{\"@id\":\"https:\/\/theplayoffs.news\/fr\/#\/schema\/person\/b6b04a451dab03a5ab75cec8912e8942\"},\"breadcrumb\":{\"@id\":\"https:\/\/theplayoffs.news\/fr\/actualite-nfl\/la-fin-de-jaire-alexander-avec-les-packers\/#breadcrumb\"},\"inLanguage\":\"fr-FR\",\"potentialAction\":[{\"@type\":\"ReadAction\",\"target\":[\"https:\/\/theplayoffs.news\/fr\/actualite-nfl\/la-fin-de-jaire-alexander-avec-les-packers\/\"]}]},{\"@type\":\"ImageObject\",\"inLanguage\":\"fr-FR\",\"@id\":\"https:\/\/theplayoffs.news\/fr\/actualite-nfl\/la-fin-de-jaire-alexander-avec-les-packers\/#primaryimage\",\"url\":\"https:\/\/theplayoffs.news\/fr\/wp-content\/uploads\/2025\/02\/USATSI_25069531.jpg\",\"contentUrl\":\"https:\/\/theplayoffs.news\/fr\/wp-content\/uploads\/2025\/02\/USATSI_25069531.jpg\",\"width\":1920,\"height\":1280,\"caption\":\"Green Bay Packers cornerback Jaire Alexander (23) reacts after intercepting a pass during the first quarter of the wild card playoff game against the Dallas Cowboys Sunday, January 14, 2024 at AT&amp;T Stadium in Arlington, Texas.\"},{\"@type\":\"BreadcrumbList\",\"@id\":\"https:\/\/theplayoffs.news\/fr\/actualite-nfl\/la-fin-de-jaire-alexander-avec-les-packers\/#breadcrumb\",\"itemListElement\":[{\"@type\":\"ListItem\",\"position\":1,\"name\":\"Accueil\",\"item\":\"https:\/\/theplayoffs.news\/fr\/\"},{\"@type\":\"ListItem\",\"position\":2,\"name\":\"La fin de Jaire Alexander avec les Packers ?\"}]},{\"@type\":\"WebSite\",\"@id\":\"https:\/\/theplayoffs.news\/fr\/#website\",\"url\":\"https:\/\/theplayoffs.news\/fr\/\",\"name\":\"The Playoffs FR\",\"description\":\"NBA-NFL-NHL-MLB\",\"potentialAction\":[{\"@type\":\"SearchAction\",\"target\":{\"@type\":\"EntryPoint\",\"urlTemplate\":\"https:\/\/theplayoffs.news\/fr\/?s={search_term_string}\"},\"query-input\":{\"@type\":\"PropertyValueSpecification\",\"valueRequired\":true,\"valueName\":\"search_term_string\"}}],\"inLanguage\":\"fr-FR\"},{\"@type\":\"Person\",\"@id\":\"https:\/\/theplayoffs.news\/fr\/#\/schema\/person\/b6b04a451dab03a5ab75cec8912e8942\",\"name\":\"Arthur Berlemont\",\"image\":{\"@type\":\"ImageObject\",\"inLanguage\":\"fr-FR\",\"@id\":\"https:\/\/theplayoffs.news\/fr\/#\/schema\/person\/image\/\",\"url\":\"https:\/\/secure.gravatar.com\/avatar\/19ddab1d62ab0a19b186b86cee130432b120dd6f085625a6a6757dd1aa90a5f3?s=96&d=mm&r=g\",\"contentUrl\":\"https:\/\/secure.gravatar.com\/avatar\/19ddab1d62ab0a19b186b86cee130432b120dd6f085625a6a6757dd1aa90a5f3?s=96&d=mm&r=g\",\"caption\":\"Arthur Berlemont\"},\"description\":\"Etudiant passionn\u00e9 de sport, avant tout m\u00e9caniques, j\\\\'ai d\u00e9couvert les sports US il y a quelques ann\u00e9es. J\\\\'ai tout de suite accroch\u00e9 pour la ville de Cincinnati et ses franchises de NFL et MLB. Aujourd\\\\'hui, je suis l\u00e0 par passion dans la r\u00e9daction d\\\\'articles sur divers sports que j\\\\'affectionne.\",\"url\":\"https:\/\/theplayoffs.news\/fr\/author\/arthur-berlemontgmail-com\/\"}]}<\/script>\n<!-- \/ Yoast SEO plugin. -->","yoast_head_json":{"title":"La fin de Jaire Alexander avec les Packers ? - The Playoffs FR","robots":{"index":"index","follow":"follow","max-snippet":"max-snippet:-1","max-image-preview":"max-image-preview:large","max-video-preview":"max-video-preview:-1"},"canonical":"https:\/\/theplayoffs.news\/fr\/actualite-nfl\/la-fin-de-jaire-alexander-avec-les-packers\/","og_locale":"fr_FR","og_type":"article","og_title":"La fin de Jaire Alexander avec les Packers ? - The Playoffs FR","og_description":"Malgr&eacute; un contrat avec Green Bay pour 2025, Jaire Alexander semble en avoir termin&eacute; de son exp&eacute;rience avec les Packers.","og_url":"https:\/\/theplayoffs.news\/fr\/actualite-nfl\/la-fin-de-jaire-alexander-avec-les-packers\/","og_site_name":"The Playoffs FR","article_publisher":"https:\/\/www.facebook.com\/TheFreeAgentFR\/","article_modified_time":"2025-02-18T15:38:09+00:00","og_image":[{"width":1920,"height":1280,"url":"https:\/\/theplayoffs.news\/fr\/wp-content\/uploads\/2025\/02\/USATSI_25069531.jpg","type":"image\/jpeg"}],"author":"Arthur Berlemont","twitter_card":"summary_large_image","twitter_creator":"@TheFreeAgentFR","twitter_site":"@TheFreeAgentFR","twitter_misc":{"\u00c9crit par":"Arthur Berlemont","Dur\u00e9e de lecture estim\u00e9e":"2 minutes"},"schema":{"@context":"https:\/\/schema.org","@graph":[{"@type":"WebPage","@id":"https:\/\/theplayoffs.news\/fr\/actualite-nfl\/la-fin-de-jaire-alexander-avec-les-packers\/","url":"https:\/\/theplayoffs.news\/fr\/actualite-nfl\/la-fin-de-jaire-alexander-avec-les-packers\/","name":"La fin de Jaire Alexander avec les Packers ? - The Playoffs FR","isPartOf":{"@id":"https:\/\/theplayoffs.news\/fr\/#website"},"primaryImageOfPage":{"@id":"https:\/\/theplayoffs.news\/fr\/actualite-nfl\/la-fin-de-jaire-alexander-avec-les-packers\/#primaryimage"},"image":{"@id":"https:\/\/theplayoffs.news\/fr\/actualite-nfl\/la-fin-de-jaire-alexander-avec-les-packers\/#primaryimage"},"thumbnailUrl":"https:\/\/theplayoffs.news\/fr\/wp-content\/uploads\/2025\/02\/USATSI_25069531.jpg","datePublished":"2025-02-18T15:38:00+00:00","dateModified":"2025-02-18T15:38:09+00:00","author":{"@id":"https:\/\/theplayoffs.news\/fr\/#\/schema\/person\/b6b04a451dab03a5ab75cec8912e8942"},"breadcrumb":{"@id":"https:\/\/theplayoffs.news\/fr\/actualite-nfl\/la-fin-de-jaire-alexander-avec-les-packers\/#breadcrumb"},"inLanguage":"fr-FR","potentialAction":[{"@type":"ReadAction","target":["https:\/\/theplayoffs.news\/fr\/actualite-nfl\/la-fin-de-jaire-alexander-avec-les-packers\/"]}]},{"@type":"ImageObject","inLanguage":"fr-FR","@id":"https:\/\/theplayoffs.news\/fr\/actualite-nfl\/la-fin-de-jaire-alexander-avec-les-packers\/#primaryimage","url":"https:\/\/theplayoffs.news\/fr\/wp-content\/uploads\/2025\/02\/USATSI_25069531.jpg","contentUrl":"https:\/\/theplayoffs.news\/fr\/wp-content\/uploads\/2025\/02\/USATSI_25069531.jpg","width":1920,"height":1280,"caption":"Green Bay Packers cornerback Jaire Alexander (23) reacts after intercepting a pass during the first quarter of the wild card playoff game against the Dallas Cowboys Sunday, January 14, 2024 at AT&amp;T Stadium in Arlington, Texas."},{"@type":"BreadcrumbList","@id":"https:\/\/theplayoffs.news\/fr\/actualite-nfl\/la-fin-de-jaire-alexander-avec-les-packers\/#breadcrumb","itemListElement":[{"@type":"ListItem","position":1,"name":"Accueil","item":"https:\/\/theplayoffs.news\/fr\/"},{"@type":"ListItem","position":2,"name":"La fin de Jaire Alexander avec les Packers ?"}]},{"@type":"WebSite","@id":"https:\/\/theplayoffs.news\/fr\/#website","url":"https:\/\/theplayoffs.news\/fr\/","name":"The Playoffs FR","description":"NBA-NFL-NHL-MLB","potentialAction":[{"@type":"SearchAction","target":{"@type":"EntryPoint","urlTemplate":"https:\/\/theplayoffs.news\/fr\/?s={search_term_string}"},"query-input":{"@type":"PropertyValueSpecification","valueRequired":true,"valueName":"search_term_string"}}],"inLanguage":"fr-FR"},{"@type":"Person","@id":"https:\/\/theplayoffs.news\/fr\/#\/schema\/person\/b6b04a451dab03a5ab75cec8912e8942","name":"Arthur Berlemont","image":{"@type":"ImageObject","inLanguage":"fr-FR","@id":"https:\/\/theplayoffs.news\/fr\/#\/schema\/person\/image\/","url":"https:\/\/secure.gravatar.com\/avatar\/19ddab1d62ab0a19b186b86cee130432b120dd6f085625a6a6757dd1aa90a5f3?s=96&d=mm&r=g","contentUrl":"https:\/\/secure.gravatar.com\/avatar\/19ddab1d62ab0a19b186b86cee130432b120dd6f085625a6a6757dd1aa90a5f3?s=96&d=mm&r=g","caption":"Arthur Berlemont"},"description":"Etudiant passionn\u00e9 de sport, avant tout m\u00e9caniques, j\\'ai d\u00e9couvert les sports US il y a quelques ann\u00e9es. J\\'ai tout de suite accroch\u00e9 pour la ville de Cincinnati et ses franchises de NFL et MLB. Aujourd\\'hui, je suis l\u00e0 par passion dans la r\u00e9daction d\\'articles sur divers sports que j\\'affectionne.","url":"https:\/\/theplayoffs.news\/fr\/author\/arthur-berlemontgmail-com\/"}]}},"_links":{"self":[{"href":"https:\/\/theplayoffs.news\/fr\/wp-json\/wp\/v2\/posts\/1479888","targetHints":{"allow":["GET"]}}],"collection":[{"href":"https:\/\/theplayoffs.news\/fr\/wp-json\/wp\/v2\/posts"}],"about":[{"href":"https:\/\/theplayoffs.news\/fr\/wp-json\/wp\/v2\/types\/post"}],"author":[{"embeddable":true,"href":"https:\/\/theplayoffs.news\/fr\/wp-json\/wp\/v2\/users\/180310178"}],"replies":[{"embeddable":true,"href":"https:\/\/theplayoffs.news\/fr\/wp-json\/wp\/v2\/comments?post=1479888"}],"version-history":[{"count":1,"href":"https:\/\/theplayoffs.news\/fr\/wp-json\/wp\/v2\/posts\/1479888\/revisions"}],"predecessor-version":[{"id":1479910,"href":"https:\/\/theplayoffs.news\/fr\/wp-json\/wp\/v2\/posts\/1479888\/revisions\/1479910"}],"wp:featuredmedia":[{"embeddable":true,"href":"https:\/\/theplayoffs.news\/fr\/wp-json\/wp\/v2\/media\/1479903"}],"wp:attachment":[{"href":"https:\/\/theplayoffs.news\/fr\/wp-json\/wp\/v2\/media?parent=1479888"}],"wp:term":[{"taxonomy":"category","embeddable":true,"href":"https:\/\/theplayoffs.news\/fr\/wp-json\/wp\/v2\/categories?post=1479888"},{"taxonomy":"post_tag","embeddable":true,"href":"https:\/\/theplayoffs.news\/fr\/wp-json\/wp\/v2\/tags?post=1479888"},{"taxonomy":"sport","embeddable":true,"href":"https:\/\/theplayoffs.news\/fr\/wp-json\/wp\/v2\/sport?post=1479888"},{"taxonomy":"saison","embeddable":true,"href":"https:\/\/theplayoffs.news\/fr\/wp-json\/wp\/v2\/saison?post=1479888"}],"curies":[{"name":"wp","href":"https:\/\/api.w.org\/{rel}","templated":true}]}}