{"id":1479663,"date":"2025-02-18T12:10:00","date_gmt":"2025-02-18T11:10:00","guid":{"rendered":"https:\/\/theplayoffs.news\/fr\/uncategorized\/\/"},"modified":"2025-02-18T11:25:00","modified_gmt":"2025-02-18T10:25:00","slug":"cam-ward-si-vous-ne-me-draftez-pas-je-vais-vous-le-faire-regretter","status":"publish","type":"post","link":"https:\/\/theplayoffs.news\/fr\/actualite-nfl\/cam-ward-si-vous-ne-me-draftez-pas-je-vais-vous-le-faire-regretter\/","title":{"rendered":"Cam Ward: &lsquo;Si vous ne me draftez pas, je vais vous le faire regretter&rsquo;"},"content":{"rendered":"<p>Au fil des semaines, Cam Ward s&rsquo;est impos&eacute; de plus en plus comme le favori pour &ecirc;tre choisi comme le premier choix de la draft NFL 2025. L&rsquo;ancien quarterback de l&rsquo;universit&eacute; de Miami semble aujourd&rsquo;hui mieux plac&eacute; que Shedeur Sanders pour &ecirc;tre le premier quarterback s&eacute;lectionn&eacute; et pourrait m&ecirc;me &ecirc;tre le tout premier choix <a href=\"https:\/\/theplayoffs.news\/fr\/actualite-nfl\/draft-nfl-2025-les-tennessee-titans-pourraient-avoir-dautres-plans-pour-leur-premier-choix\/\" class=\"trk-cta-link\" data-cta-trk='{\"ctaType\":\"Link\",\"ctaSubType\":\"main\"}'>si les Titans (ou une autre &eacute;quipe)<\/a> le d&eacute;cide. En tout &eacute;tat de cause, Ward avertit les &eacute;quipes de NFL qui feraient le choix de ne pas le s&eacute;lectionner: elles le regretteront un jour ou l&rsquo;autre!<\/p><p>&laquo;&nbsp;Le choix est simple: soit vous me s&eacute;lectionnez soit vous ne le fa&icirc;tes pas&nbsp;&raquo; a <a href=\"https:\/\/www.nbcsports.com\/nfl\/profootballtalk\/rumor-mill\/news\/cam-ward-if-you-dont-draft-me-thats-your-fault-and-ill-remember-that\" class=\"trk-cta-link\" data-cta-trk='{\"ctaType\":\"Link\",\"ctaSubType\":\"main\"}'>confi&eacute; Cam Ward &agrave; l&rsquo;Associated Press<\/a>. &laquo;&nbsp;Si vous ne me draftez pas, c&rsquo;est uniquement de votre faute. L&rsquo;&eacute;quipe qui ne m&rsquo;a pas draft&eacute; devra jouer contre moi pendant toute ma carri&egrave;re. Et je leur ferais regretter leur choix!&nbsp;&raquo;<\/p><p>Pour convaincre les franchises NFL lors du Combine qui se d&eacute;roulera &agrave; la fin du mois de f&eacute;vrier &agrave; Indianapolis, Cam Ward poss&egrave;de plusieurs armes. La menace en est visiblement une. Mais le jeune quarterback veut aussi prouver aux franchises NFL qu&rsquo;il peut avoir un impact imm&eacute;diat sur une franchise comme Jayden Daniels avec les Commanders lors de la saison 2024. <\/p><p>Reste maintenant &agrave; savoir si les franchises NFL seront r&eacute;ceptives au discours de l&rsquo;ancien quarterback de Miami. La r&eacute;ponse aura lieu le 24 avril lors de la draft NFL 2025! Et si Cam Ward n&rsquo;est pas choisi en premier, les cons&eacute;quences pour la franchise qui l&rsquo;aura laiss&eacute; filer pourrait &ecirc;tre terribles&hellip; ou pas. L&rsquo;avenir nous le dira!<\/p><p>Cr&eacute;dit photo: &copy; Nathan Ray Seebeck-Imagn Images<\/p>\n","protected":false},"excerpt":{"rendered":"<p>NFL &#8211; Le quarterback de l&rsquo;universit\u00e9 de Miami, Cam Ward, veut prouver sa valeur aux franchises NFL<\/p>\n","protected":false},"author":180309964,"featured_media":1479664,"comment_status":"closed","ping_status":"closed","sticky":false,"template":"","format":"standard","meta":{"inline_featured_image":false,"kia_subtitle":"NFL - Le quarterback de l'universit\u00e9 de Miami, Cam Ward, veut prouver sa valeur aux franchises NFL","_mux_skip_reasons":[],"proofreadBy":0,"footnotes":""},"categories":[118,40],"tags":[8076,746],"sport":[2785],"saison":[7475],"class_list":["post-1479663","post","type-post","status-publish","format-standard","has-post-thumbnail","hentry","category-actualite-nfl","category-nfl","tag-cam-ward","tag-draft-nfl","sport-nfl","saison-7475"],"acf":[],"yoast_head":"<!-- This site is optimized with the Yoast SEO plugin v24.2 - https:\/\/yoast.com\/wordpress\/plugins\/seo\/ -->\n<title>Cam Ward: &#039;Si vous ne me draftez pas, je vais vous le faire regretter&#039; - The Playoffs FR<\/title>\n<meta name=\"description\" content=\"Au fil des semaines, Cam Ward s&#039;est impos&eacute; de plus en plus comme le favori pour &ecirc;tre choisi comme le premier choix de la draft NFL 2025...\" \/>\n<meta name=\"robots\" content=\"index, follow, max-snippet:-1, max-image-preview:large, max-video-preview:-1\" \/>\n<link rel=\"canonical\" href=\"https:\/\/theplayoffs.news\/fr\/actualite-nfl\/cam-ward-si-vous-ne-me-draftez-pas-je-vais-vous-le-faire-regretter\/\" \/>\n<meta property=\"og:locale\" content=\"fr_FR\" \/>\n<meta property=\"og:type\" content=\"article\" \/>\n<meta property=\"og:title\" content=\"Cam Ward: &#039;Si vous ne me draftez pas, je vais vous le faire regretter&#039; - The Playoffs FR\" \/>\n<meta property=\"og:description\" content=\"Au fil des semaines, Cam Ward s&#039;est impos&eacute; de plus en plus comme le favori pour &ecirc;tre choisi comme le premier choix de la draft NFL 2025...\" \/>\n<meta property=\"og:url\" content=\"https:\/\/theplayoffs.news\/fr\/actualite-nfl\/cam-ward-si-vous-ne-me-draftez-pas-je-vais-vous-le-faire-regretter\/\" \/>\n<meta property=\"og:site_name\" content=\"The Playoffs FR\" \/>\n<meta property=\"article:publisher\" content=\"https:\/\/www.facebook.com\/TheFreeAgentFR\/\" \/>\n<meta property=\"article:modified_time\" content=\"2025-02-18T12:10:00+01:00\" \/>\n<meta property=\"og:image\" content=\"https:\/\/theplayoffs.news\/fr\/wp-content\/uploads\/2025\/02\/USATSI_25074701.jpg\" \/>\n\t<meta property=\"og:image:width\" content=\"1920\" \/>\n\t<meta property=\"og:image:height\" content=\"1280\" \/>\n\t<meta property=\"og:image:type\" content=\"image\/jpeg\" \/>\n<meta name=\"author\" content=\"Flavien Jumeau\" \/>\n<meta name=\"twitter:card\" content=\"summary_large_image\" \/>\n<meta name=\"twitter:creator\" content=\"@TheFreeAgentFR\" \/>\n<meta name=\"twitter:site\" content=\"@TheFreeAgentFR\" \/>\n<meta name=\"twitter:label1\" content=\"\u00c9crit par\" \/>\n\t<meta name=\"twitter:data1\" content=\"Flavien Jumeau\" \/>\n\t<meta name=\"twitter:label2\" content=\"Dur\u00e9e de lecture estim\u00e9e\" \/>\n\t<meta name=\"twitter:data2\" content=\"2 minutes\" \/>\n<script type=\"application\/ld+json\" class=\"yoast-schema-graph\">{\"@context\":\"https:\/\/schema.org\",\"@graph\":[{\"@type\":\"WebPage\",\"@id\":\"https:\/\/theplayoffs.news\/fr\/actualite-nfl\/cam-ward-si-vous-ne-me-draftez-pas-je-vais-vous-le-faire-regretter\/\",\"url\":\"https:\/\/theplayoffs.news\/fr\/actualite-nfl\/cam-ward-si-vous-ne-me-draftez-pas-je-vais-vous-le-faire-regretter\/\",\"name\":\"Cam Ward: \\\\'Si vous ne me draftez pas, je vais vous le faire regretter\\\\' - The Playoffs FR\",\"isPartOf\":{\"@id\":\"https:\/\/theplayoffs.news\/fr\/#website\"},\"primaryImageOfPage\":{\"@id\":\"https:\/\/theplayoffs.news\/fr\/actualite-nfl\/cam-ward-si-vous-ne-me-draftez-pas-je-vais-vous-le-faire-regretter\/#primaryimage\"},\"image\":{\"@id\":\"https:\/\/theplayoffs.news\/fr\/actualite-nfl\/cam-ward-si-vous-ne-me-draftez-pas-je-vais-vous-le-faire-regretter\/#primaryimage\"},\"thumbnailUrl\":\"https:\/\/theplayoffs.news\/fr\/wp-content\/uploads\/2025\/02\/USATSI_25074701.jpg\",\"datePublished\":\"2025-02-18T11:10:00+00:00\",\"dateModified\":\"2025-02-18T12:10:00+01:00\",\"author\":{\"@id\":\"https:\/\/theplayoffs.news\/fr\/#\/schema\/person\/def63bc6746dc5957469b75feb99e66d\"},\"description\":\"Au fil des semaines, Cam Ward s\\\\'est impos\u00e9 de plus en plus comme le favori pour \u00eatre choisi comme le premier choix de la draft NFL 2025...\",\"breadcrumb\":{\"@id\":\"https:\/\/theplayoffs.news\/fr\/actualite-nfl\/cam-ward-si-vous-ne-me-draftez-pas-je-vais-vous-le-faire-regretter\/#breadcrumb\"},\"inLanguage\":\"fr-FR\",\"potentialAction\":[{\"@type\":\"ReadAction\",\"target\":[\"https:\/\/theplayoffs.news\/fr\/actualite-nfl\/cam-ward-si-vous-ne-me-draftez-pas-je-vais-vous-le-faire-regretter\/\"]}]},{\"@type\":\"ImageObject\",\"inLanguage\":\"fr-FR\",\"@id\":\"https:\/\/theplayoffs.news\/fr\/actualite-nfl\/cam-ward-si-vous-ne-me-draftez-pas-je-vais-vous-le-faire-regretter\/#primaryimage\",\"url\":\"https:\/\/theplayoffs.news\/fr\/wp-content\/uploads\/2025\/02\/USATSI_25074701.jpg\",\"contentUrl\":\"https:\/\/theplayoffs.news\/fr\/wp-content\/uploads\/2025\/02\/USATSI_25074701.jpg\",\"width\":1920,\"height\":1280,\"caption\":\"Dec 28, 2024; Orlando, FL, USA; Miami Hurricanes quarterback Cam Ward (1) drops back to pass against the Iowa State Cyclones in the first quarter during the Pop Tarts bowl at Camping World Stadium. Mandatory Credit: Nathan Ray Seebeck-Imagn Images\"},{\"@type\":\"BreadcrumbList\",\"@id\":\"https:\/\/theplayoffs.news\/fr\/actualite-nfl\/cam-ward-si-vous-ne-me-draftez-pas-je-vais-vous-le-faire-regretter\/#breadcrumb\",\"itemListElement\":[{\"@type\":\"ListItem\",\"position\":1,\"name\":\"Accueil\",\"item\":\"https:\/\/theplayoffs.news\/fr\/\"},{\"@type\":\"ListItem\",\"position\":2,\"name\":\"Cam Ward: &lsquo;Si vous ne me draftez pas, je vais vous le faire regretter&rsquo;\"}]},{\"@type\":\"WebSite\",\"@id\":\"https:\/\/theplayoffs.news\/fr\/#website\",\"url\":\"https:\/\/theplayoffs.news\/fr\/\",\"name\":\"The Playoffs FR\",\"description\":\"NBA-NFL-NHL-MLB\",\"potentialAction\":[{\"@type\":\"SearchAction\",\"target\":{\"@type\":\"EntryPoint\",\"urlTemplate\":\"https:\/\/theplayoffs.news\/fr\/?s={search_term_string}\"},\"query-input\":{\"@type\":\"PropertyValueSpecification\",\"valueRequired\":true,\"valueName\":\"search_term_string\"}}],\"inLanguage\":\"fr-FR\"},{\"@type\":\"Person\",\"@id\":\"https:\/\/theplayoffs.news\/fr\/#\/schema\/person\/def63bc6746dc5957469b75feb99e66d\",\"name\":\"Flavien Jumeau\",\"image\":{\"@type\":\"ImageObject\",\"inLanguage\":\"fr-FR\",\"@id\":\"https:\/\/theplayoffs.news\/fr\/#\/schema\/person\/image\/\",\"url\":\"https:\/\/secure.gravatar.com\/avatar\/e7fa8ba5a4b7e4ce35fe152f083f352db28ad0acce692004ed88a7a7d78893f7?s=96&d=mm&r=g\",\"contentUrl\":\"https:\/\/secure.gravatar.com\/avatar\/e7fa8ba5a4b7e4ce35fe152f083f352db28ad0acce692004ed88a7a7d78893f7?s=96&d=mm&r=g\",\"caption\":\"Flavien Jumeau\"},\"description\":\"Amoureux du sport (et de vraiment tous les sports) depuis mon plus jeune \u00e2ge, j\u2019ai longtemps h\u00e9site entre le snooker et le curling. Finalement c\u2019est le foot US que j\u2019ai d\u00e9cid\u00e9 de choisir! Responsable foot US sur TPO et animateur du podcast Tailgate j\u2019ai pour mission de vous faire d\u00e9couvrir ce sport passionnant si ce n\u2019est pas encore fait et de vous donner les derni\u00e8res actus. Le tout dans la bonne humeur et avec toujours un jeu de mots ou deux savamment distill\u00e9s! Fan des Saints, pour moi Drew Brees est le vrai GOAT!\",\"url\":\"https:\/\/theplayoffs.news\/fr\/author\/flavien-jumeaugmail-com\/\"}]}<\/script>\n<!-- \/ Yoast SEO plugin. -->","yoast_head_json":{"title":"Cam Ward: &#039;Si vous ne me draftez pas, je vais vous le faire regretter&#039; - The Playoffs FR","description":"Au fil des semaines, Cam Ward s&#039;est impos&eacute; de plus en plus comme le favori pour &ecirc;tre choisi comme le premier choix de la draft NFL 2025...","robots":{"index":"index","follow":"follow","max-snippet":"max-snippet:-1","max-image-preview":"max-image-preview:large","max-video-preview":"max-video-preview:-1"},"canonical":"https:\/\/theplayoffs.news\/fr\/actualite-nfl\/cam-ward-si-vous-ne-me-draftez-pas-je-vais-vous-le-faire-regretter\/","og_locale":"fr_FR","og_type":"article","og_title":"Cam Ward: &#039;Si vous ne me draftez pas, je vais vous le faire regretter&#039; - The Playoffs FR","og_description":"Au fil des semaines, Cam Ward s&#039;est impos&eacute; de plus en plus comme le favori pour &ecirc;tre choisi comme le premier choix de la draft NFL 2025...","og_url":"https:\/\/theplayoffs.news\/fr\/actualite-nfl\/cam-ward-si-vous-ne-me-draftez-pas-je-vais-vous-le-faire-regretter\/","og_site_name":"The Playoffs FR","article_publisher":"https:\/\/www.facebook.com\/TheFreeAgentFR\/","article_modified_time":"2025-02-18T10:25:00+00:00","og_image":[{"width":1920,"height":1280,"url":"https:\/\/theplayoffs.news\/fr\/wp-content\/uploads\/2025\/02\/USATSI_25074701.jpg","type":"image\/jpeg"}],"author":"Flavien Jumeau","twitter_card":"summary_large_image","twitter_creator":"@TheFreeAgentFR","twitter_site":"@TheFreeAgentFR","twitter_misc":{"\u00c9crit par":"Flavien Jumeau","Dur\u00e9e de lecture estim\u00e9e":"2 minutes"},"schema":{"@context":"https:\/\/schema.org","@graph":[{"@type":"WebPage","@id":"https:\/\/theplayoffs.news\/fr\/actualite-nfl\/cam-ward-si-vous-ne-me-draftez-pas-je-vais-vous-le-faire-regretter\/","url":"https:\/\/theplayoffs.news\/fr\/actualite-nfl\/cam-ward-si-vous-ne-me-draftez-pas-je-vais-vous-le-faire-regretter\/","name":"Cam Ward: \\'Si vous ne me draftez pas, je vais vous le faire regretter\\' - The Playoffs FR","isPartOf":{"@id":"https:\/\/theplayoffs.news\/fr\/#website"},"primaryImageOfPage":{"@id":"https:\/\/theplayoffs.news\/fr\/actualite-nfl\/cam-ward-si-vous-ne-me-draftez-pas-je-vais-vous-le-faire-regretter\/#primaryimage"},"image":{"@id":"https:\/\/theplayoffs.news\/fr\/actualite-nfl\/cam-ward-si-vous-ne-me-draftez-pas-je-vais-vous-le-faire-regretter\/#primaryimage"},"thumbnailUrl":"https:\/\/theplayoffs.news\/fr\/wp-content\/uploads\/2025\/02\/USATSI_25074701.jpg","datePublished":"2025-02-18T11:10:00+00:00","dateModified":"2025-02-18T12:10:00+01:00","author":{"@id":"https:\/\/theplayoffs.news\/fr\/#\/schema\/person\/def63bc6746dc5957469b75feb99e66d"},"description":"Au fil des semaines, Cam Ward s\\'est impos\u00e9 de plus en plus comme le favori pour \u00eatre choisi comme le premier choix de la draft NFL 2025...","breadcrumb":{"@id":"https:\/\/theplayoffs.news\/fr\/actualite-nfl\/cam-ward-si-vous-ne-me-draftez-pas-je-vais-vous-le-faire-regretter\/#breadcrumb"},"inLanguage":"fr-FR","potentialAction":[{"@type":"ReadAction","target":["https:\/\/theplayoffs.news\/fr\/actualite-nfl\/cam-ward-si-vous-ne-me-draftez-pas-je-vais-vous-le-faire-regretter\/"]}]},{"@type":"ImageObject","inLanguage":"fr-FR","@id":"https:\/\/theplayoffs.news\/fr\/actualite-nfl\/cam-ward-si-vous-ne-me-draftez-pas-je-vais-vous-le-faire-regretter\/#primaryimage","url":"https:\/\/theplayoffs.news\/fr\/wp-content\/uploads\/2025\/02\/USATSI_25074701.jpg","contentUrl":"https:\/\/theplayoffs.news\/fr\/wp-content\/uploads\/2025\/02\/USATSI_25074701.jpg","width":1920,"height":1280,"caption":"Dec 28, 2024; Orlando, FL, USA; Miami Hurricanes quarterback Cam Ward (1) drops back to pass against the Iowa State Cyclones in the first quarter during the Pop Tarts bowl at Camping World Stadium. Mandatory Credit: Nathan Ray Seebeck-Imagn Images"},{"@type":"BreadcrumbList","@id":"https:\/\/theplayoffs.news\/fr\/actualite-nfl\/cam-ward-si-vous-ne-me-draftez-pas-je-vais-vous-le-faire-regretter\/#breadcrumb","itemListElement":[{"@type":"ListItem","position":1,"name":"Accueil","item":"https:\/\/theplayoffs.news\/fr\/"},{"@type":"ListItem","position":2,"name":"Cam Ward: &lsquo;Si vous ne me draftez pas, je vais vous le faire regretter&rsquo;"}]},{"@type":"WebSite","@id":"https:\/\/theplayoffs.news\/fr\/#website","url":"https:\/\/theplayoffs.news\/fr\/","name":"The Playoffs FR","description":"NBA-NFL-NHL-MLB","potentialAction":[{"@type":"SearchAction","target":{"@type":"EntryPoint","urlTemplate":"https:\/\/theplayoffs.news\/fr\/?s={search_term_string}"},"query-input":{"@type":"PropertyValueSpecification","valueRequired":true,"valueName":"search_term_string"}}],"inLanguage":"fr-FR"},{"@type":"Person","@id":"https:\/\/theplayoffs.news\/fr\/#\/schema\/person\/def63bc6746dc5957469b75feb99e66d","name":"Flavien Jumeau","image":{"@type":"ImageObject","inLanguage":"fr-FR","@id":"https:\/\/theplayoffs.news\/fr\/#\/schema\/person\/image\/","url":"https:\/\/secure.gravatar.com\/avatar\/e7fa8ba5a4b7e4ce35fe152f083f352db28ad0acce692004ed88a7a7d78893f7?s=96&d=mm&r=g","contentUrl":"https:\/\/secure.gravatar.com\/avatar\/e7fa8ba5a4b7e4ce35fe152f083f352db28ad0acce692004ed88a7a7d78893f7?s=96&d=mm&r=g","caption":"Flavien Jumeau"},"description":"Amoureux du sport (et de vraiment tous les sports) depuis mon plus jeune \u00e2ge, j\u2019ai longtemps h\u00e9site entre le snooker et le curling. Finalement c\u2019est le foot US que j\u2019ai d\u00e9cid\u00e9 de choisir! Responsable foot US sur TPO et animateur du podcast Tailgate j\u2019ai pour mission de vous faire d\u00e9couvrir ce sport passionnant si ce n\u2019est pas encore fait et de vous donner les derni\u00e8res actus. Le tout dans la bonne humeur et avec toujours un jeu de mots ou deux savamment distill\u00e9s! Fan des Saints, pour moi Drew Brees est le vrai GOAT!","url":"https:\/\/theplayoffs.news\/fr\/author\/flavien-jumeaugmail-com\/"}]}},"_links":{"self":[{"href":"https:\/\/theplayoffs.news\/fr\/wp-json\/wp\/v2\/posts\/1479663","targetHints":{"allow":["GET"]}}],"collection":[{"href":"https:\/\/theplayoffs.news\/fr\/wp-json\/wp\/v2\/posts"}],"about":[{"href":"https:\/\/theplayoffs.news\/fr\/wp-json\/wp\/v2\/types\/post"}],"author":[{"embeddable":true,"href":"https:\/\/theplayoffs.news\/fr\/wp-json\/wp\/v2\/users\/180309964"}],"replies":[{"embeddable":true,"href":"https:\/\/theplayoffs.news\/fr\/wp-json\/wp\/v2\/comments?post=1479663"}],"version-history":[{"count":1,"href":"https:\/\/theplayoffs.news\/fr\/wp-json\/wp\/v2\/posts\/1479663\/revisions"}],"predecessor-version":[{"id":1479665,"href":"https:\/\/theplayoffs.news\/fr\/wp-json\/wp\/v2\/posts\/1479663\/revisions\/1479665"}],"wp:featuredmedia":[{"embeddable":true,"href":"https:\/\/theplayoffs.news\/fr\/wp-json\/wp\/v2\/media\/1479664"}],"wp:attachment":[{"href":"https:\/\/theplayoffs.news\/fr\/wp-json\/wp\/v2\/media?parent=1479663"}],"wp:term":[{"taxonomy":"category","embeddable":true,"href":"https:\/\/theplayoffs.news\/fr\/wp-json\/wp\/v2\/categories?post=1479663"},{"taxonomy":"post_tag","embeddable":true,"href":"https:\/\/theplayoffs.news\/fr\/wp-json\/wp\/v2\/tags?post=1479663"},{"taxonomy":"sport","embeddable":true,"href":"https:\/\/theplayoffs.news\/fr\/wp-json\/wp\/v2\/sport?post=1479663"},{"taxonomy":"saison","embeddable":true,"href":"https:\/\/theplayoffs.news\/fr\/wp-json\/wp\/v2\/saison?post=1479663"}],"curies":[{"name":"wp","href":"https:\/\/api.w.org\/{rel}","templated":true}]}}