{"id":1479656,"date":"2025-02-18T10:52:57","date_gmt":"2025-02-18T09:52:57","guid":{"rendered":"https:\/\/theplayoffs.news\/fr\/uncategorized\/\/"},"modified":"2025-02-18T10:53:25","modified_gmt":"2025-02-18T09:53:25","slug":"gary-payton-pas-inquiet-pour-le-retour-des-seattle-supersonics","status":"publish","type":"post","link":"https:\/\/theplayoffs.news\/fr\/actualite-nba\/gary-payton-pas-inquiet-pour-le-retour-des-seattle-supersonics\/","title":{"rendered":"Gary Payton \u201cpas inquiet\u201d pour le retour des Seattle Supersonics"},"content":{"rendered":"<p><strong>Depuis plusieurs ann&eacute;es, la <a href=\"https:\/\/theplayoffs.news\/fr\/category\/nba\/\" target=\"_blank\" rel=\"noreferrer noopener\" class=\"trk-cta-link\" data-cta-trk='{\"ctaType\":\"Link\",\"ctaSubType\":\"main\"}'>NBA<\/a> envisage l&rsquo;int&eacute;gration de deux nouvelles franchises, avec en priorit&eacute; Las Vegas, destination pl&eacute;biscit&eacute;e par de nombreux joueurs, ainsi que le retour d&rsquo;une &eacute;quipe mythique : les Seattle Supersonics.<\/strong><\/p><p>L&rsquo;ancienne l&eacute;gende de Seattle, <strong>Gary Payton<\/strong>, et le joueur des Bucks, <strong>Damian Lillard<\/strong> ont partag&eacute; leurs opinions sur le sujet. Ces derniers temps, la ligue s&rsquo;est davantage concentr&eacute;e sur l&rsquo;am&eacute;lioration de sa visibilit&eacute; &agrave; l<strong>&rsquo;international et la refonte du All-Star Game<\/strong> plut&ocirc;t que sur une expansion. Pourtant, pour <strong>Gary Payton<\/strong>, aucun motif d&rsquo;inqui&eacute;tude. L&rsquo;ancien <strong>meneur de la franchise<\/strong> reste confiant quant au retour des <strong>Sonics<\/strong> : <em>&ldquo;Nous n&rsquo;avons pas &agrave; nous inqui&eacute;ter, Adam Silver prendra les bonnes d&eacute;cisions et tout ira bien !&rdquo;<\/em> Avant d&rsquo;insister sur l&rsquo;importance du <strong>timing<\/strong> : <em>&ldquo;Seattle reviendra, mais il faudra choisir le bon moment. Aucune inqui&eacute;tude &agrave; avoir. Dans 2,3 ans je pense pour la saison 2027\/28&rdquo;<\/em>.<\/p><blockquote class=\"twitter-tweet\"><p lang=\"en\" dir=\"ltr\">When should we expect to see an NBA team back in Seattle?<br><br>Sonics legend and HOF&rsquo;er Gary Payton tells <a href=\"https:\/\/twitter.com\/TermineRadio?ref_src=twsrc%5Etfw\" class=\"trk-cta-link\" data-cta-trk='{\"ctaType\":\"Link\",\"ctaSubType\":\"main\"}'>@TermineRadio<\/a> and <a href=\"https:\/\/twitter.com\/TheFrankIsola?ref_src=twsrc%5Etfw\" class=\"trk-cta-link\" data-cta-trk='{\"ctaType\":\"Link\",\"ctaSubType\":\"main\"}'>@TheFrankIsola<\/a> it shouldn&rsquo;t be too long. <a href=\"https:\/\/t.co\/dLEwdagYJO\" class=\"trk-cta-link\" data-cta-trk='{\"ctaType\":\"Link\",\"ctaSubType\":\"main\"}'>pic.twitter.com\/dLEwdagYJO<\/a><\/p>&mdash; SiriusXM NBA Radio (@SiriusXMNBA) <a href=\"https:\/\/twitter.com\/SiriusXMNBA\/status\/1891261277106045126?ref_src=twsrc%5Etfw\" class=\"trk-cta-link\" data-cta-trk='{\"ctaType\":\"Link\",\"ctaSubType\":\"main\"}'>February 16, 2025<\/a><\/blockquote><script async src=\"https:\/\/platform.twitter.com\/widgets.js\" charset=\"utf-8\"><\/script><p>Durant le All-Star Game, <strong>Damian Lillard<\/strong> a &eacute;galement exprim&eacute; son attachement au nord-ouest des &Eacute;tats-Unis et &agrave; la ville de <strong>Seattle<\/strong>, situ&eacute;e &agrave; seulement 2h45 de <strong>Portland<\/strong>. <em>&ldquo;Quand je jouais &agrave; Portland, j&rsquo;allais souvent voir des spectacles &agrave; Seattle. Je suis aussi un grand fan de la WNBA et je suis proche de Jewell Loyd, qui &eacute;voluait l&agrave;-bas &agrave; l&rsquo;&eacute;poque. J&rsquo;assistais &agrave; ses matchs et j&rsquo;en profitais pour rendre visite &agrave; mon agent. C&rsquo;&eacute;tait un d&eacute;placement rapide et tous ceux qui ont la chance de jouer l&agrave;-bas sont privil&eacute;gi&eacute;s !&rdquo;<\/em> a confi&eacute; <strong>Lillard<\/strong>.<\/p><p><strong>Lire aussi :<\/strong><\/p><p><a href=\"https:\/\/theplayoffs.news\/fr\/actualite-nba\/kevin-durant-seduit-par-leuroligue-deux-clubs-en-tete\/\" class=\"trk-cta-link\" data-cta-trk='{\"ctaType\":\"Link\",\"ctaSubType\":\"main\"}'>Kevin Durant s&eacute;duit par l&rsquo;Euroligue : deux clubs en t&ecirc;te !<\/a><\/p><p><a href=\"https:\/\/theplayoffs.news\/fr\/actualite-nba\/victor-wembanyama-cest-possible-de-tout-donner-au-all-star-game\/\" class=\"trk-cta-link\" data-cta-trk='{\"ctaType\":\"Link\",\"ctaSubType\":\"main\"}'>Wembanyama : &ldquo;C&rsquo;est possible&rdquo; de tout donner au All-Star Game !<\/a><\/p><p><a href=\"https:\/\/theplayoffs.news\/fr\/actualite-nba\/une-star-de-la-nba-souhaite-representer-laustralie\/\" class=\"trk-cta-link\" data-cta-trk='{\"ctaType\":\"Link\",\"ctaSubType\":\"main\"}'>Une star de la NBA souhaite repr&eacute;senter l&rsquo;Australie !&nbsp;<\/a><\/p><p>Disparue en 2008 avant de devenir le <strong>Thunder d&rsquo;Oklahoma City<\/strong>, la franchise avait laiss&eacute; derri&egrave;re elle une communaut&eacute; de<strong> fans passionn&eacute;s<\/strong>. Un retour des Supersonics remplirait sans aucun doute les tribunes d&egrave;s le<strong> premier match <\/strong>!<\/p><p><strong>Cr&eacute;dit photo :&nbsp;<\/strong>Darren Yamashita-Imagn Images<\/p>\n","protected":false},"excerpt":{"rendered":"<p>Gary Payton et Damian Lillard plaident en faveur d\u2019un retour des Seattle Supersonics en NBA dans les prochaines ann\u00e9es !<\/p>\n","protected":false},"author":180310268,"featured_media":1479658,"comment_status":"closed","ping_status":"closed","sticky":false,"template":"","format":"standard","meta":{"inline_featured_image":false,"kia_subtitle":"Gary Payton et Damian Lillard plaident en faveur d\u2019un retour des Seattle Supersonics en NBA dans les prochaines ann\u00e9es !","_mux_skip_reasons":[],"proofreadBy":0,"footnotes":""},"categories":[110,10],"tags":[166,508,4135,23,4696],"sport":[2783],"saison":[],"class_list":["post-1479656","post","type-post","status-publish","format-standard","has-post-thumbnail","hentry","category-actualite-nba","category-nba","tag-adam-silver","tag-damian-lillard","tag-gary-payton","tag-nba-tag","tag-seattle-supersonics","sport-nba"],"acf":[],"yoast_head":"<!-- This site is optimized with the Yoast SEO plugin v24.2 - https:\/\/yoast.com\/wordpress\/plugins\/seo\/ -->\n<title>Gary Payton &ldquo;pas inquiet&rdquo; pour le retour des Seattle Supersonics<\/title>\n<meta name=\"description\" content=\"Gary Payton et Damian Lillard plaident en faveur d&rsquo;un retour des Seattle Supersonics en NBA dans les prochaines ann&eacute;es !\" \/>\n<meta name=\"robots\" content=\"index, follow, max-snippet:-1, max-image-preview:large, max-video-preview:-1\" \/>\n<link rel=\"canonical\" href=\"https:\/\/theplayoffs.news\/fr\/actualite-nba\/gary-payton-pas-inquiet-pour-le-retour-des-seattle-supersonics\/\" \/>\n<meta property=\"og:locale\" content=\"fr_FR\" \/>\n<meta property=\"og:type\" content=\"article\" \/>\n<meta property=\"og:title\" content=\"Gary Payton &ldquo;pas inquiet&rdquo; pour le retour des Seattle Supersonics\" \/>\n<meta property=\"og:description\" content=\"Gary Payton et Damian Lillard plaident en faveur d&rsquo;un retour des Seattle Supersonics en NBA dans les prochaines ann&eacute;es !\" \/>\n<meta property=\"og:url\" content=\"https:\/\/theplayoffs.news\/fr\/actualite-nba\/gary-payton-pas-inquiet-pour-le-retour-des-seattle-supersonics\/\" \/>\n<meta property=\"og:site_name\" content=\"The Playoffs FR\" \/>\n<meta property=\"article:publisher\" content=\"https:\/\/www.facebook.com\/TheFreeAgentFR\/\" \/>\n<meta property=\"article:modified_time\" content=\"2025-02-18T10:53:25+01:00\" \/>\n<meta property=\"og:image\" content=\"https:\/\/theplayoffs.news\/fr\/wp-content\/uploads\/2025\/02\/USATSI_25435187.jpg\" \/>\n\t<meta property=\"og:image:width\" content=\"1920\" \/>\n\t<meta property=\"og:image:height\" content=\"1424\" \/>\n\t<meta property=\"og:image:type\" content=\"image\/jpeg\" \/>\n<meta name=\"author\" content=\"Elian Goethals\" \/>\n<meta name=\"twitter:card\" content=\"summary_large_image\" \/>\n<meta name=\"twitter:creator\" content=\"@x.com\/elidwight\" \/>\n<meta name=\"twitter:site\" content=\"@TheFreeAgentFR\" \/>\n<meta name=\"twitter:label1\" content=\"\u00c9crit par\" \/>\n\t<meta name=\"twitter:data1\" content=\"Elian Goethals\" \/>\n\t<meta name=\"twitter:label2\" content=\"Dur\u00e9e de lecture estim\u00e9e\" \/>\n\t<meta name=\"twitter:data2\" content=\"2 minutes\" \/>\n<script type=\"application\/ld+json\" class=\"yoast-schema-graph\">{\"@context\":\"https:\/\/schema.org\",\"@graph\":[{\"@type\":\"WebPage\",\"@id\":\"https:\/\/theplayoffs.news\/fr\/actualite-nba\/gary-payton-pas-inquiet-pour-le-retour-des-seattle-supersonics\/\",\"url\":\"https:\/\/theplayoffs.news\/fr\/actualite-nba\/gary-payton-pas-inquiet-pour-le-retour-des-seattle-supersonics\/\",\"name\":\"Gary Payton \u201cpas inquiet\u201d pour le retour des Seattle Supersonics\",\"isPartOf\":{\"@id\":\"https:\/\/theplayoffs.news\/fr\/#website\"},\"primaryImageOfPage\":{\"@id\":\"https:\/\/theplayoffs.news\/fr\/actualite-nba\/gary-payton-pas-inquiet-pour-le-retour-des-seattle-supersonics\/#primaryimage\"},\"image\":{\"@id\":\"https:\/\/theplayoffs.news\/fr\/actualite-nba\/gary-payton-pas-inquiet-pour-le-retour-des-seattle-supersonics\/#primaryimage\"},\"thumbnailUrl\":\"https:\/\/theplayoffs.news\/fr\/wp-content\/uploads\/2025\/02\/USATSI_25435187.jpg\",\"datePublished\":\"2025-02-18T09:52:57+00:00\",\"dateModified\":\"2025-02-18T09:53:25+00:00\",\"author\":{\"@id\":\"https:\/\/theplayoffs.news\/fr\/#\/schema\/person\/2bc470c6a49f4f6229a67af19c87a732\"},\"description\":\"Gary Payton et Damian Lillard plaident en faveur d\u2019un retour des Seattle Supersonics en NBA dans les prochaines ann\u00e9es !\",\"breadcrumb\":{\"@id\":\"https:\/\/theplayoffs.news\/fr\/actualite-nba\/gary-payton-pas-inquiet-pour-le-retour-des-seattle-supersonics\/#breadcrumb\"},\"inLanguage\":\"fr-FR\",\"potentialAction\":[{\"@type\":\"ReadAction\",\"target\":[\"https:\/\/theplayoffs.news\/fr\/actualite-nba\/gary-payton-pas-inquiet-pour-le-retour-des-seattle-supersonics\/\"]}]},{\"@type\":\"ImageObject\",\"inLanguage\":\"fr-FR\",\"@id\":\"https:\/\/theplayoffs.news\/fr\/actualite-nba\/gary-payton-pas-inquiet-pour-le-retour-des-seattle-supersonics\/#primaryimage\",\"url\":\"https:\/\/theplayoffs.news\/fr\/wp-content\/uploads\/2025\/02\/USATSI_25435187.jpg\",\"contentUrl\":\"https:\/\/theplayoffs.news\/fr\/wp-content\/uploads\/2025\/02\/USATSI_25435187.jpg\",\"width\":1920,\"height\":1424,\"caption\":\"Feb 16, 2025; San Francisco, CA, USA; Gary Payton speaks to the crowd during the 2025 NBA All Star Game at Chase Center. Mandatory Credit: Darren Yamashita-Imagn Images\"},{\"@type\":\"BreadcrumbList\",\"@id\":\"https:\/\/theplayoffs.news\/fr\/actualite-nba\/gary-payton-pas-inquiet-pour-le-retour-des-seattle-supersonics\/#breadcrumb\",\"itemListElement\":[{\"@type\":\"ListItem\",\"position\":1,\"name\":\"Accueil\",\"item\":\"https:\/\/theplayoffs.news\/fr\/\"},{\"@type\":\"ListItem\",\"position\":2,\"name\":\"Gary Payton \u201cpas inquiet\u201d pour le retour des Seattle Supersonics\"}]},{\"@type\":\"WebSite\",\"@id\":\"https:\/\/theplayoffs.news\/fr\/#website\",\"url\":\"https:\/\/theplayoffs.news\/fr\/\",\"name\":\"The Playoffs FR\",\"description\":\"NBA-NFL-NHL-MLB\",\"potentialAction\":[{\"@type\":\"SearchAction\",\"target\":{\"@type\":\"EntryPoint\",\"urlTemplate\":\"https:\/\/theplayoffs.news\/fr\/?s={search_term_string}\"},\"query-input\":{\"@type\":\"PropertyValueSpecification\",\"valueRequired\":true,\"valueName\":\"search_term_string\"}}],\"inLanguage\":\"fr-FR\"},{\"@type\":\"Person\",\"@id\":\"https:\/\/theplayoffs.news\/fr\/#\/schema\/person\/2bc470c6a49f4f6229a67af19c87a732\",\"name\":\"Elian Goethals\",\"image\":{\"@type\":\"ImageObject\",\"inLanguage\":\"fr-FR\",\"@id\":\"https:\/\/theplayoffs.news\/fr\/#\/schema\/person\/image\/\",\"url\":\"https:\/\/secure.gravatar.com\/avatar\/293e2e649a094756005b611f6122ac1a95e95d453dbfe74b9d434b39855927f6?s=96&d=mm&r=g\",\"contentUrl\":\"https:\/\/secure.gravatar.com\/avatar\/293e2e649a094756005b611f6122ac1a95e95d453dbfe74b9d434b39855927f6?s=96&d=mm&r=g\",\"caption\":\"Elian Goethals\"},\"description\":\"Je suis sp\u00e9cialis\u00e9 dans la r\u00e9daction d\\\\'articles NBA et je suis un grand fan de basket am\u00e9ricain depuis toujours. Cela fait 20 ans que je joue au basket, et mon exp\u00e9rience sur les terrains me permet d\\\\'avoir une analyse approfondie des matchs. J\u2019ai d\u2019abord fait partie d\u2019autres m\u00e9dias sportifs en tant que b\u00e9n\u00e9vole avant de rejoindre ThePlayoffs en janvier. Je termine \u00e9galement un master en \u00e9tudes internationales. Ce que je pr\u00e9f\u00e8re dans mon travail, c\u2019est de transformer ma passion en m\u00e9tier et de partager avec vous l\u2019information NBA. J\u2019essaie de produire un contenu de qualit\u00e9 en esp\u00e9rant qu\u2019il vous plaise !\",\"sameAs\":[\"https:\/\/www.linkedin.com\/in\/elian-goethals-729b71200\/\",\"https:\/\/x.com\/x.com\/elidwight\"],\"url\":\"https:\/\/theplayoffs.news\/fr\/author\/elian\/\"}]}<\/script>\n<!-- \/ Yoast SEO plugin. -->","yoast_head_json":{"title":"Gary Payton &ldquo;pas inquiet&rdquo; pour le retour des Seattle Supersonics","description":"Gary Payton et Damian Lillard plaident en faveur d&rsquo;un retour des Seattle Supersonics en NBA dans les prochaines ann&eacute;es !","robots":{"index":"index","follow":"follow","max-snippet":"max-snippet:-1","max-image-preview":"max-image-preview:large","max-video-preview":"max-video-preview:-1"},"canonical":"https:\/\/theplayoffs.news\/fr\/actualite-nba\/gary-payton-pas-inquiet-pour-le-retour-des-seattle-supersonics\/","og_locale":"fr_FR","og_type":"article","og_title":"Gary Payton &ldquo;pas inquiet&rdquo; pour le retour des Seattle Supersonics","og_description":"Gary Payton et Damian Lillard plaident en faveur d&rsquo;un retour des Seattle Supersonics en NBA dans les prochaines ann&eacute;es !","og_url":"https:\/\/theplayoffs.news\/fr\/actualite-nba\/gary-payton-pas-inquiet-pour-le-retour-des-seattle-supersonics\/","og_site_name":"The Playoffs FR","article_publisher":"https:\/\/www.facebook.com\/TheFreeAgentFR\/","article_modified_time":"2025-02-18T09:53:25+00:00","og_image":[{"width":1920,"height":1424,"url":"https:\/\/theplayoffs.news\/fr\/wp-content\/uploads\/2025\/02\/USATSI_25435187.jpg","type":"image\/jpeg"}],"author":"Elian Goethals","twitter_card":"summary_large_image","twitter_creator":"@x.com\/elidwight","twitter_site":"@TheFreeAgentFR","twitter_misc":{"\u00c9crit par":"Elian Goethals","Dur\u00e9e de lecture estim\u00e9e":"2 minutes"},"schema":{"@context":"https:\/\/schema.org","@graph":[{"@type":"WebPage","@id":"https:\/\/theplayoffs.news\/fr\/actualite-nba\/gary-payton-pas-inquiet-pour-le-retour-des-seattle-supersonics\/","url":"https:\/\/theplayoffs.news\/fr\/actualite-nba\/gary-payton-pas-inquiet-pour-le-retour-des-seattle-supersonics\/","name":"Gary Payton \u201cpas inquiet\u201d pour le retour des Seattle Supersonics","isPartOf":{"@id":"https:\/\/theplayoffs.news\/fr\/#website"},"primaryImageOfPage":{"@id":"https:\/\/theplayoffs.news\/fr\/actualite-nba\/gary-payton-pas-inquiet-pour-le-retour-des-seattle-supersonics\/#primaryimage"},"image":{"@id":"https:\/\/theplayoffs.news\/fr\/actualite-nba\/gary-payton-pas-inquiet-pour-le-retour-des-seattle-supersonics\/#primaryimage"},"thumbnailUrl":"https:\/\/theplayoffs.news\/fr\/wp-content\/uploads\/2025\/02\/USATSI_25435187.jpg","datePublished":"2025-02-18T09:52:57+00:00","dateModified":"2025-02-18T09:53:25+00:00","author":{"@id":"https:\/\/theplayoffs.news\/fr\/#\/schema\/person\/2bc470c6a49f4f6229a67af19c87a732"},"description":"Gary Payton et Damian Lillard plaident en faveur d\u2019un retour des Seattle Supersonics en NBA dans les prochaines ann\u00e9es !","breadcrumb":{"@id":"https:\/\/theplayoffs.news\/fr\/actualite-nba\/gary-payton-pas-inquiet-pour-le-retour-des-seattle-supersonics\/#breadcrumb"},"inLanguage":"fr-FR","potentialAction":[{"@type":"ReadAction","target":["https:\/\/theplayoffs.news\/fr\/actualite-nba\/gary-payton-pas-inquiet-pour-le-retour-des-seattle-supersonics\/"]}]},{"@type":"ImageObject","inLanguage":"fr-FR","@id":"https:\/\/theplayoffs.news\/fr\/actualite-nba\/gary-payton-pas-inquiet-pour-le-retour-des-seattle-supersonics\/#primaryimage","url":"https:\/\/theplayoffs.news\/fr\/wp-content\/uploads\/2025\/02\/USATSI_25435187.jpg","contentUrl":"https:\/\/theplayoffs.news\/fr\/wp-content\/uploads\/2025\/02\/USATSI_25435187.jpg","width":1920,"height":1424,"caption":"Feb 16, 2025; San Francisco, CA, USA; Gary Payton speaks to the crowd during the 2025 NBA All Star Game at Chase Center. Mandatory Credit: Darren Yamashita-Imagn Images"},{"@type":"BreadcrumbList","@id":"https:\/\/theplayoffs.news\/fr\/actualite-nba\/gary-payton-pas-inquiet-pour-le-retour-des-seattle-supersonics\/#breadcrumb","itemListElement":[{"@type":"ListItem","position":1,"name":"Accueil","item":"https:\/\/theplayoffs.news\/fr\/"},{"@type":"ListItem","position":2,"name":"Gary Payton \u201cpas inquiet\u201d pour le retour des Seattle Supersonics"}]},{"@type":"WebSite","@id":"https:\/\/theplayoffs.news\/fr\/#website","url":"https:\/\/theplayoffs.news\/fr\/","name":"The Playoffs FR","description":"NBA-NFL-NHL-MLB","potentialAction":[{"@type":"SearchAction","target":{"@type":"EntryPoint","urlTemplate":"https:\/\/theplayoffs.news\/fr\/?s={search_term_string}"},"query-input":{"@type":"PropertyValueSpecification","valueRequired":true,"valueName":"search_term_string"}}],"inLanguage":"fr-FR"},{"@type":"Person","@id":"https:\/\/theplayoffs.news\/fr\/#\/schema\/person\/2bc470c6a49f4f6229a67af19c87a732","name":"Elian Goethals","image":{"@type":"ImageObject","inLanguage":"fr-FR","@id":"https:\/\/theplayoffs.news\/fr\/#\/schema\/person\/image\/","url":"https:\/\/secure.gravatar.com\/avatar\/293e2e649a094756005b611f6122ac1a95e95d453dbfe74b9d434b39855927f6?s=96&d=mm&r=g","contentUrl":"https:\/\/secure.gravatar.com\/avatar\/293e2e649a094756005b611f6122ac1a95e95d453dbfe74b9d434b39855927f6?s=96&d=mm&r=g","caption":"Elian Goethals"},"description":"Je suis sp\u00e9cialis\u00e9 dans la r\u00e9daction d\\'articles NBA et je suis un grand fan de basket am\u00e9ricain depuis toujours. Cela fait 20 ans que je joue au basket, et mon exp\u00e9rience sur les terrains me permet d\\'avoir une analyse approfondie des matchs. J\u2019ai d\u2019abord fait partie d\u2019autres m\u00e9dias sportifs en tant que b\u00e9n\u00e9vole avant de rejoindre ThePlayoffs en janvier. Je termine \u00e9galement un master en \u00e9tudes internationales. Ce que je pr\u00e9f\u00e8re dans mon travail, c\u2019est de transformer ma passion en m\u00e9tier et de partager avec vous l\u2019information NBA. J\u2019essaie de produire un contenu de qualit\u00e9 en esp\u00e9rant qu\u2019il vous plaise !","sameAs":["https:\/\/www.linkedin.com\/in\/elian-goethals-729b71200\/","https:\/\/x.com\/x.com\/elidwight"],"url":"https:\/\/theplayoffs.news\/fr\/author\/elian\/"}]}},"_links":{"self":[{"href":"https:\/\/theplayoffs.news\/fr\/wp-json\/wp\/v2\/posts\/1479656","targetHints":{"allow":["GET"]}}],"collection":[{"href":"https:\/\/theplayoffs.news\/fr\/wp-json\/wp\/v2\/posts"}],"about":[{"href":"https:\/\/theplayoffs.news\/fr\/wp-json\/wp\/v2\/types\/post"}],"author":[{"embeddable":true,"href":"https:\/\/theplayoffs.news\/fr\/wp-json\/wp\/v2\/users\/180310268"}],"replies":[{"embeddable":true,"href":"https:\/\/theplayoffs.news\/fr\/wp-json\/wp\/v2\/comments?post=1479656"}],"version-history":[{"count":1,"href":"https:\/\/theplayoffs.news\/fr\/wp-json\/wp\/v2\/posts\/1479656\/revisions"}],"predecessor-version":[{"id":1479659,"href":"https:\/\/theplayoffs.news\/fr\/wp-json\/wp\/v2\/posts\/1479656\/revisions\/1479659"}],"wp:featuredmedia":[{"embeddable":true,"href":"https:\/\/theplayoffs.news\/fr\/wp-json\/wp\/v2\/media\/1479658"}],"wp:attachment":[{"href":"https:\/\/theplayoffs.news\/fr\/wp-json\/wp\/v2\/media?parent=1479656"}],"wp:term":[{"taxonomy":"category","embeddable":true,"href":"https:\/\/theplayoffs.news\/fr\/wp-json\/wp\/v2\/categories?post=1479656"},{"taxonomy":"post_tag","embeddable":true,"href":"https:\/\/theplayoffs.news\/fr\/wp-json\/wp\/v2\/tags?post=1479656"},{"taxonomy":"sport","embeddable":true,"href":"https:\/\/theplayoffs.news\/fr\/wp-json\/wp\/v2\/sport?post=1479656"},{"taxonomy":"saison","embeddable":true,"href":"https:\/\/theplayoffs.news\/fr\/wp-json\/wp\/v2\/saison?post=1479656"}],"curies":[{"name":"wp","href":"https:\/\/api.w.org\/{rel}","templated":true}]}}