{"id":1479492,"date":"2025-02-17T17:55:50","date_gmt":"2025-02-17T16:55:50","guid":{"rendered":"https:\/\/theplayoffs.news\/fr\/uncategorized\/\/"},"modified":"2025-02-17T17:56:00","modified_gmt":"2025-02-17T16:56:00","slug":"lassistant-des-mavericks-darrell-armstrong-a-ete-arrete","status":"publish","type":"post","link":"https:\/\/theplayoffs.news\/fr\/actualite-nba\/lassistant-des-mavericks-darrell-armstrong-a-ete-arrete\/","title":{"rendered":"L\u2019assistant des Mavericks Darrell Armstrong a \u00e9t\u00e9 arr\u00eat\u00e9 !"},"content":{"rendered":"<p><strong>Depuis l&rsquo;&eacute;change entre Luka Doncic et Anthony Davis, une s&eacute;rie de m&eacute;saventures frappe les Dallas Mavericks, aussi bien sur le terrain qu&rsquo;en dehors. Les blessures s&rsquo;accumulent, touchant notamment Daniel Gafford, Anthony Davis et Derrick Lively, tous absents pour une dur&eacute;e prolong&eacute;e. Actuellement huiti&egrave;me de la Conf&eacute;rence Ouest, la franchise texane devra se battre avec un effectif amoindri pour d&eacute;crocher une place en playoffs.<\/strong><\/p><p>En marge des difficult&eacute;s sportives, une nouvelle controverse vient secouer l&rsquo;organisation. L&rsquo;assistant de longue date des Mavericks, <strong>Darrell Armstrong<\/strong>, a &eacute;t&eacute; arr&ecirc;t&eacute; samedi pour <strong>agression aggrav&eacute;e avec une arme mortelle<\/strong>, selon les informations de Grant Afseth.<\/p><blockquote class=\"twitter-tweet\"><p lang=\"en\" dir=\"ltr\">Dallas Mavericks Assistant Coach Darrell Armstrong was arrested for aggravated assault with a deadly weapon on Saturday, per <a href=\"https:\/\/twitter.com\/wfaa?ref_src=twsrc%5Etfw\" class=\"trk-cta-link\" data-cta-trk='{\"ctaType\":\"Link\",\"ctaSubType\":\"main\"}'>@wfaa<\/a>. <br><br>(h\/t <a href=\"https:\/\/twitter.com\/GrantAfseth?ref_src=twsrc%5Etfw\" class=\"trk-cta-link\" data-cta-trk='{\"ctaType\":\"Link\",\"ctaSubType\":\"main\"}'>@GrantAfseth<\/a>) <a href=\"https:\/\/t.co\/qZbZgl6Ctc\" class=\"trk-cta-link\" data-cta-trk='{\"ctaType\":\"Link\",\"ctaSubType\":\"main\"}'>pic.twitter.com\/qZbZgl6Ctc<\/a><\/p>&mdash; Hoop Central (@TheHoopCentral) <a href=\"https:\/\/twitter.com\/TheHoopCentral\/status\/1891217051919737147?ref_src=twsrc%5Etfw\" class=\"trk-cta-link\" data-cta-trk='{\"ctaType\":\"Link\",\"ctaSubType\":\"main\"}'>February 16, 2025<\/a><\/blockquote><script async src=\"https:\/\/platform.twitter.com\/widgets.js\" charset=\"utf-8\"><\/script><h2 class=\"wp-block-heading\"><strong>Une affaire judiciaire en cours<\/strong><\/h2><p>Dans la nuit de <strong>samedi &agrave; 3h45 du matin<\/strong>, la police de Dallas a &eacute;t&eacute; appel&eacute;e en urgence pour intervenir sur un incident.<\/p><p><em>&laquo; Le 15 f&eacute;vrier 2025, vers 3h45 du matin, les agents sont intervenus dans le bloc 1000 de Ross Avenue en r&eacute;ponse &agrave; un appel d&rsquo;urgence &raquo;<\/em><strong>,<\/strong> a confirm&eacute; le service de police de <strong>Dallas<\/strong> &agrave; <em><a href=\"https:\/\/dallashoopsjournal.com\/\" target=\"_blank\" rel=\"noreferrer noopener\" class=\"trk-cta-link\" data-cta-trk='{\"ctaType\":\"Link\",\"ctaSubType\":\"main\"}'>DallasHoopsJournal.com<\/a><\/em>.<\/p><p>D&rsquo;apr&egrave;s les premiers &eacute;l&eacute;ments de l&rsquo;enqu&ecirc;te, une relation pr&eacute;existait entre <strong>l&rsquo;accus&eacute; et la victime<\/strong>. Une agression aurait eu lieu, impliquant une <strong>arme &agrave; feu <\/strong>utilis&eacute;e pour frapper avant une menace explicite de tirer. &Agrave; la suite de l&rsquo;arrestation, <strong>une suspension administrative imm&eacute;diate<\/strong> a &eacute;t&eacute; prononc&eacute;e dans l&rsquo;attente des suites judiciaires.<\/p><p>Face &agrave; cette situation, la franchise texane a rapidement publi&eacute; un communiqu&eacute; officiel :<\/p><p><em>&laquo; Les Dallas Mavericks sont au courant d&rsquo;un incident impliquant un membre de notre staff et rassemblent actuellement toutes les informations n&eacute;cessaires sur cette affaire. &raquo;<\/em><\/p><p>En pleine lutte pour un<strong> ticket en playoffs<\/strong>, les Mavericks doivent d&eacute;sormais composer avec ce dossier <strong>extra-sportif <\/strong>sensible. L&rsquo;avenir de <strong>Darrell Armstrong<\/strong> au sein de l&rsquo;organisation d&eacute;pendra des conclusions de la justice et des d&eacute;cisions internes &agrave; venir.<\/p><p><strong>Lire aussi : <\/strong><\/p><p><a href=\"https:\/\/theplayoffs.news\/fr\/actualite-nba\/victor-wembanyama-cest-possible-de-tout-donner-au-all-star-game\/\" class=\"trk-cta-link\" data-cta-trk='{\"ctaType\":\"Link\",\"ctaSubType\":\"main\"}'>Wembanyama : &ldquo;C&rsquo;est possible&rdquo; de tout donner au All-Star Game !<\/a><\/p><p><a href=\"https:\/\/theplayoffs.news\/fr\/actualite-nba\/une-star-de-la-nba-souhaite-representer-laustralie\/\" class=\"trk-cta-link\" data-cta-trk='{\"ctaType\":\"Link\",\"ctaSubType\":\"main\"}'>Une star de la NBA souhaite repr&eacute;senter l&rsquo;Australie !&nbsp;<\/a><\/p><h2 class=\"wp-block-heading\"><strong>Un ancien joueur respect&eacute; en NBA<\/strong><\/h2><p>Joueur embl&eacute;matique des ann&eacute;es 1990 et 2000, <strong>Darrell Armstrong<\/strong> a pass&eacute; <strong>14 saisons en NBA<\/strong> en tant que meneur de jeu. Non s&eacute;lectionn&eacute; lors de la <strong>Draft 1991<\/strong>, un premier contrat a finalement &eacute;t&eacute; sign&eacute; en <strong>1994 <\/strong>avec le Orlando Magic en tant qu&rsquo;agent libre. Par la suite, des passages aux <strong>New Orleans Hornets, aux Dallas Mavericks, aux Indiana Pacers et aux New Jersey Nets <\/strong>ont marqu&eacute; sa carri&egrave;re.<\/p><p>La saison <strong>1998-1999<\/strong> reste l&rsquo;apog&eacute;e de son parcours. Avec des moyennes de <strong>13,8 points, 3,6 rebonds et 6,7 passes d&eacute;cisives par match<\/strong>, l&rsquo;&eacute;lectrisant meneur a d&eacute;croch&eacute; le titre de <strong>Joueur ayant le plus progress&eacute; (MIP)<\/strong> ainsi que celui de <strong>Sixi&egrave;me homme de l&rsquo;ann&eacute;e<\/strong>, une raret&eacute; dans l&rsquo;histoire de la ligue. En f&eacute;vrier 2020, une cons&eacute;cration a suivi avec une intronisation au <strong>Hall of Fame du Orlando Magic<\/strong>, t&eacute;moignant de son empreinte laiss&eacute;e au sein de la <strong>franchise floridienne<\/strong>.<\/p><p>Une transition vers le coaching a eu lieu en <strong>janvier 2009<\/strong> avec une int&eacute;gration au staff des Mavericks en tant qu&rsquo;assistant charg&eacute; du d&eacute;veloppement des joueurs. Depuis cette nomination, une place importante a &eacute;t&eacute; occup&eacute;e sur le banc texan, avec notamment une participation active au <strong>sacr&eacute; de champion NBA en 2011<\/strong>.<\/p><p><strong>Cr&eacute;dit photo : <\/strong>Kim Klement-USA TODAY Sports<\/p>\n","protected":false},"excerpt":{"rendered":"<p>L\u2019assistant de longue date des Mavericks, Darrell Armstrong, a \u00e9t\u00e9 arr\u00eat\u00e9 samedi pour agression aggrav\u00e9e avec une arme mortelle.<\/p>\n","protected":false},"author":180310268,"featured_media":1479495,"comment_status":"closed","ping_status":"closed","sticky":false,"template":"","format":"standard","meta":{"inline_featured_image":false,"kia_subtitle":"L\u2019assistant de longue date des Mavericks, Darrell Armstrong, a \u00e9t\u00e9 arr\u00eat\u00e9 samedi pour agression aggrav\u00e9e avec une arme mortelle.","_mux_skip_reasons":[],"proofreadBy":0,"footnotes":""},"categories":[110,10],"tags":[],"sport":[2783],"saison":[],"class_list":["post-1479492","post","type-post","status-publish","format-standard","has-post-thumbnail","hentry","category-actualite-nba","category-nba","sport-nba"],"acf":[],"yoast_head":"<!-- This site is optimized with the Yoast SEO plugin v24.2 - https:\/\/yoast.com\/wordpress\/plugins\/seo\/ -->\n<title>L&rsquo;assistant des Mavericks Darrell Armstrong a &eacute;t&eacute; arr&ecirc;t&eacute; !<\/title>\n<meta name=\"description\" content=\"L&rsquo;assistant de longue date des Mavericks, Darrell Armstrong, a &eacute;t&eacute; arr&ecirc;t&eacute; samedi pour agression aggrav&eacute;e avec une arme mortelle.\" \/>\n<meta name=\"robots\" content=\"index, follow, max-snippet:-1, max-image-preview:large, max-video-preview:-1\" \/>\n<link rel=\"canonical\" href=\"https:\/\/theplayoffs.news\/fr\/actualite-nba\/lassistant-des-mavericks-darrell-armstrong-a-ete-arrete\/\" \/>\n<meta property=\"og:locale\" content=\"fr_FR\" \/>\n<meta property=\"og:type\" content=\"article\" \/>\n<meta property=\"og:title\" content=\"L&rsquo;assistant des Mavericks Darrell Armstrong a &eacute;t&eacute; arr&ecirc;t&eacute; !\" \/>\n<meta property=\"og:description\" content=\"L&rsquo;assistant de longue date des Mavericks, Darrell Armstrong, a &eacute;t&eacute; arr&ecirc;t&eacute; samedi pour agression aggrav&eacute;e avec une arme mortelle.\" \/>\n<meta property=\"og:url\" content=\"https:\/\/theplayoffs.news\/fr\/actualite-nba\/lassistant-des-mavericks-darrell-armstrong-a-ete-arrete\/\" \/>\n<meta property=\"og:site_name\" content=\"The Playoffs FR\" \/>\n<meta property=\"article:publisher\" content=\"https:\/\/www.facebook.com\/TheFreeAgentFR\/\" \/>\n<meta property=\"article:modified_time\" content=\"2025-02-17T17:56:00+01:00\" \/>\n<meta property=\"og:image\" content=\"https:\/\/theplayoffs.news\/fr\/wp-content\/uploads\/2025\/02\/USATSI_14076869.jpg\" \/>\n\t<meta property=\"og:image:width\" content=\"1920\" \/>\n\t<meta property=\"og:image:height\" content=\"1280\" \/>\n\t<meta property=\"og:image:type\" content=\"image\/jpeg\" \/>\n<meta name=\"author\" content=\"Elian Goethals\" \/>\n<meta name=\"twitter:card\" content=\"summary_large_image\" \/>\n<meta name=\"twitter:creator\" content=\"@x.com\/elidwight\" \/>\n<meta name=\"twitter:site\" content=\"@TheFreeAgentFR\" \/>\n<meta name=\"twitter:label1\" content=\"\u00c9crit par\" \/>\n\t<meta name=\"twitter:data1\" content=\"Elian Goethals\" \/>\n\t<meta name=\"twitter:label2\" content=\"Dur\u00e9e de lecture estim\u00e9e\" \/>\n\t<meta name=\"twitter:data2\" content=\"3 minutes\" \/>\n<script type=\"application\/ld+json\" class=\"yoast-schema-graph\">{\"@context\":\"https:\/\/schema.org\",\"@graph\":[{\"@type\":\"WebPage\",\"@id\":\"https:\/\/theplayoffs.news\/fr\/actualite-nba\/lassistant-des-mavericks-darrell-armstrong-a-ete-arrete\/\",\"url\":\"https:\/\/theplayoffs.news\/fr\/actualite-nba\/lassistant-des-mavericks-darrell-armstrong-a-ete-arrete\/\",\"name\":\"L\u2019assistant des Mavericks Darrell Armstrong a \u00e9t\u00e9 arr\u00eat\u00e9 !\",\"isPartOf\":{\"@id\":\"https:\/\/theplayoffs.news\/fr\/#website\"},\"primaryImageOfPage\":{\"@id\":\"https:\/\/theplayoffs.news\/fr\/actualite-nba\/lassistant-des-mavericks-darrell-armstrong-a-ete-arrete\/#primaryimage\"},\"image\":{\"@id\":\"https:\/\/theplayoffs.news\/fr\/actualite-nba\/lassistant-des-mavericks-darrell-armstrong-a-ete-arrete\/#primaryimage\"},\"thumbnailUrl\":\"https:\/\/theplayoffs.news\/fr\/wp-content\/uploads\/2025\/02\/USATSI_14076869.jpg\",\"datePublished\":\"2025-02-17T16:55:50+00:00\",\"dateModified\":\"2025-02-17T16:56:00+00:00\",\"author\":{\"@id\":\"https:\/\/theplayoffs.news\/fr\/#\/schema\/person\/2bc470c6a49f4f6229a67af19c87a732\"},\"description\":\"L\u2019assistant de longue date des Mavericks, Darrell Armstrong, a \u00e9t\u00e9 arr\u00eat\u00e9 samedi pour agression aggrav\u00e9e avec une arme mortelle.\",\"breadcrumb\":{\"@id\":\"https:\/\/theplayoffs.news\/fr\/actualite-nba\/lassistant-des-mavericks-darrell-armstrong-a-ete-arrete\/#breadcrumb\"},\"inLanguage\":\"fr-FR\",\"potentialAction\":[{\"@type\":\"ReadAction\",\"target\":[\"https:\/\/theplayoffs.news\/fr\/actualite-nba\/lassistant-des-mavericks-darrell-armstrong-a-ete-arrete\/\"]}]},{\"@type\":\"ImageObject\",\"inLanguage\":\"fr-FR\",\"@id\":\"https:\/\/theplayoffs.news\/fr\/actualite-nba\/lassistant-des-mavericks-darrell-armstrong-a-ete-arrete\/#primaryimage\",\"url\":\"https:\/\/theplayoffs.news\/fr\/wp-content\/uploads\/2025\/02\/USATSI_14076869.jpg\",\"contentUrl\":\"https:\/\/theplayoffs.news\/fr\/wp-content\/uploads\/2025\/02\/USATSI_14076869.jpg\",\"width\":1920,\"height\":1280,\"caption\":\"Feb 21, 2020; Orlando, Florida, USA; Orlando Magic player Darrell Armstrong is inducted into Orlando Magic Hall of Fame by CEO Alex Martins during the first half at Amway Center. Mandatory Credit: Kim Klement-USA TODAY Sports\"},{\"@type\":\"BreadcrumbList\",\"@id\":\"https:\/\/theplayoffs.news\/fr\/actualite-nba\/lassistant-des-mavericks-darrell-armstrong-a-ete-arrete\/#breadcrumb\",\"itemListElement\":[{\"@type\":\"ListItem\",\"position\":1,\"name\":\"Accueil\",\"item\":\"https:\/\/theplayoffs.news\/fr\/\"},{\"@type\":\"ListItem\",\"position\":2,\"name\":\"L\u2019assistant des Mavericks Darrell Armstrong a \u00e9t\u00e9 arr\u00eat\u00e9 !\"}]},{\"@type\":\"WebSite\",\"@id\":\"https:\/\/theplayoffs.news\/fr\/#website\",\"url\":\"https:\/\/theplayoffs.news\/fr\/\",\"name\":\"The Playoffs FR\",\"description\":\"NBA-NFL-NHL-MLB\",\"potentialAction\":[{\"@type\":\"SearchAction\",\"target\":{\"@type\":\"EntryPoint\",\"urlTemplate\":\"https:\/\/theplayoffs.news\/fr\/?s={search_term_string}\"},\"query-input\":{\"@type\":\"PropertyValueSpecification\",\"valueRequired\":true,\"valueName\":\"search_term_string\"}}],\"inLanguage\":\"fr-FR\"},{\"@type\":\"Person\",\"@id\":\"https:\/\/theplayoffs.news\/fr\/#\/schema\/person\/2bc470c6a49f4f6229a67af19c87a732\",\"name\":\"Elian Goethals\",\"image\":{\"@type\":\"ImageObject\",\"inLanguage\":\"fr-FR\",\"@id\":\"https:\/\/theplayoffs.news\/fr\/#\/schema\/person\/image\/\",\"url\":\"https:\/\/secure.gravatar.com\/avatar\/293e2e649a094756005b611f6122ac1a95e95d453dbfe74b9d434b39855927f6?s=96&d=mm&r=g\",\"contentUrl\":\"https:\/\/secure.gravatar.com\/avatar\/293e2e649a094756005b611f6122ac1a95e95d453dbfe74b9d434b39855927f6?s=96&d=mm&r=g\",\"caption\":\"Elian Goethals\"},\"description\":\"Je suis sp\u00e9cialis\u00e9 dans la r\u00e9daction d\\\\'articles NBA et je suis un grand fan de basket am\u00e9ricain depuis toujours. Cela fait 20 ans que je joue au basket, et mon exp\u00e9rience sur les terrains me permet d\\\\'avoir une analyse approfondie des matchs. J\u2019ai d\u2019abord fait partie d\u2019autres m\u00e9dias sportifs en tant que b\u00e9n\u00e9vole avant de rejoindre ThePlayoffs en janvier. Je termine \u00e9galement un master en \u00e9tudes internationales. Ce que je pr\u00e9f\u00e8re dans mon travail, c\u2019est de transformer ma passion en m\u00e9tier et de partager avec vous l\u2019information NBA. J\u2019essaie de produire un contenu de qualit\u00e9 en esp\u00e9rant qu\u2019il vous plaise !\",\"sameAs\":[\"https:\/\/www.linkedin.com\/in\/elian-goethals-729b71200\/\",\"https:\/\/x.com\/x.com\/elidwight\"],\"url\":\"https:\/\/theplayoffs.news\/fr\/author\/elian\/\"}]}<\/script>\n<!-- \/ Yoast SEO plugin. -->","yoast_head_json":{"title":"L&rsquo;assistant des Mavericks Darrell Armstrong a &eacute;t&eacute; arr&ecirc;t&eacute; !","description":"L&rsquo;assistant de longue date des Mavericks, Darrell Armstrong, a &eacute;t&eacute; arr&ecirc;t&eacute; samedi pour agression aggrav&eacute;e avec une arme mortelle.","robots":{"index":"index","follow":"follow","max-snippet":"max-snippet:-1","max-image-preview":"max-image-preview:large","max-video-preview":"max-video-preview:-1"},"canonical":"https:\/\/theplayoffs.news\/fr\/actualite-nba\/lassistant-des-mavericks-darrell-armstrong-a-ete-arrete\/","og_locale":"fr_FR","og_type":"article","og_title":"L&rsquo;assistant des Mavericks Darrell Armstrong a &eacute;t&eacute; arr&ecirc;t&eacute; !","og_description":"L&rsquo;assistant de longue date des Mavericks, Darrell Armstrong, a &eacute;t&eacute; arr&ecirc;t&eacute; samedi pour agression aggrav&eacute;e avec une arme mortelle.","og_url":"https:\/\/theplayoffs.news\/fr\/actualite-nba\/lassistant-des-mavericks-darrell-armstrong-a-ete-arrete\/","og_site_name":"The Playoffs FR","article_publisher":"https:\/\/www.facebook.com\/TheFreeAgentFR\/","article_modified_time":"2025-02-17T16:56:00+00:00","og_image":[{"width":1920,"height":1280,"url":"https:\/\/theplayoffs.news\/fr\/wp-content\/uploads\/2025\/02\/USATSI_14076869.jpg","type":"image\/jpeg"}],"author":"Elian Goethals","twitter_card":"summary_large_image","twitter_creator":"@x.com\/elidwight","twitter_site":"@TheFreeAgentFR","twitter_misc":{"\u00c9crit par":"Elian Goethals","Dur\u00e9e de lecture estim\u00e9e":"3 minutes"},"schema":{"@context":"https:\/\/schema.org","@graph":[{"@type":"WebPage","@id":"https:\/\/theplayoffs.news\/fr\/actualite-nba\/lassistant-des-mavericks-darrell-armstrong-a-ete-arrete\/","url":"https:\/\/theplayoffs.news\/fr\/actualite-nba\/lassistant-des-mavericks-darrell-armstrong-a-ete-arrete\/","name":"L\u2019assistant des Mavericks Darrell Armstrong a \u00e9t\u00e9 arr\u00eat\u00e9 !","isPartOf":{"@id":"https:\/\/theplayoffs.news\/fr\/#website"},"primaryImageOfPage":{"@id":"https:\/\/theplayoffs.news\/fr\/actualite-nba\/lassistant-des-mavericks-darrell-armstrong-a-ete-arrete\/#primaryimage"},"image":{"@id":"https:\/\/theplayoffs.news\/fr\/actualite-nba\/lassistant-des-mavericks-darrell-armstrong-a-ete-arrete\/#primaryimage"},"thumbnailUrl":"https:\/\/theplayoffs.news\/fr\/wp-content\/uploads\/2025\/02\/USATSI_14076869.jpg","datePublished":"2025-02-17T16:55:50+00:00","dateModified":"2025-02-17T16:56:00+00:00","author":{"@id":"https:\/\/theplayoffs.news\/fr\/#\/schema\/person\/2bc470c6a49f4f6229a67af19c87a732"},"description":"L\u2019assistant de longue date des Mavericks, Darrell Armstrong, a \u00e9t\u00e9 arr\u00eat\u00e9 samedi pour agression aggrav\u00e9e avec une arme mortelle.","breadcrumb":{"@id":"https:\/\/theplayoffs.news\/fr\/actualite-nba\/lassistant-des-mavericks-darrell-armstrong-a-ete-arrete\/#breadcrumb"},"inLanguage":"fr-FR","potentialAction":[{"@type":"ReadAction","target":["https:\/\/theplayoffs.news\/fr\/actualite-nba\/lassistant-des-mavericks-darrell-armstrong-a-ete-arrete\/"]}]},{"@type":"ImageObject","inLanguage":"fr-FR","@id":"https:\/\/theplayoffs.news\/fr\/actualite-nba\/lassistant-des-mavericks-darrell-armstrong-a-ete-arrete\/#primaryimage","url":"https:\/\/theplayoffs.news\/fr\/wp-content\/uploads\/2025\/02\/USATSI_14076869.jpg","contentUrl":"https:\/\/theplayoffs.news\/fr\/wp-content\/uploads\/2025\/02\/USATSI_14076869.jpg","width":1920,"height":1280,"caption":"Feb 21, 2020; Orlando, Florida, USA; Orlando Magic player Darrell Armstrong is inducted into Orlando Magic Hall of Fame by CEO Alex Martins during the first half at Amway Center. Mandatory Credit: Kim Klement-USA TODAY Sports"},{"@type":"BreadcrumbList","@id":"https:\/\/theplayoffs.news\/fr\/actualite-nba\/lassistant-des-mavericks-darrell-armstrong-a-ete-arrete\/#breadcrumb","itemListElement":[{"@type":"ListItem","position":1,"name":"Accueil","item":"https:\/\/theplayoffs.news\/fr\/"},{"@type":"ListItem","position":2,"name":"L\u2019assistant des Mavericks Darrell Armstrong a \u00e9t\u00e9 arr\u00eat\u00e9 !"}]},{"@type":"WebSite","@id":"https:\/\/theplayoffs.news\/fr\/#website","url":"https:\/\/theplayoffs.news\/fr\/","name":"The Playoffs FR","description":"NBA-NFL-NHL-MLB","potentialAction":[{"@type":"SearchAction","target":{"@type":"EntryPoint","urlTemplate":"https:\/\/theplayoffs.news\/fr\/?s={search_term_string}"},"query-input":{"@type":"PropertyValueSpecification","valueRequired":true,"valueName":"search_term_string"}}],"inLanguage":"fr-FR"},{"@type":"Person","@id":"https:\/\/theplayoffs.news\/fr\/#\/schema\/person\/2bc470c6a49f4f6229a67af19c87a732","name":"Elian Goethals","image":{"@type":"ImageObject","inLanguage":"fr-FR","@id":"https:\/\/theplayoffs.news\/fr\/#\/schema\/person\/image\/","url":"https:\/\/secure.gravatar.com\/avatar\/293e2e649a094756005b611f6122ac1a95e95d453dbfe74b9d434b39855927f6?s=96&d=mm&r=g","contentUrl":"https:\/\/secure.gravatar.com\/avatar\/293e2e649a094756005b611f6122ac1a95e95d453dbfe74b9d434b39855927f6?s=96&d=mm&r=g","caption":"Elian Goethals"},"description":"Je suis sp\u00e9cialis\u00e9 dans la r\u00e9daction d\\'articles NBA et je suis un grand fan de basket am\u00e9ricain depuis toujours. Cela fait 20 ans que je joue au basket, et mon exp\u00e9rience sur les terrains me permet d\\'avoir une analyse approfondie des matchs. J\u2019ai d\u2019abord fait partie d\u2019autres m\u00e9dias sportifs en tant que b\u00e9n\u00e9vole avant de rejoindre ThePlayoffs en janvier. Je termine \u00e9galement un master en \u00e9tudes internationales. Ce que je pr\u00e9f\u00e8re dans mon travail, c\u2019est de transformer ma passion en m\u00e9tier et de partager avec vous l\u2019information NBA. J\u2019essaie de produire un contenu de qualit\u00e9 en esp\u00e9rant qu\u2019il vous plaise !","sameAs":["https:\/\/www.linkedin.com\/in\/elian-goethals-729b71200\/","https:\/\/x.com\/x.com\/elidwight"],"url":"https:\/\/theplayoffs.news\/fr\/author\/elian\/"}]}},"_links":{"self":[{"href":"https:\/\/theplayoffs.news\/fr\/wp-json\/wp\/v2\/posts\/1479492","targetHints":{"allow":["GET"]}}],"collection":[{"href":"https:\/\/theplayoffs.news\/fr\/wp-json\/wp\/v2\/posts"}],"about":[{"href":"https:\/\/theplayoffs.news\/fr\/wp-json\/wp\/v2\/types\/post"}],"author":[{"embeddable":true,"href":"https:\/\/theplayoffs.news\/fr\/wp-json\/wp\/v2\/users\/180310268"}],"replies":[{"embeddable":true,"href":"https:\/\/theplayoffs.news\/fr\/wp-json\/wp\/v2\/comments?post=1479492"}],"version-history":[{"count":1,"href":"https:\/\/theplayoffs.news\/fr\/wp-json\/wp\/v2\/posts\/1479492\/revisions"}],"predecessor-version":[{"id":1479496,"href":"https:\/\/theplayoffs.news\/fr\/wp-json\/wp\/v2\/posts\/1479492\/revisions\/1479496"}],"wp:featuredmedia":[{"embeddable":true,"href":"https:\/\/theplayoffs.news\/fr\/wp-json\/wp\/v2\/media\/1479495"}],"wp:attachment":[{"href":"https:\/\/theplayoffs.news\/fr\/wp-json\/wp\/v2\/media?parent=1479492"}],"wp:term":[{"taxonomy":"category","embeddable":true,"href":"https:\/\/theplayoffs.news\/fr\/wp-json\/wp\/v2\/categories?post=1479492"},{"taxonomy":"post_tag","embeddable":true,"href":"https:\/\/theplayoffs.news\/fr\/wp-json\/wp\/v2\/tags?post=1479492"},{"taxonomy":"sport","embeddable":true,"href":"https:\/\/theplayoffs.news\/fr\/wp-json\/wp\/v2\/sport?post=1479492"},{"taxonomy":"saison","embeddable":true,"href":"https:\/\/theplayoffs.news\/fr\/wp-json\/wp\/v2\/saison?post=1479492"}],"curies":[{"name":"wp","href":"https:\/\/api.w.org\/{rel}","templated":true}]}}