{"id":1479476,"date":"2025-02-17T15:06:16","date_gmt":"2025-02-17T14:06:16","guid":{"rendered":"https:\/\/theplayoffs.news\/fr\/uncategorized\/\/"},"modified":"2025-02-17T15:07:31","modified_gmt":"2025-02-17T14:07:31","slug":"une-star-de-la-nba-souhaite-representer-laustralie","status":"publish","type":"post","link":"https:\/\/theplayoffs.news\/fr\/actualite-nba\/une-star-de-la-nba-souhaite-representer-laustralie\/","title":{"rendered":"Une star de la NBA souhaite repr\u00e9senter l\u2019Australie !\u00a0"},"content":{"rendered":"<p><strong>La star des Mavericks, Kyrie Irving, a d&eacute;clar&eacute; au micro de <a href=\"https:\/\/www.foxsports.com.au\/basketball\/nba\/nba-2025-kyrie-irving-wants-to-represent-australia-boomers-at-the-2028-olympics-team-usa-eligibility-background\/news-story\/5cccfa96d6bac374ae2ac40462deae9c\" target=\"_blank\" rel=\"noreferrer noopener\" class=\"trk-cta-link\" data-cta-trk='{\"ctaType\":\"Link\",\"ctaSubType\":\"main\"}'>Fox News<\/a> son int&eacute;r&ecirc;t pour la s&eacute;lection nationale Australienne.<\/strong><\/p><p>Apr&egrave;s plusieurs campagnes sous le maillot de <strong>Team USA<\/strong>, couronn&eacute;es par un titre de <strong>champion du monde et une m&eacute;daille d&rsquo;or olympique<\/strong>, le meneur de <strong>Dallas <\/strong>envisage d&eacute;sormais de repr&eacute;senter son pays de naissance. <em>&laquo;&nbsp;&Agrave; un certain point de ma carri&egrave;re, ce serait super de pouvoir jouer pour l&rsquo;Australie&nbsp;&raquo;<\/em>, a confi&eacute; Irving. N&eacute; &agrave; Melbourne, Kyrie a d&eacute;j&agrave; entam&eacute; les <strong>d&eacute;marches administratives<\/strong>, mais la d&eacute;cision finale appartient au <strong>gouvernement am&eacute;ricain<\/strong>. <em>&laquo;&nbsp;Le processus est en cours, on cherche juste le meilleur moyen pour moi d&rsquo;&ecirc;tre &eacute;ligible &agrave; ce changement. J&rsquo;essaye de faire ce qui est le mieux pour moi, c&rsquo;est aux USA de trancher.&nbsp;&raquo;<\/em>, a pr&eacute;cis&eacute; le meneur des <strong>Mavs<\/strong>.<\/p><blockquote class=\"twitter-tweet\"><p lang=\"en\" dir=\"ltr\">Kyrie Irving was asked about potentially playing for Australia in the 2028 Olympics, along with his choice on who he would want to play for in a US vs. World All-Star Game:<br><br>&ldquo;We&rsquo;re in the process of that right now, just trying to figure out what&rsquo;s going to be the best route for&hellip; <a href=\"https:\/\/t.co\/PP4Gx6bc3S\" class=\"trk-cta-link\" data-cta-trk='{\"ctaType\":\"Link\",\"ctaSubType\":\"main\"}'>pic.twitter.com\/PP4Gx6bc3S<\/a><\/p>&mdash; Mike Curtis (@MikeACurtis2) <a href=\"https:\/\/twitter.com\/MikeACurtis2\/status\/1891347250594632116?ref_src=twsrc%5Etfw\" class=\"trk-cta-link\" data-cta-trk='{\"ctaType\":\"Link\",\"ctaSubType\":\"main\"}'>February 17, 2025<\/a><\/blockquote><script async src=\"https:\/\/platform.twitter.com\/widgets.js\" charset=\"utf-8\"><\/script><p>S&eacute;lectionn&eacute; au <strong>All-Star Game<\/strong><a href=\"https:\/\/theplayoffs.news\/fr\/category\/nba\/\" class=\"trk-cta-link\" data-cta-trk='{\"ctaType\":\"Link\",\"ctaSubType\":\"main\"}'> NBA<\/a> cette saison en remplacement d&rsquo;<strong>Anthony Davis<\/strong>, le meneur des<strong> Mavericks <\/strong>affiche encore des statistiques solides : <strong>24,6 points, 4,8 rebonds et 4,8 passes d&eacute;cisives<\/strong> de moyenne par match. Depuis le d&eacute;part de <strong>Luka Don&#269;i&#263;<\/strong> et l&rsquo;h&eacute;catombe de blessures touchant la <strong>franchise texane<\/strong>, l&rsquo;ancien premier choix de la <strong>draft 2011 <\/strong>maintient son &eacute;quipe dans le <strong>top 8<\/strong> de la Conf&eacute;rence Ouest gr&acirc;ce &agrave; des <strong>performances remarquables<\/strong>.<\/p><p><strong>Lire aussi :&nbsp;<\/strong><\/p><p><a href=\"https:\/\/theplayoffs.news\/fr\/actualite-nba\/pire-all-star-game-de-lhistoire-les-fans-de-la-nba-reagissent-au-all-star-game-2025\/\" class=\"trk-cta-link\" data-cta-trk='{\"ctaType\":\"Link\",\"ctaSubType\":\"main\"}'>&ldquo;Pire All-Star Game de l&rsquo;histoire&rdquo; &ndash; Les fans de la NBA r&eacute;agissent au All-Star Game 2025 &ndash; The Playoffs<\/a><\/p><p><a href=\"https:\/\/theplayoffs.news\/fr\/actualite-nba\/all-star-game-nba-2025-curry-remporte-le-mvp-et-lequipe-shaq-triomphe\/\" class=\"trk-cta-link\" data-cta-trk='{\"ctaType\":\"Link\",\"ctaSubType\":\"main\"}'>All-Star Game NBA 2025 : Curry remporte le MVP et l&rsquo;&eacute;quipe Shaq triomphe &ndash; The Playoffs<\/a><\/p><p><a href=\"https:\/\/theplayoffs.news\/fr\/actualite-nba\/je-ne-veux-pas-etre-ce-gars-la-anthony-edwards-explique-pourquoi-il-ne-veut-pas-etre-le-futur-visage-de-la-nba\/\" class=\"trk-cta-link\" data-cta-trk='{\"ctaType\":\"Link\",\"ctaSubType\":\"main\"}'>&ldquo;Je ne veux pas &ecirc;tre ce gars-l&agrave;&rdquo; &ndash; Anthony Edwards explique pourquoi il ne veut pas &ecirc;tre le futur visage de la NBA &ndash; The Playoffs<\/a><\/p><p>Du c&ocirc;t&eacute; des fans <strong>australiens<\/strong>, l&rsquo;attente monte d&eacute;j&agrave; &agrave; l&rsquo;id&eacute;e d&rsquo;un backcourt explosif aux c&ocirc;t&eacute;s de <strong>Josh Giddey et Dyson Daniels<\/strong>. Un renfort de poids pour une s&eacute;lection en qu&ecirc;te de franchir un palier sur<strong> la sc&egrave;ne internationale<\/strong> depuis plusieurs ann&eacute;es.<\/p><p><strong>Cr&eacute;dit photo :<\/strong> Ezra Shaw-Pool Photo via Imagn Images<\/p>\n","protected":false},"excerpt":{"rendered":"<p>Kyrie Irving pourrait repr\u00e9senter l&rsquo;\u00e9quipe nationale Australienne lors des prochaines comp\u00e9tions internationales de basketball !<\/p>\n","protected":false},"author":180310268,"featured_media":1479477,"comment_status":"closed","ping_status":"closed","sticky":false,"template":"","format":"standard","meta":{"inline_featured_image":false,"kia_subtitle":"Kyrie Irving pourrait repr\u00e9senter l'\u00e9quipe nationale Australienne lors des prochaines comp\u00e9tions internationales de basketball !","_mux_skip_reasons":[],"proofreadBy":0,"footnotes":""},"categories":[110,10],"tags":[6492,5639,1073,23,1904],"sport":[2783],"saison":[],"class_list":["post-1479476","post","type-post","status-publish","format-standard","has-post-thumbnail","hentry","category-actualite-nba","category-nba","tag-all-star-game-2025","tag-australie","tag-kyrie-irving","tag-nba-tag","tag-team-usa","sport-nba"],"acf":[],"yoast_head":"<!-- This site is optimized with the Yoast SEO plugin v24.2 - https:\/\/yoast.com\/wordpress\/plugins\/seo\/ -->\n<title>Une star de la NBA souhaite repr&eacute;senter l&rsquo;Australie !&nbsp;<\/title>\n<meta name=\"description\" content=\"Kyrie Irving pourrait repr&eacute;senter l&#039;&eacute;quipe nationale Australienne lors des prochaines comp&eacute;tions internationales de basketball !\" \/>\n<meta name=\"robots\" content=\"index, follow, max-snippet:-1, max-image-preview:large, max-video-preview:-1\" \/>\n<link rel=\"canonical\" href=\"https:\/\/theplayoffs.news\/fr\/actualite-nba\/une-star-de-la-nba-souhaite-representer-laustralie\/\" \/>\n<meta property=\"og:locale\" content=\"fr_FR\" \/>\n<meta property=\"og:type\" content=\"article\" \/>\n<meta property=\"og:title\" content=\"Une star de la NBA souhaite repr&eacute;senter l&rsquo;Australie !&nbsp;\" \/>\n<meta property=\"og:description\" content=\"Kyrie Irving pourrait repr&eacute;senter l&#039;&eacute;quipe nationale Australienne lors des prochaines comp&eacute;tions internationales de basketball !\" \/>\n<meta property=\"og:url\" content=\"https:\/\/theplayoffs.news\/fr\/actualite-nba\/une-star-de-la-nba-souhaite-representer-laustralie\/\" \/>\n<meta property=\"og:site_name\" content=\"The Playoffs FR\" \/>\n<meta property=\"article:publisher\" content=\"https:\/\/www.facebook.com\/TheFreeAgentFR\/\" \/>\n<meta property=\"article:modified_time\" content=\"2025-02-17T15:07:31+01:00\" \/>\n<meta property=\"og:image\" content=\"https:\/\/theplayoffs.news\/fr\/wp-content\/uploads\/2025\/02\/USATSI_25435612.jpg\" \/>\n\t<meta property=\"og:image:width\" content=\"1920\" \/>\n\t<meta property=\"og:image:height\" content=\"1280\" \/>\n\t<meta property=\"og:image:type\" content=\"image\/jpeg\" \/>\n<meta name=\"author\" content=\"Elian Goethals\" \/>\n<meta name=\"twitter:card\" content=\"summary_large_image\" \/>\n<meta name=\"twitter:creator\" content=\"@x.com\/elidwight\" \/>\n<meta name=\"twitter:site\" content=\"@TheFreeAgentFR\" \/>\n<meta name=\"twitter:label1\" content=\"\u00c9crit par\" \/>\n\t<meta name=\"twitter:data1\" content=\"Elian Goethals\" \/>\n\t<meta name=\"twitter:label2\" content=\"Dur\u00e9e de lecture estim\u00e9e\" \/>\n\t<meta name=\"twitter:data2\" content=\"2 minutes\" \/>\n<script type=\"application\/ld+json\" class=\"yoast-schema-graph\">{\"@context\":\"https:\/\/schema.org\",\"@graph\":[{\"@type\":\"WebPage\",\"@id\":\"https:\/\/theplayoffs.news\/fr\/actualite-nba\/une-star-de-la-nba-souhaite-representer-laustralie\/\",\"url\":\"https:\/\/theplayoffs.news\/fr\/actualite-nba\/une-star-de-la-nba-souhaite-representer-laustralie\/\",\"name\":\"Une star de la NBA souhaite repr\u00e9senter l\u2019Australie !\u00a0\",\"isPartOf\":{\"@id\":\"https:\/\/theplayoffs.news\/fr\/#website\"},\"primaryImageOfPage\":{\"@id\":\"https:\/\/theplayoffs.news\/fr\/actualite-nba\/une-star-de-la-nba-souhaite-representer-laustralie\/#primaryimage\"},\"image\":{\"@id\":\"https:\/\/theplayoffs.news\/fr\/actualite-nba\/une-star-de-la-nba-souhaite-representer-laustralie\/#primaryimage\"},\"thumbnailUrl\":\"https:\/\/theplayoffs.news\/fr\/wp-content\/uploads\/2025\/02\/USATSI_25435612.jpg\",\"datePublished\":\"2025-02-17T14:06:16+00:00\",\"dateModified\":\"2025-02-17T14:07:31+00:00\",\"author\":{\"@id\":\"https:\/\/theplayoffs.news\/fr\/#\/schema\/person\/2bc470c6a49f4f6229a67af19c87a732\"},\"description\":\"Kyrie Irving pourrait repr\u00e9senter l\\\\'\u00e9quipe nationale Australienne lors des prochaines comp\u00e9tions internationales de basketball !\",\"breadcrumb\":{\"@id\":\"https:\/\/theplayoffs.news\/fr\/actualite-nba\/une-star-de-la-nba-souhaite-representer-laustralie\/#breadcrumb\"},\"inLanguage\":\"fr-FR\",\"potentialAction\":[{\"@type\":\"ReadAction\",\"target\":[\"https:\/\/theplayoffs.news\/fr\/actualite-nba\/une-star-de-la-nba-souhaite-representer-laustralie\/\"]}]},{\"@type\":\"ImageObject\",\"inLanguage\":\"fr-FR\",\"@id\":\"https:\/\/theplayoffs.news\/fr\/actualite-nba\/une-star-de-la-nba-souhaite-representer-laustralie\/#primaryimage\",\"url\":\"https:\/\/theplayoffs.news\/fr\/wp-content\/uploads\/2025\/02\/USATSI_25435612.jpg\",\"contentUrl\":\"https:\/\/theplayoffs.news\/fr\/wp-content\/uploads\/2025\/02\/USATSI_25435612.jpg\",\"width\":1920,\"height\":1280,\"caption\":\"Feb 16, 2025; San Francisco, CA, USA; Shaq\u2019s OGs guard Kyrie Irving (11) of the Dallas Mavericks shoots against Chuck\u2019s Global Stars guard Trae Young (11) of the Atlanta Hawks during the 2025 NBA All Star Game at Chase Center. Mandatory Credit: Ezra Shaw-Pool Photo via Imagn Images\"},{\"@type\":\"BreadcrumbList\",\"@id\":\"https:\/\/theplayoffs.news\/fr\/actualite-nba\/une-star-de-la-nba-souhaite-representer-laustralie\/#breadcrumb\",\"itemListElement\":[{\"@type\":\"ListItem\",\"position\":1,\"name\":\"Accueil\",\"item\":\"https:\/\/theplayoffs.news\/fr\/\"},{\"@type\":\"ListItem\",\"position\":2,\"name\":\"Une star de la NBA souhaite repr\u00e9senter l\u2019Australie !\u00a0\"}]},{\"@type\":\"WebSite\",\"@id\":\"https:\/\/theplayoffs.news\/fr\/#website\",\"url\":\"https:\/\/theplayoffs.news\/fr\/\",\"name\":\"The Playoffs FR\",\"description\":\"NBA-NFL-NHL-MLB\",\"potentialAction\":[{\"@type\":\"SearchAction\",\"target\":{\"@type\":\"EntryPoint\",\"urlTemplate\":\"https:\/\/theplayoffs.news\/fr\/?s={search_term_string}\"},\"query-input\":{\"@type\":\"PropertyValueSpecification\",\"valueRequired\":true,\"valueName\":\"search_term_string\"}}],\"inLanguage\":\"fr-FR\"},{\"@type\":\"Person\",\"@id\":\"https:\/\/theplayoffs.news\/fr\/#\/schema\/person\/2bc470c6a49f4f6229a67af19c87a732\",\"name\":\"Elian Goethals\",\"image\":{\"@type\":\"ImageObject\",\"inLanguage\":\"fr-FR\",\"@id\":\"https:\/\/theplayoffs.news\/fr\/#\/schema\/person\/image\/\",\"url\":\"https:\/\/secure.gravatar.com\/avatar\/293e2e649a094756005b611f6122ac1a95e95d453dbfe74b9d434b39855927f6?s=96&d=mm&r=g\",\"contentUrl\":\"https:\/\/secure.gravatar.com\/avatar\/293e2e649a094756005b611f6122ac1a95e95d453dbfe74b9d434b39855927f6?s=96&d=mm&r=g\",\"caption\":\"Elian Goethals\"},\"description\":\"Je suis sp\u00e9cialis\u00e9 dans la r\u00e9daction d\\\\'articles NBA et je suis un grand fan de basket am\u00e9ricain depuis toujours. Cela fait 20 ans que je joue au basket, et mon exp\u00e9rience sur les terrains me permet d\\\\'avoir une analyse approfondie des matchs. J\u2019ai d\u2019abord fait partie d\u2019autres m\u00e9dias sportifs en tant que b\u00e9n\u00e9vole avant de rejoindre ThePlayoffs en janvier. Je termine \u00e9galement un master en \u00e9tudes internationales. Ce que je pr\u00e9f\u00e8re dans mon travail, c\u2019est de transformer ma passion en m\u00e9tier et de partager avec vous l\u2019information NBA. J\u2019essaie de produire un contenu de qualit\u00e9 en esp\u00e9rant qu\u2019il vous plaise !\",\"sameAs\":[\"https:\/\/www.linkedin.com\/in\/elian-goethals-729b71200\/\",\"https:\/\/x.com\/x.com\/elidwight\"],\"url\":\"https:\/\/theplayoffs.news\/fr\/author\/elian\/\"}]}<\/script>\n<!-- \/ Yoast SEO plugin. -->","yoast_head_json":{"title":"Une star de la NBA souhaite repr&eacute;senter l&rsquo;Australie !&nbsp;","description":"Kyrie Irving pourrait repr&eacute;senter l&#039;&eacute;quipe nationale Australienne lors des prochaines comp&eacute;tions internationales de basketball !","robots":{"index":"index","follow":"follow","max-snippet":"max-snippet:-1","max-image-preview":"max-image-preview:large","max-video-preview":"max-video-preview:-1"},"canonical":"https:\/\/theplayoffs.news\/fr\/actualite-nba\/une-star-de-la-nba-souhaite-representer-laustralie\/","og_locale":"fr_FR","og_type":"article","og_title":"Une star de la NBA souhaite repr&eacute;senter l&rsquo;Australie !&nbsp;","og_description":"Kyrie Irving pourrait repr&eacute;senter l&#039;&eacute;quipe nationale Australienne lors des prochaines comp&eacute;tions internationales de basketball !","og_url":"https:\/\/theplayoffs.news\/fr\/actualite-nba\/une-star-de-la-nba-souhaite-representer-laustralie\/","og_site_name":"The Playoffs FR","article_publisher":"https:\/\/www.facebook.com\/TheFreeAgentFR\/","article_modified_time":"2025-02-17T14:07:31+00:00","og_image":[{"width":1920,"height":1280,"url":"https:\/\/theplayoffs.news\/fr\/wp-content\/uploads\/2025\/02\/USATSI_25435612.jpg","type":"image\/jpeg"}],"author":"Elian Goethals","twitter_card":"summary_large_image","twitter_creator":"@x.com\/elidwight","twitter_site":"@TheFreeAgentFR","twitter_misc":{"\u00c9crit par":"Elian Goethals","Dur\u00e9e de lecture estim\u00e9e":"2 minutes"},"schema":{"@context":"https:\/\/schema.org","@graph":[{"@type":"WebPage","@id":"https:\/\/theplayoffs.news\/fr\/actualite-nba\/une-star-de-la-nba-souhaite-representer-laustralie\/","url":"https:\/\/theplayoffs.news\/fr\/actualite-nba\/une-star-de-la-nba-souhaite-representer-laustralie\/","name":"Une star de la NBA souhaite repr\u00e9senter l\u2019Australie !\u00a0","isPartOf":{"@id":"https:\/\/theplayoffs.news\/fr\/#website"},"primaryImageOfPage":{"@id":"https:\/\/theplayoffs.news\/fr\/actualite-nba\/une-star-de-la-nba-souhaite-representer-laustralie\/#primaryimage"},"image":{"@id":"https:\/\/theplayoffs.news\/fr\/actualite-nba\/une-star-de-la-nba-souhaite-representer-laustralie\/#primaryimage"},"thumbnailUrl":"https:\/\/theplayoffs.news\/fr\/wp-content\/uploads\/2025\/02\/USATSI_25435612.jpg","datePublished":"2025-02-17T14:06:16+00:00","dateModified":"2025-02-17T14:07:31+00:00","author":{"@id":"https:\/\/theplayoffs.news\/fr\/#\/schema\/person\/2bc470c6a49f4f6229a67af19c87a732"},"description":"Kyrie Irving pourrait repr\u00e9senter l\\'\u00e9quipe nationale Australienne lors des prochaines comp\u00e9tions internationales de basketball !","breadcrumb":{"@id":"https:\/\/theplayoffs.news\/fr\/actualite-nba\/une-star-de-la-nba-souhaite-representer-laustralie\/#breadcrumb"},"inLanguage":"fr-FR","potentialAction":[{"@type":"ReadAction","target":["https:\/\/theplayoffs.news\/fr\/actualite-nba\/une-star-de-la-nba-souhaite-representer-laustralie\/"]}]},{"@type":"ImageObject","inLanguage":"fr-FR","@id":"https:\/\/theplayoffs.news\/fr\/actualite-nba\/une-star-de-la-nba-souhaite-representer-laustralie\/#primaryimage","url":"https:\/\/theplayoffs.news\/fr\/wp-content\/uploads\/2025\/02\/USATSI_25435612.jpg","contentUrl":"https:\/\/theplayoffs.news\/fr\/wp-content\/uploads\/2025\/02\/USATSI_25435612.jpg","width":1920,"height":1280,"caption":"Feb 16, 2025; San Francisco, CA, USA; Shaq\u2019s OGs guard Kyrie Irving (11) of the Dallas Mavericks shoots against Chuck\u2019s Global Stars guard Trae Young (11) of the Atlanta Hawks during the 2025 NBA All Star Game at Chase Center. Mandatory Credit: Ezra Shaw-Pool Photo via Imagn Images"},{"@type":"BreadcrumbList","@id":"https:\/\/theplayoffs.news\/fr\/actualite-nba\/une-star-de-la-nba-souhaite-representer-laustralie\/#breadcrumb","itemListElement":[{"@type":"ListItem","position":1,"name":"Accueil","item":"https:\/\/theplayoffs.news\/fr\/"},{"@type":"ListItem","position":2,"name":"Une star de la NBA souhaite repr\u00e9senter l\u2019Australie !\u00a0"}]},{"@type":"WebSite","@id":"https:\/\/theplayoffs.news\/fr\/#website","url":"https:\/\/theplayoffs.news\/fr\/","name":"The Playoffs FR","description":"NBA-NFL-NHL-MLB","potentialAction":[{"@type":"SearchAction","target":{"@type":"EntryPoint","urlTemplate":"https:\/\/theplayoffs.news\/fr\/?s={search_term_string}"},"query-input":{"@type":"PropertyValueSpecification","valueRequired":true,"valueName":"search_term_string"}}],"inLanguage":"fr-FR"},{"@type":"Person","@id":"https:\/\/theplayoffs.news\/fr\/#\/schema\/person\/2bc470c6a49f4f6229a67af19c87a732","name":"Elian Goethals","image":{"@type":"ImageObject","inLanguage":"fr-FR","@id":"https:\/\/theplayoffs.news\/fr\/#\/schema\/person\/image\/","url":"https:\/\/secure.gravatar.com\/avatar\/293e2e649a094756005b611f6122ac1a95e95d453dbfe74b9d434b39855927f6?s=96&d=mm&r=g","contentUrl":"https:\/\/secure.gravatar.com\/avatar\/293e2e649a094756005b611f6122ac1a95e95d453dbfe74b9d434b39855927f6?s=96&d=mm&r=g","caption":"Elian Goethals"},"description":"Je suis sp\u00e9cialis\u00e9 dans la r\u00e9daction d\\'articles NBA et je suis un grand fan de basket am\u00e9ricain depuis toujours. Cela fait 20 ans que je joue au basket, et mon exp\u00e9rience sur les terrains me permet d\\'avoir une analyse approfondie des matchs. J\u2019ai d\u2019abord fait partie d\u2019autres m\u00e9dias sportifs en tant que b\u00e9n\u00e9vole avant de rejoindre ThePlayoffs en janvier. Je termine \u00e9galement un master en \u00e9tudes internationales. Ce que je pr\u00e9f\u00e8re dans mon travail, c\u2019est de transformer ma passion en m\u00e9tier et de partager avec vous l\u2019information NBA. J\u2019essaie de produire un contenu de qualit\u00e9 en esp\u00e9rant qu\u2019il vous plaise !","sameAs":["https:\/\/www.linkedin.com\/in\/elian-goethals-729b71200\/","https:\/\/x.com\/x.com\/elidwight"],"url":"https:\/\/theplayoffs.news\/fr\/author\/elian\/"}]}},"_links":{"self":[{"href":"https:\/\/theplayoffs.news\/fr\/wp-json\/wp\/v2\/posts\/1479476","targetHints":{"allow":["GET"]}}],"collection":[{"href":"https:\/\/theplayoffs.news\/fr\/wp-json\/wp\/v2\/posts"}],"about":[{"href":"https:\/\/theplayoffs.news\/fr\/wp-json\/wp\/v2\/types\/post"}],"author":[{"embeddable":true,"href":"https:\/\/theplayoffs.news\/fr\/wp-json\/wp\/v2\/users\/180310268"}],"replies":[{"embeddable":true,"href":"https:\/\/theplayoffs.news\/fr\/wp-json\/wp\/v2\/comments?post=1479476"}],"version-history":[{"count":1,"href":"https:\/\/theplayoffs.news\/fr\/wp-json\/wp\/v2\/posts\/1479476\/revisions"}],"predecessor-version":[{"id":1479479,"href":"https:\/\/theplayoffs.news\/fr\/wp-json\/wp\/v2\/posts\/1479476\/revisions\/1479479"}],"wp:featuredmedia":[{"embeddable":true,"href":"https:\/\/theplayoffs.news\/fr\/wp-json\/wp\/v2\/media\/1479477"}],"wp:attachment":[{"href":"https:\/\/theplayoffs.news\/fr\/wp-json\/wp\/v2\/media?parent=1479476"}],"wp:term":[{"taxonomy":"category","embeddable":true,"href":"https:\/\/theplayoffs.news\/fr\/wp-json\/wp\/v2\/categories?post=1479476"},{"taxonomy":"post_tag","embeddable":true,"href":"https:\/\/theplayoffs.news\/fr\/wp-json\/wp\/v2\/tags?post=1479476"},{"taxonomy":"sport","embeddable":true,"href":"https:\/\/theplayoffs.news\/fr\/wp-json\/wp\/v2\/sport?post=1479476"},{"taxonomy":"saison","embeddable":true,"href":"https:\/\/theplayoffs.news\/fr\/wp-json\/wp\/v2\/saison?post=1479476"}],"curies":[{"name":"wp","href":"https:\/\/api.w.org\/{rel}","templated":true}]}}