{"id":1479458,"date":"2025-02-17T12:12:57","date_gmt":"2025-02-17T11:12:57","guid":{"rendered":"https:\/\/theplayoffs.news\/fr\/uncategorized\/\/"},"modified":"2025-02-17T12:13:05","modified_gmt":"2025-02-17T11:13:05","slug":"lebron-james-apres-avoir-manque-le-all-star-game-2025-je-deteste-ca","status":"publish","type":"post","link":"https:\/\/theplayoffs.news\/fr\/actualite-nba\/lebron-james-apres-avoir-manque-le-all-star-game-2025-je-deteste-ca\/","title":{"rendered":"Lebron James apr\u00e8s avoir manqu\u00e9 le All Star Game 2025 : \u00a0\u00ab Je d\u00e9teste \u00e7a ! \u00bb"},"content":{"rendered":"<p><strong>&Agrave; l&rsquo;instar d&rsquo;<a href=\"https:\/\/theplayoffs.news\/fr\/actualite-nba\/all-star-game-2025-la-raison-de-labsence-danthony-edwards\/\" target=\"_blank\" rel=\"noreferrer noopener\" class=\"trk-cta-link\" data-cta-trk='{\"ctaType\":\"Link\",\"ctaSubType\":\"main\"}'>Anthony Edwards<\/a>, LeBron James a &eacute;t&eacute; contraint de d&eacute;clarer forfait pour le All-Star Game <a href=\"https:\/\/theplayoffs.news\/fr\/category\/nba\/\" target=\"_blank\" rel=\"noreferrer noopener\" class=\"trk-cta-link\" data-cta-trk='{\"ctaType\":\"Link\",\"ctaSubType\":\"main\"}'>NBA<\/a> 2025, &agrave; seulement 1h30 du d&eacute;but de la rencontre.<\/strong><\/p><p>Le recordman du nombre de participations au <strong>All-Star Game<\/strong> n&rsquo;a pas pu honorer sa <strong>21e s&eacute;lection<\/strong>. Le num&eacute;ro un de la <strong>draft 2003<\/strong> est pr&eacute;sent lors de cet &eacute;v&eacute;nement depuis sa saison sophomore. Cette fin de s&eacute;rie met &eacute;galement en lumi&egrave;re l&rsquo;&acirc;ge du<strong> meilleur marqueur de l&rsquo;histoire<\/strong> : 40 ans.<\/p><blockquote class=\"twitter-tweet\"><p lang=\"en\" dir=\"ltr\">BREAKING: LeBron James will NOT PLAY IN THE ALL-STAR GAME due to ankle soreness &#128546; <a href=\"https:\/\/t.co\/cLDFqIQ38y\" class=\"trk-cta-link\" data-cta-trk='{\"ctaType\":\"Link\",\"ctaSubType\":\"main\"}'>pic.twitter.com\/cLDFqIQ38y<\/a><\/p>&mdash; Basketball Forever (@bballforever_) <a href=\"https:\/\/twitter.com\/bballforever_\/status\/1891274260515008989?ref_src=twsrc%5Etfw\" class=\"trk-cta-link\" data-cta-trk='{\"ctaType\":\"Link\",\"ctaSubType\":\"main\"}'>February 16, 2025<\/a><\/blockquote><script async src=\"https:\/\/platform.twitter.com\/widgets.js\" charset=\"utf-8\"><\/script><p>Souffrant d&rsquo;une blessure &agrave; la cheville, l&rsquo;ancien joueur de <strong>Cleveland <\/strong>a exprim&eacute; sa d&eacute;ception de ne pas pouvoir participer &agrave; la rencontre, <strong>d&eacute;clarant<\/strong> : <em>&laquo; Je d&eacute;teste &ccedil;a ! &raquo;<\/em>. James a pr&eacute;f&eacute;r&eacute; se concentrer sur la suite de sa saison avec les <strong>Lakers<\/strong>. <em>&laquo; J&rsquo;esp&eacute;rais que la douleur se serait estomp&eacute;e ce matin, mais elle n&rsquo;&eacute;tait pas encore &agrave; un niveau acceptable&hellip; Avec 30 matchs restants et alors que nous luttons pour une place en playoffs dans une conf&eacute;rence Ouest tr&egrave;s comp&eacute;titive, il est crucial pour moi de prendre soin de mon corps et de me pr&eacute;parer &agrave; ce qui m&rsquo;attend &raquo;<\/em>, a expliqu&eacute; <strong>LeBron<\/strong>.<\/p><p><strong>Le King<\/strong> a &eacute;galement &eacute;voqu&eacute; la suite du programme de la franchise californienne, avec la r&eacute;ception des Hornets de <strong>Mark Williams<\/strong>, ce mercredi. <em>&laquo; Nous devons rattraper un match. Je retourne donc &agrave; Los Angeles ce soir. Il n&rsquo;y aura pas de vacances pour moi, je reprends la r&eacute;&eacute;ducation d&egrave;s demain pour &ecirc;tre pr&ecirc;t pour l&rsquo;entra&icirc;nement de mardi, et j&rsquo;esp&egrave;re pouvoir jouer contre Charlotte mercredi, puis contre Portland jeudi. C&rsquo;est une p&eacute;riode cl&eacute; pour nous dans la course aux playoffs &raquo;,<\/em> a confi&eacute; le joueur des<strong> Lakers<\/strong>.<\/p><p><strong>Lire aussi :&nbsp;<\/strong><\/p><p><a href=\"https:\/\/theplayoffs.news\/fr\/actualite-nba\/giannis-antetokounmpo-et-lavenir-du-all-star-game-un-duel-entre-les-americains-et-le-reste-du-monde\/\" class=\"trk-cta-link\" data-cta-trk='{\"ctaType\":\"Link\",\"ctaSubType\":\"main\"}'>Antetokounmpo All-Star Game : Duel entre Am&eacute;ricains et Monde !<\/a><\/p><p><a href=\"https:\/\/theplayoffs.news\/fr\/actualite-nba\/cest-nul-draymond-green-semporte-contre-le-nouveau-format-du-all-star-game\/\" class=\"trk-cta-link\" data-cta-trk='{\"ctaType\":\"Link\",\"ctaSubType\":\"main\"}'>&laquo; C&rsquo;est nul &raquo; Green s&rsquo;emporte contre le format du All-Star Game !<\/a><\/p><p><strong>LeBron James<\/strong> a m&ecirc;me reconnu qu&rsquo;il s&rsquo;agissait d&rsquo;un cas de <strong>load management<\/strong>. &laquo; Je ne dirais pas que c&rsquo;est du load management, mais en r&eacute;alit&eacute;, &ccedil;a l&rsquo;est &raquo;, a conclu le King.<\/p><p>Bien que le monde du basket aurait aim&eacute; le voir sur le <strong>terrain<\/strong>, nul doute qu&rsquo;aucune animosit&eacute; ne viendra entacher l&rsquo;admiration port&eacute;e &agrave; <strong>LeBron<\/strong>. &Agrave; 40 ans<strong> James<\/strong> affiche toujours une moyenne de <strong>24,3 points, 7,7 rebonds et 9 passes d&eacute;cisives<\/strong> par match.<\/p><p><strong>Cr&eacute;dit photo :<\/strong> Cary Edmondson-Imagn Images<\/p>\n","protected":false},"excerpt":{"rendered":"<p>LeBron James, la star des Lakers, s&rsquo;est montr\u00e9 tr\u00e8s d\u00e9\u00e7u d&rsquo;avoir manqu\u00e9 le All-Star Game 2025 en raison de sa blessure \u00e0 la cheville.<\/p>\n","protected":false},"author":180310268,"featured_media":1479459,"comment_status":"closed","ping_status":"closed","sticky":false,"template":"","format":"standard","meta":{"inline_featured_image":false,"kia_subtitle":"LeBron James, la star des Lakers, s'est montr\u00e9 tr\u00e8s d\u00e9\u00e7u d'avoir manqu\u00e9 le All-Star Game 2025 en raison de sa blessure \u00e0 la cheville.","_mux_skip_reasons":[],"proofreadBy":0,"footnotes":""},"categories":[110,10],"tags":[6492,116,117,23],"sport":[2783],"saison":[],"class_list":["post-1479458","post","type-post","status-publish","format-standard","has-post-thumbnail","hentry","category-actualite-nba","category-nba","tag-all-star-game-2025","tag-lebron-james","tag-los-angeles-lakers","tag-nba-tag","sport-nba"],"acf":[],"yoast_head":"<!-- This site is optimized with the Yoast SEO plugin v24.2 - https:\/\/yoast.com\/wordpress\/plugins\/seo\/ -->\n<title>James apr&egrave;s avoir manqu&eacute; le All Star Game : &nbsp;&laquo; Je d&eacute;teste &ccedil;a ! &raquo;<\/title>\n<meta name=\"description\" content=\"LeBron James, la star des Lakers, s&#039;est montr&eacute; tr&egrave;s d&eacute;&ccedil;u d&#039;avoir manqu&eacute; le All-Star Game 2025 en raison de sa blessure &agrave; la cheville.\" \/>\n<meta name=\"robots\" content=\"index, follow, max-snippet:-1, max-image-preview:large, max-video-preview:-1\" \/>\n<link rel=\"canonical\" href=\"https:\/\/theplayoffs.news\/fr\/actualite-nba\/lebron-james-apres-avoir-manque-le-all-star-game-2025-je-deteste-ca\/\" \/>\n<meta property=\"og:locale\" content=\"fr_FR\" \/>\n<meta property=\"og:type\" content=\"article\" \/>\n<meta property=\"og:title\" content=\"James apr&egrave;s avoir manqu&eacute; le All Star Game : &nbsp;&laquo; Je d&eacute;teste &ccedil;a ! &raquo;\" \/>\n<meta property=\"og:description\" content=\"LeBron James, la star des Lakers, s&#039;est montr&eacute; tr&egrave;s d&eacute;&ccedil;u d&#039;avoir manqu&eacute; le All-Star Game 2025 en raison de sa blessure &agrave; la cheville.\" \/>\n<meta property=\"og:url\" content=\"https:\/\/theplayoffs.news\/fr\/actualite-nba\/lebron-james-apres-avoir-manque-le-all-star-game-2025-je-deteste-ca\/\" \/>\n<meta property=\"og:site_name\" content=\"The Playoffs FR\" \/>\n<meta property=\"article:publisher\" content=\"https:\/\/www.facebook.com\/TheFreeAgentFR\/\" \/>\n<meta property=\"article:modified_time\" content=\"2025-02-17T12:13:05+01:00\" \/>\n<meta property=\"og:image\" content=\"https:\/\/theplayoffs.news\/fr\/wp-content\/uploads\/2025\/02\/USATSI_25434609.jpg\" \/>\n\t<meta property=\"og:image:width\" content=\"1920\" \/>\n\t<meta property=\"og:image:height\" content=\"1280\" \/>\n\t<meta property=\"og:image:type\" content=\"image\/jpeg\" \/>\n<meta name=\"author\" content=\"Elian Goethals\" \/>\n<meta name=\"twitter:card\" content=\"summary_large_image\" \/>\n<meta name=\"twitter:creator\" content=\"@x.com\/elidwight\" \/>\n<meta name=\"twitter:site\" content=\"@TheFreeAgentFR\" \/>\n<meta name=\"twitter:label1\" content=\"\u00c9crit par\" \/>\n\t<meta name=\"twitter:data1\" content=\"Elian Goethals\" \/>\n\t<meta name=\"twitter:label2\" content=\"Dur\u00e9e de lecture estim\u00e9e\" \/>\n\t<meta name=\"twitter:data2\" content=\"3 minutes\" \/>\n<script type=\"application\/ld+json\" class=\"yoast-schema-graph\">{\"@context\":\"https:\/\/schema.org\",\"@graph\":[{\"@type\":\"WebPage\",\"@id\":\"https:\/\/theplayoffs.news\/fr\/actualite-nba\/lebron-james-apres-avoir-manque-le-all-star-game-2025-je-deteste-ca\/\",\"url\":\"https:\/\/theplayoffs.news\/fr\/actualite-nba\/lebron-james-apres-avoir-manque-le-all-star-game-2025-je-deteste-ca\/\",\"name\":\"James apr\u00e8s avoir manqu\u00e9 le All Star Game : \u00a0\u00ab Je d\u00e9teste \u00e7a ! \u00bb\",\"isPartOf\":{\"@id\":\"https:\/\/theplayoffs.news\/fr\/#website\"},\"primaryImageOfPage\":{\"@id\":\"https:\/\/theplayoffs.news\/fr\/actualite-nba\/lebron-james-apres-avoir-manque-le-all-star-game-2025-je-deteste-ca\/#primaryimage\"},\"image\":{\"@id\":\"https:\/\/theplayoffs.news\/fr\/actualite-nba\/lebron-james-apres-avoir-manque-le-all-star-game-2025-je-deteste-ca\/#primaryimage\"},\"thumbnailUrl\":\"https:\/\/theplayoffs.news\/fr\/wp-content\/uploads\/2025\/02\/USATSI_25434609.jpg\",\"datePublished\":\"2025-02-17T11:12:57+00:00\",\"dateModified\":\"2025-02-17T11:13:05+00:00\",\"author\":{\"@id\":\"https:\/\/theplayoffs.news\/fr\/#\/schema\/person\/2bc470c6a49f4f6229a67af19c87a732\"},\"description\":\"LeBron James, la star des Lakers, s\\\\'est montr\u00e9 tr\u00e8s d\u00e9\u00e7u d\\\\'avoir manqu\u00e9 le All-Star Game 2025 en raison de sa blessure \u00e0 la cheville.\",\"breadcrumb\":{\"@id\":\"https:\/\/theplayoffs.news\/fr\/actualite-nba\/lebron-james-apres-avoir-manque-le-all-star-game-2025-je-deteste-ca\/#breadcrumb\"},\"inLanguage\":\"fr-FR\",\"potentialAction\":[{\"@type\":\"ReadAction\",\"target\":[\"https:\/\/theplayoffs.news\/fr\/actualite-nba\/lebron-james-apres-avoir-manque-le-all-star-game-2025-je-deteste-ca\/\"]}]},{\"@type\":\"ImageObject\",\"inLanguage\":\"fr-FR\",\"@id\":\"https:\/\/theplayoffs.news\/fr\/actualite-nba\/lebron-james-apres-avoir-manque-le-all-star-game-2025-je-deteste-ca\/#primaryimage\",\"url\":\"https:\/\/theplayoffs.news\/fr\/wp-content\/uploads\/2025\/02\/USATSI_25434609.jpg\",\"contentUrl\":\"https:\/\/theplayoffs.news\/fr\/wp-content\/uploads\/2025\/02\/USATSI_25434609.jpg\",\"width\":1920,\"height\":1280,\"caption\":\"Feb 16, 2025; San Francisco, CA, USA; Shaq\u0092s OGs forward LeBron James (23) of the Los Angeles Lakers during introductions before the 2025 NBA All Star Game at Chase Center. Mandatory Credit: Cary Edmondson-Imagn Images\"},{\"@type\":\"BreadcrumbList\",\"@id\":\"https:\/\/theplayoffs.news\/fr\/actualite-nba\/lebron-james-apres-avoir-manque-le-all-star-game-2025-je-deteste-ca\/#breadcrumb\",\"itemListElement\":[{\"@type\":\"ListItem\",\"position\":1,\"name\":\"Accueil\",\"item\":\"https:\/\/theplayoffs.news\/fr\/\"},{\"@type\":\"ListItem\",\"position\":2,\"name\":\"Lebron James apr\u00e8s avoir manqu\u00e9 le All Star Game 2025 : \u00a0\u00ab Je d\u00e9teste \u00e7a ! \u00bb\"}]},{\"@type\":\"WebSite\",\"@id\":\"https:\/\/theplayoffs.news\/fr\/#website\",\"url\":\"https:\/\/theplayoffs.news\/fr\/\",\"name\":\"The Playoffs FR\",\"description\":\"NBA-NFL-NHL-MLB\",\"potentialAction\":[{\"@type\":\"SearchAction\",\"target\":{\"@type\":\"EntryPoint\",\"urlTemplate\":\"https:\/\/theplayoffs.news\/fr\/?s={search_term_string}\"},\"query-input\":{\"@type\":\"PropertyValueSpecification\",\"valueRequired\":true,\"valueName\":\"search_term_string\"}}],\"inLanguage\":\"fr-FR\"},{\"@type\":\"Person\",\"@id\":\"https:\/\/theplayoffs.news\/fr\/#\/schema\/person\/2bc470c6a49f4f6229a67af19c87a732\",\"name\":\"Elian Goethals\",\"image\":{\"@type\":\"ImageObject\",\"inLanguage\":\"fr-FR\",\"@id\":\"https:\/\/theplayoffs.news\/fr\/#\/schema\/person\/image\/\",\"url\":\"https:\/\/secure.gravatar.com\/avatar\/293e2e649a094756005b611f6122ac1a95e95d453dbfe74b9d434b39855927f6?s=96&d=mm&r=g\",\"contentUrl\":\"https:\/\/secure.gravatar.com\/avatar\/293e2e649a094756005b611f6122ac1a95e95d453dbfe74b9d434b39855927f6?s=96&d=mm&r=g\",\"caption\":\"Elian Goethals\"},\"description\":\"Je suis sp\u00e9cialis\u00e9 dans la r\u00e9daction d\\\\'articles NBA et je suis un grand fan de basket am\u00e9ricain depuis toujours. Cela fait 20 ans que je joue au basket, et mon exp\u00e9rience sur les terrains me permet d\\\\'avoir une analyse approfondie des matchs. J\u2019ai d\u2019abord fait partie d\u2019autres m\u00e9dias sportifs en tant que b\u00e9n\u00e9vole avant de rejoindre ThePlayoffs en janvier. Je termine \u00e9galement un master en \u00e9tudes internationales. Ce que je pr\u00e9f\u00e8re dans mon travail, c\u2019est de transformer ma passion en m\u00e9tier et de partager avec vous l\u2019information NBA. J\u2019essaie de produire un contenu de qualit\u00e9 en esp\u00e9rant qu\u2019il vous plaise !\",\"sameAs\":[\"https:\/\/www.linkedin.com\/in\/elian-goethals-729b71200\/\",\"https:\/\/x.com\/x.com\/elidwight\"],\"url\":\"https:\/\/theplayoffs.news\/fr\/author\/elian\/\"}]}<\/script>\n<!-- \/ Yoast SEO plugin. -->","yoast_head_json":{"title":"James apr&egrave;s avoir manqu&eacute; le All Star Game : &nbsp;&laquo; Je d&eacute;teste &ccedil;a ! &raquo;","description":"LeBron James, la star des Lakers, s&#039;est montr&eacute; tr&egrave;s d&eacute;&ccedil;u d&#039;avoir manqu&eacute; le All-Star Game 2025 en raison de sa blessure &agrave; la cheville.","robots":{"index":"index","follow":"follow","max-snippet":"max-snippet:-1","max-image-preview":"max-image-preview:large","max-video-preview":"max-video-preview:-1"},"canonical":"https:\/\/theplayoffs.news\/fr\/actualite-nba\/lebron-james-apres-avoir-manque-le-all-star-game-2025-je-deteste-ca\/","og_locale":"fr_FR","og_type":"article","og_title":"James apr&egrave;s avoir manqu&eacute; le All Star Game : &nbsp;&laquo; Je d&eacute;teste &ccedil;a ! &raquo;","og_description":"LeBron James, la star des Lakers, s&#039;est montr&eacute; tr&egrave;s d&eacute;&ccedil;u d&#039;avoir manqu&eacute; le All-Star Game 2025 en raison de sa blessure &agrave; la cheville.","og_url":"https:\/\/theplayoffs.news\/fr\/actualite-nba\/lebron-james-apres-avoir-manque-le-all-star-game-2025-je-deteste-ca\/","og_site_name":"The Playoffs FR","article_publisher":"https:\/\/www.facebook.com\/TheFreeAgentFR\/","article_modified_time":"2025-02-17T11:13:05+00:00","og_image":[{"width":1920,"height":1280,"url":"https:\/\/theplayoffs.news\/fr\/wp-content\/uploads\/2025\/02\/USATSI_25434609.jpg","type":"image\/jpeg"}],"author":"Elian Goethals","twitter_card":"summary_large_image","twitter_creator":"@x.com\/elidwight","twitter_site":"@TheFreeAgentFR","twitter_misc":{"\u00c9crit par":"Elian Goethals","Dur\u00e9e de lecture estim\u00e9e":"3 minutes"},"schema":{"@context":"https:\/\/schema.org","@graph":[{"@type":"WebPage","@id":"https:\/\/theplayoffs.news\/fr\/actualite-nba\/lebron-james-apres-avoir-manque-le-all-star-game-2025-je-deteste-ca\/","url":"https:\/\/theplayoffs.news\/fr\/actualite-nba\/lebron-james-apres-avoir-manque-le-all-star-game-2025-je-deteste-ca\/","name":"James apr\u00e8s avoir manqu\u00e9 le All Star Game : \u00a0\u00ab Je d\u00e9teste \u00e7a ! \u00bb","isPartOf":{"@id":"https:\/\/theplayoffs.news\/fr\/#website"},"primaryImageOfPage":{"@id":"https:\/\/theplayoffs.news\/fr\/actualite-nba\/lebron-james-apres-avoir-manque-le-all-star-game-2025-je-deteste-ca\/#primaryimage"},"image":{"@id":"https:\/\/theplayoffs.news\/fr\/actualite-nba\/lebron-james-apres-avoir-manque-le-all-star-game-2025-je-deteste-ca\/#primaryimage"},"thumbnailUrl":"https:\/\/theplayoffs.news\/fr\/wp-content\/uploads\/2025\/02\/USATSI_25434609.jpg","datePublished":"2025-02-17T11:12:57+00:00","dateModified":"2025-02-17T11:13:05+00:00","author":{"@id":"https:\/\/theplayoffs.news\/fr\/#\/schema\/person\/2bc470c6a49f4f6229a67af19c87a732"},"description":"LeBron James, la star des Lakers, s\\'est montr\u00e9 tr\u00e8s d\u00e9\u00e7u d\\'avoir manqu\u00e9 le All-Star Game 2025 en raison de sa blessure \u00e0 la cheville.","breadcrumb":{"@id":"https:\/\/theplayoffs.news\/fr\/actualite-nba\/lebron-james-apres-avoir-manque-le-all-star-game-2025-je-deteste-ca\/#breadcrumb"},"inLanguage":"fr-FR","potentialAction":[{"@type":"ReadAction","target":["https:\/\/theplayoffs.news\/fr\/actualite-nba\/lebron-james-apres-avoir-manque-le-all-star-game-2025-je-deteste-ca\/"]}]},{"@type":"ImageObject","inLanguage":"fr-FR","@id":"https:\/\/theplayoffs.news\/fr\/actualite-nba\/lebron-james-apres-avoir-manque-le-all-star-game-2025-je-deteste-ca\/#primaryimage","url":"https:\/\/theplayoffs.news\/fr\/wp-content\/uploads\/2025\/02\/USATSI_25434609.jpg","contentUrl":"https:\/\/theplayoffs.news\/fr\/wp-content\/uploads\/2025\/02\/USATSI_25434609.jpg","width":1920,"height":1280,"caption":"Feb 16, 2025; San Francisco, CA, USA; Shaq\u0092s OGs forward LeBron James (23) of the Los Angeles Lakers during introductions before the 2025 NBA All Star Game at Chase Center. Mandatory Credit: Cary Edmondson-Imagn Images"},{"@type":"BreadcrumbList","@id":"https:\/\/theplayoffs.news\/fr\/actualite-nba\/lebron-james-apres-avoir-manque-le-all-star-game-2025-je-deteste-ca\/#breadcrumb","itemListElement":[{"@type":"ListItem","position":1,"name":"Accueil","item":"https:\/\/theplayoffs.news\/fr\/"},{"@type":"ListItem","position":2,"name":"Lebron James apr\u00e8s avoir manqu\u00e9 le All Star Game 2025 : \u00a0\u00ab Je d\u00e9teste \u00e7a ! \u00bb"}]},{"@type":"WebSite","@id":"https:\/\/theplayoffs.news\/fr\/#website","url":"https:\/\/theplayoffs.news\/fr\/","name":"The Playoffs FR","description":"NBA-NFL-NHL-MLB","potentialAction":[{"@type":"SearchAction","target":{"@type":"EntryPoint","urlTemplate":"https:\/\/theplayoffs.news\/fr\/?s={search_term_string}"},"query-input":{"@type":"PropertyValueSpecification","valueRequired":true,"valueName":"search_term_string"}}],"inLanguage":"fr-FR"},{"@type":"Person","@id":"https:\/\/theplayoffs.news\/fr\/#\/schema\/person\/2bc470c6a49f4f6229a67af19c87a732","name":"Elian Goethals","image":{"@type":"ImageObject","inLanguage":"fr-FR","@id":"https:\/\/theplayoffs.news\/fr\/#\/schema\/person\/image\/","url":"https:\/\/secure.gravatar.com\/avatar\/293e2e649a094756005b611f6122ac1a95e95d453dbfe74b9d434b39855927f6?s=96&d=mm&r=g","contentUrl":"https:\/\/secure.gravatar.com\/avatar\/293e2e649a094756005b611f6122ac1a95e95d453dbfe74b9d434b39855927f6?s=96&d=mm&r=g","caption":"Elian Goethals"},"description":"Je suis sp\u00e9cialis\u00e9 dans la r\u00e9daction d\\'articles NBA et je suis un grand fan de basket am\u00e9ricain depuis toujours. Cela fait 20 ans que je joue au basket, et mon exp\u00e9rience sur les terrains me permet d\\'avoir une analyse approfondie des matchs. J\u2019ai d\u2019abord fait partie d\u2019autres m\u00e9dias sportifs en tant que b\u00e9n\u00e9vole avant de rejoindre ThePlayoffs en janvier. Je termine \u00e9galement un master en \u00e9tudes internationales. Ce que je pr\u00e9f\u00e8re dans mon travail, c\u2019est de transformer ma passion en m\u00e9tier et de partager avec vous l\u2019information NBA. J\u2019essaie de produire un contenu de qualit\u00e9 en esp\u00e9rant qu\u2019il vous plaise !","sameAs":["https:\/\/www.linkedin.com\/in\/elian-goethals-729b71200\/","https:\/\/x.com\/x.com\/elidwight"],"url":"https:\/\/theplayoffs.news\/fr\/author\/elian\/"}]}},"_links":{"self":[{"href":"https:\/\/theplayoffs.news\/fr\/wp-json\/wp\/v2\/posts\/1479458","targetHints":{"allow":["GET"]}}],"collection":[{"href":"https:\/\/theplayoffs.news\/fr\/wp-json\/wp\/v2\/posts"}],"about":[{"href":"https:\/\/theplayoffs.news\/fr\/wp-json\/wp\/v2\/types\/post"}],"author":[{"embeddable":true,"href":"https:\/\/theplayoffs.news\/fr\/wp-json\/wp\/v2\/users\/180310268"}],"replies":[{"embeddable":true,"href":"https:\/\/theplayoffs.news\/fr\/wp-json\/wp\/v2\/comments?post=1479458"}],"version-history":[{"count":1,"href":"https:\/\/theplayoffs.news\/fr\/wp-json\/wp\/v2\/posts\/1479458\/revisions"}],"predecessor-version":[{"id":1479461,"href":"https:\/\/theplayoffs.news\/fr\/wp-json\/wp\/v2\/posts\/1479458\/revisions\/1479461"}],"wp:featuredmedia":[{"embeddable":true,"href":"https:\/\/theplayoffs.news\/fr\/wp-json\/wp\/v2\/media\/1479459"}],"wp:attachment":[{"href":"https:\/\/theplayoffs.news\/fr\/wp-json\/wp\/v2\/media?parent=1479458"}],"wp:term":[{"taxonomy":"category","embeddable":true,"href":"https:\/\/theplayoffs.news\/fr\/wp-json\/wp\/v2\/categories?post=1479458"},{"taxonomy":"post_tag","embeddable":true,"href":"https:\/\/theplayoffs.news\/fr\/wp-json\/wp\/v2\/tags?post=1479458"},{"taxonomy":"sport","embeddable":true,"href":"https:\/\/theplayoffs.news\/fr\/wp-json\/wp\/v2\/sport?post=1479458"},{"taxonomy":"saison","embeddable":true,"href":"https:\/\/theplayoffs.news\/fr\/wp-json\/wp\/v2\/saison?post=1479458"}],"curies":[{"name":"wp","href":"https:\/\/api.w.org\/{rel}","templated":true}]}}